{"id":10337,"date":"2020-04-04T22:02:37","date_gmt":"2020-04-04T20:02:37","guid":{"rendered":"http:\/\/www.insidebrussels.be\/V2\/?p=10337"},"modified":"2022-12-01T20:55:27","modified_gmt":"2022-12-01T19:55:27","slug":"un-cadeau-vous-attend-si-vous-fetez-votre-anniversaire-pendant-le-confinement","status":"publish","type":"post","link":"https:\/\/www.insidebrussels.be\/V2\/bruxelles\/un-cadeau-vous-attend-si-vous-fetez-votre-anniversaire-pendant-le-confinement\/","title":{"rendered":"Un cadeau vous attend si vous f\u00eatez votre anniversaire pendant le confinement!","gt_translate_keys":[{"key":"rendered","format":"text"}]},"content":{"rendered":"<h1><span style=\"color: #99cc00;\">Vous f\u00eatez votre anniversaire ?! INBEV a un cadeau \u00e0 vous offrir!<\/span><\/h1>\n<div id='gallery-1' class='gallery galleryid-10337 gallery-columns-3 gallery-size-thumbnail'><figure class='gallery-item'>\n\t\t\t<div class='gallery-icon landscape'>\n\t\t\t\t<a href='https:\/\/www.insidebrussels.be\/V2\/bruxelles\/un-cadeau-vous-attend-si-vous-fetez-votre-anniversaire-pendant-le-confinement\/screen-shot-2020-04-04-at-21-31-34\/'><img decoding=\"async\" width=\"150\" height=\"150\" src=\"https:\/\/www.insidebrussels.be\/V2\/wp-content\/uploads\/2020\/04\/Screen-Shot-2020-04-04-at-21.31.34-150x150.png\" class=\"attachment-thumbnail size-thumbnail\" alt=\"Cadeau d&#039;anniversaire INBEV Pendant le confinement\" aria-describedby=\"gallery-1-10339\" \/><\/a>\n\t\t\t<\/div>\n\t\t\t\t<figcaption class='wp-caption-text gallery-caption' id='gallery-1-10339'>\n\t\t\t\tCadeau d&rsquo;anniversaire INBEV Pendant le confinement\n\t\t\t\t<\/figcaption><\/figure><figure class='gallery-item'>\n\t\t\t<div class='gallery-icon landscape'>\n\t\t\t\t<a href='https:\/\/www.insidebrussels.be\/V2\/bruxelles\/un-cadeau-vous-attend-si-vous-fetez-votre-anniversaire-pendant-le-confinement\/screen-shot-2020-04-04-at-21-38-11\/'><img decoding=\"async\" width=\"150\" height=\"150\" src=\"https:\/\/www.insidebrussels.be\/V2\/wp-content\/uploads\/2020\/04\/Screen-Shot-2020-04-04-at-21.38.11-150x150.png\" class=\"attachment-thumbnail size-thumbnail\" alt=\"Comment recevoir des bi\u00e8res gratuites \u00e0 Bruxelles?\" aria-describedby=\"gallery-1-10341\" srcset=\"https:\/\/www.insidebrussels.be\/V2\/wp-content\/uploads\/2020\/04\/Screen-Shot-2020-04-04-at-21.38.11-150x150.png 150w, https:\/\/www.insidebrussels.be\/V2\/wp-content\/uploads\/2020\/04\/Screen-Shot-2020-04-04-at-21.38.11-300x300.png 300w\" sizes=\"(max-width: 150px) 100vw, 150px\" \/><\/a>\n\t\t\t<\/div>\n\t\t\t\t<figcaption class='wp-caption-text gallery-caption' id='gallery-1-10341'>\n\t\t\t\tComment recevoir des bi\u00e8res gratuites \u00e0 Bruxelles?\n\t\t\t\t<\/figcaption><\/figure>\n\t\t<\/div>\n\n<p style=\"text-align: justify;\">Si comme moi, \u00a0vous \u00eates n\u00e9 entre le 1er mars et le 30 avril, vous n&rsquo;allez malheureusement pas pouvoir prendre un verre avec vos amis&#8230; Si ce n&rsquo;est pas une bonne nouvelle pour vous, \u00e7a l&rsquo;\u00e9tait encore moins pour nos amis les barmans. En effet, pendant plusieurs semaines, leur chiffre d&rsquo;affaires tombe \u00e0 0 euros.<\/p>\n<p style=\"text-align: justify;\">Afin de vous soutenir vous et vos caf\u00e9s pr\u00e9f\u00e9r\u00e9s, Jupiler vous a r\u00e9serv\u00e9 une surprise! Vous allez pouvoir <strong>recevoir gratuitement 10 pintjes <a href=\"https:\/\/www.insidebrussels.be\/V2\/bruxelles\/tag\/bieres\/\">Jupiler<\/a> <\/strong>( et\/ou Jupiler 0,0%) <strong>\u00e0 d\u00e9guster dans ton bar pr\u00e9f\u00e9r\u00e9 de la capitale.\u00a0<\/strong>Vous pourrez donc de cette mani\u00e8re, sagement reporter \u00e0 plus tard la date de votre anniversaire et le f\u00eater dignement avec vos amis \u00e0 Bruxelles.<\/p>\n<p style=\"text-align: justify;\">Pour profiter de ces 10 <a href=\"http:\/\/www.insidebrussels.be\/V2\/?s=bi\u00e8re\">bi\u00e8res<\/a> gratuites \u00e0 Bruxelles? Rien de plus simple! Il suffit de rendre sur le site de l&rsquo;action jupiler\u00a0et d\u2019inscrire votre date de naissance.<\/p>\n<p style=\"text-align: justify;\">En r\u00e9sum\u00e9, <strong>pour recevoir ces 10 <a href=\"http:\/\/www.insidebrussels.be\/V2\/?s=bi\u00e8re\">bi\u00e8res<\/a> gratuites<\/strong>, il vous suffit de respecter ces 4 conditions:<\/p>\n<ul style=\"text-align: justify;\">\n<li>Etre \u00e2g\u00e9 de plus de 18 ans<\/li>\n<li>Etre n\u00e9 entre le 1er mars et le 30 avril.<\/li>\n<li>Envoyer une photo de votre carte d&rsquo;identit\u00e9 \u00e0 INBEV sur le site de l&rsquo;action Jupiler.<\/li>\n<li>S&rsquo;inscrire sur\u00a0https:\/\/jupilerbirthday.be\/fr<\/li>\n<\/ul>\n<p style=\"text-align: justify;\">Une fois le lockdown Bruxellois termin\u00e9, vous pourrez ensuite inviter 10 de vos amis \u00e0 <a href=\"http:\/\/www.insidebrussels.be\/V2\/bruxelles\/category\/boire\/\">boire un verre<\/a> \u00a0dans le bar de votre choix . Notez aussi, que pour vos amis bob, \u00a0les bi\u00e8res 0,0% sont aussi de la partie.<\/p>\n<p style=\"text-align: justify;\">Voila de quoi f\u00eater votre anniversaire dignement une fois la pand\u00e9mie termin\u00e9e. Vos amis n&rsquo;auront qu&rsquo;\u00e0 vous serrez dans les bras pour f\u00eater \u00e7a!<\/p>\n<p>&nbsp;<\/p>\n","protected":false,"gt_translate_keys":[{"key":"rendered","format":"html"}]},"excerpt":{"rendered":"<p>Vous f\u00eatez votre anniversaire ?! INBEV a un cadeau \u00e0 vous offrir! Si comme moi,<\/p>\n","protected":false,"gt_translate_keys":[{"key":"rendered","format":"html"}]},"author":1,"featured_media":10344,"comment_status":"closed","ping_status":"closed","sticky":false,"template":"","format":"gallery","meta":{"_lmt_disableupdate":"","_lmt_disable":"","footnotes":""},"categories":[44],"tags":[60,269],"class_list":["post-10337","post","type-post","status-publish","format-gallery","has-post-thumbnail","hentry","category-boire","tag-bieres","tag-corona","post_format-post-format-gallery"],"modified_by":"pierre","amp_enabled":true,"gt_translate_keys":[{"key":"link","format":"url"}],"_links":{"self":[{"href":"https:\/\/www.insidebrussels.be\/V2\/wp-json\/wp\/v2\/posts\/10337","targetHints":{"allow":["GET"]}}],"collection":[{"href":"https:\/\/www.insidebrussels.be\/V2\/wp-json\/wp\/v2\/posts"}],"about":[{"href":"https:\/\/www.insidebrussels.be\/V2\/wp-json\/wp\/v2\/types\/post"}],"author":[{"embeddable":true,"href":"https:\/\/www.insidebrussels.be\/V2\/wp-json\/wp\/v2\/users\/1"}],"replies":[{"embeddable":true,"href":"https:\/\/www.insidebrussels.be\/V2\/wp-json\/wp\/v2\/comments?post=10337"}],"version-history":[{"count":5,"href":"https:\/\/www.insidebrussels.be\/V2\/wp-json\/wp\/v2\/posts\/10337\/revisions"}],"predecessor-version":[{"id":13502,"href":"https:\/\/www.insidebrussels.be\/V2\/wp-json\/wp\/v2\/posts\/10337\/revisions\/13502"}],"wp:featuredmedia":[{"embeddable":true,"href":"https:\/\/www.insidebrussels.be\/V2\/wp-json\/wp\/v2\/media\/10344"}],"wp:attachment":[{"href":"https:\/\/www.insidebrussels.be\/V2\/wp-json\/wp\/v2\/media?parent=10337"}],"wp:term":[{"taxonomy":"category","embeddable":true,"href":"https:\/\/www.insidebrussels.be\/V2\/wp-json\/wp\/v2\/categories?post=10337"},{"taxonomy":"post_tag","embeddable":true,"href":"https:\/\/www.insidebrussels.be\/V2\/wp-json\/wp\/v2\/tags?post=10337"}],"curies":[{"name":"wp","href":"https:\/\/api.w.org\/{rel}","templated":true}]}}