{"id":10724,"date":"2020-05-11T00:06:19","date_gmt":"2020-05-10T22:06:19","guid":{"rendered":"http:\/\/www.insidebrussels.be\/V2\/?p=10724"},"modified":"2021-01-17T14:52:08","modified_gmt":"2021-01-17T13:52:08","slug":"quest-ce-qui-change-a-bruxelles-a-partir-du-11-mai-covid","status":"publish","type":"post","link":"https:\/\/www.insidebrussels.be\/V2\/bruxelles\/quest-ce-qui-change-a-bruxelles-a-partir-du-11-mai-covid\/","title":{"rendered":"Qu&rsquo;est-ce qui change \u00e0 Bruxelles \u00e0 partir du 11 Mai? #Covid","gt_translate_keys":[{"key":"rendered","format":"text"}]},"content":{"rendered":"<h1><span style=\"color: #99cc00;\">Qu&rsquo;est-ce qui change \u00e0 Bruxelles \u00e0 partir du 11 Mai? #Covid D\u00e9confinement, phase 1B<\/span><\/h1>\n<div id='gallery-1' class='gallery galleryid-10724 gallery-columns-3 gallery-size-thumbnail'><figure class='gallery-item'>\n\t\t\t<div class='gallery-icon landscape'>\n\t\t\t\t<a href='https:\/\/www.insidebrussels.be\/V2\/bruxelles\/quest-ce-qui-change-a-bruxelles-a-partir-du-11-mai-covid\/goute-moi-ca-11\/'><img decoding=\"async\" width=\"150\" height=\"150\" src=\"https:\/\/www.insidebrussels.be\/V2\/wp-content\/uploads\/2020\/05\/\u201cGo\u00fbte-moi-\u00e7a-\u201d-11-150x150.jpg\" class=\"attachment-thumbnail size-thumbnail\" alt=\"D\u00e9Confinement 11 May 2020\" aria-describedby=\"gallery-1-10731\" srcset=\"https:\/\/www.insidebrussels.be\/V2\/wp-content\/uploads\/2020\/05\/\u201cGo\u00fbte-moi-\u00e7a-\u201d-11-150x150.jpg 150w, https:\/\/www.insidebrussels.be\/V2\/wp-content\/uploads\/2020\/05\/\u201cGo\u00fbte-moi-\u00e7a-\u201d-11-300x300.jpg 300w\" sizes=\"(max-width: 150px) 100vw, 150px\" \/><\/a>\n\t\t\t<\/div>\n\t\t\t\t<figcaption class='wp-caption-text gallery-caption' id='gallery-1-10731'>\n\t\t\t\tD\u00e9confinement 11 Mai qu&rsquo;est-ce qui change (c) Photo Photo by Tafjord Unsplash\n\t\t\t\t<\/figcaption><\/figure>\n\t\t<\/div>\n\n<p style=\"text-align: justify;\">A partir du 11 Mai 2020, la Belgique entrera dans la <strong>phase 1B du d\u00e9-confinement Coronavirus<\/strong>. Plusieurs mesures d&rsquo;assouplissement venant du conseil national de s\u00e9curit\u00e9 viendront donc accompagner le d\u00e9confinement.&nbsp; Si vous avez manqu\u00e9 la conf\u00e9rence de presse et n&rsquo;avez pas suivi les news, vous vous demandez si <em>il sera possible d&rsquo;aller dans les magasins \u00e0 Bruxelles ? Faire du shopping dans les centre commerciaux ? Faire du sport avec mes amis? Aller au restaurant? et Revoir vos amis&#8230;&nbsp;<\/em> Brefs, bien des choses que vous n&rsquo;avez plus eu l&rsquo;occasion de faire ces derni\u00e8res semaines.<\/p>\n<p style=\"text-align: justify;\">Dans cet article, nous tentons de <strong>vous \u00e9clairer simplement en r\u00e9sumant les mesures \u00e0 Bruxelles relative \u00e0 la phase 1B du d\u00e9confinement.<\/strong> <span style=\"text-decoration: underline;\"><strong>Attention<\/strong><\/span>, entre le moment ou nous \u00e9crivons cet articles, et la situation, ces mesures peuvent se voir r\u00e9vis\u00e9es par le gouvernement. Veuillez donc, en cas de doute, toujours vous r\u00e9f\u00e9rer au <a href=\"https:\/\/www.info-coronavirus.be\/\" target=\"_blank\" rel=\"noopener\">site officiel&nbsp;<\/a>en cas de de doute ou question. Une astuce, en cas de doute,&nbsp;<a href=\"https:\/\/www.info-coronavirus.be\/fr\/faq\/\" target=\"_blank\" rel=\"noopener\">consultez le FAQ sur le site info corona virus.<\/a><\/p>\n<p style=\"text-align: justify;\"><strong>Ne faites donc pas les cons&#8230;avec le d\u00e9confinement!<\/strong>&nbsp; Depuis le d\u00e9but de l&rsquo;\u00e9pid\u00e9mie, \u00e0 l&rsquo;heure ou nous \u00e9crivons ces lignes, en Belgique, d\u00e9j\u00e0 8.500 personnes sont d\u00e9c\u00e9d\u00e9es du coronavirus, 53.000 personnes ont \u00e9t\u00e9 d\u00e9clar\u00e9es positives, dont 29.000 personnes encore 585 personnes ont \u00e9t\u00e9 d\u00e9clar\u00e9es positives hier. Le virus est toujours pr\u00e9sent sur le territoire Belge. N&rsquo;h\u00e9sitez pas \u00e0 consulter <strong>nos astuces pour vous prot\u00e9ger<\/strong> ou <strong>ne pas sortir de chez vous inutilement :<\/strong><\/p>\n<ul>\n<li><a href=\"http:\/\/www.insidebrussels.be\/V2\/bruxelles\/ou-faire-ses-courses-en-ligne-et-se-faire-livrer-a-bruxelles-pendant-le-confinement-covid19\/\">Commander facilement vos courses en ligne.<\/a><\/li>\n<li style=\"text-align: left;\">O\u00f9 <a href=\"http:\/\/www.insidebrussels.be\/V2\/bruxelles\/coronavirus-les-5-meilleurs-moyens-de-ce-procurer-un-masque-a-bruxelles\/\">acheter un masque en ligne<\/a>? Recevoir un <a href=\"http:\/\/www.insidebrussels.be\/V2\/bruxelles\/auderghem-port-du-masque-un-masque-voor-iedereen-procurer-un-masques-a-chaque-habitant\/\">masque gratuitement dans votre boite aux lettres<\/a><\/li>\n<li>Vous faire livrer des<a href=\"http:\/\/www.insidebrussels.be\/V2\/bruxelles\/les-cocktails-les-plus-cool-du-confinement-drinkitfresh-livre-a-domicile-a-brussels\/\"> kits cocktail \u00e0 la maison pour vos skyp\u00e9ro entre-amis<\/a><\/li>\n<li><a href=\"http:\/\/www.insidebrussels.be\/V2\/bruxelles\/hello-fresh-francais-bruxelles-wallonie\/\">HelloFresh<\/a> et <a href=\"http:\/\/www.insidebrussels.be\/V2\/bruxelles\/e-farmz-meilleure-ferme-en-ligne-bruxelles\/\">Efarmz<\/a>, les foodboxes qui vous sauvent les courses pendant le covid19 \u00e0 Bruxelles<\/li>\n<li>Faire vos courses dans <a href=\"http:\/\/www.insidebrussels.be\/V2\/bruxelles\/ou-faire-ses-courses-en-ligne-ailleurs-que-chez-delhaizecarrefour-ou-colruyt\/\">d&rsquo;autres magasins online que Delhaize,Carrefour ou Colruyt<\/a><\/li>\n<\/ul>\n<h2><span style=\"color: #99cc00;\">Peut-on revoir ses amis ou sa famille lors du d\u00e9confinement? Oui, mais 4 et uniquement 4 !&nbsp;<\/span><\/h2>\n<figure id=\"attachment_10726\" aria-describedby=\"caption-attachment-10726\" style=\"width: 300px\" class=\"wp-caption alignright\"><img decoding=\"async\" class=\"size-medium wp-image-10726\" src=\"http:\/\/www.insidebrussels.be\/V2\/wp-content\/uploads\/2020\/05\/visuals-0RPf107BLek-unsplash-300x200.jpg\" alt=\"\" width=\"300\" height=\"200\" srcset=\"https:\/\/www.insidebrussels.be\/V2\/wp-content\/uploads\/2020\/05\/visuals-0RPf107BLek-unsplash-300x200.jpg 300w, https:\/\/www.insidebrussels.be\/V2\/wp-content\/uploads\/2020\/05\/visuals-0RPf107BLek-unsplash-391x260.jpg 391w, https:\/\/www.insidebrussels.be\/V2\/wp-content\/uploads\/2020\/05\/visuals-0RPf107BLek-unsplash.jpg 640w\" sizes=\"(max-width: 300px) 100vw, 300px\" \/><figcaption id=\"caption-attachment-10726\" class=\"wp-caption-text\">Peut-on revoir sa famille o\u00f9 amis \u00e0 partir du 11 Mai \u00e0 Bruxelles? Oui mais quatre! Et uniquement quatre!<\/figcaption><\/figure>\n<p style=\"text-align: justify;\">\u00c0 partir de dimanche 10 Mai 2020, vous serez enfin autoris\u00e9 \u00e0 revoir votre famille ou vos amis. Ne vous r\u00e9jouissez&nbsp; cependant pas trop vite! <strong>Entre famille et amis il faudra choisir.<\/strong> En effet, vous serez autoris\u00e9s uniquement \u00e0 rencontrer un autre groupe de 4 personnes. Il s&rsquo;agit de 4 personnes, et pas une de plus&#8230; Les enfants comptent pour une personne \u00e9galement. Les rencontres doivent toujours se faire sous le m\u00eame toit.<\/p>\n<p style=\"text-align: justify;\">Le gouvernement a fait <strong>un choix qui se r\u00e9v\u00e8le \u00eatre un \u00e9quilibre entre social et pratique.<\/strong> Par \u00ab\u00a0pratique\u00a0\u00bb, on sous-entend qu&rsquo;en cas de reprise&nbsp;du coronavirus, le gouvernement pourrait rapidement identifier toutes les personnes susceptibles d&rsquo;avoir contract\u00e9 le virus et les mettre \u00e0 l\u2019abri.<\/p>\n<p style=\"text-align: justify;\">Choisissez donc bien ces 4 personnes. Car une fois que vous aurez choisi, pendant l&rsquo;ensemble de la phase 1B du d\u00e9confinement, il vous sera impossible de changer de groupe. Il n&rsquo;est donc pas question de voir 4 amis lundi, 4 autres coll\u00e8gues mardi, vos fr\u00e8res et soeurs le weekend, et dire bonjour \u00e0 papy et mamy le weekend suivant.<\/p>\n<p style=\"text-align: justify;\">Les r\u00e8gles suivantes sont cependant \u00e0 respecter pour votre s\u00e9curit\u00e9 :<\/p>\n<ul>\n<li>Respecter toutes les <strong>r\u00e8gles d\u2019hygi\u00e8ne<\/strong> ainsi que de <strong>distanciation<\/strong> sociale ( pas de poign\u00e9es de main, ni d&#8217;embrassade&#8230; Le virus est toujours bien pr\u00e9sent en Belgique)<\/li>\n<li><strong>D\u00e9sinfecter<\/strong>&nbsp; vous les <strong>mains<\/strong> r\u00e9guli\u00e8rement<\/li>\n<li><strong>Portez un masque<\/strong> \u00e0 proximit\u00e9 des personnes \u00e2g\u00e9es,<\/li>\n<li>Ne vous visitez <strong>pas si vous \u00eates malade (ou pr\u00e9sentez des sympt\u00f4mes)&nbsp;<\/strong>, ou un des membres du groupe de 4 pr\u00e9sente des sympt\u00f4mes<\/li>\n<\/ul>\n<h2><span style=\"color: #99cc00;\">Faire du sport \u00e0 Bruxelles \u00e0 partir du 11 Mai 2020?<\/span><\/h2>\n<figure id=\"attachment_10729\" aria-describedby=\"caption-attachment-10729\" style=\"width: 300px\" class=\"wp-caption alignleft\"><img decoding=\"async\" class=\"size-medium wp-image-10729\" src=\"http:\/\/www.insidebrussels.be\/V2\/wp-content\/uploads\/2020\/05\/kayack-300x185.jpg\" alt=\"Faire du sport \u00e0 Bruxelles \u00e0 partir du 11 Mai 2020\" width=\"300\" height=\"185\" srcset=\"https:\/\/www.insidebrussels.be\/V2\/wp-content\/uploads\/2020\/05\/kayack-300x185.jpg 300w, https:\/\/www.insidebrussels.be\/V2\/wp-content\/uploads\/2020\/05\/kayack-768x475.jpg 768w, https:\/\/www.insidebrussels.be\/V2\/wp-content\/uploads\/2020\/05\/kayack.jpg 885w\" sizes=\"(max-width: 300px) 100vw, 300px\" \/><figcaption id=\"caption-attachment-10729\" class=\"wp-caption-text\">Faire du sport \u00e0 Bruxelles \u00e0 partir du 11 Mai 2020<\/figcaption><\/figure>\n<p style=\"text-align: justify;\">Les salles de sport (type basic-fit) ne sont pas autoris\u00e9es \u00e0 ouvrir le 11 Mai. Il vous faudra encore \u00eatre patient.&nbsp; Les infrastructures pour <strong>faire du sport en plein air sont autoris\u00e9es \u00e0 ouvrir<\/strong>. On sous-entendant par exemple club de tennis, terrain de sport. Uniquement <strong>les sports qui n&rsquo;impliquent pas de contact physique<\/strong> et se pratiquent en <strong>plein<\/strong> air. Leurs vestiaires, douches et la caf\u00e9t\u00e9ria seront \u00e9videmment ferm\u00e9es. Notez que vous pouvez uniquement pratiquer ce sport seul, avec les habitants de votre domicile, ou <strong>en compagnie de 2 autres personnes<\/strong>. Mais ces personnes doivent <strong>toujours \u00eatre les m\u00eames.<\/strong><\/p>\n<p>R\u00e9f\u00e9rez-vous au <a href=\"https:\/\/www.info-coronavirus.be\/fr\/faq\/\" target=\"_blank\" rel=\"noopener\">FAQ Covid officiel pour savoir si ces mesures ont chang\u00e9.&nbsp;<\/a><\/p>\n<h2><span style=\"color: #99cc00;\">Peut-on faire du shopping et se rendre dans les magasins \u00e0 partir du 11 Mai 2020?<\/span><\/h2>\n<figure id=\"attachment_9393\" aria-describedby=\"caption-attachment-9393\" style=\"width: 300px\" class=\"wp-caption alignright\"><img decoding=\"async\" class=\"size-medium wp-image-9393\" src=\"http:\/\/www.insidebrussels.be\/V2\/wp-content\/uploads\/2017\/05\/artificial-photography-119298-unsplash-1-300x200.jpg\" alt=\"Shopping \u00e0 Bruxelles (c) Photo Artificial Photography unplash\" width=\"300\" height=\"200\" srcset=\"https:\/\/www.insidebrussels.be\/V2\/wp-content\/uploads\/2017\/05\/artificial-photography-119298-unsplash-1-300x200.jpg 300w, https:\/\/www.insidebrussels.be\/V2\/wp-content\/uploads\/2017\/05\/artificial-photography-119298-unsplash-1-768x512.jpg 768w, https:\/\/www.insidebrussels.be\/V2\/wp-content\/uploads\/2017\/05\/artificial-photography-119298-unsplash-1-1024x683.jpg 1024w, https:\/\/www.insidebrussels.be\/V2\/wp-content\/uploads\/2017\/05\/artificial-photography-119298-unsplash-1.jpg 1078w\" sizes=\"(max-width: 300px) 100vw, 300px\" \/><figcaption id=\"caption-attachment-9393\" class=\"wp-caption-text\">Shopping \u00e0 Bruxelles (c) Photo Artificial Photography unplash<\/figcaption><\/figure>\n<p style=\"text-align: justify;\">Dans la phase 1B, <strong>de nombreux commerces sont autoris\u00e9s \u00e0 r\u00e9ouvir.<\/strong> Parmi les commerces non-autoris\u00e9s \u00e0 ouvrir, nous comptons, entre-autres, les coiffeurs, salles de fitness, tatouages, casino, salles de jeux, centres de massage&#8230; Pour les magasins autoris\u00e9s \u00e0 ouvrir, le shopping ne sera plus comment avant. Le coronavirus \u00e9tant toujours pr\u00e9sent, les magasins devront respecter des m\u00e9thodes tr\u00e8s strictes. Par exemple, 1 client sera autoris\u00e9 pour un espace de 10 m\u00e8tres carr\u00e9s. Les clients pourront rester maximum 30 minutes dans le magasin. Il n&rsquo;est pas obligatoire de porter un masque, mais il est fortement recommand\u00e9 d&rsquo;en porter un, ou une protection couvrant le nez et la bouche. Vous n&rsquo;avez pas p\u00fb vous trouver de masque? <a href=\"http:\/\/www.insidebrussels.be\/V2\/bruxelles\/coronavirus-les-5-meilleurs-moyens-de-ce-procurer-un-masque-a-bruxelles\/\">Sachez que la commune peut en mettre un \u00e0 votre disposition gratuitement.&nbsp;<\/a><\/p>\n","protected":false,"gt_translate_keys":[{"key":"rendered","format":"html"}]},"excerpt":{"rendered":"<p>Qu&rsquo;est-ce qui change \u00e0 Bruxelles \u00e0 partir du 11 Mai? #Covid D\u00e9confinement, phase 1B A<\/p>\n","protected":false,"gt_translate_keys":[{"key":"rendered","format":"html"}]},"author":1,"featured_media":10731,"comment_status":"closed","ping_status":"closed","sticky":false,"template":"","format":"gallery","meta":{"_lmt_disableupdate":"","_lmt_disable":"","footnotes":""},"categories":[498],"tags":[269],"class_list":["post-10724","post","type-post","status-publish","format-gallery","has-post-thumbnail","hentry","category-corona-covid-bruxelles","tag-corona","post_format-post-format-gallery"],"modified_by":"pierre","amp_enabled":true,"gt_translate_keys":[{"key":"link","format":"url"}],"_links":{"self":[{"href":"https:\/\/www.insidebrussels.be\/V2\/wp-json\/wp\/v2\/posts\/10724","targetHints":{"allow":["GET"]}}],"collection":[{"href":"https:\/\/www.insidebrussels.be\/V2\/wp-json\/wp\/v2\/posts"}],"about":[{"href":"https:\/\/www.insidebrussels.be\/V2\/wp-json\/wp\/v2\/types\/post"}],"author":[{"embeddable":true,"href":"https:\/\/www.insidebrussels.be\/V2\/wp-json\/wp\/v2\/users\/1"}],"replies":[{"embeddable":true,"href":"https:\/\/www.insidebrussels.be\/V2\/wp-json\/wp\/v2\/comments?post=10724"}],"version-history":[{"count":9,"href":"https:\/\/www.insidebrussels.be\/V2\/wp-json\/wp\/v2\/posts\/10724\/revisions"}],"predecessor-version":[{"id":11319,"href":"https:\/\/www.insidebrussels.be\/V2\/wp-json\/wp\/v2\/posts\/10724\/revisions\/11319"}],"wp:featuredmedia":[{"embeddable":true,"href":"https:\/\/www.insidebrussels.be\/V2\/wp-json\/wp\/v2\/media\/10731"}],"wp:attachment":[{"href":"https:\/\/www.insidebrussels.be\/V2\/wp-json\/wp\/v2\/media?parent=10724"}],"wp:term":[{"taxonomy":"category","embeddable":true,"href":"https:\/\/www.insidebrussels.be\/V2\/wp-json\/wp\/v2\/categories?post=10724"},{"taxonomy":"post_tag","embeddable":true,"href":"https:\/\/www.insidebrussels.be\/V2\/wp-json\/wp\/v2\/tags?post=10724"}],"curies":[{"name":"wp","href":"https:\/\/api.w.org\/{rel}","templated":true}]}}