{"id":10846,"date":"2023-07-04T22:07:12","date_gmt":"2023-07-04T20:07:12","guid":{"rendered":"http:\/\/www.insidebrussels.be\/V2\/?p=10846"},"modified":"2024-06-13T23:48:54","modified_gmt":"2024-06-13T21:48:54","slug":"les-3-meilleurs-endroits-ou-cueillir-ses-fruits-et-legumes-pres-de-bruxelles","status":"publish","type":"post","link":"https:\/\/www.insidebrussels.be\/V2\/bruxelles\/les-3-meilleurs-endroits-ou-cueillir-ses-fruits-et-legumes-pres-de-bruxelles\/","title":{"rendered":"Les 4 meilleurs endroits o\u00f9 cueillir des fruits et l\u00e9gumes biologique pr\u00e8s de Bruxelles?","gt_translate_keys":[{"key":"rendered","format":"text"}]},"content":{"rendered":"<p>Habitant \u00e0 Bruxelles, vous n&rsquo;avez probablement pas la chance d&rsquo;avoir un jardin. Si vous avez un jardin, vous n&rsquo;avez peut-\u00eatre <strong>pas le temps de g\u00e9rer un potager<\/strong>. Idem pour les arbres fruitiers. Pourtant, si l&rsquo;air libre et les fruits vous mettent de bonne humeur, pourquoi ne pas go\u00fbter au <strong>plaisir de la cueillette<\/strong> ? Vous ne le saviez peut-\u00eatre pas, mais \u00e0 proximit\u00e9 de Bruxelles, vous pouvez cueillir vous-m\u00eame vos fruits : <strong>fraises, framboises<\/strong> et beaucoup d&rsquo;autres ! Bien souvent, les cueillettes se passent directement dans l<a href=\"https:\/\/www.insidebrussels.be\/V2\/bruxelles\/e-farmz-meilleure-ferme-en-ligne-bruxelles\/\">es champs de la ferme<\/a>.<\/p>\n<blockquote>\n<p class=\"LC20lb MBeuO DKV0Md\">\ud83d\udc68\u200d\ud83c\udf3e\u2702\ufe0f\ud83c\udf33<strong>Avant d&rsquo;aller plus loin cet article devrait vous int\u00e9resser:<\/strong> <a href=\"https:\/\/www.insidebrussels.be\/V2\/bruxelles\/isaacquelles-sont-les-meilleurs-pepinieres-en-belgique\/\">Les meilleures p\u00e9pini\u00e8res pour votre jardin pr\u00e8s de Bruxelles<\/a><\/p>\n<\/blockquote>\n<p>Difficile de faire mieux c\u00f4t\u00e9 fra\u00eecheur. En effet, vous prenez directement les fruits sur l&rsquo;arbre. Id\u00e9al aussi pour le portefeuille. C\u00f4t\u00e9 sant\u00e9, c&rsquo;est l&rsquo;occasion de prendre l&rsquo;air. Si vous avez des enfants, ils appr\u00e9cieront tr\u00e8s particuli\u00e8rement<a href=\"https:\/\/www.insidebrussels.be\/V2\/bruxelles\/bruxelles-a-velo-une-balade-sure-et-verte-le-long-du-canal\/\"> ce genre de balade<\/a>. Leur faire d\u00e9couvrir que les fruits et l\u00e9gumes ont des saisons. Aussi, ce sera l&rsquo;occasion de d\u00e9couvrir les fruits et l\u00e9gumes dans un autre contexte que le supermarch\u00e9. Ici, on privil\u00e9gie donc le local.<\/p>\n<p>Retrouvez ci-dessous les meilleurs endroits pour vous <strong>retrouver en pleine nature<\/strong>, d\u00e9couvrir<strong> les senteurs de la terre,<\/strong> l&rsquo;odeur des fruits frais. Une fois rentr\u00e9 \u00e0 la maison, quoi de mieux que de faire des confitures de fraises fra\u00eechement cueillies \u00e0 Bruxelles ?<\/p>\n<p>Si vous vous demandez o\u00f9 vous pourrez vous sustenter de fruits et l\u00e9gumes locaux et de saison, pour pas cher, voici les meilleurs fermes, jardins et endroits \u00e0 proximit\u00e9 de Bruxelles o\u00f9 les fruits et l\u00e9gumes poussent en libre-service.<\/p>\n<ul>\n<li><strong><a href=\"http:\/\/www.insidebrussels.be\/V2\/bruxelles\/e-farmz-meilleure-ferme-en-ligne-bruxelles\/\">\ud83d\ude9c eFarmz une boite BIO livr\u00e9e chez vous.<\/a><\/strong><\/li>\n<li><strong><strong><a href=\"http:\/\/www.insidebrussels.be\/V2\/bruxelles\/ou-faire-ses-courses-en-ligne-ailleurs-que-chez-delhaizecarrefour-ou-colruyt\/\">\ud83d\udecd\ufe0f <\/a><\/strong><\/strong><strong><a href=\"http:\/\/www.insidebrussels.be\/V2\/bruxelles\/ou-faire-ses-courses-en-ligne-ailleurs-que-chez-delhaizecarrefour-ou-colruyt\/\">O\u00f9 faire des courses ailleurs que dans les grands magasin \u00e0 Bruxelles<\/a><\/strong><\/li>\n<li><strong><strong><a href=\"http:\/\/www.insidebrussels.be\/V2\/bruxelles\/tag\/bio\/\">\ud83c\udf3f<\/a><\/strong><\/strong><strong><a href=\"http:\/\/www.insidebrussels.be\/V2\/bruxelles\/tag\/bio\/\">Best of BIO \u00e0 Bruxelles, les meilleurs endroits BIO de la capitale!<\/a><\/strong><\/li>\n<li><strong><a href=\"http:\/\/www.insidebrussels.be\/V2\/bruxelles\/tag\/ou-acheter-en-vrac-a-bruxelles\/\">\ud83e\udd5cLes meilleurs endroits pour acheter en vrac \u00e0 Bruxelles<\/a><\/strong><\/li>\n<\/ul>\n<h2><span style=\"color: #008000;\">1. Les avantages de la cueillette des fruits et l\u00e9gumes bio :<\/span><\/h2>\n<p>La cueillette directe dans les fermes bio pr\u00e9sente de nombreux avantages. Vous pouvez savourer des produits frais et de haute qualit\u00e9, soutenir les agriculteurs locaux et avoir un impact positif sur l&rsquo;environnement. De plus, c&rsquo;est une activit\u00e9 ludique et \u00e9ducative, id\u00e9ale pour les familles et les amoureux de la nature.<\/p>\n<h2><span style=\"color: #008000;\">2. Crit\u00e8res de s\u00e9lection des meilleurs endroits de cueillette<\/span><\/h2>\n<p>Nous avons s\u00e9lectionn\u00e9 avec soin les endroits pr\u00e9sent\u00e9s dans cet article en tenant compte de plusieurs crit\u00e8res. Nous nous sommes assur\u00e9s qu&rsquo;ils sont certifi\u00e9s bio, qu&rsquo;ils proposent une grande vari\u00e9t\u00e9 de cultures, qu&rsquo;ils sont facilement accessibles depuis Bruxelles, et qu&rsquo;ils offrent une exp\u00e9rience agr\u00e9able et enrichissante pour les visiteurs.<\/p>\n<h2><span style=\"color: #339966;\">3. Les quatres meilleurs endroits o\u00f9 cueillir ses fruits et l\u00e9gumes bio pr\u00e8s de Bruxelles?<\/span><\/h2>\n<p>Lorsqu&rsquo;il s&rsquo;agit de manger sainement et de soutenir l&rsquo;agriculture locale, rien ne vaut la cueillette de fruits et l\u00e9gumes bio directement \u00e0 la source. \u00c0 proximit\u00e9 de Bruxelles, vous pouvez trouver des endroits qui offrent cette exp\u00e9rience unique. Dans cet article, nous vous pr\u00e9senterons les quatre meilleurs endroits o\u00f9 vous pouvez cueillir vos propres fruits et l\u00e9gumes bio, tout en profitant de la beaut\u00e9 de la nature environnante.<\/p>\n<h3><span style=\"color: #339966;\">A. BioBees: le meilleur endroit pour cueillir des fraises \u00e0 15 minutes de Bruxelles<\/span><\/h3>\n<p style=\"text-align: justify;\">D\u00e9j\u00e0 en 1981, Luc Pauwels \u00e9tait\u00a0 pr\u00e9occup\u00e9 pour l&rsquo;environnement. Il opte alors pour la m\u00e9thode <strong>d&rsquo;agriculture biologique<\/strong>. Ensemble avec sa femme Narrisa et leurs employ\u00e9s, ils s&rsquo;engagent chaque jour avec passion afin d&rsquo;offrir <strong>le meilleur de la nature<\/strong>. Au menu, du mois de Mai et Juin c&rsquo;est la saison des fraises. Vous pouvez cueillir de d\u00e9licieuses fraises bio \u00e0 Ternat ainsi qu&rsquo;\u00e0 Dilbeek. Ce n&rsquo;est qu&rsquo;\u00e0 <strong>15 minutes de Bruxelles<\/strong>. Voila une petite excursion id\u00e9ale avec ou sans enfants! La cueillette se passe soit dans un de nos tunnels ou en plein air. Les prix en 2020 \u00e9taient <strong>8\u20ac le kilo de fraises. <\/strong><\/p>\n<p style=\"text-align: justify;\"><a href=\"http:\/\/www.biobees.be\" target=\"_blank\" rel=\"noopener\">\ud83d\udd17Site officiel ici<\/a><\/p>\n<p>\ud83d\udccd Kruisstraat 2B 1740 Ternat<\/p>\n<p align=\"center\"><iframe loading=\"lazy\" style=\"border: none; overflow: hidden;\" src=\"https:\/\/www.facebook.com\/plugins\/post.php?href=https%3A%2F%2Fwww.facebook.com%2Fbiobees.ternat%2Fposts%2F2316572161752811&amp;width=500\" width=\"500\" height=\"727\" frameborder=\"0\" scrolling=\"no\"><\/iframe><\/p>\n<h3><span style=\"color: #339966;\">B. Le champs du chaudron: cueillir des paniers de l\u00e9gumes bio \u00e0 Anderlecht<\/span><\/h3>\n<p>Le Champ du Chaudron est bien<strong> plus qu&rsquo;un simple lieu de cueillette<\/strong>. Derri\u00e8re ce projet, se cache un lieu qui propose un mod\u00e8le de production et de <strong>transformation locale aux activit\u00e9s diverses<\/strong>, int\u00e9gr\u00e9 dans un maillage environnemental et social, pour accro\u00eetre la r\u00e9silience du syst\u00e8me alimentaire bruxellois. Le p\u00f4le \u00ab\u00a0cultiv\u00e9\u00a0\u00bb propose <strong>une production agricole diversifi\u00e9e et biologique.<\/strong><\/p>\n<blockquote>\n<p style=\"text-align: left;\">Si le BIO vous int\u00e9resse, voici <strong><a href=\"https:\/\/www.insidebrussels.be\/V2\/bruxelles\/isaac-quels-sont-les-5-meilleurs-restaurants-bio-a-bruxelles\/\">les restaurants BIO \u00e0 Bruxelles.<\/a><\/strong><\/p>\n<\/blockquote>\n<p>Ils proposent de la vente directe sous forme de paniers de l\u00e9gumes avec abonnements, \u00e0 collecter sur place ou en point de d\u00e9p\u00f4t. \u00c9galement, vous pourrez trouver leurs produits en magasin : Made in Anderlecht et BeesCoop. Vous aurez la possibilit\u00e9 d&rsquo;acheter<strong> leurs paniers de l\u00e9gumes en abonnement<\/strong>, mais aussi \u00e0 l&rsquo;unit\u00e9 en pr\u00e9commande. M\u00eame avec un abonnement, il est possible de <strong>r\u00e9colter les fruits en auto-cueillette.<\/strong><\/p>\n<p>Pour vous donner une id\u00e9e de la composition type d&rsquo;un grand panier (septembre, photo ci-dessus), vous trouverez : Tomates 1 kg &#8211; 5 \u20ac, Haricots 400 g &#8211; 3 \u20ac, Courgette 1,5 kg &#8211; 3 \u20ac, Chou rave 600 g &#8211; 1 \u20ac, Aubergines 800 g &#8211; 3 \u20ac, Persil &#8211; 1 \u20ac, Origan &#8211; 1,5 \u20ac, pour un prix total de 17,5 \u20ac, soit 4,5 kg.<\/p>\n<ul>\n<li>4 \u00e0 5 l\u00e9gumes et une herbe aromatique dans les petit panier.<br \/>\n5 \u00e0 7 l\u00e9gumes et une ou deux herbes aromatiques dans le panier normal.<\/li>\n<li>Vous recevrez, chaque semaine, en m\u00eame temps que vos paniers, un mail qui vous explique ce que contient votre panier, des recettes et des nouvelles du champ.<\/li>\n<\/ul>\n<p><a href=\"http:\/\/www.biobees.be\" target=\"_blank\" rel=\"noopener\">\ud83d\udd17<\/a><a href=\"http:\/\/www.lechampduchaudron.be\/\" target=\"_blank\" rel=\"noopener\">Site officiel ici.<\/a><\/p>\n<p align=\"center\"><iframe loading=\"lazy\" style=\"border: none; overflow: hidden;\" src=\"https:\/\/www.facebook.com\/plugins\/post.php?href=https%3A%2F%2Fwww.facebook.com%2Flechampduchaudron%2Fphotos%2Fa.620942808245702%2F984053415267971%2F%3Ftype%3D3&amp;width=500\" width=\"500\" height=\"380\" frameborder=\"0\" scrolling=\"no\"><\/iframe><\/p>\n<h3><span style=\"color: #008000;\">C. Fruit-Time \u00e0 Anderlecht, ceuillir des fruits rouges mais aussi des fleurs!<\/span><\/h3>\n<p><strong>Entre<\/strong> <strong>juin<\/strong> et <strong>septembre, Groseilles, fraises, framboises, m\u00fbres, cerises, cassis, myrtilles<\/strong> vous attendent&#8230; En fonction de la <strong>saison,<\/strong> il y en aura pour tous les go\u00fbts.! Prenez un ravier mis \u00e0 votre disposition \u00e0 l&rsquo;entr\u00e9e et remplissez l\u00e0 ensuite de fruits. Niveau prix, c&rsquo;est tr\u00e8s facile, vous <strong>payez en fonction du poids.<\/strong> Vous avez m\u00eame la possibilit\u00e9 de cueillir des <strong>fleurs.<\/strong>\u00a0 Avant de vous y rendre, v\u00e9rifier sur le site\u00a0<a href=\"http:\/\/www.fruit-time.be\/\">www.fruit-time.be<\/a>\u00a0les horaires ainsi que les fruits que vous pourrez cueillir. Les chemins sont faciles d&rsquo;acc\u00e8s aussi ok pour les personnes \u00e0 mobilit\u00e9 r\u00e9duite.<\/p>\n<p class=\"LC20lb MBeuO DKV0Md\">\ud83d\udccdAdresse: 465 rue pommier, 1070 Anderlecht<\/p>\n<p align=\"center\"><iframe loading=\"lazy\" style=\"border: none; overflow: hidden;\" src=\"https:\/\/www.facebook.com\/plugins\/post.php?href=https%3A%2F%2Fwww.facebook.com%2Ffruittime%2Fposts%2F2927737817301011&amp;width=500\" width=\"500\" height=\"548\" frameborder=\"0\" scrolling=\"no\"><\/iframe><\/p>\n<h3><span style=\"color: #008000;\">D. Les D\u00e9lices de Pinchart: un super endroit pour les fraises et produits de saison!<\/span><\/h3>\n<div class=\"field field-name-field-hp-com-text-1 field-type-text-long field-label-hidden field-wrapper\">\n<p style=\"text-align: justify;\">Que de chemin parcouru <strong>depuis<\/strong> ce printemps <strong>2005!<\/strong>\u00a0 Caroline et David \u00e9taient \u00e0 la recherche d&rsquo;une activit\u00e9 compl\u00e9mentaire. Ils ont commenc\u00e9 simplement avec 3 tunnels de fraises. Gr\u00e2ce \u00e0 un\u00a0 petit magasin \u00ab\u00a0\u00e9ph\u00e9m\u00e8re\u00a0\u00bb dans un garage de la Rue des Vergers, ils ont fait leurs premi\u00e8res ventes.\u00a0 Tr\u00e8s vite, leurs clients leur demand\u00e8rent\u00a0 plus de produits. La gamme c&rsquo;est donc \u00e9largie avec des framboisiers. Encore plus vite,\u00a0 le garage est devenu trop \u00e9troit!\u00a0 En 2011, ils se lancent dans la construction d&rsquo;un hangar le long de la nationale pour avoir de la visibilit\u00e9.<\/p>\n<p>Aujourd&rsquo;hui , si vous \u00eates \u00e0 la recherche de produits 100% naturels, au go\u00fbt unique ? Made in Pinchart vous propose une\u00a0 fabrication artisanale. Au menu\u00a0<strong>ASPERGES<\/strong> VERTES (d\u00e9but avril &#8211; fin mai), <strong>FRAISES<\/strong> (d\u00e9but mai &#8211; mi-septembre),\u00a0<strong>CHAMPIGNONS<\/strong> de Paris bruns et blancs,\u00a0<strong>CHICONS<\/strong> DE PLEINE TERRE et beaucoup d&rsquo;autres! Egalement, ils proposent <strong>des produits d\u00e9riv\u00e9s<\/strong> tels que\u00a0 <strong>confitures,<\/strong> gel\u00e9es, sirops, vinaigres, liqueurs \u00e0 base de nos fruits! Bref de quoi r\u00e9galer les plus gourmands.<\/p>\n<div><\/div>\n<\/div>\n<p align=\"center\"><iframe loading=\"lazy\" style=\"border: none; overflow: hidden;\" src=\"https:\/\/www.facebook.com\/plugins\/post.php?href=https%3A%2F%2Fwww.facebook.com%2Fdelicespinchart%2Fposts%2F3625087514173141&amp;width=500\" width=\"500\" height=\"663\" frameborder=\"0\" scrolling=\"no\"><\/iframe><\/p>\n<h3><span style=\"color: #008000;\">E. Les l\u00e9gumes de Tom<\/span><\/h3>\n<p><strong>Le concept est g\u00e9nial<\/strong>, bien que un peu plus \u00e9loign\u00e9 de Bruxelles, nous l&rsquo;ajoutons, si vous habitez par l\u00e0 o\u00f9 passer par l\u00e0 pour aller au travail!<br \/>\nVous voulez participer \u00e0 ce nouveau mode mode et prise de conscience prise de conscience \u00e9cologique\u00a0 de consommer localement, bio et manger de saison ?\u00a0 Eviter de faire parcourir des milliers de km \u00e0 vos l\u00e9gumes. C&rsquo;est avec des initiatives telles que chez Tomque tout commence ! Le principe fonctionne par abonement afin de leur garantir un revenu et pr\u00e9voir la production.<\/p>\n<p>Le prix ? 9 euros\/adulte\/semaine et la p\u00e9riode d&rsquo;abonnement couvre 32 semaines, 65 l\u00e9gumes diff\u00e9rents que vous pouvez venir r\u00e9colter 7 jours\/7 et plusieurs fois par semaine si n\u00e9cessaire. Un adulte payera pour la p\u00e9riode de 32 semaines un total 288\u20ac tvac ( Les enfants paient au prorata de leurs \u00e2ges)<\/p>\n<p>\u200bConcr\u00e8tement:<\/p>\n<ul>\n<li>Chaque semaine, un mail explique les <strong>l\u00e9gumes r\u00e9coltables<\/strong> pour pr\u00e9voir vos autres courses.<\/li>\n<li>Une entr\u00e9e directe au potager (route d&rsquo;Ottignies 9d, 1380 Lasne) <strong>7 jours\/7.<\/strong><\/li>\n<li>Un panneau vous rappellera les l<strong>\u00e9gumes disponibles<\/strong>\u00a0 ( un drapeau indiquera que la culture est pr\u00eate et un panneau expliquera comment la r\u00e9colter)<\/li>\n<li><strong>R\u00e9coltez les l\u00e9gumes<\/strong> que vous souhaitez dans les quantit\u00e9s appropri\u00e9es pour votre m\u00e9nage.<\/li>\n<\/ul>\n<p class=\"LC20lb MBeuO DKV0Md\">\ud83d\udccd Route d&rsquo;Ottignies 9 1380 Lasne-Chapelle-St-Lambert<\/p>\n<p><a href=\"https:\/\/leslegumesdetom.wixsite.com\/legumesbio\/auto-cueillette\" target=\"_blank\" rel=\"noopener\">\ud83d\udd17 Site officiel<\/a><\/p>\n<h2><strong><span style=\"color: #008000;\">4. Conseils pour profiter au mieux de la cueillette<\/span> <\/strong><\/h2>\n<p>Pour tirer le meilleur parti de votre exp\u00e9rience de cueillette, nous vous recommandons de vous informer sur les p\u00e9riodes de r\u00e9colte, d&rsquo;apporter des paniers ou des sacs r\u00e9utilisables, de porter des v\u00eatements confortables et de respecter les r\u00e8gles et les consignes des lieux visit\u00e9s. Prennez avec vous les enfants, ils vont adorer!<\/p>\n<blockquote>\n<p class=\"LC20lb MBeuO DKV0Md\">\ud83e\uddd2\ud83e\uddd2<a href=\"https:\/\/www.insidebrussels.be\/V2\/bruxelles\/tag\/activites-avec-enfants\/\" target=\"_blank\" rel=\"noopener\">Voici les activit\u00e9s \u00e0 faire avec les enfants \u00e0 Bruxelles<\/a><\/p>\n<\/blockquote>\n<h2><span style=\"color: #008000;\">5. Conclusion<\/span><\/h2>\n<p>La cueillette de fruits et l\u00e9gumes bio pr\u00e8s de Bruxelles offre une exp\u00e9rience enrichissante \u00e0 la fois pour votre palais et pour votre esprit. En soutenant l&rsquo;agriculture locale et en d\u00e9couvrant la fra\u00eecheur des produits directement de la ferme, vous contribuez \u00e0 votre bien-\u00eatre et \u00e0 la pr\u00e9servation de l&rsquo;environnement. Alors, n&rsquo;h\u00e9sitez pas \u00e0 planifier une visite dans l&rsquo;un de ces quatre endroits merveilleux et \u00e0 profiter de cette exp\u00e9rience unique en harmonie avec la nature.<\/p>\n<p>&nbsp;<\/p>\n","protected":false,"gt_translate_keys":[{"key":"rendered","format":"html"}]},"excerpt":{"rendered":"<p>Habitant \u00e0 Bruxelles, vous n&rsquo;avez probablement pas la chance d&rsquo;avoir un jardin. Si vous avez<\/p>\n","protected":false,"gt_translate_keys":[{"key":"rendered","format":"html"}]},"author":1,"featured_media":10847,"comment_status":"closed","ping_status":"closed","sticky":false,"template":"","format":"gallery","meta":{"_lmt_disableupdate":"","_lmt_disable":"","footnotes":""},"categories":[10,31],"tags":[47,49,278,26,275,58,281],"class_list":["post-10846","post","type-post","status-publish","format-gallery","has-post-thumbnail","hentry","category-manger-a-bruxelles","category-shopping","tag-a-faire-le-dimanche","tag-activites-avec-enfants","tag-best-of","tag-bio","tag-commerce-local-bruxelles","tag-en-amoureux","tag-ou-acheter-en-vrac-a-bruxelles","post_format-post-format-gallery"],"modified_by":"pierre","amp_enabled":true,"gt_translate_keys":[{"key":"link","format":"url"}],"_links":{"self":[{"href":"https:\/\/www.insidebrussels.be\/V2\/wp-json\/wp\/v2\/posts\/10846","targetHints":{"allow":["GET"]}}],"collection":[{"href":"https:\/\/www.insidebrussels.be\/V2\/wp-json\/wp\/v2\/posts"}],"about":[{"href":"https:\/\/www.insidebrussels.be\/V2\/wp-json\/wp\/v2\/types\/post"}],"author":[{"embeddable":true,"href":"https:\/\/www.insidebrussels.be\/V2\/wp-json\/wp\/v2\/users\/1"}],"replies":[{"embeddable":true,"href":"https:\/\/www.insidebrussels.be\/V2\/wp-json\/wp\/v2\/comments?post=10846"}],"version-history":[{"count":14,"href":"https:\/\/www.insidebrussels.be\/V2\/wp-json\/wp\/v2\/posts\/10846\/revisions"}],"predecessor-version":[{"id":16574,"href":"https:\/\/www.insidebrussels.be\/V2\/wp-json\/wp\/v2\/posts\/10846\/revisions\/16574"}],"wp:featuredmedia":[{"embeddable":true,"href":"https:\/\/www.insidebrussels.be\/V2\/wp-json\/wp\/v2\/media\/10847"}],"wp:attachment":[{"href":"https:\/\/www.insidebrussels.be\/V2\/wp-json\/wp\/v2\/media?parent=10846"}],"wp:term":[{"taxonomy":"category","embeddable":true,"href":"https:\/\/www.insidebrussels.be\/V2\/wp-json\/wp\/v2\/categories?post=10846"},{"taxonomy":"post_tag","embeddable":true,"href":"https:\/\/www.insidebrussels.be\/V2\/wp-json\/wp\/v2\/tags?post=10846"}],"curies":[{"name":"wp","href":"https:\/\/api.w.org\/{rel}","templated":true}]}}