{"id":10903,"date":"2020-06-27T19:08:30","date_gmt":"2020-06-27T17:08:30","guid":{"rendered":"http:\/\/www.insidebrussels.be\/V2\/?p=10903"},"modified":"2024-07-15T23:29:34","modified_gmt":"2024-07-15T21:29:34","slug":"bruxelles-a-velo-une-balade-sure-et-verte-le-long-du-canal","status":"publish","type":"post","link":"https:\/\/www.insidebrussels.be\/V2\/bruxelles\/bruxelles-a-velo-une-balade-sure-et-verte-le-long-du-canal\/","title":{"rendered":"Bruxelles \u00e0 V\u00e9lo: la balade la plus verte et s\u00fbre le long de l&rsquo;eau \u00e0 Bruxelles","gt_translate_keys":[{"key":"rendered","format":"text"}]},"content":{"rendered":"<div id=\"ez-toc-container\" class=\"ez-toc-v2_0_82_1 ez-toc-wrap-center counter-hierarchy ez-toc-counter ez-toc-custom ez-toc-container-direction\">\n<p class=\"ez-toc-title\" style=\"cursor:inherit\">\ud83d\udd25 Contenu de l&#039;article:<\/p>\n<label for=\"ez-toc-cssicon-toggle-item-69f0e0647127b\" class=\"ez-toc-cssicon-toggle-label\"><span class=\"ez-toc-cssicon\"><span class=\"eztoc-hide\" style=\"display:none;\">Toggle<\/span><span class=\"ez-toc-icon-toggle-span\"><svg style=\"fill: #000000;color:#000000\" xmlns=\"http:\/\/www.w3.org\/2000\/svg\" class=\"list-377408\" width=\"20px\" height=\"20px\" viewBox=\"0 0 24 24\" fill=\"none\"><path d=\"M6 6H4v2h2V6zm14 0H8v2h12V6zM4 11h2v2H4v-2zm16 0H8v2h12v-2zM4 16h2v2H4v-2zm16 0H8v2h12v-2z\" fill=\"currentColor\"><\/path><\/svg><svg style=\"fill: #000000;color:#000000\" class=\"arrow-unsorted-368013\" xmlns=\"http:\/\/www.w3.org\/2000\/svg\" width=\"10px\" height=\"10px\" viewBox=\"0 0 24 24\" version=\"1.2\" baseProfile=\"tiny\"><path d=\"M18.2 9.3l-6.2-6.3-6.2 6.3c-.2.2-.3.4-.3.7s.1.5.3.7c.2.2.4.3.7.3h11c.3 0 .5-.1.7-.3.2-.2.3-.5.3-.7s-.1-.5-.3-.7zM5.8 14.7l6.2 6.3 6.2-6.3c.2-.2.3-.5.3-.7s-.1-.5-.3-.7c-.2-.2-.4-.3-.7-.3h-11c-.3 0-.5.1-.7.3-.2.2-.3.5-.3.7s.1.5.3.7z\"\/><\/svg><\/span><\/span><\/label><input type=\"checkbox\"  id=\"ez-toc-cssicon-toggle-item-69f0e0647127b\"  aria-label=\"Toggle\" \/><nav><ul class='ez-toc-list ez-toc-list-level-1 ' ><li class='ez-toc-page-1 ez-toc-heading-level-2'><a class=\"ez-toc-link ez-toc-heading-1\" href=\"https:\/\/www.insidebrussels.be\/V2\/bruxelles\/bruxelles-a-velo-une-balade-sure-et-verte-le-long-du-canal\/#Bruxelles_a_Velo_une_balade_sure_et_verte_le_long_du_canal\" >Bruxelles \u00e0 V\u00e9lo: une balade s\u00fbre et verte le long du canal<\/a><ul class='ez-toc-list-level-3' ><li class='ez-toc-heading-level-3'><a class=\"ez-toc-link ez-toc-heading-2\" href=\"https:\/\/www.insidebrussels.be\/V2\/bruxelles\/bruxelles-a-velo-une-balade-sure-et-verte-le-long-du-canal\/#Le_succes_des_Ravel_et_%E2%80%98fietsnetwerk_a_cote_du_cancal_de_Bruxelles\" >Le succ\u00e8s des Ravel et\u00a0\u2018fietsnetwerk\u2019 \u00e0 c\u00f4t\u00e9 du cancal de Bruxelles<\/a><\/li><li class='ez-toc-page-1 ez-toc-heading-level-3'><a class=\"ez-toc-link ez-toc-heading-3\" href=\"https:\/\/www.insidebrussels.be\/V2\/bruxelles\/bruxelles-a-velo-une-balade-sure-et-verte-le-long-du-canal\/#1_A_velo_a_cote_du_Pont_du_Buda_un_pont_levant_industriel\" >1. A v\u00e9lo \u00e0 cot\u00e9 du Pont du Buda:\u00a0un pont levant industriel\u00a0<\/a><\/li><li class='ez-toc-page-1 ez-toc-heading-level-3'><a class=\"ez-toc-link ez-toc-heading-4\" href=\"https:\/\/www.insidebrussels.be\/V2\/bruxelles\/bruxelles-a-velo-une-balade-sure-et-verte-le-long-du-canal\/#2_Un_itineraire_Royal_Domaine_de_Laeken_serres_Royales_et_Chateau_a_Velo\" >2. Un itin\u00e9raire Royal: Domaine de Laeken , serres Royales et Chateau \u00e0 V\u00e9lo.<\/a><\/li><li class='ez-toc-page-1 ez-toc-heading-level-3'><a class=\"ez-toc-link ez-toc-heading-5\" href=\"https:\/\/www.insidebrussels.be\/V2\/bruxelles\/bruxelles-a-velo-une-balade-sure-et-verte-le-long-du-canal\/#3_Docks_Bruxelles_un_shopping_center_accessible_en_velo\" >3. Docks Bruxelles: un shopping center accessible en v\u00e9lo!\u00a0<\/a><\/li><li class='ez-toc-page-1 ez-toc-heading-level-3'><a class=\"ez-toc-link ez-toc-heading-6\" href=\"https:\/\/www.insidebrussels.be\/V2\/bruxelles\/bruxelles-a-velo-une-balade-sure-et-verte-le-long-du-canal\/#4_Pedalez_le_long_de_lAvenue_du_Port_le_temoin_du_patrimoine_industriel_de_Bruxelles\" >4. P\u00e9dalez le long de l&rsquo;Avenue du Port, le t\u00e9moin du patrimoine\u00a0industriel de Bruxelles<\/a><\/li><\/ul><\/li><\/ul><\/nav><\/div>\n\n<h2><span class=\"ez-toc-section\" id=\"Bruxelles_a_Velo_une_balade_sure_et_verte_le_long_du_canal\"><\/span><span style=\"color: #99cc00;\">Bruxelles \u00e0 V\u00e9lo: une balade s\u00fbre et verte le long du canal<\/span><span class=\"ez-toc-section-end\"><\/span><\/h2>\n<p style=\"text-align: justify;\">Si vous \u00eates \u00e0 la recherche du meilleur\u00a0<strong>axe routier s\u00fbr et plat pour vos balades \u00e0 v\u00e9lo \u00e0 Bruxelles<\/strong> ? Ceci devrait vous enchanter! Bien que de nombreuses piste cyclables ont vu le jour dans le centre de Bruxelles, ce n&rsquo;est peut-\u00eatre pas l&rsquo;endroit <strong>id\u00e9al pour rouler avec les enfants<\/strong>.\u00a0 Idem, si cela fait 10 ans que votre v\u00e9lo est dans votre garage et que vous avez d\u00e9cider de le sortir. Les cyclistes avertis le savent, les rails de tram constituent aussi un danger mortel. Une fois mouill\u00e9es, celles-ci se transforment en patinoire lorsque les roues du v\u00e9lo s&rsquo;y m\u00ealent.<\/p>\n<p>Si vous d\u00e9sirez faire du v\u00e9lo le long de l&rsquo;eau, il ne faut pas forc\u00e9ment vous rendre sur le ravel \u00e0 Namur. Aviez vous d\u00e9j\u00e0 pens\u00e9 au canal de Bruxelles ?\u00a0Bien \u00e9videmment, l&rsquo;endroit n&rsquo;est id\u00e9al avec les enfants, que si ceux-ci ma\u00eetrisent d\u00e9j\u00e0 bien le v\u00e9lo. Car qui dit canal, dit cours d&rsquo;eau!<\/p>\n<p>Avant d&rsquo;aller plus loin, ces articles pourraient apr\u00e8s vous int\u00e9resser:<\/p>\n<ul>\n<li><span style=\"color: #99cc00;\"><strong><a style=\"color: #99cc00;\" href=\"http:\/\/www.insidebrussels.be\/V2\/bruxelles\/tag\/bio\/\">Les meilleurs endroit pour le shopping Bio et en vrac \u00e0 Bruxelles<\/a><\/strong><\/span><\/li>\n<li><span style=\"color: #99cc00;\"><strong><a style=\"color: #99cc00;\" href=\"http:\/\/www.insidebrussels.be\/V2\/bruxelles\/les-3-meilleurs-endroits-ou-cueillir-ses-fruits-et-legumes-pres-de-bruxelles\/\">Ou cueillir sois-m\u00eame de fruits et l\u00e9gumes bio \u00e0 Bruxelles?<\/a><\/strong><\/span><\/li>\n<li><span style=\"color: #99cc00;\"><strong><a style=\"color: #99cc00;\" href=\"http:\/\/www.insidebrussels.be\/V2\/bruxelles\/e-farmz-meilleure-ferme-en-ligne-bruxelles\/\">Efarmz, les producteurs Bruxellois vous livrent vos courses chez vous<\/a><\/strong><\/span><\/li>\n<li><span style=\"color: #99cc00;\"><strong><a style=\"color: #99cc00;\" href=\"http:\/\/www.insidebrussels.be\/V2\/bruxelles\/sport-ete-a-bruxelles-cest-plein-air-parc-cinquantenaire-friskis-svettis\/\">Sport en plein air dans les parcs de Bruxelles gratuits<\/a><\/strong><\/span><\/li>\n<\/ul>\n<h3><span class=\"ez-toc-section\" id=\"Le_succes_des_Ravel_et_%E2%80%98fietsnetwerk_a_cote_du_cancal_de_Bruxelles\"><\/span><span style=\"color: #99cc00;\"><strong>Le succ\u00e8s des R<em>avel<\/em> et\u00a0\u2018<em>fietsnetwerk<\/em>\u2019 \u00e0 c\u00f4t\u00e9 du cancal de Bruxelles<\/strong><\/span><span class=\"ez-toc-section-end\"><\/span><\/h3>\n<p style=\"text-align: justify;\">De plus en plus de cyclistes empruntent l<strong>\u2019itin\u00e9raire cyclable r\u00e9gional qui longe le canal de Bruxelles<\/strong>.\u00a0Pour le tourisme et la mobilit\u00e9 douce c&rsquo;est l&rsquo;id\u00e9al. <strong>On se croirait \u00e0 la campagne<\/strong>, et pourtant on est juste \u00e0 quelques kilom\u00e8tres de Bruxelles. Ce trajet pourrait donc \u00eatre le meilleur endroit pour rouler \u00e0 v\u00e9lo\u00a0 Bruxelles. Ce tron\u00e7on fait partie de l\u2019ICR, itin\u00e9raire cyclable r\u00e9gional. ainsi que du R\u00e9seau Vert Europ\u00e9en (REVER).<\/p>\n<p style=\"text-align: justify;\">A Bruxelles, l&rsquo;itin\u00e9raire opte pour un am\u00e9nagement coh\u00e9rent, vous garantissant dans la mesure du possible des pistes cyclables bidirectionnelles. Celles-ci se situent en g\u00e9n\u00e9ral, le plus proche possible de la voie d\u2019eau, sur la rive gauche du canal de Bruxelles.<\/p>\n<p>Voici les endroits conseill\u00e9s par o\u00f9 cette balade \u00e0 v\u00e9lo vous em\u00e8nera. Pour transporter les enfants sur votre v\u00e9lo, pensez \u00e9galement<a href=\"https:\/\/www.insidebrussels.be\/V2\/bruxelles\/velo-cargo-a-bruxelles-le-velo-pour-transporter-les-enfants\/\">\u00a0aux V\u00e9los Cargo \u00e0 Bruxelles<\/a><\/p>\n<h3><span class=\"ez-toc-section\" id=\"1_A_velo_a_cote_du_Pont_du_Buda_un_pont_levant_industriel\"><\/span><span style=\"color: #99cc00;\">1. A v\u00e9lo \u00e0 cot\u00e9 du <span style=\"text-decoration: underline;\">Pont du Buda<\/span>:\u00a0un pont levant industriel\u00a0<\/span><span class=\"ez-toc-section-end\"><\/span><\/h3>\n<p><img decoding=\"async\" class=\"size-medium wp-image-10906 alignleft\" src=\"http:\/\/www.insidebrussels.be\/V2\/wp-content\/uploads\/2020\/06\/buda-300x266.jpg\" alt=\"\" width=\"300\" height=\"266\" srcset=\"https:\/\/www.insidebrussels.be\/V2\/wp-content\/uploads\/2020\/06\/buda-300x266.jpg 300w, https:\/\/www.insidebrussels.be\/V2\/wp-content\/uploads\/2020\/06\/buda.jpg 422w\" sizes=\"(max-width: 300px) 100vw, 300px\" \/>Le Pont de Buda (aussi appel\u00e9 en n\u00e9erlandais\u00a0 <em>Budabrug)<\/em>\u00a0date de 1955. Celui-ci est situ\u00e9 sur le canal maritime de Bruxelles \u00e0 l&rsquo;Escaut. Il relie Neder-Over-Heembeek \u00e0 Haren, Vous prendrez plaisir \u00e0 pass\u00e9 \u00e0 cot\u00e9 \u00e0 v\u00e9lo pour admirer cet ouvrage du g\u00e9nie civil. Sa somptueuse structure m\u00e9tallique vous rappellera surement l&rsquo;essor industriel du port de Bruxelles.<\/p>\n<p>&nbsp;<\/p>\n<p>&nbsp;<\/p>\n<p>&nbsp;<\/p>\n<p>&nbsp;<\/p>\n<p>&nbsp;<\/p>\n<h3><span class=\"ez-toc-section\" id=\"2_Un_itineraire_Royal_Domaine_de_Laeken_serres_Royales_et_Chateau_a_Velo\"><\/span><span style=\"color: #99cc00;\">2. Un itin\u00e9raire Royal: Domaine de Laeken , serres Royales et Chateau \u00e0 V\u00e9lo.<\/span><span class=\"ez-toc-section-end\"><\/span><\/h3>\n<p>Serres Royale de LAEKEN<\/p>\n<p style=\"text-align: justify;\">Ne manquez pas de faire une pause lors de votre itin\u00e9raire \u00e0 v\u00e9lo pour admirer le domaine. Attention, ne rentre pas qui veut dans le domaine de la r\u00e9sidence officielle du roi Philippe. Pour visiter les serres, il faudra vous y rendre au bon moment.\u00a0 Chaque ann\u00e9e, depuis un si\u00e8cle, le\u00a0<a href=\"http:\/\/www.insidebrussels.be\/V2\/bruxelles\/visiter-les-serres-royales-de-laeken-2019\/\"><strong>serres Royales du ch\u00e2teau de Laeken<\/strong>\u00a0ouvrent ses portes au printemps.<\/a> Pendant environ trois semaines, le public peut \u00a0se rendre au \u00a0<strong>Ch\u00e2teau de Laeken<\/strong>,\u00a0<em>Avenue du Parc Royal \u2013 1020 Bruxelles (Laeken))<\/em>\u00a0pour visiter une des\u00a0<strong>merveilles florales et admirer de nombreuse esp\u00e8ces rares.<\/strong>\u00a0Les serres royales de Laeken compte parmi les monuments les plus populaires construits en Belgique au 19\u00e8me si\u00e8cle. \u00a0Pour \u00eatre exact, elles virent le jour en\u00a01873.\u00a0Son cr\u00e9ateur, l\u2019architecte Alphonse Balat, con\u00e7ut le battement pour le\u00a0roi L\u00e9opold II, \u00a0un fervent amateur de fleurs et plantes, en particulier les Cam\u00e9lias. Cette plante \u00e9tait une de ses favorites lors des voyages qu\u2019il effectua.<\/p>\n<h3><span class=\"ez-toc-section\" id=\"3_Docks_Bruxelles_un_shopping_center_accessible_en_velo\"><\/span><span style=\"color: #99cc00;\">3. Docks Bruxelles: un shopping center accessible en v\u00e9lo!\u00a0<\/span><span class=\"ez-toc-section-end\"><\/span><\/h3>\n<figure id=\"attachment_8179\" aria-describedby=\"caption-attachment-8179\" style=\"width: 300px\" class=\"wp-caption aligncenter\"><img decoding=\"async\" class=\"size-medium wp-image-8179\" src=\"http:\/\/www.insidebrussels.be\/V2\/wp-content\/uploads\/2016\/10\/14502928_10153464870637609_8770930940726050386_n1-300x225.jpg\" alt=\"DOCKS BRUXELLES Centre Commercial Cin\u00e9ma White\" width=\"300\" height=\"225\" \/><figcaption id=\"caption-attachment-8179\" class=\"wp-caption-text\">DOCKS BRUXELLES Centre Commercial Cin\u00e9ma White<\/figcaption><\/figure>\n<p>Si vous r\u00eaviez de vous rendre dans un shopping center \u00e0 v\u00e9lo, voila qui est fait! Le centre commercial Docks Bruxelles, ouvert en octobre 2016, vous offre la possibilit\u00e9 de faire <a href=\"http:\/\/www.insidebrussels.be\/V2\/bruxelles\/faire-shopping-a-bruxelles\/\">shopping<\/a> \u00e0 v\u00e9lo. Si vous ne le connaissez pas encore, le centre porte le nom de \u00ab<a href=\"http:\/\/www.insidebrussels.be\/V2\/bruxelles\/docks-bruxelles-centre-commercial\/\">\u00a0<strong>Docks Bruxsel<\/strong><\/a>\u00ab\u00a0. Au total, presque\u00a0<strong>40.000 m\u00b2<\/strong>\u00a0d\u2019espaces commerciaux qui attendent \u00e0 recevoir 8.000.000 de visiteurs chaque ann\u00e9e.<\/p>\n<p style=\"text-align: justify;\">Les promoteurs du centre commercial Docks\u00a0BRUXELLES souhaitaient que celui-ci soit assez \u00e9quilibr\u00e9. Raison pour laquelle les enseignes pr\u00e9sentes sur le site sont tr\u00e8s vari\u00e9es. On retrouvera donc,\u00a0<strong>caf\u00e9s, restaurants,<\/strong>\u00a0magasins de\u00a0<strong>mode<\/strong>\u00a0classiques (tels que H&amp;M, ZARA, MICHAEL KORS, \u2026) , mais \u00e9galement accessoires pour la maison (Maison du monde, Rituals,\u2026) ainsi qu\u2019un supermarch\u00e9\u00a0<strong>Match<\/strong>\u00a0et m\u00eame un cin\u00e9ma. Au total, pas moins de\u00a0<strong>110 magasins<\/strong>\u00a0qui vous garantiront une\u00a0<strong>exp\u00e9rience shopping r\u00e9ussie.<\/strong><\/p>\n<p>Si vous souhaitez acheter un v\u00e9lo, ce n&rsquo;est pas \u00e0 Docks que vous le trouverez mais bien dans <a href=\"https:\/\/www.insidebrussels.be\/V2\/bruxelles\/isaac-quels-sont-les-10-meilleurs-magasins-de-velo-a-bruxelles\/\">un magasin traditionel de v\u00e9lo.<\/a><\/p>\n<h3><span class=\"ez-toc-section\" id=\"4_Pedalez_le_long_de_lAvenue_du_Port_le_temoin_du_patrimoine_industriel_de_Bruxelles\"><\/span><span style=\"color: #99cc00;\"><span style=\"color: #99cc00;\">4. P\u00e9dalez le long de l&rsquo;Avenue du Port, le t\u00e9moin du patrimoine\u00a0industriel de Bruxelles<\/span><\/span><span class=\"ez-toc-section-end\"><\/span><\/h3>\n<p><img decoding=\"async\" class=\"size-medium wp-image-10907 alignleft\" src=\"http:\/\/www.insidebrussels.be\/V2\/wp-content\/uploads\/2020\/06\/TourTaxiVelo-300x181.jpg\" alt=\"Tour et Taxi \u00e0 V\u00e9lo, avenue du port (c) Wikipedia Torsade de Pointes \" width=\"300\" height=\"181\" srcset=\"https:\/\/www.insidebrussels.be\/V2\/wp-content\/uploads\/2020\/06\/TourTaxiVelo-300x181.jpg 300w, https:\/\/www.insidebrussels.be\/V2\/wp-content\/uploads\/2020\/06\/TourTaxiVelo-768x464.jpg 768w, https:\/\/www.insidebrussels.be\/V2\/wp-content\/uploads\/2020\/06\/TourTaxiVelo-1024x619.jpg 1024w, https:\/\/www.insidebrussels.be\/V2\/wp-content\/uploads\/2020\/06\/TourTaxiVelo.jpg 1078w\" sizes=\"(max-width: 300px) 100vw, 300px\" \/><\/p>\n<p style=\"text-align: justify;\">P\u00e9dalez sur votre deux roues le long de L\u2019avenue du port\u00a0pour rencontrer le t\u00e9moin privil\u00e9gi\u00e9 du patrimoine industriel de Bruxelles. Comme vous le savez, le canal a bien \u00e9videmment <strong>un pass\u00e9 \u00e9troitement li\u00e9 au d\u00e9veloppement \u00e9conomique de Bruxelles<\/strong>. Aujourd&rsquo;hui,\u00a0 les trois ASBL insistent sur l\u2019importance historique de la derni\u00e8re avenue industrielle et portuaire de Bruxelles.\u00a0C\u2019est<strong> la plus grande surface pav\u00e9e d\u2019un seul tenant \u00e0 Bruxelles.<\/strong> Celles-ci plaident pour la restauration des pav\u00e9s et la conservation du gabarit de cette majestueuse avenue. En parcourant cette avenue, vous passerez le long de <a href=\"http:\/\/www.insidebrussels.be\/V2\/bruxelles\/culinaria-2015-a-tour-et-taxi\/\">Tour&amp;Taxi, c&rsquo;est l\u00e0 qu&rsquo;avait lieu Culinaria!<\/a><\/p>\n<p>Jusqu&rsquo;ici la balade faire environ 11 kilom\u00e8tre. Libre \u00e0 vous ensuite de continuer la balade \u00e0 V\u00e9lo. Vous passerez par la<strong> place Sainctelette<\/strong> (porte de Ninove) Une belle piste cyclable de 2,5m de long longerait \u00e0 cet endroit le canal. Ensuite, le <strong>Quai de Mariemont\u00a0<\/strong>et sa\u00a0piste cyclable \u00e0 sens unique.\u00a0\u00a0L\u2019itin\u00e9raire passe donc en rive droite pour rejoindre<strong> le quai de l\u2019Industrie<\/strong> avant de repasser en rive gauche par <strong>le pont des Hospices\u2026<\/strong>Plus loin, au del\u00e0 du m\u00e9tro Delacroix, une belle piste cyclable vous attend. Celle-ci longe le canal et rejoint le bassin de Biestebroeck. Si vous avez encore de la force, il est possible de continuer sa promenade sur le chemin de halage en rive droite en direction de Hal, Ittre et Ronqui\u00e8res..<\/p>\n","protected":false,"gt_translate_keys":[{"key":"rendered","format":"html"}]},"excerpt":{"rendered":"<p>Bruxelles \u00e0 V\u00e9lo: une balade s\u00fbre et verte le long du canal Si vous \u00eates<\/p>\n","protected":false,"gt_translate_keys":[{"key":"rendered","format":"html"}]},"author":1,"featured_media":10904,"comment_status":"closed","ping_status":"closed","sticky":false,"template":"","format":"gallery","meta":{"_lmt_disableupdate":"","_lmt_disable":"","footnotes":""},"categories":[505,299],"tags":[49,58,78],"class_list":["post-10903","post","type-post","status-publish","format-gallery","has-post-thumbnail","hentry","category-nature-parc-jardin-vert-bruxelles","category-sports","tag-activites-avec-enfants","tag-en-amoureux","tag-balades","post_format-post-format-gallery"],"modified_by":"pierre","amp_enabled":true,"gt_translate_keys":[{"key":"link","format":"url"}],"_links":{"self":[{"href":"https:\/\/www.insidebrussels.be\/V2\/wp-json\/wp\/v2\/posts\/10903","targetHints":{"allow":["GET"]}}],"collection":[{"href":"https:\/\/www.insidebrussels.be\/V2\/wp-json\/wp\/v2\/posts"}],"about":[{"href":"https:\/\/www.insidebrussels.be\/V2\/wp-json\/wp\/v2\/types\/post"}],"author":[{"embeddable":true,"href":"https:\/\/www.insidebrussels.be\/V2\/wp-json\/wp\/v2\/users\/1"}],"replies":[{"embeddable":true,"href":"https:\/\/www.insidebrussels.be\/V2\/wp-json\/wp\/v2\/comments?post=10903"}],"version-history":[{"count":15,"href":"https:\/\/www.insidebrussels.be\/V2\/wp-json\/wp\/v2\/posts\/10903\/revisions"}],"predecessor-version":[{"id":17145,"href":"https:\/\/www.insidebrussels.be\/V2\/wp-json\/wp\/v2\/posts\/10903\/revisions\/17145"}],"wp:featuredmedia":[{"embeddable":true,"href":"https:\/\/www.insidebrussels.be\/V2\/wp-json\/wp\/v2\/media\/10904"}],"wp:attachment":[{"href":"https:\/\/www.insidebrussels.be\/V2\/wp-json\/wp\/v2\/media?parent=10903"}],"wp:term":[{"taxonomy":"category","embeddable":true,"href":"https:\/\/www.insidebrussels.be\/V2\/wp-json\/wp\/v2\/categories?post=10903"},{"taxonomy":"post_tag","embeddable":true,"href":"https:\/\/www.insidebrussels.be\/V2\/wp-json\/wp\/v2\/tags?post=10903"}],"curies":[{"name":"wp","href":"https:\/\/api.w.org\/{rel}","templated":true}]}}