{"id":10962,"date":"2020-12-13T12:43:00","date_gmt":"2020-12-13T11:43:00","guid":{"rendered":"http:\/\/www.insidebrussels.be\/V2\/?p=10962"},"modified":"2022-11-28T00:15:48","modified_gmt":"2022-11-27T23:15:48","slug":"clubs-de-sport-basic-fit-fermes-a-cause-du-covid-voici-comment-resillier-son-abonnement","status":"publish","type":"post","link":"https:\/\/www.insidebrussels.be\/V2\/bruxelles\/clubs-de-sport-basic-fit-fermes-a-cause-du-covid-voici-comment-resillier-son-abonnement\/","title":{"rendered":"Clubs de sport Basic-fit ferm\u00e9s \u00e0 cause du covid&#8230; Voici comment r\u00e9sillier son abonnement","gt_translate_keys":[{"key":"rendered","format":"text"}]},"content":{"rendered":"<h2><span style=\"color: #99cc00;\">Clubs de sport Basic-fit ferm\u00e9s \u00e0 cause du COVID&#8230; Voici comment r\u00e9silier mon abonnement<\/span><\/h2>\n<p style=\"text-align: justify;\">Pour essayer de contenir le coronavirus, le gouvernement Belge a impos\u00e9 des mesures strictes. Parmis celles-ci une nouvelle fermeture des clubs de sport en Belgique. Suite \u00e0 cet annonce, les consommateurs ne peuvent donc plus du tout profiter de leur abonnement de fitness.\u00a0 Depuis le 23 octobre 2020, les clubs de sport sont ferm\u00e9s. A l&rsquo;heure ou nous \u00e9crivons cet article,\u00a0<strong>les clubs de sports ne sont pas encore autoris\u00e9s \u00e0 ouvrir<\/strong>. C&rsquo;est maintenant la deuxi\u00e8me fois en cette ann\u00e9e 2020 que les clubs de sports sont forc\u00e9s \u00e0 fermer leurs portes. Qu\u00a0\u00bben est-il des cotisations et droit des consommateurs Belges? Si vous avez une num\u00e9ro de carte basic fit, ceci est pour vous.<\/p>\n<h3><span style=\"color: #99cc00;\">Fermetures de Club&#8230; Quid du <span style=\"text-decoration: underline;\">Gel de l&rsquo;abonnement<\/span> chez Basic-Fit ?<\/span><\/h3>\n<p style=\"text-align: justify;\">Il n&rsquo;a pas logique de payer son abonnement de salle de sport alors que les clubs sont inaccessibles ainsi que les s\u00e9ances d&rsquo;entra\u00eenement&#8230; Lors de la premi\u00e8re vague, en\u00a0 guise de compensation \u00e0 la fermeture temporaire de clubs, Basic-Fit avait mis en place diff\u00e9rentes options \u00e0 la disposition de ses membres . Par exemple,\u00a0 vous aviez l&rsquo;opportunit\u00e9 de <em><strong>geler votre abonnement.<\/strong><\/em> Cela signifie donc qu&rsquo;ils ne pr\u00e9leveraient pas l&rsquo;argent sur votre compte en banque tant qu&rsquo;ils sont ferm\u00e9s.<\/p>\n<p style=\"text-align: justify;\">Cela avait plut\u00f4t bien fonctionn\u00e9 lors de la premi\u00e8re vague. A ma grande surprise, lors de la deuxi\u00e8me covid,<strong> sans aucune g\u00e8ne ni complexe, le club de sport m&rsquo;a pr\u00e9lev\u00e9 l&rsquo;argent chaque mois via domiciliation bancaire<\/strong>! Octobre, Novembre, D\u00e9cembre&#8230; Apr\u00e8s avoir <a href=\"https:\/\/www.facebook.com\/BasicFitBelgie\/?ref=page_internal\" target=\"_blank\" rel=\"noopener\">pris contact avec Basic Fit via leur page Facebook<\/a>, bien que mon My Basic fit indique \u00ab\u00a0Gel de l&rsquo;abonnement: Choisi\u00a0\u00bb&#8230; Le club de sport affirme que je n&rsquo;ai pris aucune action&#8230;\u00a0 En regardant, plus loin sur leur page Facebook, je ne suis pas le seul&#8230; Les commentaires n\u00e9gatifs affluent de toutes parts. J&rsquo;ai donc pris la d\u00e9cision de\u00a0 mon abonnement de sport&#8230; Je ne comptais quand m\u00eame pas y retourner d\u00e9but Janvier. Le covid sera encore l\u00e0 pendant un bon bout de temps. En fin de compte, la course \u00e0 pied dans les bois, ce n&rsquo;est pas si mal que \u00e7a!<\/p>\n<h3><span style=\"color: #99cc00;\">Comment r\u00e9silier mon abonnement Basic-Fit ?<\/span><\/h3>\n<p>Etant donn\u00e9 que les clubs de sport sont ferm\u00e9s, c&rsquo;est assez simple de <strong>demander la r\u00e9siliation de votre abonnement Basic-Fit<\/strong><\/p>\n<ol>\n<li>Rendez-vous sur\u00a0<a href=\"https:\/\/my.basic-fit.com\/login\" target=\"_blank\" rel=\"noopener\">https:\/\/my.basic-fit.com\/login<\/a><\/li>\n<li>Allez dans la partie abonnement<\/li>\n<li>Cliquez sur R\u00e9ssilier mon abonnement.<\/li>\n<li>Gardez pr\u00e9cieusement la confirmation qui vous sera envoy\u00e9e par email.<\/li>\n<\/ol>\n<p>C&rsquo;est aussi simple que cela. Si malgr\u00e9 cela, \u00e7a ne fonctionne pas. Vous pouvez \u00e9galement porter plainte contre Basic Fit chez Test-Achat.<\/p>\n<h3><span style=\"color: #99cc00;\">Que pense Test-Achat du gel de l&rsquo;abonnement Basic-Fit ?<\/span><\/h3>\n<p style=\"text-align: justify;\"><a href=\"https:\/\/www.test-achats.be\/famille-prive\/droits-des-consommateurs\/news\/basic-fit-pas-de-salle-pas-de-frais-abonnement\">Sur le site de Test-Achat,<\/a> on voit que beaucoup de consommateurs ont d\u00e9j\u00e0 port\u00e9 plainte. On lit clairement<em> \u00ab\u00a0Les contrats qui ne sont pas ex\u00e9cut\u00e9s pour des raisons de force majeure peuvent non seulement \u00eatre gel\u00e9s, mais aussi \u00eatre r\u00e9sili\u00e9s. Avec remboursement de ce qui a \u00e9t\u00e9 ind\u00fbment pay\u00e9. On ne peut forcer quiconque \u00e0 rester membre de Basic-Fit (&#8230;. )Nous apprenons par ailleurs que, comme Basic-Fit, d&rsquo;autres cha\u00eenes de fitness violent les droits des consommateurs en ces temps de crise sanitaire. \u00ab\u00a0<\/em><\/p>\n<p>[button link=\u00a0\u00bbhttps:\/\/my.basic-fit.com\/login\u00a0\u00bb target=\u00a0\u00bbnew\u00a0\u00bb color=\u00a0\u00bbdefault\u00a0\u00bb]Vers My Basic Fit[\/button]<\/p>\n<p>Ceci pourrait \u00e9galement vous int\u00e9resser:<\/p>\n<ul>\n<li><a href=\"https:\/\/www.insidebrussels.be\/V2\/bruxelles\/les-meilleures-sites-et-videos-pour-faire-du-sport-a-la-maison\/\">Faire du sport \u00e0 la maison pendant le covid<\/a><\/li>\n<li><a href=\"https:\/\/www.insidebrussels.be\/V2\/bruxelles\/bruxelles-a-velo-une-balade-sure-et-verte-le-long-du-canal\/\">Balades en v\u00e9lo au bord de l&rsquo;eau \u00e0 Bruxelles<\/a><\/li>\n<\/ul>\n","protected":false,"gt_translate_keys":[{"key":"rendered","format":"html"}]},"excerpt":{"rendered":"<p>Clubs de sport Basic-fit ferm\u00e9s \u00e0 cause du COVID&#8230; Voici comment r\u00e9silier mon abonnement Pour<\/p>\n","protected":false,"gt_translate_keys":[{"key":"rendered","format":"html"}]},"author":1,"featured_media":10986,"comment_status":"closed","ping_status":"closed","sticky":false,"template":"","format":"gallery","meta":{"_lmt_disableupdate":"","_lmt_disable":"","footnotes":""},"categories":[11,498,299],"tags":[269],"class_list":["post-10962","post","type-post","status-publish","format-gallery","has-post-thumbnail","hentry","category-bien-etre-bruxelles","category-corona-covid-bruxelles","category-sports","tag-corona","post_format-post-format-gallery"],"modified_by":"pierre","amp_enabled":true,"gt_translate_keys":[{"key":"link","format":"url"}],"_links":{"self":[{"href":"https:\/\/www.insidebrussels.be\/V2\/wp-json\/wp\/v2\/posts\/10962","targetHints":{"allow":["GET"]}}],"collection":[{"href":"https:\/\/www.insidebrussels.be\/V2\/wp-json\/wp\/v2\/posts"}],"about":[{"href":"https:\/\/www.insidebrussels.be\/V2\/wp-json\/wp\/v2\/types\/post"}],"author":[{"embeddable":true,"href":"https:\/\/www.insidebrussels.be\/V2\/wp-json\/wp\/v2\/users\/1"}],"replies":[{"embeddable":true,"href":"https:\/\/www.insidebrussels.be\/V2\/wp-json\/wp\/v2\/comments?post=10962"}],"version-history":[{"count":12,"href":"https:\/\/www.insidebrussels.be\/V2\/wp-json\/wp\/v2\/posts\/10962\/revisions"}],"predecessor-version":[{"id":13330,"href":"https:\/\/www.insidebrussels.be\/V2\/wp-json\/wp\/v2\/posts\/10962\/revisions\/13330"}],"wp:featuredmedia":[{"embeddable":true,"href":"https:\/\/www.insidebrussels.be\/V2\/wp-json\/wp\/v2\/media\/10986"}],"wp:attachment":[{"href":"https:\/\/www.insidebrussels.be\/V2\/wp-json\/wp\/v2\/media?parent=10962"}],"wp:term":[{"taxonomy":"category","embeddable":true,"href":"https:\/\/www.insidebrussels.be\/V2\/wp-json\/wp\/v2\/categories?post=10962"},{"taxonomy":"post_tag","embeddable":true,"href":"https:\/\/www.insidebrussels.be\/V2\/wp-json\/wp\/v2\/tags?post=10962"}],"curies":[{"name":"wp","href":"https:\/\/api.w.org\/{rel}","templated":true}]}}