{"id":11064,"date":"2021-01-09T19:55:52","date_gmt":"2021-01-09T18:55:52","guid":{"rendered":"http:\/\/www.insidebrussels.be\/V2\/?p=11064"},"modified":"2022-12-23T00:53:18","modified_gmt":"2022-12-22T23:53:18","slug":"le-marche-des-grands-chefs-le-paradis-des-foodies-a-bruxelles","status":"publish","type":"post","link":"https:\/\/www.insidebrussels.be\/V2\/bruxelles\/le-marche-des-grands-chefs-le-paradis-des-foodies-a-bruxelles\/","title":{"rendered":"Le magasin pr\u00e9f\u00e9r\u00e9 des foodies \u00e0 Bruxelles: march\u00e9 des Chefs","gt_translate_keys":[{"key":"rendered","format":"text"}]},"content":{"rendered":"<h2><span style=\"color: #99cc00;\">Le march\u00e9 des Chefs \u00e0 Bruxelles: le paradis des fins gourmets !\u00a0<\/span><\/h2>\n<p style=\"text-align: justify;\">Vous \u00eates un <strong>fin gourmet<\/strong> ? A la recherche de\u00a0<strong>produits<\/strong> <strong>d&rsquo;exceptions<\/strong> ? Grand chef ou simplement\u00a0<strong>grand<\/strong> <strong>gourmand<\/strong>,\u00a0 cet article devrait vous int\u00e9resser! Si vous pensez d\u00e9j\u00e0 avoir parcouru les march\u00e9s de Bruxelles les plus int\u00e9ressants, vous avez probablement oubli\u00e9 celui-ci: <strong>le march\u00e9 des Chefs \u00e0 Ixelles.<\/strong><\/p>\n<p style=\"text-align: justify;\">Depuis plus de 30 ans, cette entreprise familiale \u00e0 pignon sur rue continue \u00e0 r\u00e9galer les fins gourmet et <a href=\"https:\/\/www.insidebrussels.be\/V2\/bruxelles\/tag\/foodie\/\">foodies Bruxellois<\/a>. Les clients vous diront qu&rsquo;ici on est <strong>s\u00fbr d&rsquo;\u00eatre bien re\u00e7u<\/strong>.\u00a0 \u00a0C\u00f4t\u00e9 client, ils vous le confirmeront tous:\u00a0<strong> les recommandations sont toujours professionnelles<\/strong>. Que ce soit pour des recettes, ou pour un produit en particulier. Le conseil du march\u00e9 sera toujours bon.<\/p>\n<p>Dans ce march\u00e9, les producteurs et fournisseurs, ils les connaissent comme leur poche. Toujours pr\u00eat \u00e0 mettre d&rsquo;excellents produits en rayons pour satisfaire leurs clients. Ils vous parleront de leurs fournisseurs comme si ils faisaient partie de la famille.<\/p>\n<h3><span style=\"color: #99cc00;\">Que peut-on acheter au March\u00e9 des Chefs \u00e0 Bruxelles?<\/span><\/h3>\n<p style=\"text-align: justify;\">Le March\u00e9 des Grands chefs est \u00e0 la fois un march\u00e9 de <strong>frais, <a href=\"https:\/\/www.insidebrussels.be\/V2\/bruxelles\/ou-acheter-de-la-bonne-viande-a-bruxelles-meilleures-boucheries\/\">boucherie<\/a>, <a href=\"https:\/\/www.insidebrussels.be\/V2\/bruxelles\/ou-peut-on-acheter-des-plateaux-de-fruits-de-mer-a-emporter-a-bruxelles\/\">poissonnerie<\/a>, charcuterie<\/strong> ainsi qu&rsquo;une <strong><a href=\"https:\/\/www.insidebrussels.be\/V2\/bruxelles\/isaac-quelle-est-la-meilleures-epicerie-fine-a-bruxelles-nos-5-bonnes-adresses\/\">\u00e9picerie fine<\/a>.<\/strong> A l&rsquo;origine, celui-ci avait ouvert ses portes pour les besoins des grands chefs de restaurants&#8230;. Aujourd\u2019hui, quasiment 90 % des clients du magasin sont des particuliers \u00e0 la recherche de <a href=\"https:\/\/www.insidebrussels.be\/V2\/bruxelles\/les-10-meilleurs-endroits-ou-acheter-du-fromage-a-bruxelles\/\">bons produits.<\/a><\/p>\n<p><center><br \/>\n<iframe loading=\"lazy\" style=\"border: none; overflow: hidden;\" src=\"https:\/\/www.facebook.com\/plugins\/post.php?href=https%3A%2F%2Fwww.facebook.com%2FMarchedesChefs%2Fposts%2F3713406582055686&amp;width=500&amp;show_text=true&amp;appId=260561780630355&amp;height=588\" width=\"500\" height=\"588\" frameborder=\"0\" scrolling=\"no\" allowfullscreen=\"allowfullscreen\"><\/iframe><\/center><\/p>\n<p style=\"text-align: justify;\">Vous pourrez y acheter des produits d&rsquo;exceptions \u00e0 Bruxelles. Du <strong>foie gras<\/strong>\u00a0(et confitures de figues maison), jusqu&rsquo;au <strong>gambas Black Tigres&#8230;.<\/strong>On y trouve <strong>d&rsquo;excellent produits<\/strong>. Dans votre shopping list: <a href=\"https:\/\/www.insidebrussels.be\/V2\/bruxelles\/les-10-meilleurs-endroits-ou-acheter-du-fromage-a-bruxelles\/\"><strong>fromages<\/strong> affin\u00e9s<\/a>, volailles labellis\u00e9es, <strong>hu\u00eetres, homard, truffes,<\/strong> des <strong>poissons frais<\/strong> garantis <strong>p\u00each\u00e9s \u00e0 la ligne<\/strong> par des p\u00eacheurs locaux, Saint-Jacques, croquettes aux crevettes&#8230; Bref de quoi tenir de l\u2019ap\u00e9ritif au dessert. Vous pourrez m\u00eame y trouver des Glaces d&rsquo;une qualit\u00e9 extr\u00eame qui feront \u00ab\u00a0Waouw\u00a0\u00bb! <a href=\"https:\/\/www.insidebrussels.be\/V2\/bruxelles\/meilleur-glacier-a-bruxelles\/\">Les glaces de Martine Lambert<\/a> ne contiennent quasiment pas de sucres, mais bien de vrais oeufs et d&rsquo;excellents fruits.<\/p>\n<p><center><br \/>\n<iframe loading=\"lazy\" style=\"border: none; overflow: hidden;\" src=\"https:\/\/www.facebook.com\/plugins\/post.php?href=https%3A%2F%2Fwww.facebook.com%2FMarchedesChefs%2Fposts%2F3823778254351851&amp;width=500&amp;show_text=true&amp;appId=260561780630355&amp;height=313\" width=\"500\" height=\"313\" frameborder=\"0\" scrolling=\"no\" allowfullscreen=\"allowfullscreen\"><\/iframe><\/center>Il y a en a pour tous les budgets. Vous n&rsquo;\u00eates pas forc\u00e9 \u00e0 acheter du caviar. Vous y trouverez par exemple <a href=\"https:\/\/www.insidebrussels.be\/V2\/bruxelles\/isaac-les-10-meilleurs-restaurants-italiens-a-bruxelles\/\">une des\u00a0derni\u00e8res p\u00e2tes italiennes encore pr\u00e9par\u00e9es selon une recette ancestrale<\/a>. Du tarama pour vos ap\u00e9ritifs , Croquettes aux crevettes \u00e0 7\u20ac \/ pi\u00e8ce,<\/p>\n<p>En savoir plus sur la page Facebook du <a href=\"https:\/\/www.facebook.com\/MarchedesChefs\/?rf=200434346651123\" target=\"_blank\" rel=\"noopener\">march\u00e9 des Chefs \u00e0 Bruxelles<\/a><\/p>\n<h2><span style=\"color: #99cc00;\">Quelle est l&rsquo;adresse du March\u00e9 des Chefs \u00e0 Bruxelles?<\/span><\/h2>\n<p>Le march\u00e9 des chefs se trouve rue Lens 38, 1050 Bruxelles<\/p>\n<p>T\u00e9l\u00e9phoner pour r\u00e9server: 02 647 40 50,<\/p>\n<p>Mardi &#8211; Samedi 10h00 \u00e0 18h00<\/p>\n<p>Livraison \u00e0 domicile gratuite.<\/p>\n<p>Ceci pourrait aussi vous int\u00e9resser:<\/p>\n<ul>\n<li><a href=\"https:\/\/www.insidebrussels.be\/V2\/bruxelles\/ou-peut-on-acheter-des-plateaux-de-fruits-de-mer-a-emporter-a-bruxelles\/\">O\u00f9 acheter des plateaux de fruits de mer \u00e0 Bruxelles<\/a><\/li>\n<li><a href=\"https:\/\/www.insidebrussels.be\/V2\/bruxelles\/la-meilleur-adresse-street-food-post-covid-gaufres-waffles\/\">La meilleure adresses street food en plein air \u00e0 Bruxelles<\/a><\/li>\n<li><a href=\"https:\/\/www.insidebrussels.be\/V2\/bruxelles\/les-meilleurs-marches-a-bruxelles\/\">Les march\u00e9s \u00e0 ne pas manquer \u00e0 Bruxelles<\/a><\/li>\n<li><a href=\"https:\/\/www.insidebrussels.be\/V2\/bruxelles\/les-supermarches-et-epiceries-japonaises-a-bruxelles\/\">Les supermarch\u00e9s et magasins Japonais \u00e0 Bruxelles<\/a><\/li>\n<\/ul>\n","protected":false,"gt_translate_keys":[{"key":"rendered","format":"html"}]},"excerpt":{"rendered":"<p>Le march\u00e9 des Chefs \u00e0 Bruxelles: le paradis des fins gourmets !\u00a0 Vous \u00eates un<\/p>\n","protected":false,"gt_translate_keys":[{"key":"rendered","format":"html"}]},"author":1,"featured_media":11072,"comment_status":"closed","ping_status":"closed","sticky":false,"template":"","format":"gallery","meta":{"_lmt_disableupdate":"","_lmt_disable":"","footnotes":""},"categories":[506,517,10,31],"tags":[275,200],"class_list":["post-11064","post","type-post","status-publish","format-gallery","has-post-thumbnail","hentry","category-les-marche-plein-air-bruxelles","category-magasin-bouche","category-manger-a-bruxelles","category-shopping","tag-commerce-local-bruxelles","tag-foodie","post_format-post-format-gallery"],"modified_by":"pierre","amp_enabled":true,"gt_translate_keys":[{"key":"link","format":"url"}],"_links":{"self":[{"href":"https:\/\/www.insidebrussels.be\/V2\/wp-json\/wp\/v2\/posts\/11064","targetHints":{"allow":["GET"]}}],"collection":[{"href":"https:\/\/www.insidebrussels.be\/V2\/wp-json\/wp\/v2\/posts"}],"about":[{"href":"https:\/\/www.insidebrussels.be\/V2\/wp-json\/wp\/v2\/types\/post"}],"author":[{"embeddable":true,"href":"https:\/\/www.insidebrussels.be\/V2\/wp-json\/wp\/v2\/users\/1"}],"replies":[{"embeddable":true,"href":"https:\/\/www.insidebrussels.be\/V2\/wp-json\/wp\/v2\/comments?post=11064"}],"version-history":[{"count":18,"href":"https:\/\/www.insidebrussels.be\/V2\/wp-json\/wp\/v2\/posts\/11064\/revisions"}],"predecessor-version":[{"id":13972,"href":"https:\/\/www.insidebrussels.be\/V2\/wp-json\/wp\/v2\/posts\/11064\/revisions\/13972"}],"wp:featuredmedia":[{"embeddable":true,"href":"https:\/\/www.insidebrussels.be\/V2\/wp-json\/wp\/v2\/media\/11072"}],"wp:attachment":[{"href":"https:\/\/www.insidebrussels.be\/V2\/wp-json\/wp\/v2\/media?parent=11064"}],"wp:term":[{"taxonomy":"category","embeddable":true,"href":"https:\/\/www.insidebrussels.be\/V2\/wp-json\/wp\/v2\/categories?post=11064"},{"taxonomy":"post_tag","embeddable":true,"href":"https:\/\/www.insidebrussels.be\/V2\/wp-json\/wp\/v2\/tags?post=11064"}],"curies":[{"name":"wp","href":"https:\/\/api.w.org\/{rel}","templated":true}]}}