{"id":11494,"date":"2021-02-09T19:00:29","date_gmt":"2021-02-09T18:00:29","guid":{"rendered":"http:\/\/www.insidebrussels.be\/V2\/?p=11494"},"modified":"2022-02-14T12:54:34","modified_gmt":"2022-02-14T11:54:34","slug":"monuments-historiques-bruxelles-ne-pas-manquer","status":"publish","type":"post","link":"https:\/\/www.insidebrussels.be\/V2\/bruxelles\/monuments-historiques-bruxelles-ne-pas-manquer\/","title":{"rendered":"Les 5 monuments historiques \u00e0 ne pas manquer cach\u00e9s dans les rues de Bruxelles.","gt_translate_keys":[{"key":"rendered","format":"text"}]},"content":{"rendered":"<h1><strong>5 monuments historiques cach\u00e9s dans les rues de Bruxelles.<\/strong><\/h1>\n<p>&nbsp;<\/p>\n<p>Parmi toutes les villes d\u2019Europe, <a href=\"https:\/\/www.insideBrussels.be\/V2\">Bruxelles<\/a> est une des plus touristiques. En effet, en 2019, elle a accueilli plus de quatre millions de <a href=\"https:\/\/www.insidebrussels.be\/V2\/bruxelles\/category\/tourisme-a-bruxelles\/\">touristes<\/a> assoiff\u00e9s d\u2019aventures. Ils en trouveront certes dans la capitale belge, que ce soit sous forme culinaire avec ses mets somptueux ou \u00e0 travers ses <a href=\"https:\/\/www.insidebrussels.be\/V2\/bruxelles\/category\/tourisme-a-bruxelles\/monuments-attractions-touristiques-bruxelles\/\">monuments historiques<\/a> imbib\u00e9s de charme belge. Cependant, la plupart des visiteurs ne voit que la grande place et le <a href=\"https:\/\/www.insidebrussels.be\/V2\/bruxelles\/manneken-pis-lembleme-de-bruxelles\/\">Manneken Pis<\/a>, Ce qui n\u2019est pas un probl\u00e8me en lui-m\u00eame, mais il y a une multitude d\u2019autres monuments historiques importants cach\u00e9s dans la capitale qui sont souvent n\u00e9glig\u00e9s par les touristes. Que ce soit pour approfondir vos connaissances sur la ville de Bruxelles ou pour vous rafra\u00eechir la m\u00e9moire, voici une liste de monuments \u00e0 voir la prochaine fois que vous passerez dans cette ville.<\/p>\n<p>Ceci pourrait aussi vous int\u00e9resser:<\/p>\n<ul>\n<li><a href=\"https:\/\/www.insidebrussels.be\/V2\/bruxelles\/visiter-bruxelles-en-un-jours-cest-possible\/\">Notre meilleur itin\u00e9raire pour visiter Bruxelles \u00e0 pied en un jour<\/a><\/li>\n<li><a href=\"https:\/\/www.insidebrussels.be\/V2\/bruxelles\/category\/tourisme-a-bruxelles\/\">Les meilleurs attraction touristiques \u00e0 voir \u00e0 Bruxelles<\/a><\/li>\n<\/ul>\n<h2><span style=\"color: #99cc00;\"><strong><u>Visiter le Palais Royal de Bruxelles\u00a0<\/u><\/strong><\/span><\/h2>\n<p>Ce palais, situ\u00e9 au centre de Bruxelles, \u00e9tant la r\u00e9sidence administrative du roi ainsi que son lieu de travail, habite plusieurs artefacts historiques. En effet, le palais lui-m\u00eame, construit en 1783 est une relique architecturale d\u2019une autre \u00e9poque. Cependant, les vraies vedettes se trouvent \u00e0 l\u2019int\u00e9rieur du b\u00e2timent. On peut y trouver des meubles antiques, des portraits de la famille royale et beaucoup d\u2019autres. En revanche, l\u2019int\u00e9rieur du palais est uniquement ouvert au publique de la F\u00eate Nationale du 21 juillet jusque d\u00e9but septembre. <a href=\"https:\/\/www.insidebrussels.be\/V2\/bruxelles\/le-palais-de-justice-de-bruxelles-a-un-clone-a-lima\/\">Saviez vous que le palais Royal Belge \u00e0 un clone dans un autre pays?<\/a><\/p>\n<p>&nbsp;<\/p>\n<blockquote class=\"instagram-media\" style=\"background: #FFF; border: 0; border-radius: 3px; box-shadow: 0 0 1px 0 rgba(0,0,0,0.5),0 1px 10px 0 rgba(0,0,0,0.15); margin: 1px; max-width: 540px; min-width: 326px; padding: 0; width: calc(100% - 2px);\" data-instgrm-permalink=\"https:\/\/www.instagram.com\/p\/CBkIVqogda-\/?utm_source=ig_embed&amp;utm_campaign=loading\" data-instgrm-version=\"13\">\n<div style=\"padding: 16px;\">\n<p>&nbsp;<\/p>\n<div style=\"display: flex; flex-direction: row; align-items: center;\">\n<div style=\"background-color: #f4f4f4; border-radius: 50%; flex-grow: 0; height: 40px; margin-right: 14px; width: 40px;\"><\/div>\n<div style=\"display: flex; flex-direction: column; flex-grow: 1; justify-content: center;\">\n<div style=\"background-color: #f4f4f4; border-radius: 4px; flex-grow: 0; height: 14px; margin-bottom: 6px; width: 100px;\"><\/div>\n<div style=\"background-color: #f4f4f4; border-radius: 4px; flex-grow: 0; height: 14px; width: 60px;\"><\/div>\n<\/div>\n<\/div>\n<div style=\"padding: 19% 0;\"><\/div>\n<div style=\"display: block; height: 50px; margin: 0 auto 12px; width: 50px;\"><\/div>\n<div style=\"padding-top: 8px;\">\n<div style=\"color: #3897f0; font-family: Arial,sans-serif; font-size: 14px; font-style: normal; font-weight: 550; line-height: 18px;\">Voir cette publication sur Instagram<\/div>\n<\/div>\n<div style=\"padding: 12.5% 0;\"><\/div>\n<div style=\"display: flex; flex-direction: row; margin-bottom: 14px; align-items: center;\">\n<div>\n<div style=\"background-color: #f4f4f4; border-radius: 50%; height: 12.5px; width: 12.5px; transform: translateX(0px) translateY(7px);\"><\/div>\n<div style=\"background-color: #f4f4f4; height: 12.5px; transform: rotate(-45deg) translateX(3px) translateY(1px); width: 12.5px; flex-grow: 0; margin-right: 14px; margin-left: 2px;\"><\/div>\n<div style=\"background-color: #f4f4f4; border-radius: 50%; height: 12.5px; width: 12.5px; transform: translateX(9px) translateY(-18px);\"><\/div>\n<\/div>\n<div style=\"margin-left: 8px;\">\n<div style=\"background-color: #f4f4f4; border-radius: 50%; flex-grow: 0; height: 20px; width: 20px;\"><\/div>\n<div style=\"width: 0; height: 0; border-top: 2px solid transparent; border-left: 6px solid #f4f4f4; border-bottom: 2px solid transparent; transform: translateX(16px) translateY(-4px) rotate(30deg);\"><\/div>\n<\/div>\n<div style=\"margin-left: auto;\">\n<div style=\"width: 0px; border-top: 8px solid #F4F4F4; border-right: 8px solid transparent; transform: translateY(16px);\"><\/div>\n<div style=\"background-color: #f4f4f4; flex-grow: 0; height: 12px; width: 16px; transform: translateY(-4px);\"><\/div>\n<div style=\"width: 0; height: 0; border-top: 8px solid #F4F4F4; border-left: 8px solid transparent; transform: translateY(-4px) translateX(8px);\"><\/div>\n<\/div>\n<\/div>\n<div style=\"display: flex; flex-direction: column; flex-grow: 1; justify-content: center; margin-bottom: 24px;\">\n<div style=\"background-color: #f4f4f4; border-radius: 4px; flex-grow: 0; height: 14px; margin-bottom: 6px; width: 224px;\"><\/div>\n<div style=\"background-color: #f4f4f4; border-radius: 4px; flex-grow: 0; height: 14px; width: 144px;\"><\/div>\n<\/div>\n<p>&nbsp;<\/p>\n<p style=\"color: #c9c8cd; font-family: Arial,sans-serif; font-size: 14px; line-height: 17px; margin-bottom: 0; margin-top: 8px; overflow: hidden; padding: 8px 0 7px; text-align: center; text-overflow: ellipsis; white-space: nowrap;\"><a style=\"color: #c9c8cd; font-family: Arial,sans-serif; font-size: 14px; font-style: normal; font-weight: normal; line-height: 17px; text-decoration: none;\" href=\"https:\/\/www.instagram.com\/p\/CBkIVqogda-\/?utm_source=ig_embed&amp;utm_campaign=loading\" target=\"_blank\" rel=\"noopener\">Une publication partag\u00e9e par Aris Setya (@aris.setya)<\/a><\/p>\n<\/div>\n<\/blockquote>\n<p><script async src=\"\/\/www.instagram.com\/embed.js\"><\/script><\/p>\n<h2><span style=\"color: #99cc00;\"><strong><u>D\u00e9couvrir l&rsquo;endroit o\u00f9 les rois et reinnes se marient: <\/u><\/strong><\/span><span style=\"color: #99cc00;\"><strong><u>Cath\u00e9drale St-Michel et Ste-Gudule : La<\/u><\/strong><\/span><\/h2>\n<p>Situ\u00e9e dans un des carrefours les plus bond\u00e9 de Bruxelles, <a href=\"https:\/\/www.insidebrussels.be\/V2\/bruxelles\/le-quartier-du-sablon\/\">\u00e0 deux pas du sablon<\/a>, cette cath\u00e9drale est un exemple parfait de l\u2019architecture gothique qui domine l\u2019Europe du Moyen Age \u00e0 travers sa fa\u00e7ade ext\u00e9rieure et son int\u00e9rieur. Cette cath\u00e9drale a aussi beaucoup de valeur religieuse pour la ville de Bruxelles \u00e9tant donn\u00e9 que St Michel et Ste Gudule sont les saints patrons de la ville.<\/p>\n<p><center><br \/>\n<iframe loading=\"lazy\" style=\"border: none; overflow: hidden;\" src=\"https:\/\/www.facebook.com\/plugins\/post.php?href=https%3A%2F%2Fwww.facebook.com%2Fphoto%2F%3Ffbid%3D1409266669176417%26set%3Da.1409266309176453&amp;width=500&amp;show_text=false&amp;appId=260561780630355&amp;height=497\" width=\"500\" height=\"497\" frameborder=\"0\" scrolling=\"no\" allowfullscreen=\"allowfullscreen\"><\/iframe><\/center>&nbsp;<\/p>\n<h2><span style=\"color: #99cc00;\"><strong><u>Un lieu normalement interdit au public, le <\/u><\/strong><\/span><span style=\"color: #99cc00;\"><strong><u>Serres Royales De Laeken : <\/u><\/strong><\/span><\/h2>\n<p>Ces serres situ\u00e9es aux alentours de Bruxelles habitent une \u00e9norme vari\u00e9t\u00e9 de plantes et de fleurs amass\u00e9es tout au long des si\u00e8cles. Initialement cr\u00e9\u00e9es par le roi L\u00e9opold 2, ces serres sont remplies de plusieurs plantes d\u00e9couvertes par ce dernier pendant ses exp\u00e9ditions. Dans ce complexe de 2.5 hectares, on peut aussi trouver une petite Chapelle appel\u00e9e l\u2019 \u00ab \u00e9glise de fer \u00bb qui vaut la peine d\u2019\u00eatre visit\u00e9e.<a href=\"https:\/\/www.insidebrussels.be\/V2\/bruxelles\/visiter-les-serres-royales-de-laeken-2019\/\"> Les serres Royales de Laeken<\/a> ne sont pas ouvertes en permanance. Si vous \u00eates de passage lors de leurs ouvertures ne manquez pas de les visiter!<\/p>\n<p><center><br \/>\n<iframe loading=\"lazy\" style=\"border: none; overflow: hidden;\" src=\"https:\/\/www.facebook.com\/plugins\/post.php?href=https%3A%2F%2Fwww.facebook.com%2FTourismeWallonieBelgique%2Fphotos%2Fa.185550494791461%2F1177436595602841%2F&amp;width=500&amp;show_text=false&amp;appId=260561780630355&amp;height=320\" width=\"500\" height=\"320\" frameborder=\"0\" scrolling=\"no\" allowfullscreen=\"allowfullscreen\"><\/iframe><\/center><\/p>\n<h2><strong><u>La maison d&rsquo;un grand humaniste: <\/u><\/strong><strong><u>Maison d&rsquo;Erasme : <\/u><\/strong><\/h2>\n<p>Les fans de litt\u00e9rature et de philosophie appr\u00e9cieront \u00e9norm\u00e9ment ce monument. En effet, comme le nom l\u2019indique, cet \u00e9tablissement h\u00e9bergeait le grand humaniste Erasme pendant son s\u00e9jour de 5 mois en 1521 dans la capitale de la Belgique. \u00c0 l\u2019int\u00e9rieur se trouve, un mus\u00e9e en son honneur qui contient une vari\u00e9t\u00e9 d\u2019artefacts de sa visite tels que plusieurs textes et documents originaux \u00e9crits par Erasme lui-m\u00eame pendant son s\u00e9jour.<\/p>\n<p><center><br \/>\n<iframe loading=\"lazy\" style=\"border: none; overflow: hidden;\" src=\"https:\/\/www.facebook.com\/plugins\/post.php?href=https%3A%2F%2Fwww.facebook.com%2Fmaison.erasme%2Fphotos%2Fa.2733301300126494%2F2733306533459304%2F&amp;width=500&amp;show_text=false&amp;appId=260561780630355&amp;height=497\" width=\"500\" height=\"497\" frameborder=\"0\" scrolling=\"no\" allowfullscreen=\"allowfullscreen\"><\/iframe><\/center><\/p>\n<h2><span style=\"color: #99cc00;\"><strong><u>Un des derniers vestiges m\u00e9di\u00e9vales de Bruxelles, la <\/u><\/strong><\/span><span style=\"color: #99cc00;\"><strong><u>Porte de Hal<\/u><\/strong><\/span><\/h2>\n<p>Construite en 1381, cet \u00e9difice est consid\u00e9r\u00e9 comme \u00e9tant une des derni\u00e8res reliques des secondes enceintes m\u00e9di\u00e9vales qui prot\u00e9geaient la ville de Bruxelles pendant le Moyen Age. Elle servit plusieurs fonctions, de grenier \u00e0 prison, apr\u00e8s que sa fonction militaire a \u00e9t\u00e9 abandonn\u00e9e en 1564, avant de devenir un mus\u00e9e en 1847. Aujourd\u2019hui ce mus\u00e9e comporte une vari\u00e9t\u00e9 d\u2019objets militaires et artistiques \u00e0 valeur esth\u00e9tique comme historique.La ville de <a href=\"https:\/\/www.lecho.be\/culture\/expo\/de-l-atomium-a-la-monnaie-les-tresors-caches-de-notre-patrimoine\/9805203.html\" target=\"_blank\" rel=\"noopener\">Bruxelles cache dans ces entrailles une immense vari\u00e9t\u00e9 de monument historiques<\/a> et de muss\u00e9s pour plaire \u00e0 tout le monde, que ce soit pour les fans de botanique ou pour les historiens en herbe.<\/p>\n<p>&nbsp;<\/p>\n<blockquote class=\"instagram-media\" style=\"background: #FFF; border: 0; border-radius: 3px; box-shadow: 0 0 1px 0 rgba(0,0,0,0.5),0 1px 10px 0 rgba(0,0,0,0.15); margin: 1px; max-width: 540px; min-width: 326px; padding: 0; width: calc(100% - 2px);\" data-instgrm-captioned=\"\" data-instgrm-permalink=\"https:\/\/www.instagram.com\/p\/CKlFnC2BUTg\/?utm_source=ig_embed&amp;utm_campaign=loading\" data-instgrm-version=\"13\">\n<div style=\"padding: 16px;\">\n<p>&nbsp;<\/p>\n<div style=\"display: flex; flex-direction: row; align-items: center;\">\n<div style=\"background-color: #f4f4f4; border-radius: 50%; flex-grow: 0; height: 40px; margin-right: 14px; width: 40px;\"><\/div>\n<div style=\"display: flex; flex-direction: column; flex-grow: 1; justify-content: center;\">\n<div style=\"background-color: #f4f4f4; border-radius: 4px; flex-grow: 0; height: 14px; margin-bottom: 6px; width: 100px;\"><\/div>\n<div style=\"background-color: #f4f4f4; border-radius: 4px; flex-grow: 0; height: 14px; width: 60px;\"><\/div>\n<\/div>\n<\/div>\n<div style=\"padding: 19% 0;\"><\/div>\n<div style=\"display: block; height: 50px; margin: 0 auto 12px; width: 50px;\"><\/div>\n<div style=\"padding-top: 8px;\">\n<div style=\"color: #3897f0; font-family: Arial,sans-serif; font-size: 14px; font-style: normal; font-weight: 550; line-height: 18px;\">Voir cette publication sur Instagram<\/div>\n<\/div>\n<div style=\"padding: 12.5% 0;\"><\/div>\n<div style=\"display: flex; flex-direction: row; margin-bottom: 14px; align-items: center;\">\n<div>\n<div style=\"background-color: #f4f4f4; border-radius: 50%; height: 12.5px; width: 12.5px; transform: translateX(0px) translateY(7px);\"><\/div>\n<div style=\"background-color: #f4f4f4; height: 12.5px; transform: rotate(-45deg) translateX(3px) translateY(1px); width: 12.5px; flex-grow: 0; margin-right: 14px; margin-left: 2px;\"><\/div>\n<div style=\"background-color: #f4f4f4; border-radius: 50%; height: 12.5px; width: 12.5px; transform: translateX(9px) translateY(-18px);\"><\/div>\n<\/div>\n<div style=\"margin-left: 8px;\">\n<div style=\"background-color: #f4f4f4; border-radius: 50%; flex-grow: 0; height: 20px; width: 20px;\"><\/div>\n<div style=\"width: 0; height: 0; border-top: 2px solid transparent; border-left: 6px solid #f4f4f4; border-bottom: 2px solid transparent; transform: translateX(16px) translateY(-4px) rotate(30deg);\"><\/div>\n<\/div>\n<div style=\"margin-left: auto;\">\n<div style=\"width: 0px; border-top: 8px solid #F4F4F4; border-right: 8px solid transparent; transform: translateY(16px);\"><\/div>\n<div style=\"background-color: #f4f4f4; flex-grow: 0; height: 12px; width: 16px; transform: translateY(-4px);\"><\/div>\n<div style=\"width: 0; height: 0; border-top: 8px solid #F4F4F4; border-left: 8px solid transparent; transform: translateY(-4px) translateX(8px);\"><\/div>\n<\/div>\n<\/div>\n<div style=\"display: flex; flex-direction: column; flex-grow: 1; justify-content: center; margin-bottom: 24px;\">\n<div style=\"background-color: #f4f4f4; border-radius: 4px; flex-grow: 0; height: 14px; margin-bottom: 6px; width: 224px;\"><\/div>\n<div style=\"background-color: #f4f4f4; border-radius: 4px; flex-grow: 0; height: 14px; width: 144px;\"><\/div>\n<\/div>\n<p>&nbsp;<\/p>\n<p style=\"color: #c9c8cd; font-family: Arial,sans-serif; font-size: 14px; line-height: 17px; margin-bottom: 0; margin-top: 8px; overflow: hidden; padding: 8px 0 7px; text-align: center; text-overflow: ellipsis; white-space: nowrap;\"><a style=\"color: #c9c8cd; font-family: Arial,sans-serif; font-size: 14px; font-style: normal; font-weight: normal; line-height: 17px; text-decoration: none;\" href=\"https:\/\/www.instagram.com\/p\/CKlFnC2BUTg\/?utm_source=ig_embed&amp;utm_campaign=loading\" target=\"_blank\" rel=\"noopener\">Une publication partag\u00e9e par Aris Setya (@aris.setya)<\/a><\/p>\n<\/div>\n<\/blockquote>\n<p><script async src=\"\/\/www.instagram.com\/embed.js\"><\/script><\/p>\n<p><strong>(c) Photo Cover: Aris Setya<\/strong><\/p>\n","protected":false,"gt_translate_keys":[{"key":"rendered","format":"html"}]},"excerpt":{"rendered":"<p>5 monuments historiques cach\u00e9s dans les rues de Bruxelles. &nbsp; Parmi toutes les villes d\u2019Europe,<\/p>\n","protected":false,"gt_translate_keys":[{"key":"rendered","format":"html"}]},"author":1,"featured_media":0,"comment_status":"closed","ping_status":"closed","sticky":false,"template":"","format":"standard","meta":{"_lmt_disableupdate":"","_lmt_disable":"","footnotes":""},"categories":[502],"tags":[],"class_list":["post-11494","post","type-post","status-publish","format-standard","hentry","category-monuments-attractions-touristiques-bruxelles"],"modified_by":"pierre","amp_enabled":true,"gt_translate_keys":[{"key":"link","format":"url"}],"_links":{"self":[{"href":"https:\/\/www.insidebrussels.be\/V2\/wp-json\/wp\/v2\/posts\/11494","targetHints":{"allow":["GET"]}}],"collection":[{"href":"https:\/\/www.insidebrussels.be\/V2\/wp-json\/wp\/v2\/posts"}],"about":[{"href":"https:\/\/www.insidebrussels.be\/V2\/wp-json\/wp\/v2\/types\/post"}],"author":[{"embeddable":true,"href":"https:\/\/www.insidebrussels.be\/V2\/wp-json\/wp\/v2\/users\/1"}],"replies":[{"embeddable":true,"href":"https:\/\/www.insidebrussels.be\/V2\/wp-json\/wp\/v2\/comments?post=11494"}],"version-history":[{"count":8,"href":"https:\/\/www.insidebrussels.be\/V2\/wp-json\/wp\/v2\/posts\/11494\/revisions"}],"predecessor-version":[{"id":12466,"href":"https:\/\/www.insidebrussels.be\/V2\/wp-json\/wp\/v2\/posts\/11494\/revisions\/12466"}],"wp:attachment":[{"href":"https:\/\/www.insidebrussels.be\/V2\/wp-json\/wp\/v2\/media?parent=11494"}],"wp:term":[{"taxonomy":"category","embeddable":true,"href":"https:\/\/www.insidebrussels.be\/V2\/wp-json\/wp\/v2\/categories?post=11494"},{"taxonomy":"post_tag","embeddable":true,"href":"https:\/\/www.insidebrussels.be\/V2\/wp-json\/wp\/v2\/tags?post=11494"}],"curies":[{"name":"wp","href":"https:\/\/api.w.org\/{rel}","templated":true}]}}