{"id":11539,"date":"2021-03-06T22:06:06","date_gmt":"2021-03-06T21:06:06","guid":{"rendered":"http:\/\/www.insidebrussels.be\/V2\/?p=11539"},"modified":"2023-01-07T23:46:08","modified_gmt":"2023-01-07T22:46:08","slug":"la-maison-autrique","status":"publish","type":"post","link":"https:\/\/www.insidebrussels.be\/V2\/bruxelles\/la-maison-autrique\/","title":{"rendered":"La Maison Autrique, une oeuvre sign\u00e9e Horta \u00e0 ne pas manquer \u00e0 Bruxelles","gt_translate_keys":[{"key":"rendered","format":"text"}]},"content":{"rendered":"<h2><strong>La Maison Autrique: Horta, <\/strong>Schuiten et Peeters<\/h2>\n<p><img decoding=\"async\" class=\"wp-image-11552 aligncenter\" src=\"https:\/\/www.insidebrussels.be\/V2\/wp-content\/uploads\/2021\/03\/banquette-min-1-225x300.jpg\" alt=\"\" width=\"204\" height=\"272\" srcset=\"https:\/\/www.insidebrussels.be\/V2\/wp-content\/uploads\/2021\/03\/banquette-min-1-225x300.jpg 225w, https:\/\/www.insidebrussels.be\/V2\/wp-content\/uploads\/2021\/03\/banquette-min-1-768x1024.jpg 768w, https:\/\/www.insidebrussels.be\/V2\/wp-content\/uploads\/2021\/03\/banquette-min-1-450x600.jpg 450w, https:\/\/www.insidebrussels.be\/V2\/wp-content\/uploads\/2021\/03\/banquette-min-1.jpg 800w\" sizes=\"(max-width: 204px) 100vw, 204px\" \/>Dans la s\u00e9rie incontournable sign\u00e9e \u00ab\u00a0<a href=\"https:\/\/www.insidebrussels.be\/V2\/bruxelles\/tag\/horta\/\">Victor Horta<\/a>\u00ab\u00a0, la Maison Autrique est un lieu de passage oblig\u00e9 pour les passionn\u00e9s d&rsquo;architecture.\u00a0 Plongez vous dans l&rsquo;univers de l&rsquo;architecte bien connu. Visitez librement de la cave au grenier, une sc\u00e9nographie particuli\u00e8re sign\u00e9e Schuiten et Peeters. D\u00e9vouvrez comment\u00a0 Victor Horta a dessin\u00e9 une maison pour son ami Eug\u00e8ne Autrique:\u00a0 simplicit\u00e9 et efficacit\u00e9.<\/p>\n<p>En d\u00e9ambulant dans cette belle maison, vous \u00e9prouverez un vrai plaisir. Pas uniquement parce qu\u2019elle nous r\u00e9v\u00e8le les secrets de l\u2019Art Nouveau selon <a href=\"https:\/\/fr.wikipedia.org\/wiki\/Victor_Horta\" target=\"_blank\" rel=\"noopener\">Horta<\/a>, mais \u00e9galement car chaque pi\u00e8ce a \u00e9t\u00e9 agr\u00e9ablement am\u00e9nag\u00e9s pour nous faire ressentir les conditions de vie du d\u00e9but du 20\u00e8me si\u00e8cle \u00e0 Bruxelles. Au travers des diff\u00e9rentes pi\u00e8ces d\u00e9couvrez comment l&rsquo;architecte a voulu participer \u00e0 son \u00e9poque \u00e0 l&rsquo;am\u00e9lioration des conditions de vie. Bref un must des mus\u00e9es\u00a0 d&rsquo;architecture \u00e0 ne pas manquer \u00e0 Bruxelles<\/p>\n<h2><\/h2>\n<h3><span style=\"color: #99cc00;\">Histoire de la Maison Autrique\u00a0 \u00e0 Bruxelles<\/span><\/h3>\n<p>&nbsp;<\/p>\n<figure id=\"attachment_11541\" aria-describedby=\"caption-attachment-11541\" style=\"width: 300px\" class=\"wp-caption aligncenter\"><img decoding=\"async\" class=\"wp-image-11541 size-medium\" title=\"Maison Autrique un mus\u00e9e HORTA \u00e0 Bruxelles\" src=\"https:\/\/www.insidebrussels.be\/V2\/wp-content\/uploads\/2021\/03\/1er-etage-300x300.jpg\" alt=\"Maison Autrique un mus\u00e9e HORTA \u00e0 Bruxelles\" width=\"300\" height=\"300\" srcset=\"https:\/\/www.insidebrussels.be\/V2\/wp-content\/uploads\/2021\/03\/1er-etage-300x300.jpg 300w, https:\/\/www.insidebrussels.be\/V2\/wp-content\/uploads\/2021\/03\/1er-etage-1024x1021.jpg 1024w, https:\/\/www.insidebrussels.be\/V2\/wp-content\/uploads\/2021\/03\/1er-etage-150x150.jpg 150w, https:\/\/www.insidebrussels.be\/V2\/wp-content\/uploads\/2021\/03\/1er-etage-768x766.jpg 768w, https:\/\/www.insidebrussels.be\/V2\/wp-content\/uploads\/2021\/03\/1er-etage-1536x1532.jpg 1536w, https:\/\/www.insidebrussels.be\/V2\/wp-content\/uploads\/2021\/03\/1er-etage-scaled.jpg 1027w\" sizes=\"(max-width: 300px) 100vw, 300px\" \/><figcaption id=\"caption-attachment-11541\" class=\"wp-caption-text\">Maison Autrique un mus\u00e9e HORTA \u00e0 Bruxelles<\/figcaption><\/figure>\n<p>En 1893, Horta a 32 ans : apr\u00e8s ses stages chez Alphonse Balat (serres royales de Laeken), la construction de quelques maisons \u00e0 Gand et de nombreux projets, il re\u00e7oit la commande d\u2019une maison personnelle de son ami Eug\u00e8ne Autrique, ing\u00e9nieur et charg\u00e9 de cours \u00e0 l&rsquo;ULB. Le programme fix\u00e9 par Autrique \u00e9tait simple :<br \/>\n<em>\u00ab aucun luxe, aucune extravagance : souterrain habitable, vestibule et escalier honorables, salon et salle \u00e0 manger agr\u00e9ablement unis, premier \u00e9tage avec bain et toilette (pas encore courants \u00e0 l\u2019\u00e9poque) et deuxi\u00e8me \u00e9tage mansard\u00e9 pour enfants et personnel \u00bb<\/em> (V. Horta, M\u00e9moires, p . 31).<\/p>\n<p>Le terrain choisi se trouvait au 236 de la chauss\u00e9e de Haecht (aujourd\u2019hui n\u00b0266), terrain que Victor Horta acquit en vente publique au nom de Eug\u00e8ne Autrique. Ce sera le premier h\u00f4tel particulier construit par Victor Horta. On y d\u00e9c\u00e8le d\u00e9j\u00e0 des \u00e9l\u00e9ments qui feront l\u2019objet de recherches continues par l\u2019architecte : des rev\u00eatements muraux d\u2019\u00e9paisseurs et mat\u00e9rieux\u00a0divers,\u00a0l&rsquo;\u00e9bauche du puit de lumi\u00e8re, sans parler de l\u2019usage du m\u00e9tal\u00a0industriel laiss\u00e9<br \/>\napparent. Premier \u00e9difice marquant de Victor Horta, la Maison Autrique est un \u00e9l\u00e9ment majeur du patrimoine architectural bruxellois. D\u2019abord parce que cette maison de 1893 repr\u00e9sente une \u00e9tape essentielle dans l\u2019\u00e9volution du plus grand architecte belge. Ensuite parce que ce b\u00e2timent a fait l\u2019objet d\u2019une restauration \u00e0 bien des \u00e9gards exemplaire, aidant \u00e0 mieux comprendre la naissance de l\u2019Art Nouveau.<\/p>\n<h3><span style=\"color: #99cc00;\">La Maison Autrique et sa sc\u00e9nographie Schuiten et Peeters<\/span><\/h3>\n<p>La sc\u00e9nographie con\u00e7ue par Schuiten et Peeters fait de cette demeure une sorte de \u00ab Maison des maisons \u00bb, hommage \u00e0 l\u2019architecture priv\u00e9e bruxelloise en m\u00eame temps que porte de l\u2019imaginaire. Mise en sc\u00e8ne de la cave au grenier, la Maison Autrique souligne l\u2019int\u00e9r\u00eat historique et esth\u00e9tique des maisons bruxelloises, les r\u00e9v\u00e9lant dans leur s\u00e9duction et dans leur myst\u00e8re.<\/p>\n<h3><span style=\"color: #99cc00;\">Comment Visiter la Maison Autrique \u00e0 Bruxelles?<\/span><\/h3>\n<p>La Maison Autrique constitue une visite indispensable pour tout amoureux de l\u2019architecture et pour tout amateur de l\u2019oeuvre de Victor Horta.<\/p>\n<p>La Maison Autrique est ouverte <strong>du mercredi au dimanche<\/strong> ( sauf jours f\u00e9ri\u00e9s)\u00a0 de 12 \u00e0 18 heures (derni\u00e8re<strong> admission \u00e0 17h30<\/strong>).<br \/>\n<a rel=\"nofollow noopener\" href=\"https:\/\/www.autrique.be\/\" target=\"_blank\"><strong>R\u00e9servation obligatoire<\/strong><\/a> via ce lien :<br \/>\nPlus d&rsquo;information sur le site Internet de la Maison Autrique \u00e0 Bruxelles<\/p>\n<blockquote><p>Ceci pourrait \u00e9galement vous int\u00e9resser:<\/p><\/blockquote>\n<ul>\n<li><a href=\"https:\/\/www.insidebrussels.be\/V2\/bruxelles\/hotel-solvay-visite-bruxelles\/\">Le mus\u00e9e Hotel Solvay, une ouvre sign\u00e9e HORTA<\/a><\/li>\n<li><a href=\"https:\/\/www.insidebrussels.be\/V2\/bruxelles\/category\/tourisme-a-bruxelles\/\">Les meilleurs moyens de d\u00e9couvrir Bruxelles<\/a><\/li>\n<li><a href=\"https:\/\/www.insidebrussels.be\/V2\/bruxelles\/les-6-meilleurs-endroits-de-bruxelles-a-visiter-en-couple\/\">Les meilleurs endroits de Bruxelles \u00e0 visiter en couple<\/a><\/li>\n<li>En savoir plus sur la<a href=\"https:\/\/fr.wikipedia.org\/wiki\/Maison_Autrique\" target=\"_blank\" rel=\"noopener\"> maison Autrique<\/a><\/li>\n<\/ul>\n","protected":false,"gt_translate_keys":[{"key":"rendered","format":"html"}]},"excerpt":{"rendered":"<p>La Maison Autrique: Horta, Schuiten et Peeters Dans la s\u00e9rie incontournable sign\u00e9e \u00ab\u00a0Victor Horta\u00ab\u00a0, la<\/p>\n","protected":false,"gt_translate_keys":[{"key":"rendered","format":"html"}]},"author":1,"featured_media":11540,"comment_status":"closed","ping_status":"closed","sticky":false,"template":"","format":"standard","meta":{"_lmt_disableupdate":"","_lmt_disable":"","footnotes":""},"categories":[503],"tags":[47,507],"class_list":["post-11539","post","type-post","status-publish","format-standard","has-post-thumbnail","hentry","category-musee-a-visiter-a-bruxelles-et-galleries","tag-a-faire-le-dimanche","tag-horta"],"modified_by":"pierre","amp_enabled":true,"gt_translate_keys":[{"key":"link","format":"url"}],"_links":{"self":[{"href":"https:\/\/www.insidebrussels.be\/V2\/wp-json\/wp\/v2\/posts\/11539","targetHints":{"allow":["GET"]}}],"collection":[{"href":"https:\/\/www.insidebrussels.be\/V2\/wp-json\/wp\/v2\/posts"}],"about":[{"href":"https:\/\/www.insidebrussels.be\/V2\/wp-json\/wp\/v2\/types\/post"}],"author":[{"embeddable":true,"href":"https:\/\/www.insidebrussels.be\/V2\/wp-json\/wp\/v2\/users\/1"}],"replies":[{"embeddable":true,"href":"https:\/\/www.insidebrussels.be\/V2\/wp-json\/wp\/v2\/comments?post=11539"}],"version-history":[{"count":11,"href":"https:\/\/www.insidebrussels.be\/V2\/wp-json\/wp\/v2\/posts\/11539\/revisions"}],"predecessor-version":[{"id":14069,"href":"https:\/\/www.insidebrussels.be\/V2\/wp-json\/wp\/v2\/posts\/11539\/revisions\/14069"}],"wp:featuredmedia":[{"embeddable":true,"href":"https:\/\/www.insidebrussels.be\/V2\/wp-json\/wp\/v2\/media\/11540"}],"wp:attachment":[{"href":"https:\/\/www.insidebrussels.be\/V2\/wp-json\/wp\/v2\/media?parent=11539"}],"wp:term":[{"taxonomy":"category","embeddable":true,"href":"https:\/\/www.insidebrussels.be\/V2\/wp-json\/wp\/v2\/categories?post=11539"},{"taxonomy":"post_tag","embeddable":true,"href":"https:\/\/www.insidebrussels.be\/V2\/wp-json\/wp\/v2\/tags?post=11539"}],"curies":[{"name":"wp","href":"https:\/\/api.w.org\/{rel}","templated":true}]}}