{"id":11621,"date":"2024-03-02T18:22:45","date_gmt":"2024-03-02T17:22:45","guid":{"rendered":"http:\/\/www.insidebrussels.be\/V2\/?p=11621"},"modified":"2024-03-02T18:32:43","modified_gmt":"2024-03-02T17:32:43","slug":"les-meilleurs-endroits-pour-celebrer-la-saint-patrick-a-bruxelles","status":"publish","type":"post","link":"https:\/\/www.insidebrussels.be\/V2\/bruxelles\/les-meilleurs-endroits-pour-celebrer-la-saint-patrick-a-bruxelles\/","title":{"rendered":"La Saint Patrick \u00e0 Bruxelles : C\u00e9l\u00e9brons la Chance et la Joie ! \ud83c\udf40\u2728","gt_translate_keys":[{"key":"rendered","format":"text"}]},"content":{"rendered":"\n<p>Salut les amis globe-trotters et amateurs de festivit\u00e9s ! Aujourd&rsquo;hui, je vous emm\u00e8ne dans un tourbillon d&rsquo;\u00e9v\u00e9nements incroyables pour c\u00e9l\u00e9brer la Saint Patrick \u00e0 Bruxelles. Pr\u00e9parez-vous pour une journ\u00e9e pleine de couleurs, de musique et de traditions irlandaises <strong>ce 17 Mars<\/strong> ! \ud83c\udfb6<\/p>\n\n\n\n<h2 class=\"wp-block-heading\"><strong>Admirer le Manneken Pis Habill\u00e9 pour la Saint-Patrick<\/strong> \ud83e\udd29<\/h2>\n\n\n\n<p>Imaginez-vous vous promener dans les rues de Bruxelles et tomber nez \u00e0 nez avec le c\u00e9l\u00e8bre Manneken Pis, par\u00e9 de vert et de joyeux accoutrements irlandais ! Oui, c&rsquo;est bien r\u00e9el ! Rendez-vous au 46 rue de l\u2019\u00c9tuve, 1000 Bruxelles le 17 mars de 9h \u00e0 18h pour voir cette adorable statue dans <a href=\"https:\/\/www.dfa.ie\/irish-embassy\/belgium\/news-and-events\/2015\/dressing-of-the-manneken-pis-st-patricks-day\/\" target=\"_blank\" rel=\"noreferrer noopener nofollow\">son costume sp\u00e9cial Saint-Patrick<\/a> offert par l\u2019Ambassade d\u2019Irlande et Tourism Irland. \u00c7a vaut vraiment le d\u00e9tour ! \ud83c\udf89\ud83c\udf40<\/p>\n\n\n\n<blockquote class=\"wp-block-quote is-layout-flow wp-block-quote-is-layout-flow\">\n<p><a href=\"https:\/\/www.insidebrussels.be\/V2\/bruxelles\/manneken-pis-lembleme-de-bruxelles\/\">En savoir plus sur Manneken pis<\/a><\/p>\n<\/blockquote>\n\n\n\n<h2 class=\"wp-block-heading\"><strong>Brussels Saint Patrick\u2019s Europe Day Parade of the Nations &amp; Region<\/strong> \ud83c\udf8a<\/h2>\n\n\n\n<p>Vous aimez les parades ? Alors, ne manquez pas la 16\u00e8me \u00e9dition de la Brussels Saint Patrick\u2019s Europe Day Parade ! D\u00e9butant des Halles Saint G\u00e9ry \u00e0 13h et se terminant \u00e0 la Grand-Place \u00e0 15h30, cette parade vous transportera dans un tourbillon de musique, de couleurs et de festivit\u00e9s irlandaises. Pr\u00e9parez-vous \u00e0 danser et \u00e0 chanter avec des milliers de personnes venues c\u00e9l\u00e9brer cette journ\u00e9e sp\u00e9ciale. \ud83c\udfb6\ud83e\udd41<\/p>\n\n\n\n<h2 class=\"wp-block-heading\"><strong>Faire la Saint-Patrick au Celtic Rock Festival<\/strong> \ud83c\udf7b\ud83c\udfb8<\/h2>\n\n\n\n<figure class=\"wp-block-image size-large\"><a href=\"https:\/\/www.insidebrussels.be\/V2\/wp-content\/uploads\/2024\/03\/celtic.jpg\"><img decoding=\"async\" width=\"1024\" height=\"535\" src=\"https:\/\/www.insidebrussels.be\/V2\/wp-content\/uploads\/2024\/03\/celtic-1024x535.jpg\" alt=\"\" class=\"wp-image-15677\" srcset=\"https:\/\/www.insidebrussels.be\/V2\/wp-content\/uploads\/2024\/03\/celtic-1024x535.jpg 1024w, https:\/\/www.insidebrussels.be\/V2\/wp-content\/uploads\/2024\/03\/celtic-300x157.jpg 300w, https:\/\/www.insidebrussels.be\/V2\/wp-content\/uploads\/2024\/03\/celtic-768x401.jpg 768w, https:\/\/www.insidebrussels.be\/V2\/wp-content\/uploads\/2024\/03\/celtic.jpg 1040w\" sizes=\"(max-width: 1024px) 100vw, 1024px\" \/><\/a><\/figure>\n\n\n\n<p>Envie de vivre une exp\u00e9rience musicale inoubliable ? Rendez-vous au Celtic Rock Festival \u00e0 la Ferme de Mont-Saint-Jean \u00e0 Waterloo les 16 et 17 mars. Avec quatre groupes de Celtic Rock, des bi\u00e8res Guinness \u00e0 foison et une ambiance \u00e9lectrique, vous \u00eates assur\u00e9 de passer un moment m\u00e9morable entre amis. L&rsquo;adresse : Ferme de Mont Saint Jean, Chau. de Charleroi 591, 1410 Waterloo. <a href=\"https:\/\/www.billetweb.fr\/guinness-celtic-rock-festival2\" target=\"_blank\" rel=\"noreferrer noopener nofollow\">Let&rsquo;s rock it out <\/a>! \ud83e\udd18\ud83c\udfb5<\/p>\n\n\n\n<h2 class=\"wp-block-heading\"><strong>Pub Crawl dans les meilleurs Irish Pubs de la Ville<\/strong> \ud83c\udf7b\ud83c\udf54<\/h2>\n\n\n\n<figure class=\"wp-block-image size-large\"><a href=\"https:\/\/www.insidebrussels.be\/V2\/wp-content\/uploads\/2024\/03\/08A660D1-C7F6-43DD-9A83-98BA4E7A74D9.jpeg\"><img decoding=\"async\" width=\"1024\" height=\"768\" src=\"https:\/\/www.insidebrussels.be\/V2\/wp-content\/uploads\/2024\/03\/08A660D1-C7F6-43DD-9A83-98BA4E7A74D9-1024x768.jpeg\" alt=\"Bi\u00e8res &amp; Cidres Irlandais \u00e0 d\u00e9guster lors de la Saint-Patrick  (c) Pierre Halleux\" class=\"wp-image-15678\" srcset=\"https:\/\/www.insidebrussels.be\/V2\/wp-content\/uploads\/2024\/03\/08A660D1-C7F6-43DD-9A83-98BA4E7A74D9-1024x768.jpeg 1024w, https:\/\/www.insidebrussels.be\/V2\/wp-content\/uploads\/2024\/03\/08A660D1-C7F6-43DD-9A83-98BA4E7A74D9-300x225.jpeg 300w, https:\/\/www.insidebrussels.be\/V2\/wp-content\/uploads\/2024\/03\/08A660D1-C7F6-43DD-9A83-98BA4E7A74D9-768x576.jpeg 768w, https:\/\/www.insidebrussels.be\/V2\/wp-content\/uploads\/2024\/03\/08A660D1-C7F6-43DD-9A83-98BA4E7A74D9-1536x1152.jpeg 1536w, https:\/\/www.insidebrussels.be\/V2\/wp-content\/uploads\/2024\/03\/08A660D1-C7F6-43DD-9A83-98BA4E7A74D9-720x540.jpeg 720w, https:\/\/www.insidebrussels.be\/V2\/wp-content\/uploads\/2024\/03\/08A660D1-C7F6-43DD-9A83-98BA4E7A74D9.jpeg 1920w\" sizes=\"(max-width: 1024px) 100vw, 1024px\" \/><\/a><figcaption class=\"wp-element-caption\">Bi\u00e8res &#038; Cidres Irlandais \u00e0 d\u00e9guster lors de la Saint-Patrick  (c) Pierre Halleux<\/figcaption><\/figure>\n\n\n\n<p>Et enfin, comment c\u00e9l\u00e9brer la Saint Patrick sans une tourn\u00e9e des meilleurs Irish Pubs de Bruxelles ? Rejoignez-nous pour un pub crawl \u00e9pique \u00e0 travers la ville, en commen\u00e7ant par O&rsquo;Reilly&rsquo;s Irish Pub Brussels, Celtica, James Joyce et bien d&rsquo;autres ! Pr\u00e9parez-vous \u00e0 d\u00e9guster de d\u00e9licieux plats irlandais, \u00e0 savourer des bi\u00e8res Guinness bien fra\u00eeches et \u00e0 profiter d&rsquo;une ambiance festive garantie. Let the craic begin ! \ud83c\udf7a<\/p>\n\n\n\n<p>Voici <a href=\"https:\/\/www.insidebrussels.be\/V2\/bruxelles\/les-irish-pub-a-bruxelles\/\">les meilleurs Irish pub \u00e0 Bruxelles<\/a> : <\/p>\n\n\n\n<ul class=\"wp-block-list\">\n<li><strong>O&rsquo;Reilly&rsquo;s Irish Pub Brussels<\/strong> : Pl. de la Bourse 1, 1000 Bruxelles<\/li>\n\n\n\n<li><strong>Celtica<\/strong> : Rue du March\u00e9 aux Poulets 55, 1000 Bruxelles<\/li>\n\n\n\n<li><strong>James Joyce<\/strong> : Rue Archim\u00e8de 34, 1000 Bruxelles<\/li>\n\n\n\n<li><strong>The Old Oak<\/strong> : Rue Franklin 26, 1 000 Bruxelles<\/li>\n\n\n\n<li><strong>De Valera\u2019s<\/strong> : Place Eug\u00e8ne Flagey 17, 1050 Ixelles<\/li>\n\n\n\n<li><strong>Michael Collins<\/strong> : Rue du Balli, 1, 1000 Bruxelles<\/li>\n<\/ul>\n\n\n\n<p>Alors, qu&rsquo;attendez-vous ? Venez c\u00e9l\u00e9brer la Saint Patrick \u00e0 Bruxelles et vivez une journ\u00e9e pleine de surprises, de rencontres et de souvenirs inoubliables ! \ud83c\udf89\ud83c\udf40<\/p>\n","protected":false,"gt_translate_keys":[{"key":"rendered","format":"html"}]},"excerpt":{"rendered":"<p>Salut les amis globe-trotters et amateurs de festivit\u00e9s ! Aujourd&rsquo;hui, je vous emm\u00e8ne dans un<\/p>\n","protected":false,"gt_translate_keys":[{"key":"rendered","format":"html"}]},"author":1,"featured_media":15673,"comment_status":"closed","ping_status":"closed","sticky":false,"template":"","format":"standard","meta":{"_lmt_disableupdate":"yes","_lmt_disable":"","footnotes":""},"categories":[44],"tags":[],"class_list":["post-11621","post","type-post","status-publish","format-standard","has-post-thumbnail","hentry","category-boire"],"modified_by":"pierre","amp_enabled":true,"gt_translate_keys":[{"key":"link","format":"url"}],"_links":{"self":[{"href":"https:\/\/www.insidebrussels.be\/V2\/wp-json\/wp\/v2\/posts\/11621","targetHints":{"allow":["GET"]}}],"collection":[{"href":"https:\/\/www.insidebrussels.be\/V2\/wp-json\/wp\/v2\/posts"}],"about":[{"href":"https:\/\/www.insidebrussels.be\/V2\/wp-json\/wp\/v2\/types\/post"}],"author":[{"embeddable":true,"href":"https:\/\/www.insidebrussels.be\/V2\/wp-json\/wp\/v2\/users\/1"}],"replies":[{"embeddable":true,"href":"https:\/\/www.insidebrussels.be\/V2\/wp-json\/wp\/v2\/comments?post=11621"}],"version-history":[{"count":5,"href":"https:\/\/www.insidebrussels.be\/V2\/wp-json\/wp\/v2\/posts\/11621\/revisions"}],"predecessor-version":[{"id":15676,"href":"https:\/\/www.insidebrussels.be\/V2\/wp-json\/wp\/v2\/posts\/11621\/revisions\/15676"}],"wp:featuredmedia":[{"embeddable":true,"href":"https:\/\/www.insidebrussels.be\/V2\/wp-json\/wp\/v2\/media\/15673"}],"wp:attachment":[{"href":"https:\/\/www.insidebrussels.be\/V2\/wp-json\/wp\/v2\/media?parent=11621"}],"wp:term":[{"taxonomy":"category","embeddable":true,"href":"https:\/\/www.insidebrussels.be\/V2\/wp-json\/wp\/v2\/categories?post=11621"},{"taxonomy":"post_tag","embeddable":true,"href":"https:\/\/www.insidebrussels.be\/V2\/wp-json\/wp\/v2\/tags?post=11621"}],"curies":[{"name":"wp","href":"https:\/\/api.w.org\/{rel}","templated":true}]}}