{"id":12044,"date":"2021-06-12T22:03:01","date_gmt":"2021-06-12T20:03:01","guid":{"rendered":"https:\/\/www.insidebrussels.be\/V2\/?p=12044"},"modified":"2022-12-05T23:46:24","modified_gmt":"2022-12-05T22:46:24","slug":"quelles-sont-les-meilleures-attractions-touristiques-de-bruxelles","status":"publish","type":"post","link":"https:\/\/www.insidebrussels.be\/V2\/bruxelles\/quelles-sont-les-meilleures-attractions-touristiques-de-bruxelles\/","title":{"rendered":"Quelles sont les meilleures attractions touristiques \u00e0 Bruxelles","gt_translate_keys":[{"key":"rendered","format":"text"}]},"content":{"rendered":"<h2><b>Les 10 meilleurs monuments et attractions touristiques \u00e0 Bruxelles ?<\/b><\/h2>\n<h3><b>Top 10 des meilleurs monuments et choses \u00e0 voir \u00e0 Bruxelles<\/b><\/h3>\n<p><span style=\"font-weight: 400;\">Apr\u00e8s le travail, il est important de sortir pendant le weekend ou pendant vos vacances,\u00a0 pour se vider l\u2019esprit. Eh bien vous avez toujours r\u00eav\u00e9 d\u2019une petite sortie en amoureux, d\u2019un bon weekend en famille ou entre amis. Plus de souci \u00e0 se faire, car Bruxelles est une ville extraordinaire.\u00a0<\/span><\/p>\n<p><span style=\"font-weight: 400;\">Ainsi, vous avez envie de vous d\u00e9tendre, de prendre un peu de plaisir mais ne savez pas quoi faire. Bruxelles regorge d\u2019une diversit\u00e9 de monuments et attractions touristiques tr\u00e8s int\u00e9ressante que vous pourrez visiter. Alors voici une id\u00e9e tendance et chouette pour passer un bon moment accompagn\u00e9.<\/span><\/p>\n<blockquote><p>Avant d&rsquo;aller plus loin, ceci vous int\u00e9ressera surement :<\/p><\/blockquote>\n<ul>\n<li><a href=\"https:\/\/www.insidebrussels.be\/V2\/bruxelles\/visiter-bruxelles-en-un-jours-cest-possible\/\">Visiter Bruxelles en un jour? Voici le meilleur itin\u00e9raire<\/a><\/li>\n<li><a href=\"https:\/\/www.insidebrussels.be\/V2\/bruxelles\/les-6-meilleurs-endroits-de-bruxelles-a-visiter-en-couple\/\">Visiter Bruxelles en couple&#8230; Que faire ?<\/a><\/li>\n<li><a href=\"https:\/\/www.insidebrussels.be\/V2\/bruxelles\/tag\/activites-avec-enfants\/\">Visiter Bruxelles avec les enfants<\/a><\/li>\n<\/ul>\n<h3><b>Monuments et attractions touristiques \u00e0 Bruxelles : 10 meilleurs choix<\/b><\/h3>\n<p><span style=\"font-weight: 400;\">Bienvenue \u00e0 Bruxelles. Alors vous\u00a0 recherchez quoi faire \u00e0 Bruxelles ? Quels coins ou endroits visit\u00e9 \u00e0 Bruxelles ? Pour vous aider, nous mettons \u00e0 votre disposition notre top 10 des meilleurs monuments et attractions \u00e0 Bruxelles. Alors pourquoi ne pas en profiter? Ainsi donc, parcourons ensemble cette merveilleuse aventure.<\/span><\/p>\n<h4><span style=\"text-decoration: underline; color: #000000;\"><strong>1. Atomium : un\u00a0 monument au symbole incontournable \u00e0 Bruxelles<\/strong><\/span><\/h4>\n<p><span style=\"font-weight: 400;\">De la m\u00eame mani\u00e8re que la Tour Eiffel est repr\u00e9sent\u00e9e \u00e0 Paris, il en est de m\u00eame pour <a href=\"https:\/\/www.insidebrussels.be\/V2\/bruxelles\/latomium\/\">l\u2019Atomium \u00e0 Bruxelles<\/a>. L\u2019Atomium est une attraction ou plus pr\u00e9cis\u00e9ment un monument touristique international de Bruxelles. \u00c9tant un merveilleux lieu de rencontre, ce monument a marqu\u00e9 son temps et est devenu le logo de la capitale belge.<\/span><\/p>\n<p><span style=\"font-weight: 400;\">Au sommet de l\u2019Atomium, on a une vue imprenable sur une partie de la ville. L&rsquo;ext\u00e9rieur est\u00a0 consacr\u00e9 aux diff\u00e9rents halls d&rsquo;exposition et \u00e0 un parc familial. N\u00e9anmoins, il est possible de contempler le contenu depuis le haut.\u00a0<\/span><\/p>\n<p><span style=\"font-weight: 400;\">Aussi, les auteurs de ce parc ont eu l&rsquo;id\u00e9e de construire une \u00ab\u00a0mini Europe\u00a0\u00bb, en mettant en valeur les monuments repr\u00e9sentatifs de la majorit\u00e9 des villes europ\u00e9ennes.<\/span><\/p>\n<p>Adresse : Place de l&rsquo;Atomium 1, 1020 Bruxelles, Belgique<\/p>\n<figure id=\"attachment_12691\" aria-describedby=\"caption-attachment-12691\" style=\"width: 623px\" class=\"wp-caption aligncenter\"><img decoding=\"async\" class=\"wp-image-12691 size-full\" title=\"Attonium (c)By Marek \u015aliwecki - Own work, CC BY-SA 4.0, Wikipedia\" src=\"https:\/\/www.insidebrussels.be\/V2\/wp-content\/uploads\/2015\/04\/623px-Brussels_-_Atomium_2022.jpg\" alt=\"Attonium (c)By Marek \u015aliwecki - Own work, CC BY-SA 4.0, Wikipedia\" width=\"623\" height=\"719\" srcset=\"https:\/\/www.insidebrussels.be\/V2\/wp-content\/uploads\/2015\/04\/623px-Brussels_-_Atomium_2022.jpg 623w, https:\/\/www.insidebrussels.be\/V2\/wp-content\/uploads\/2015\/04\/623px-Brussels_-_Atomium_2022-260x300.jpg 260w\" sizes=\"(max-width: 623px) 100vw, 623px\" \/><figcaption id=\"caption-attachment-12691\" class=\"wp-caption-text\">Attonium (c)By Marek \u015aliwecki &#8211; Own work, CC BY-SA 4.0, Wikipedia<\/figcaption><\/figure>\n<h4><span style=\"text-decoration: underline; color: #000000;\"><strong>2. Le palais de Justice : un des meilleurs monuments les plus connus de Bruxelles<\/strong><\/span><\/h4>\n<p><span style=\"font-weight: 400;\">Le<a href=\"https:\/\/fr.wikipedia.org\/wiki\/Palais_de_justice_de_Bruxelles\" target=\"_blank\" rel=\"noopener\"> palais de justice de Bruxelles<\/a> est consid\u00e9r\u00e9 comme l\u2019un des plus grands et imposants \u00e9difices que tout peut contempler. Il regorge de merveilles architecturales \u00e0 ne surtout pas manquer. Il peut convenir comme un lieu de rencontre et de loisirs.<\/span><\/p>\n<p>Adresse : Place Poelaert 1, 1000 Bruxelles, Belgique<\/p>\n<figure id=\"attachment_8646\" aria-describedby=\"caption-attachment-8646\" style=\"width: 300px\" class=\"wp-caption aligncenter\"><img decoding=\"async\" class=\"size-medium wp-image-8646\" src=\"https:\/\/www.insidebrussels.be\/V2\/wp-content\/uploads\/2016\/08\/IMG_2986-300x225.jpg\" alt=\"Quartier du Palais de Justice \u00e0 Bruxelles (c Photo Pierre HALLEUX\" width=\"300\" height=\"225\" \/><figcaption id=\"caption-attachment-8646\" class=\"wp-caption-text\">Quartier du Palais de Justice \u00e0 Bruxelles (c) Photo Pierre HALLEUX<\/figcaption><\/figure>\n<p>&nbsp;<\/p>\n<h4><span style=\"text-decoration: underline; color: #000000;\"><b>3. Les Parcs de Bruxelles : un lieu \u00e0 d\u00e9couvrir \u00e0 tout prix<\/b><\/span><\/h4>\n<p><span style=\"font-weight: 400;\">Le parc de Bruxelles est un excellent lieu de d\u00e9tente admir\u00e9 par les Bruxellois. C\u2019est un\u00a0 parfait lieu de promenade regorgeant de beaux monuments. A ce lieu, il est possible de faire la d\u00e9couverte d\u2019autres monuments.\u00a0<\/span><\/p>\n<p><span style=\"font-weight: 400;\">On peut citer entre autres le <a href=\"https:\/\/fr.wikipedia.org\/wiki\/Palais_royal_de_Bruxelles\" target=\"_blank\" rel=\"noopener\">Palais Royal,<\/a> le Jardin botanique, le parc de Laeken\u2026 Cependant ses lieux de Bruxelles peuvent vous procurer des sorties impecables.<\/span><\/p>\n<p>Adresse : 1000 Bruxelles, Belgique<\/p>\n<p>&nbsp;<\/p>\n<blockquote class=\"instagram-media\" style=\"background: #FFF; border: 0; border-radius: 3px; box-shadow: 0 0 1px 0 rgba(0,0,0,0.5),0 1px 10px 0 rgba(0,0,0,0.15); margin: 1px; max-width: 540px; min-width: 326px; padding: 0; width: calc(100% - 2px);\" data-instgrm-permalink=\"https:\/\/www.instagram.com\/p\/CKYbbiTg-e-\/?utm_source=ig_embed&amp;utm_campaign=loading\" data-instgrm-version=\"13\">\n<div style=\"padding: 16px;\">\n<p>&nbsp;<\/p>\n<div style=\"display: flex; flex-direction: row; align-items: center;\">\n<div style=\"background-color: #f4f4f4; border-radius: 50%; flex-grow: 0; height: 40px; margin-right: 14px; width: 40px;\"><\/div>\n<div style=\"display: flex; flex-direction: column; flex-grow: 1; justify-content: center;\">\n<div style=\"background-color: #f4f4f4; border-radius: 4px; flex-grow: 0; height: 14px; margin-bottom: 6px; width: 100px;\"><\/div>\n<div style=\"background-color: #f4f4f4; border-radius: 4px; flex-grow: 0; height: 14px; width: 60px;\"><\/div>\n<\/div>\n<\/div>\n<div style=\"padding: 19% 0;\"><\/div>\n<div style=\"display: block; height: 50px; margin: 0 auto 12px; width: 50px;\"><\/div>\n<div style=\"padding-top: 8px;\">\n<div style=\"color: #3897f0; font-family: Arial,sans-serif; font-size: 14px; font-style: normal; font-weight: 550; line-height: 18px;\">Voir cette publication sur Instagram<\/div>\n<\/div>\n<div style=\"padding: 12.5% 0;\"><\/div>\n<div style=\"display: flex; flex-direction: row; margin-bottom: 14px; align-items: center;\">\n<div>\n<div style=\"background-color: #f4f4f4; border-radius: 50%; height: 12.5px; width: 12.5px; transform: translateX(0px) translateY(7px);\"><\/div>\n<div style=\"background-color: #f4f4f4; height: 12.5px; transform: rotate(-45deg) translateX(3px) translateY(1px); width: 12.5px; flex-grow: 0; margin-right: 14px; margin-left: 2px;\"><\/div>\n<div style=\"background-color: #f4f4f4; border-radius: 50%; height: 12.5px; width: 12.5px; transform: translateX(9px) translateY(-18px);\"><\/div>\n<\/div>\n<div style=\"margin-left: 8px;\">\n<div style=\"background-color: #f4f4f4; border-radius: 50%; flex-grow: 0; height: 20px; width: 20px;\"><\/div>\n<div style=\"width: 0; height: 0; border-top: 2px solid transparent; border-left: 6px solid #f4f4f4; border-bottom: 2px solid transparent; transform: translateX(16px) translateY(-4px) rotate(30deg);\"><\/div>\n<\/div>\n<div style=\"margin-left: auto;\">\n<div style=\"width: 0px; border-top: 8px solid #F4F4F4; border-right: 8px solid transparent; transform: translateY(16px);\"><\/div>\n<div style=\"background-color: #f4f4f4; flex-grow: 0; height: 12px; width: 16px; transform: translateY(-4px);\"><\/div>\n<div style=\"width: 0; height: 0; border-top: 8px solid #F4F4F4; border-left: 8px solid transparent; transform: translateY(-4px) translateX(8px);\"><\/div>\n<\/div>\n<\/div>\n<div style=\"display: flex; flex-direction: column; flex-grow: 1; justify-content: center; margin-bottom: 24px;\">\n<div style=\"background-color: #f4f4f4; border-radius: 4px; flex-grow: 0; height: 14px; margin-bottom: 6px; width: 224px;\"><\/div>\n<div style=\"background-color: #f4f4f4; border-radius: 4px; flex-grow: 0; height: 14px; width: 144px;\"><\/div>\n<\/div>\n<p>&nbsp;<\/p>\n<p style=\"color: #c9c8cd; font-family: Arial,sans-serif; font-size: 14px; line-height: 17px; margin-bottom: 0; margin-top: 8px; overflow: hidden; padding: 8px 0 7px; text-align: center; text-overflow: ellipsis; white-space: nowrap;\"><a style=\"color: #c9c8cd; font-family: Arial,sans-serif; font-size: 14px; font-style: normal; font-weight: normal; line-height: 17px; text-decoration: none;\" href=\"https:\/\/www.instagram.com\/p\/CKYbbiTg-e-\/?utm_source=ig_embed&amp;utm_campaign=loading\" target=\"_blank\" rel=\"noopener\">Une publication partag\u00e9e par visit brussels (@visitbrussels)<\/a><\/p>\n<\/div>\n<\/blockquote>\n<p><script async src=\"\/\/www.instagram.com\/embed.js\"><\/script><\/p>\n<h4><span style=\"text-decoration: underline; color: #000000;\"><strong>4. BD Auto world : un mus\u00e9e d\u2019une sublime originalit\u00e9 \u00e0 Bruxelles<\/strong><\/span><\/h4>\n<p><span style=\"font-weight: 400;\">Comme dans toute ville, il y\u00a0 a toujours un mus\u00e9e qui essaie d\u2019apporter plus d\u2019originalit\u00e9 et se d\u00e9marquer des autres. Ainsi nous vous proposons le mus\u00e9e BD Auto world de Bruxelles. A l\u2019int\u00e9rieur de ce monument touristique, on peut faire la d\u00e9couverte des :<\/span><\/p>\n<ul>\n<li style=\"font-weight: 400;\" aria-level=\"1\"><span style=\"font-weight: 400;\">instruments de musique,<\/span><\/li>\n<li style=\"font-weight: 400;\" aria-level=\"1\"><span style=\"font-weight: 400;\">institutions r\u00e9serv\u00e9es \u00e0 la<a href=\"https:\/\/www.insidebrussels.be\/V2\/bruxelles\/tag\/livres-et-bd\/\"> bande dessin\u00e9e<\/a>,<\/span><\/li>\n<li style=\"font-weight: 400;\" aria-level=\"1\"><span style=\"font-weight: 400;\">\u00e9tablissements consacr\u00e9s \u00e0 la musique et \u00e0 l&rsquo;histoire du pays.<\/span><\/li>\n<\/ul>\n<p><span style=\"font-weight: 400;\">Il existe \u00e9galement un mus\u00e9e des beaux-arts plus classique mais int\u00e9ressant. Nous vous sugg\u00e9rons de prendre le temps d&rsquo;explorer les collections de ces mus\u00e9es exceptionnels.<\/span><\/p>\n<p>Adresse : 1000 Bruxelles, Belgique<\/p>\n<blockquote class=\"instagram-media\" style=\"background: #FFF; border: 0; border-radius: 3px; box-shadow: 0 0 1px 0 rgba(0,0,0,0.5),0 1px 10px 0 rgba(0,0,0,0.15); margin: 1px; max-width: 540px; min-width: 326px; padding: 0; width: calc(100% - 2px);\" data-instgrm-permalink=\"https:\/\/www.instagram.com\/p\/CPJMirIlFbG\/?utm_source=ig_embed&amp;utm_campaign=loading\" data-instgrm-version=\"13\">\n<div style=\"padding: 16px;\">\n<p>&nbsp;<\/p>\n<div style=\"display: flex; flex-direction: row; align-items: center;\">\n<div style=\"background-color: #f4f4f4; border-radius: 50%; flex-grow: 0; height: 40px; margin-right: 14px; width: 40px;\"><\/div>\n<div style=\"display: flex; flex-direction: column; flex-grow: 1; justify-content: center;\">\n<div style=\"background-color: #f4f4f4; border-radius: 4px; flex-grow: 0; height: 14px; margin-bottom: 6px; width: 100px;\"><\/div>\n<div style=\"background-color: #f4f4f4; border-radius: 4px; flex-grow: 0; height: 14px; width: 60px;\"><\/div>\n<\/div>\n<\/div>\n<div style=\"padding: 19% 0;\"><\/div>\n<div style=\"display: block; height: 50px; margin: 0 auto 12px; width: 50px;\"><\/div>\n<div style=\"padding-top: 8px;\">\n<div style=\"color: #3897f0; font-family: Arial,sans-serif; font-size: 14px; font-style: normal; font-weight: 550; line-height: 18px;\">Voir cette publication sur Instagram<\/div>\n<\/div>\n<div style=\"padding: 12.5% 0;\"><\/div>\n<div style=\"display: flex; flex-direction: row; margin-bottom: 14px; align-items: center;\">\n<div>\n<div style=\"background-color: #f4f4f4; border-radius: 50%; height: 12.5px; width: 12.5px; transform: translateX(0px) translateY(7px);\"><\/div>\n<div style=\"background-color: #f4f4f4; height: 12.5px; transform: rotate(-45deg) translateX(3px) translateY(1px); width: 12.5px; flex-grow: 0; margin-right: 14px; margin-left: 2px;\"><\/div>\n<div style=\"background-color: #f4f4f4; border-radius: 50%; height: 12.5px; width: 12.5px; transform: translateX(9px) translateY(-18px);\"><\/div>\n<\/div>\n<div style=\"margin-left: 8px;\">\n<div style=\"background-color: #f4f4f4; border-radius: 50%; flex-grow: 0; height: 20px; width: 20px;\"><\/div>\n<div style=\"width: 0; height: 0; border-top: 2px solid transparent; border-left: 6px solid #f4f4f4; border-bottom: 2px solid transparent; transform: translateX(16px) translateY(-4px) rotate(30deg);\"><\/div>\n<\/div>\n<div style=\"margin-left: auto;\">\n<div style=\"width: 0px; border-top: 8px solid #F4F4F4; border-right: 8px solid transparent; transform: translateY(16px);\"><\/div>\n<div style=\"background-color: #f4f4f4; flex-grow: 0; height: 12px; width: 16px; transform: translateY(-4px);\"><\/div>\n<div style=\"width: 0; height: 0; border-top: 8px solid #F4F4F4; border-left: 8px solid transparent; transform: translateY(-4px) translateX(8px);\"><\/div>\n<\/div>\n<\/div>\n<div style=\"display: flex; flex-direction: column; flex-grow: 1; justify-content: center; margin-bottom: 24px;\">\n<div style=\"background-color: #f4f4f4; border-radius: 4px; flex-grow: 0; height: 14px; margin-bottom: 6px; width: 224px;\"><\/div>\n<div style=\"background-color: #f4f4f4; border-radius: 4px; flex-grow: 0; height: 14px; width: 144px;\"><\/div>\n<\/div>\n<p>&nbsp;<\/p>\n<p style=\"color: #c9c8cd; font-family: Arial,sans-serif; font-size: 14px; line-height: 17px; margin-bottom: 0; margin-top: 8px; overflow: hidden; padding: 8px 0 7px; text-align: center; text-overflow: ellipsis; white-space: nowrap;\"><a style=\"color: #c9c8cd; font-family: Arial,sans-serif; font-size: 14px; font-style: normal; font-weight: normal; line-height: 17px; text-decoration: none;\" href=\"https:\/\/www.instagram.com\/p\/CPJMirIlFbG\/?utm_source=ig_embed&amp;utm_campaign=loading\" target=\"_blank\" rel=\"noopener\">Une publication partag\u00e9e par Van Ginderachter Dirk (@vanginderachterd)<\/a><\/p>\n<\/div>\n<\/blockquote>\n<p><script async src=\"\/\/www.instagram.com\/embed.js\"><\/script><\/p>\n<h4><span style=\"text-decoration: underline; color: #000000;\"><strong>5. Le Parlamentarium : un lieu de d\u00e9couverte politique<\/strong><\/span><\/h4>\n<p><span style=\"font-weight: 400;\">Que vous soyez dans la ville de Bruxelles ou pas, Le <a href=\"https:\/\/www.europarl.europa.eu\/visiting\/fr\/visitor-offer\/brussels\/parlamentarium\" target=\"_blank\" rel=\"noopener\">Parlamentarium<\/a> est un excellent lieu touristique \u00e0 visiter \u00e0 tout prix. De m\u00eame que la ville de Bruxelles est d\u00e9sign\u00e9e comme la capitale de l\u2019Union Europ\u00e9enne, de m\u00eame le Parlamentarium est consid\u00e9r\u00e9 comme un lieu de d\u00e9couverte. En ce lieu, on y trouve :<\/span><\/p>\n<ul>\n<li style=\"font-weight: 400;\" aria-level=\"1\"><span style=\"font-weight: 400;\">le travail des d\u00e9put\u00e9s et la mani\u00e8re dont sont vot\u00e9es les lois europ\u00e9ennes,<\/span><\/li>\n<li style=\"font-weight: 400;\" aria-level=\"1\"><span style=\"font-weight: 400;\">l\u2019immense h\u00e9micycle o\u00f9 se r\u00e9unissent l\u2019ensemble des d\u00e9put\u00e9s europ\u00e9ens.<\/span><\/li>\n<\/ul>\n<p><span style=\"font-weight: 400;\">\u00a0Cette visite int\u00e9ressante au Parlamentarium,vous fera d\u00e9couvrir les coulisses de la politique.<\/span><\/p>\n<p>Adresse : Place du Luxembourg 100, 1050 Bruxelles, Belgique<\/p>\n<h4><span style=\"text-decoration: underline; color: #000000;\"><b>5. Manneken-Pis : un lieu touristique au centre de Bruxelles<\/b><\/span><\/h4>\n<p><span style=\"font-weight: 400;\">Le <a href=\"https:\/\/www.insidebrussels.be\/V2\/bruxelles\/manneken-pis-lembleme-de-bruxelles\/\">Manneken-Pis<\/a> fait partie des meilleurs monuments et attractions touristiques de Bruxelles. Cependant bien qu\u2019il soit repr\u00e9sent\u00e9 par un petit bonhomme en train d\u2019uriner, il est l\u2019un des monuments les plus connus \u00e0 Bruxelles. Toutefois, vous ne pouvez pas visiter des monuments touristiques sans d\u00e9couvrir Le Manneken-pis.\u00a0<\/span><\/p>\n<p><span style=\"font-weight: 400;\">Aussi il est important de savoir que cette statuette est souvent d\u00e9guis\u00e9e en diff\u00e9rents costumes.\u00a0 Cela d\u00e9pend aussi de la date de votre passage. Vous pourrez le voir en Mozart, en pilote, en P\u00e8re No\u00ebl ou dans tout autre costume propos\u00e9 par les belges.<\/span><\/p>\n<p>Adresse : 1000 Bruxelles, Belgique<\/p>\n<figure id=\"attachment_13281\" aria-describedby=\"caption-attachment-13281\" style=\"width: 640px\" class=\"wp-caption aligncenter\"><img decoding=\"async\" class=\"wp-image-13281 size-large\" title=\"Manneken Pis en D\u00e9cembre \u00e0 Bruxelles (c) Photo Pierre Halleux\" src=\"https:\/\/www.insidebrussels.be\/V2\/wp-content\/uploads\/2015\/04\/F06A3F36-C806-46FF-9108-4D75BE94F6B9-1024x768.jpeg\" alt=\"Manneken Pis en D\u00e9cembre \u00e0 Bruxelles (c) Photo Pierre Halleux\" width=\"640\" height=\"480\" srcset=\"https:\/\/www.insidebrussels.be\/V2\/wp-content\/uploads\/2015\/04\/F06A3F36-C806-46FF-9108-4D75BE94F6B9-1024x768.jpeg 1024w, https:\/\/www.insidebrussels.be\/V2\/wp-content\/uploads\/2015\/04\/F06A3F36-C806-46FF-9108-4D75BE94F6B9-300x225.jpeg 300w, https:\/\/www.insidebrussels.be\/V2\/wp-content\/uploads\/2015\/04\/F06A3F36-C806-46FF-9108-4D75BE94F6B9-768x576.jpeg 768w, https:\/\/www.insidebrussels.be\/V2\/wp-content\/uploads\/2015\/04\/F06A3F36-C806-46FF-9108-4D75BE94F6B9-1536x1152.jpeg 1536w, https:\/\/www.insidebrussels.be\/V2\/wp-content\/uploads\/2015\/04\/F06A3F36-C806-46FF-9108-4D75BE94F6B9-2048x1536.jpeg 2048w, https:\/\/www.insidebrussels.be\/V2\/wp-content\/uploads\/2015\/04\/F06A3F36-C806-46FF-9108-4D75BE94F6B9-720x540.jpeg 720w, https:\/\/www.insidebrussels.be\/V2\/wp-content\/uploads\/2015\/04\/F06A3F36-C806-46FF-9108-4D75BE94F6B9-scaled.jpeg 1078w\" sizes=\"(max-width: 640px) 100vw, 640px\" \/><figcaption id=\"caption-attachment-13281\" class=\"wp-caption-text\">Manneken Pis en D\u00e9cembre \u00e0 Bruxelles (c) Photo Pierre Halleux<\/figcaption><\/figure>\n<h4><span style=\"text-decoration: underline; color: #000000;\"><b>6. La Cath\u00e9drale\u00a0 Saints-Michel-et Gudule de Bruxelles : un excellent monument religieux<\/b><\/span><\/h4>\n<p><span style=\"font-weight: 400;\">Ce grand monument de style gothique est compos\u00e9 de deux tours de 110 m\u00e8tres de haut. \u00c9tant consid\u00e9r\u00e9e comme l\u2019\u00e9glise la plus importante de Bruxelles, elle fait \u00e9galement partie des 5 plus grands lieux de culte du monde. Incroyable n\u2019est-ce pas ? S\u00fbrement.<\/span><\/p>\n<p><span style=\"font-weight: 400;\">La cath\u00e9drale est con\u00e7ue dans un <a href=\"https:\/\/www.insidebrussels.be\/V2\/bruxelles\/tag\/horta\/\">style Art-D\u00e9co<\/a> et comprend aussi un grand d\u00f4me vous permettant de profiter d\u2019une belle vue sur toute la ville de Bruxelles. Ne vous aventurez pas dans cette belle ville sans passer par cette merveilleuse cath\u00e9drale.<\/span><\/p>\n<p>Adresse : Place Sainte-Gudule, 1000 Bruxelles, Belgique<\/p>\n<blockquote class=\"instagram-media\" style=\"background: #FFF; border: 0; border-radius: 3px; box-shadow: 0 0 1px 0 rgba(0,0,0,0.5),0 1px 10px 0 rgba(0,0,0,0.15); margin: 1px; max-width: 540px; min-width: 326px; padding: 0; width: calc(100% - 2px);\" data-instgrm-permalink=\"https:\/\/www.instagram.com\/p\/CP33mXWMnh_\/?utm_source=ig_embed&amp;utm_campaign=loading\" data-instgrm-version=\"13\">\n<div style=\"padding: 16px;\">\n<p>&nbsp;<\/p>\n<div style=\"display: flex; flex-direction: row; align-items: center;\">\n<div style=\"background-color: #f4f4f4; border-radius: 50%; flex-grow: 0; height: 40px; margin-right: 14px; width: 40px;\"><\/div>\n<div style=\"display: flex; flex-direction: column; flex-grow: 1; justify-content: center;\">\n<div style=\"background-color: #f4f4f4; border-radius: 4px; flex-grow: 0; height: 14px; margin-bottom: 6px; width: 100px;\"><\/div>\n<div style=\"background-color: #f4f4f4; border-radius: 4px; flex-grow: 0; height: 14px; width: 60px;\"><\/div>\n<\/div>\n<\/div>\n<div style=\"padding: 19% 0;\"><\/div>\n<div style=\"display: block; height: 50px; margin: 0 auto 12px; width: 50px;\"><\/div>\n<div style=\"padding-top: 8px;\">\n<div style=\"color: #3897f0; font-family: Arial,sans-serif; font-size: 14px; font-style: normal; font-weight: 550; line-height: 18px;\">Voir cette publication sur Instagram<\/div>\n<\/div>\n<div style=\"padding: 12.5% 0;\"><\/div>\n<div style=\"display: flex; flex-direction: row; margin-bottom: 14px; align-items: center;\">\n<div>\n<div style=\"background-color: #f4f4f4; border-radius: 50%; height: 12.5px; width: 12.5px; transform: translateX(0px) translateY(7px);\"><\/div>\n<div style=\"background-color: #f4f4f4; height: 12.5px; transform: rotate(-45deg) translateX(3px) translateY(1px); width: 12.5px; flex-grow: 0; margin-right: 14px; margin-left: 2px;\"><\/div>\n<div style=\"background-color: #f4f4f4; border-radius: 50%; height: 12.5px; width: 12.5px; transform: translateX(9px) translateY(-18px);\"><\/div>\n<\/div>\n<div style=\"margin-left: 8px;\">\n<div style=\"background-color: #f4f4f4; border-radius: 50%; flex-grow: 0; height: 20px; width: 20px;\"><\/div>\n<div style=\"width: 0; height: 0; border-top: 2px solid transparent; border-left: 6px solid #f4f4f4; border-bottom: 2px solid transparent; transform: translateX(16px) translateY(-4px) rotate(30deg);\"><\/div>\n<\/div>\n<div style=\"margin-left: auto;\">\n<div style=\"width: 0px; border-top: 8px solid #F4F4F4; border-right: 8px solid transparent; transform: translateY(16px);\"><\/div>\n<div style=\"background-color: #f4f4f4; flex-grow: 0; height: 12px; width: 16px; transform: translateY(-4px);\"><\/div>\n<div style=\"width: 0; height: 0; border-top: 8px solid #F4F4F4; border-left: 8px solid transparent; transform: translateY(-4px) translateX(8px);\"><\/div>\n<\/div>\n<\/div>\n<div style=\"display: flex; flex-direction: column; flex-grow: 1; justify-content: center; margin-bottom: 24px;\">\n<div style=\"background-color: #f4f4f4; border-radius: 4px; flex-grow: 0; height: 14px; margin-bottom: 6px; width: 224px;\"><\/div>\n<div style=\"background-color: #f4f4f4; border-radius: 4px; flex-grow: 0; height: 14px; width: 144px;\"><\/div>\n<\/div>\n<p>&nbsp;<\/p>\n<p style=\"color: #c9c8cd; font-family: Arial,sans-serif; font-size: 14px; line-height: 17px; margin-bottom: 0; margin-top: 8px; overflow: hidden; padding: 8px 0 7px; text-align: center; text-overflow: ellipsis; white-space: nowrap;\"><a style=\"color: #c9c8cd; font-family: Arial,sans-serif; font-size: 14px; font-style: normal; font-weight: normal; line-height: 17px; text-decoration: none;\" href=\"https:\/\/www.instagram.com\/p\/CP33mXWMnh_\/?utm_source=ig_embed&amp;utm_campaign=loading\" target=\"_blank\" rel=\"noopener\">Une publication partag\u00e9e par Max:) (@max_photos365)<\/a><\/p>\n<\/div>\n<\/blockquote>\n<p><script async src=\"\/\/www.instagram.com\/embed.js\"><\/script><\/p>\n<h4><span style=\"text-decoration: underline; color: #000000;\">7. Grand Place de Bruxelles : Un lieu magnifique et historique<\/span><\/h4>\n<p><span style=\"font-weight: 400;\"><a href=\"https:\/\/www.insidebrussels.be\/V2\/bruxelles\/visiter-la-grande-place-de-bruxelles-tourisme\/\">La Grand Place<\/a>\u00a0 est sans aucun doute le 1<\/span><span style=\"font-weight: 400;\">er<\/span><span style=\"font-weight: 400;\"> endroit le plus attrayant de Bruxelles. Il est situ\u00e9 au centre de Bruxelles. Il est \u00e9galement l\u2019une des plus belles places de l\u2019Europe et du monde entier. Orn\u00e9 de fa\u00e7on artistique, on peut toutefois remarquer l\u2019H\u00f4tel de ville ainsi que la Maison du roi. G\u00e9nial ! Allons faire un tour dans ce lieu extraordinaire et artistique.<\/span><\/p>\n<p>Adresse : Grote Markt, 1000 Bruxelles, Belgique<\/p>\n<figure id=\"attachment_13652\" aria-describedby=\"caption-attachment-13652\" style=\"width: 640px\" class=\"wp-caption aligncenter\"><img decoding=\"async\" class=\"wp-image-13652 size-large\" title=\"Grand Place de Bruxelles \u00e0 Noel (c) Photo PIerre Halleux\" src=\"https:\/\/www.insidebrussels.be\/V2\/wp-content\/uploads\/2022\/12\/A25B4284-6D7E-41C9-B304-7D30D663E248-scaled-e1670279026112-1024x568.jpeg\" alt=\"Grand Place de Bruxelles \u00e0 Noel (c) Photo PIerre Halleux\" width=\"640\" height=\"355\" srcset=\"https:\/\/www.insidebrussels.be\/V2\/wp-content\/uploads\/2022\/12\/A25B4284-6D7E-41C9-B304-7D30D663E248-scaled-e1670279026112-1024x568.jpeg 1024w, https:\/\/www.insidebrussels.be\/V2\/wp-content\/uploads\/2022\/12\/A25B4284-6D7E-41C9-B304-7D30D663E248-scaled-e1670279026112-300x166.jpeg 300w, https:\/\/www.insidebrussels.be\/V2\/wp-content\/uploads\/2022\/12\/A25B4284-6D7E-41C9-B304-7D30D663E248-scaled-e1670279026112-768x426.jpeg 768w\" sizes=\"(max-width: 640px) 100vw, 640px\" \/><figcaption id=\"caption-attachment-13652\" class=\"wp-caption-text\">Grand Place de Bruxelles \u00e0 Noel (c) Photo PIerre Halleux<\/figcaption><\/figure>\n<h4><span style=\"text-decoration: underline; color: #000000;\"><b>8. Le Botanique \u00e0 Bruxelles : un lieu culturel atypique et chaleureux<\/b><\/span><\/h4>\n<p><span style=\"font-weight: 400;\">Amateur de musique et arts plastiques, cet endroit d\u2019attractions touristique vous est r\u00e9serv\u00e9.<\/span><\/p>\n<p><span style=\"font-weight: 400;\">Le Botanique est un lieu de Centre Culturel de la Communaut\u00e9 Fran\u00e7aise \u00e0 Bruxelles. \u00c9tant consacr\u00e9 aux musiques actuelles et aux arts plastiques, cet endroit programme des artistes internationaux et des talentueux de belges. C\u2019est un endroit magnifique o\u00f9 tout le monde est \u00e0 son aise et se sent comme chez lui. Ne ratez pas cette opportunit\u00e9 dans votre aventure.<\/span><\/p>\n<p>Adresse : Rue Royale 236, 1210 Saint-Josse-ten-Noode, Belgique<\/p>\n<blockquote class=\"instagram-media\" style=\"background: #FFF; border: 0; border-radius: 3px; box-shadow: 0 0 1px 0 rgba(0,0,0,0.5),0 1px 10px 0 rgba(0,0,0,0.15); margin: 1px; max-width: 540px; min-width: 326px; padding: 0; width: calc(100% - 2px);\" data-instgrm-permalink=\"https:\/\/www.instagram.com\/p\/CLJ8cymhhJj\/?utm_source=ig_embed&amp;utm_campaign=loading\" data-instgrm-version=\"13\">\n<div style=\"padding: 16px;\">\n<p>&nbsp;<\/p>\n<div style=\"display: flex; flex-direction: row; align-items: center;\">\n<div style=\"background-color: #f4f4f4; border-radius: 50%; flex-grow: 0; height: 40px; margin-right: 14px; width: 40px;\"><\/div>\n<div style=\"display: flex; flex-direction: column; flex-grow: 1; justify-content: center;\">\n<div style=\"background-color: #f4f4f4; border-radius: 4px; flex-grow: 0; height: 14px; margin-bottom: 6px; width: 100px;\"><\/div>\n<div style=\"background-color: #f4f4f4; border-radius: 4px; flex-grow: 0; height: 14px; width: 60px;\"><\/div>\n<\/div>\n<\/div>\n<div style=\"padding: 19% 0;\"><\/div>\n<div style=\"display: block; height: 50px; margin: 0 auto 12px; width: 50px;\"><\/div>\n<div style=\"padding-top: 8px;\">\n<div style=\"color: #3897f0; font-family: Arial,sans-serif; font-size: 14px; font-style: normal; font-weight: 550; line-height: 18px;\">Voir cette publication sur Instagram<\/div>\n<\/div>\n<div style=\"padding: 12.5% 0;\"><\/div>\n<div style=\"display: flex; flex-direction: row; margin-bottom: 14px; align-items: center;\">\n<div>\n<div style=\"background-color: #f4f4f4; border-radius: 50%; height: 12.5px; width: 12.5px; transform: translateX(0px) translateY(7px);\"><\/div>\n<div style=\"background-color: #f4f4f4; height: 12.5px; transform: rotate(-45deg) translateX(3px) translateY(1px); width: 12.5px; flex-grow: 0; margin-right: 14px; margin-left: 2px;\"><\/div>\n<div style=\"background-color: #f4f4f4; border-radius: 50%; height: 12.5px; width: 12.5px; transform: translateX(9px) translateY(-18px);\"><\/div>\n<\/div>\n<div style=\"margin-left: 8px;\">\n<div style=\"background-color: #f4f4f4; border-radius: 50%; flex-grow: 0; height: 20px; width: 20px;\"><\/div>\n<div style=\"width: 0; height: 0; border-top: 2px solid transparent; border-left: 6px solid #f4f4f4; border-bottom: 2px solid transparent; transform: translateX(16px) translateY(-4px) rotate(30deg);\"><\/div>\n<\/div>\n<div style=\"margin-left: auto;\">\n<div style=\"width: 0px; border-top: 8px solid #F4F4F4; border-right: 8px solid transparent; transform: translateY(16px);\"><\/div>\n<div style=\"background-color: #f4f4f4; flex-grow: 0; height: 12px; width: 16px; transform: translateY(-4px);\"><\/div>\n<div style=\"width: 0; height: 0; border-top: 8px solid #F4F4F4; border-left: 8px solid transparent; transform: translateY(-4px) translateX(8px);\"><\/div>\n<\/div>\n<\/div>\n<div style=\"display: flex; flex-direction: column; flex-grow: 1; justify-content: center; margin-bottom: 24px;\">\n<div style=\"background-color: #f4f4f4; border-radius: 4px; flex-grow: 0; height: 14px; margin-bottom: 6px; width: 224px;\"><\/div>\n<div style=\"background-color: #f4f4f4; border-radius: 4px; flex-grow: 0; height: 14px; width: 144px;\"><\/div>\n<\/div>\n<p>&nbsp;<\/p>\n<p style=\"color: #c9c8cd; font-family: Arial,sans-serif; font-size: 14px; line-height: 17px; margin-bottom: 0; margin-top: 8px; overflow: hidden; padding: 8px 0 7px; text-align: center; text-overflow: ellipsis; white-space: nowrap;\"><a style=\"color: #c9c8cd; font-family: Arial,sans-serif; font-size: 14px; font-style: normal; font-weight: normal; line-height: 17px; text-decoration: none;\" href=\"https:\/\/www.instagram.com\/p\/CLJ8cymhhJj\/?utm_source=ig_embed&amp;utm_campaign=loading\" target=\"_blank\" rel=\"noopener\">Une publication partag\u00e9e par Le Botanique (@botanique_bxl)<\/a><\/p>\n<\/div>\n<\/blockquote>\n<p><script async src=\"\/\/www.instagram.com\/embed.js\"><\/script><\/p>\n<h4><span style=\"text-decoration: underline; color: #000000;\">9. Les Galeries Royales Saint-Hubert<\/span><\/h4>\n<p><span style=\"font-weight: 400;\">Les Galeries Royales Saint-Hubert \u00e0 Bruxelles sont un lieu charg\u00e9 d&rsquo;histoire pour une exp\u00e9rience de shopping extraordinaire au c\u0153ur de Bruxelles. Il s&rsquo;agit d<a href=\"https:\/\/www.insidebrussels.be\/V2\/bruxelles\/10-activites-et-visites-gratuites-a-faire-a-bruxelles\/\">&lsquo;une des activit\u00e9s de visite gratuites \u00e0\u00a0 faire \u00e0 Bruxelles.<\/a><\/span><\/p>\n<p><span style=\"font-weight: 400;\">Cependant elles sont compos\u00e9es de trois passages commerciaux que sont :<\/span><\/p>\n<ul>\n<li style=\"font-weight: 400;\" aria-level=\"1\"><span style=\"font-weight: 400;\">la Galerie de la Reine,<\/span><\/li>\n<li style=\"font-weight: 400;\" aria-level=\"1\"><span style=\"font-weight: 400;\">la Galerie du Roi,<\/span><\/li>\n<li style=\"font-weight: 400;\" aria-level=\"1\"><span style=\"font-weight: 400;\">la Galerie des Princes.<\/span><\/li>\n<\/ul>\n<p><span style=\"font-weight: 400;\">Les Galeries Royales abritent de nombreux magasins et lieux de divertissement. On y d\u00e9couvre des bijoutiers, des boutiques de luxe, des magasins traditionnels, des caf\u00e9s et des restaurants de toutes sortes&#8230;<\/span><\/p>\n<p><span style=\"font-weight: 400;\">Au niveau de sa culture, on y trouve :<\/span><\/p>\n<ul>\n<li style=\"font-weight: 400;\" aria-level=\"1\"><span style=\"font-weight: 400;\">la <a href=\"https:\/\/www.insidebrussels.be\/V2\/bruxelles\/les-meilleurs-magasins-et-librairies-pour-acheter-des-livres-a-bruxelles\/\">librairie<\/a> Tropismes,<\/span><\/li>\n<li style=\"font-weight: 400;\" aria-level=\"1\"><span style=\"font-weight: 400;\">le <a href=\"https:\/\/www.insidebrussels.be\/V2\/bruxelles\/les-cinemas-a-bruxelles-2\/\">cin\u00e9ma<\/a> d&rsquo;art et d&rsquo;essai des Galeries, et<\/span><\/li>\n<li style=\"font-weight: 400;\" aria-level=\"1\"><span style=\"font-weight: 400;\">le Th\u00e9\u00e2tre Royal des Galeries<\/span><\/li>\n<\/ul>\n<p>Adresse : Galerie du Roi 5, 1000 Bruxelles, Belgique<\/p>\n<figure id=\"attachment_13659\" aria-describedby=\"caption-attachment-13659\" style=\"width: 410px\" class=\"wp-caption aligncenter\"><img decoding=\"async\" class=\"wp-image-13659 \" title=\"Galleries Royales Bruxelles (c) Photo Pierre Halleux\" src=\"https:\/\/www.insidebrussels.be\/V2\/wp-content\/uploads\/2022\/12\/95851EEE-E075-406B-9323-71D9D7CC8271-1024x1024.jpeg\" alt=\"Galleries Royales Bruxelles (c) Photo Pierre Halleux\" width=\"410\" height=\"410\" srcset=\"https:\/\/www.insidebrussels.be\/V2\/wp-content\/uploads\/2022\/12\/95851EEE-E075-406B-9323-71D9D7CC8271-scaled.jpeg 1024w, https:\/\/www.insidebrussels.be\/V2\/wp-content\/uploads\/2022\/12\/95851EEE-E075-406B-9323-71D9D7CC8271-300x300.jpeg 300w, https:\/\/www.insidebrussels.be\/V2\/wp-content\/uploads\/2022\/12\/95851EEE-E075-406B-9323-71D9D7CC8271-150x150.jpeg 150w, https:\/\/www.insidebrussels.be\/V2\/wp-content\/uploads\/2022\/12\/95851EEE-E075-406B-9323-71D9D7CC8271-768x768.jpeg 768w, https:\/\/www.insidebrussels.be\/V2\/wp-content\/uploads\/2022\/12\/95851EEE-E075-406B-9323-71D9D7CC8271-1536x1536.jpeg 1536w, https:\/\/www.insidebrussels.be\/V2\/wp-content\/uploads\/2022\/12\/95851EEE-E075-406B-9323-71D9D7CC8271-2048x2048.jpeg 2048w\" sizes=\"(max-width: 410px) 100vw, 410px\" \/><figcaption id=\"caption-attachment-13659\" class=\"wp-caption-text\">Galleries Royales Bruxelles (c) Photo Pierre Halleux<\/figcaption><\/figure>\n<h3><strong>Conclusion, que pensez-vous visiter \u00e0 Bruxelles?<\/strong><\/h3>\n<p><span style=\"font-weight: 400;\">Et voil\u00e0, vous venez d\u2019\u00eatre servi. A pr\u00e9sent vous disposez de toutes les informations n\u00e9cessaires pour passer de tr\u00e8s bon moments \u00e0 Bruxelles.Juste une chose: ne restez pas chez vous, sortez et vous allez d\u00e9couvrir plein de nouvelles choses.\u00a0<\/span><\/p>\n<p><span style=\"font-weight: 400;\">En effet, outre ces 10 monuments et attractions touristiques que nous venons de vous pr\u00e9senter, il existe encore d\u2019autres endroits chics \u00e0 visiter que vous aimerez certainement.<\/span><\/p>\n<p><span style=\"font-weight: 400;\">Si vous convenez cela avec nous, alors c\u2019est le moment d\u2019ajuster votre agenda.<\/span><\/p>\n<p><span style=\"font-weight: 400;\">\u00a0<\/span><\/p>\n<p><span style=\"font-weight: 400;\">\u00a0<\/span><\/p>\n<p><span style=\"font-weight: 400;\">\u00a0<\/span><\/p>\n<p><span style=\"font-weight: 400;\">\u00a0<\/span><\/p>\n<p><span style=\"font-weight: 400;\">\u00a0<\/span><\/p>\n<p><span style=\"font-weight: 400;\">\u00a0<\/span><\/p>\n<p><span style=\"font-weight: 400;\">\u00a0<\/span><\/p>\n<p><span style=\"font-weight: 400;\">\u00a0<\/span><\/p>\n<p><span style=\"font-weight: 400;\">\u00a0<\/span><\/p>\n<p><span style=\"font-weight: 400;\">\u00a0<\/span><\/p>\n<p><span style=\"font-weight: 400;\">\u00a0<\/span><\/p>\n<p><span style=\"font-weight: 400;\">\u00a0<\/span><\/p>\n<p><span style=\"font-weight: 400;\">\u00a0<\/span><\/p>\n<p><span style=\"font-weight: 400;\">\u00a0<\/span><\/p>\n<p><span style=\"font-weight: 400;\">\u00a0<\/span><\/p>\n<p><span style=\"font-weight: 400;\">\u00a0<\/span><\/p>\n<p><span style=\"font-weight: 400;\">\u00a0<\/span><\/p>\n<p><span style=\"font-weight: 400;\">\u00a0<\/span><\/p>\n<p><span style=\"font-weight: 400;\">\u00a0<\/span><\/p>\n<p><span style=\"font-weight: 400;\">\u00a0<\/span><\/p>\n<p><span style=\"font-weight: 400;\">\u00a0<\/span><\/p>\n<p><span style=\"font-weight: 400;\">\u00a0<\/span><\/p>\n<p><span style=\"font-weight: 400;\">\u00a0<\/span><\/p>\n<p><span style=\"font-weight: 400;\">\u00a0<\/span><\/p>\n<p><span style=\"font-weight: 400;\">\u00a0<\/span><\/p>\n<p><span style=\"font-weight: 400;\">\u00a0<\/span><\/p>\n<p><span style=\"font-weight: 400;\">\u00a0<\/span><\/p>\n<p><span style=\"font-weight: 400;\">\u00a0<\/span><\/p>\n<p><span style=\"font-weight: 400;\">\u00a0<\/span><\/p>\n<p><span style=\"font-weight: 400;\">\u00a0<\/span><\/p>\n<p><span style=\"font-weight: 400;\">\u00a0<\/span><\/p>\n<p><span style=\"font-weight: 400;\">\u00a0<\/span><\/p>\n<p><span style=\"font-weight: 400;\">\u00a0<\/span><\/p>\n<p><span style=\"font-weight: 400;\">\u00a0<\/span><\/p>\n<p><span style=\"font-weight: 400;\">\u00a0<\/span><\/p>\n<p><span style=\"font-weight: 400;\">\u00a0<\/span><\/p>\n<p><span style=\"font-weight: 400;\">\u00a0<\/span><\/p>\n<p><span style=\"font-weight: 400;\">\u00a0<\/span><\/p>\n<p><span style=\"font-weight: 400;\">\u00a0<\/span><\/p>\n<p><span style=\"font-weight: 400;\">\u00a0<\/span><\/p>\n<p><span style=\"font-weight: 400;\">\u00a0<\/span><\/p>\n<p><span style=\"font-weight: 400;\">\u00a0<\/span><\/p>\n<p><span style=\"font-weight: 400;\">\u00a0<\/span><\/p>\n<p><span style=\"font-weight: 400;\">\u00a0<\/span><\/p>\n<p><span style=\"font-weight: 400;\">\u00a0<\/span><\/p>\n<p><span style=\"font-weight: 400;\">\u00a0<\/span><\/p>\n<p><span style=\"font-weight: 400;\">\u00a0<\/span><\/p>\n<p><span style=\"font-weight: 400;\">\u00a0<\/span><\/p>\n<p><span style=\"font-weight: 400;\">\u00a0<\/span><\/p>\n<p><span style=\"font-weight: 400;\">\u00a0<\/span><\/p>\n<p><span style=\"font-weight: 400;\">\u00a0<\/span><\/p>\n<p><span style=\"font-weight: 400;\">\u00a0<\/span><\/p>\n<p><span style=\"font-weight: 400;\">\u00a0<\/span><\/p>\n<p><span style=\"font-weight: 400;\">\u00a0<\/span><\/p>\n<p><span style=\"font-weight: 400;\">\u00a0<\/span><\/p>\n<p><span style=\"font-weight: 400;\">\u00a0<\/span><\/p>\n<p><span style=\"font-weight: 400;\">\u00a0<\/span><\/p>\n<p><span style=\"font-weight: 400;\">\u00a0<\/span><\/p>\n<p><span style=\"font-weight: 400;\">\u00a0<\/span><\/p>\n<p>&nbsp;<\/p>\n","protected":false,"gt_translate_keys":[{"key":"rendered","format":"html"}]},"excerpt":{"rendered":"<p>Les 10 meilleurs monuments et attractions touristiques \u00e0 Bruxelles ? Top 10 des meilleurs monuments<\/p>\n","protected":false,"gt_translate_keys":[{"key":"rendered","format":"html"}]},"author":1,"featured_media":13618,"comment_status":"closed","ping_status":"closed","sticky":false,"template":"","format":"standard","meta":{"_lmt_disableupdate":"","_lmt_disable":"","footnotes":""},"categories":[497,502],"tags":[],"class_list":["post-12044","post","type-post","status-publish","format-standard","has-post-thumbnail","hentry","category-tourisme-a-bruxelles","category-monuments-attractions-touristiques-bruxelles"],"modified_by":"pierre","amp_enabled":true,"gt_translate_keys":[{"key":"link","format":"url"}],"_links":{"self":[{"href":"https:\/\/www.insidebrussels.be\/V2\/wp-json\/wp\/v2\/posts\/12044","targetHints":{"allow":["GET"]}}],"collection":[{"href":"https:\/\/www.insidebrussels.be\/V2\/wp-json\/wp\/v2\/posts"}],"about":[{"href":"https:\/\/www.insidebrussels.be\/V2\/wp-json\/wp\/v2\/types\/post"}],"author":[{"embeddable":true,"href":"https:\/\/www.insidebrussels.be\/V2\/wp-json\/wp\/v2\/users\/1"}],"replies":[{"embeddable":true,"href":"https:\/\/www.insidebrussels.be\/V2\/wp-json\/wp\/v2\/comments?post=12044"}],"version-history":[{"count":6,"href":"https:\/\/www.insidebrussels.be\/V2\/wp-json\/wp\/v2\/posts\/12044\/revisions"}],"predecessor-version":[{"id":13651,"href":"https:\/\/www.insidebrussels.be\/V2\/wp-json\/wp\/v2\/posts\/12044\/revisions\/13651"}],"wp:featuredmedia":[{"embeddable":true,"href":"https:\/\/www.insidebrussels.be\/V2\/wp-json\/wp\/v2\/media\/13618"}],"wp:attachment":[{"href":"https:\/\/www.insidebrussels.be\/V2\/wp-json\/wp\/v2\/media?parent=12044"}],"wp:term":[{"taxonomy":"category","embeddable":true,"href":"https:\/\/www.insidebrussels.be\/V2\/wp-json\/wp\/v2\/categories?post=12044"},{"taxonomy":"post_tag","embeddable":true,"href":"https:\/\/www.insidebrussels.be\/V2\/wp-json\/wp\/v2\/tags?post=12044"}],"curies":[{"name":"wp","href":"https:\/\/api.w.org\/{rel}","templated":true}]}}