{"id":12224,"date":"2021-11-25T22:22:27","date_gmt":"2021-11-25T21:22:27","guid":{"rendered":"https:\/\/www.insidebrussels.be\/V2\/?p=12224"},"modified":"2022-12-10T17:02:44","modified_gmt":"2022-12-10T16:02:44","slug":"isaac-tout-savoir-expo-klimt-bruxelles","status":"publish","type":"post","link":"https:\/\/www.insidebrussels.be\/V2\/bruxelles\/isaac-tout-savoir-expo-klimt-bruxelles\/","title":{"rendered":"Tout savoir sur l\u2019expo KLIMT \u00e0 Bruxelles !","gt_translate_keys":[{"key":"rendered","format":"text"}]},"content":{"rendered":"<h2><b>Tout savoir sur l\u2019expo KLIMT \u00e0 Bruxelles !<\/b><\/h2>\n<p><span style=\"font-weight: 400;\">Vous cherchez \u00e0 vivre une exp\u00e9rience hors du commun? Ou \u00eates-vous un amoureux des arts nouveaux et\u00a0 vous d\u00e9sirez\u00a0 tout savoir sur l\u2019expo KLIMT \u00e0 Bruxelles? Connaisseurs ou pas, vous serez conquis par ce magnifique chef d&rsquo;\u0153uvre \u00e0 des allures futuristes.<\/span><\/p>\n<p><span style=\"font-weight: 400;\">Ici l\u2019art nouveau et l\u2019art digital vous emm\u00e8ne dans un monde sublime et d\u2019une beaut\u00e9 \u00e9poustouflante. Cependant avant de tout savoir sur l\u2019expo KLIMT \u00e0 Bruxelles, partons \u00e0 la d\u00e9couverte de l\u2019artiste.<\/span><\/p>\n<h3><b>Expo KLIMT \u00e0 Bruxelles : qui est Gustav Klimt ?<\/b><\/h3>\n<p><span style=\"font-weight: 400;\"><a href=\"https:\/\/fr.wikipedia.org\/wiki\/Gustav_Klimt\" target=\"_blank\" rel=\"noopener\">Gustav Klimt<\/a>, n\u00e9 pr\u00e8s de Vienne, fils d&rsquo;un orf\u00e8vre, \u00e9tait l&rsquo;un des artistes les plus importants du mouvement symboliste viennois. Il est connu dans le monde entier pour ses \u0153uvres pr\u00e9cieuses dans lesquelles l&rsquo;or joue un r\u00f4le central.<\/span><\/p>\n<p><span style=\"font-weight: 400;\">Ses \u0153uvres Art nouveau sont fortement d\u00e9coratives. Il est l&rsquo;un des fondateurs du mouvement Art nouveau, qui visait \u00e0 faire conna\u00eetre l&rsquo;art autrichien sur la sc\u00e8ne internationale.<\/span><\/p>\n<p><span style=\"font-weight: 400;\">Klimt \u00e9tait une personnalit\u00e9 tr\u00e8s originale. En effet, il r\u00e9pond aux contrastes de son \u00e9poque par des compositions \u00e9rotiques o\u00f9 s&rsquo;entrem\u00ealent\u00a0 vie et\u00a0 mort.<\/span><\/p>\n<p><span style=\"font-weight: 400;\">Il commence sa carri\u00e8re de d\u00e9corateur apr\u00e8s avoir \u00e9tudi\u00e9 l&rsquo;art \u00e0 l&rsquo;\u00e9cole des arts appliqu\u00e9s de Vienne.\u00a0<\/span><\/p>\n<p><span style=\"font-weight: 400;\">C&rsquo;est ensuite, qu&rsquo;il lance sa carri\u00e8re de d\u00e9corateur,\u00a0 en d\u00e9corant notamment la cour du mus\u00e9e d&rsquo;histoire de l&rsquo;art de Vienne.<\/span><\/p>\n<p><span style=\"font-weight: 400;\">En 1883, il cr\u00e9e, avec son fr\u00e8re, un atelier d&rsquo;orf\u00e8vrerie et de menuiserie. Durant cette p\u00e9riode, Klimt a d\u00e9cor\u00e9 de nombreuses villas bourgeoises. \u00c0 la fin de la d\u00e9cennie, il est devenu ind\u00e9pendant et officiellement reconnu. Sa r\u00e9putation de peintre d\u00e9corateur est pleinement \u00e9tablie.<\/span><\/p>\n<p><span style=\"font-weight: 400;\">C\u2019\u00e9tait un artiste d\u00e9vou\u00e9. Gustac voulait participer \u00e0 la promotion de l&rsquo;art contemporain et, surtout, trouver son propre style personnel loin des cercles acad\u00e9miques. Un peu plus tard, i<\/span><span style=\"font-weight: 400;\">l rencontre sa compagne Emilie Fl\u00f6ge et rejoint le cercle symboliste de Vienne. C&rsquo;est l\u00e0 qu&rsquo;il jouit d&rsquo;une bonne r\u00e9putation en tant qu&rsquo;artiste d\u00e9corateur et re\u00e7oit d&rsquo;importantes commandes.<\/span><\/p>\n<p><span style=\"font-weight: 400;\">Cependant en 1887, il rejoint un groupe s\u00e9cessionniste et commence \u00e0 travailler pour le magazine Ver Sacrum. Klimt devient pr\u00e9sident de cette association, qui vise \u00e0 promouvoir l&rsquo;art viennois au niveau international. Il a cr\u00e9\u00e9 un mouvement qui a bris\u00e9 les barri\u00e8res entre les \u00ab\u00a0grands\u00a0\u00bb arts et les arts d\u00e9coratifs. Alors l\u2019exposition Klimt est un \u00e9v\u00e9nement \u00e0 ne surtout pas rater.<\/span><\/p>\n<h3><b>Expo Klimt \u00e0 Bruxelles : plongez dans l&rsquo;Art nouveau avec l&rsquo;art num\u00e9rique !<\/b><\/h3>\n<p><span style=\"font-weight: 400;\">L&rsquo;art num\u00e9rique rencontre les ma\u00eetres de l&rsquo;Art nouveau, et les chefs-d&rsquo;\u0153uvre de l&rsquo;artiste autrichien prennent vie ici \u00e0 Bruxelles.<\/span><\/p>\n<p><span style=\"font-weight: 400;\">Votre visite \u00e0 l\u2019Expo Klimt \u00e0 Bruxelles sera inoubliable gr\u00e2ce \u00e0 sa r\u00e9volution en mati\u00e8re de technologies de pointe.\u00a0 La reproduction virtuelle, r\u00e9alit\u00e9 virtuelle, une magnifique salle des miroirs en or feront de votre visite une exp\u00e9rience unique. Incroyable n\u2019est-ce pas?<\/span><\/p>\n<p><span style=\"font-weight: 400;\">Vous penserez \u00eatre en train de visiter un mus\u00e9e du futur r\u00e9el. Il ne s\u2019agit pas que d\u2019une simple exposition d\u2019art.<\/span><\/p>\n<p><span style=\"font-weight: 400;\">En fait il s\u2019agit d\u2019une reconstruction plus vraie que nature des tableaux de Klimt. Ainsi, vous d\u00e9couvrirez non seulement les \u0153uvres de Gustav Klimt, mais vous y serez \u00e9galement immerg\u00e9s.<\/span><\/p>\n<p><span style=\"font-weight: 400;\">La r\u00e9alit\u00e9 qui vous entoure se transformera en un univers cr\u00e9\u00e9 par l&rsquo;artiste. Vous pourrez profiter et appr\u00e9cier votre exposition \u00e0 la <a href=\"https:\/\/www.insidebrussels.be\/V2\/bruxelles\/la-maison-autrique\/\">Galerie Horta<\/a> (Rue du March\u00e9 aux Herbes 116, 1000 Bruxelles).\u00a0 Votre <a href=\"https:\/\/www.insidebrussels.be\/V2\/bruxelles\/category\/agenda-et-expo\/\">expo<\/a> vous ouvre ses portes tous les jours sauf le lundi et le mardi de 10.00h \u00e018.00.<\/span><\/p>\n<p><span style=\"font-weight: 400;\">C\u2019est une visite incontournable \u00e0 faire en famille et entre amis pour parfaitement profiter de Bruxelles du 24.03.2021 &#8211; 03.0.22. Et pour vous permettre de profiter de cette exp\u00e9rience unique sans vous soucier du tarif, le prix d\u2019entr\u00e9e est accessible. Il s\u2019\u00e9l\u00e8ve \u00e0 (2 \u20ac\/personne, mais les r\u00e9servations ne sont pas possible.<\/span><\/p>\n<p><span style=\"font-weight: 400;\">Maintenant que vous connaissez tout de l\u2019expo Klimt \u00e0 Bruxelles, n\u2019h\u00e9sitez pas \u00e0 y faire un tour. Vous ne serez pas d\u00e9\u00e7u\u00a0<\/span><\/p>\n","protected":false,"gt_translate_keys":[{"key":"rendered","format":"html"}]},"excerpt":{"rendered":"<p>Tout savoir sur l\u2019expo KLIMT \u00e0 Bruxelles ! Vous cherchez \u00e0 vivre une exp\u00e9rience hors<\/p>\n","protected":false,"gt_translate_keys":[{"key":"rendered","format":"html"}]},"author":1,"featured_media":12226,"comment_status":"closed","ping_status":"closed","sticky":false,"template":"","format":"standard","meta":{"_lmt_disableupdate":"","_lmt_disable":"","footnotes":""},"categories":[232,511],"tags":[891],"class_list":["post-12224","post","type-post","status-publish","format-standard","has-post-thumbnail","hentry","category-agenda-et-expo","category-exposition","tag-exposition-immersive"],"modified_by":"pierre","amp_enabled":true,"gt_translate_keys":[{"key":"link","format":"url"}],"_links":{"self":[{"href":"https:\/\/www.insidebrussels.be\/V2\/wp-json\/wp\/v2\/posts\/12224","targetHints":{"allow":["GET"]}}],"collection":[{"href":"https:\/\/www.insidebrussels.be\/V2\/wp-json\/wp\/v2\/posts"}],"about":[{"href":"https:\/\/www.insidebrussels.be\/V2\/wp-json\/wp\/v2\/types\/post"}],"author":[{"embeddable":true,"href":"https:\/\/www.insidebrussels.be\/V2\/wp-json\/wp\/v2\/users\/1"}],"replies":[{"embeddable":true,"href":"https:\/\/www.insidebrussels.be\/V2\/wp-json\/wp\/v2\/comments?post=12224"}],"version-history":[{"count":2,"href":"https:\/\/www.insidebrussels.be\/V2\/wp-json\/wp\/v2\/posts\/12224\/revisions"}],"predecessor-version":[{"id":12228,"href":"https:\/\/www.insidebrussels.be\/V2\/wp-json\/wp\/v2\/posts\/12224\/revisions\/12228"}],"wp:featuredmedia":[{"embeddable":true,"href":"https:\/\/www.insidebrussels.be\/V2\/wp-json\/wp\/v2\/media\/12226"}],"wp:attachment":[{"href":"https:\/\/www.insidebrussels.be\/V2\/wp-json\/wp\/v2\/media?parent=12224"}],"wp:term":[{"taxonomy":"category","embeddable":true,"href":"https:\/\/www.insidebrussels.be\/V2\/wp-json\/wp\/v2\/categories?post=12224"},{"taxonomy":"post_tag","embeddable":true,"href":"https:\/\/www.insidebrussels.be\/V2\/wp-json\/wp\/v2\/tags?post=12224"}],"curies":[{"name":"wp","href":"https:\/\/api.w.org\/{rel}","templated":true}]}}