{"id":12290,"date":"2021-12-11T22:21:28","date_gmt":"2021-12-11T21:21:28","guid":{"rendered":"https:\/\/www.insidebrussels.be\/V2\/?p=12290"},"modified":"2021-12-20T22:07:39","modified_gmt":"2021-12-20T21:07:39","slug":"isaac-quelle-est-la-meilleures-epicerie-fine-a-bruxelles-nos-5-bonnes-adresses","status":"publish","type":"post","link":"https:\/\/www.insidebrussels.be\/V2\/bruxelles\/isaac-quelle-est-la-meilleures-epicerie-fine-a-bruxelles-nos-5-bonnes-adresses\/","title":{"rendered":"Quelle est la meilleure \u00e9picerie fine \u00e0 Bruxelles? Nos 5 bonnes adresses","gt_translate_keys":[{"key":"rendered","format":"text"}]},"content":{"rendered":"<h2><b>Quelle est la meilleure \u00e9picerie fine \u00e0 Bruxelles ?<\/b><\/h2>\n<p><span style=\"font-weight: 400;\">Souhaitez-vous conna\u00eetre la liste des meilleures \u00e9piceries fines \u00e0 Bruxelles ?\u00a0 Certainement ! En effet, ces \u00e9piceries sont des petits coins de la ville de Bruxelles, pr\u00eatent \u00e0 r\u00e9pondre \u00e0 vos besoins alimentaires. Ils sont tout particulier \u00e0 leur fa\u00e7on. L&rsquo;endroit id\u00e9al pour <a href=\"https:\/\/www.insidebrussels.be\/V2\/bruxelles\/category\/manger-a-bruxelles\/\">acheter de quoi manger \u00e0 Bruxelles<\/a>.<\/span><\/p>\n<p><span style=\"font-weight: 400;\">Nous parlerons dans les lignes suivantes des 5 meilleures \u00e9piceries fines \u00e0 Bruxelles. Consultez la liste et profitez-en.<\/span><\/p>\n<h3><b>1-<\/b><span style=\"font-weight: 400;\"> \u00a0 <\/span><b>La Grande \u00c9picerie : une adresse \u00e0 visiter \u00e0 tout prix<\/b><\/h3>\n<p><span style=\"font-weight: 400;\">La Grande Epicerie est l\u2019une des meilleures \u00e9piceries \u00e0 Bruxelles qui ne cesse de satisfaire les attentes de tous. Elle vous propose des produits frais et disposant de rayons tels que :<\/span><\/p>\n<ul>\n<li><span style=\"font-weight: 400;\"> \u00a0 \u00a0 \u00a0 <\/span><span style=\"font-weight: 400;\">la <a href=\"https:\/\/www.insidebrussels.be\/V2\/bruxelles\/ou-acheter-de-la-bonne-viande-a-bruxelles-meilleures-boucheries\/\">boucherie<\/a>,<\/span><\/li>\n<li><span style=\"font-weight: 400;\"> \u00a0 \u00a0 \u00a0 <\/span><span style=\"font-weight: 400;\">la <a href=\"https:\/\/www.insidebrussels.be\/V2\/bruxelles\/ou-peut-on-acheter-des-plateaux-de-fruits-de-mer-a-emporter-a-bruxelles\/\">poissonnerie<\/a>,<\/span><\/li>\n<li><span style=\"font-weight: 400;\"> \u00a0 \u00a0 \u00a0 <\/span><span style=\"font-weight: 400;\">l&rsquo;\u00e9picerie fine,<\/span><\/li>\n<li><span style=\"font-weight: 400;\"> \u00a0 \u00a0 \u00a0 <\/span><span style=\"font-weight: 400;\">la <a href=\"https:\/\/www.insidebrussels.be\/V2\/bruxelles\/ou-acheter-du-bon-pain-a-bruxelles-les-5-meilleures-boulangeries\/\">boulangerie<\/a> ou <a href=\"https:\/\/www.insidebrussels.be\/V2\/bruxelles\/isaac-les-7-meilleures-patisseries-pour-acheter-des-gateaux-a-bruxelles\/\">p\u00e2tisserie<\/a>.<\/span><\/li>\n<\/ul>\n<p><span style=\"font-weight: 400;\">La Grande Epicerie occupe sans aucun doute la place qui lui revient apr\u00e8s <a href=\"https:\/\/www.insidebrussels.be\/V2\/bruxelles\/ou-faire-ses-courses-en-ligne-ailleurs-que-chez-delhaizecarrefour-ou-colruyt\/\">Rob<\/a> des d\u00e9cennies apr\u00e8s. Les deux concepts sont assez proches, proposant <a href=\"https:\/\/www.insidebrussels.be\/V2\/bruxelles\/le-marche-des-grands-chefs-le-paradis-des-foodies-a-bruxelles\/\">des produits de qualit\u00e9<\/a>, parfois m\u00eame de luxe. De plus, vous profitez aussi d\u2019un excellent rayon de fruits et l\u00e9gumes.<\/span><\/p>\n<p><span style=\"font-weight: 400;\">Le lieu vous propose une marge large<a href=\"https:\/\/www.insidebrussels.be\/V2\/bruxelles\/les-grandes-eaux-commander-en-ligne-des-produits-belges-waterloo-bruxelles\/\"> de boissons de qualit\u00e9<\/a>. Ainsi, plus de 70 champagnes, une dizaine de rhum, gin et whisky vous seront offerts en dessert lors de votre restauration.<\/span><\/p>\n<p><b>Adresse<\/b><span style=\"font-weight: 400;\"> : Chauss\u00e9e de Waterloo 1331, 1180 Uccle.<\/span><\/p>\n<blockquote class=\"instagram-media\" style=\"background: #FFF; border: 0; border-radius: 3px; box-shadow: 0 0 1px 0 rgba(0,0,0,0.5),0 1px 10px 0 rgba(0,0,0,0.15); margin: 1px; max-width: 540px; min-width: 326px; padding: 0; width: calc(100% - 2px);\" data-instgrm-captioned=\"\" data-instgrm-permalink=\"https:\/\/www.instagram.com\/p\/CMNfc2Vql3-\/?utm_source=ig_embed&amp;utm_campaign=loading\" data-instgrm-version=\"14\">\n<div style=\"padding: 16px;\">\n<p>&nbsp;<\/p>\n<div style=\"display: flex; flex-direction: row; align-items: center;\">\n<div style=\"background-color: #f4f4f4; border-radius: 50%; flex-grow: 0; height: 40px; margin-right: 14px; width: 40px;\"><\/div>\n<div style=\"display: flex; flex-direction: column; flex-grow: 1; justify-content: center;\">\n<div style=\"background-color: #f4f4f4; border-radius: 4px; flex-grow: 0; height: 14px; margin-bottom: 6px; width: 100px;\"><\/div>\n<div style=\"background-color: #f4f4f4; border-radius: 4px; flex-grow: 0; height: 14px; width: 60px;\"><\/div>\n<\/div>\n<\/div>\n<div style=\"padding: 19% 0;\"><\/div>\n<div style=\"display: block; height: 50px; margin: 0 auto 12px; width: 50px;\"><\/div>\n<div style=\"padding-top: 8px;\">\n<div style=\"color: #3897f0; font-family: Arial,sans-serif; font-size: 14px; font-style: normal; font-weight: 550; line-height: 18px;\">Voir cette publication sur Instagram<\/div>\n<\/div>\n<div style=\"padding: 12.5% 0;\"><\/div>\n<div style=\"display: flex; flex-direction: row; margin-bottom: 14px; align-items: center;\">\n<div>\n<div style=\"background-color: #f4f4f4; border-radius: 50%; height: 12.5px; width: 12.5px; transform: translateX(0px) translateY(7px);\"><\/div>\n<div style=\"background-color: #f4f4f4; height: 12.5px; transform: rotate(-45deg) translateX(3px) translateY(1px); width: 12.5px; flex-grow: 0; margin-right: 14px; margin-left: 2px;\"><\/div>\n<div style=\"background-color: #f4f4f4; border-radius: 50%; height: 12.5px; width: 12.5px; transform: translateX(9px) translateY(-18px);\"><\/div>\n<\/div>\n<div style=\"margin-left: 8px;\">\n<div style=\"background-color: #f4f4f4; border-radius: 50%; flex-grow: 0; height: 20px; width: 20px;\"><\/div>\n<div style=\"width: 0; height: 0; border-top: 2px solid transparent; border-left: 6px solid #f4f4f4; border-bottom: 2px solid transparent; transform: translateX(16px) translateY(-4px) rotate(30deg);\"><\/div>\n<\/div>\n<div style=\"margin-left: auto;\">\n<div style=\"width: 0px; border-top: 8px solid #F4F4F4; border-right: 8px solid transparent; transform: translateY(16px);\"><\/div>\n<div style=\"background-color: #f4f4f4; flex-grow: 0; height: 12px; width: 16px; transform: translateY(-4px);\"><\/div>\n<div style=\"width: 0; height: 0; border-top: 8px solid #F4F4F4; border-left: 8px solid transparent; transform: translateY(-4px) translateX(8px);\"><\/div>\n<\/div>\n<\/div>\n<div style=\"display: flex; flex-direction: column; flex-grow: 1; justify-content: center; margin-bottom: 24px;\">\n<div style=\"background-color: #f4f4f4; border-radius: 4px; flex-grow: 0; height: 14px; margin-bottom: 6px; width: 224px;\"><\/div>\n<div style=\"background-color: #f4f4f4; border-radius: 4px; flex-grow: 0; height: 14px; width: 144px;\"><\/div>\n<\/div>\n<p>&nbsp;<\/p>\n<p style=\"color: #c9c8cd; font-family: Arial,sans-serif; font-size: 14px; line-height: 17px; margin-bottom: 0; margin-top: 8px; overflow: hidden; padding: 8px 0 7px; text-align: center; text-overflow: ellipsis; white-space: nowrap;\"><a style=\"color: #c9c8cd; font-family: Arial,sans-serif; font-size: 14px; font-style: normal; font-weight: normal; line-height: 17px; text-decoration: none;\" href=\"https:\/\/www.instagram.com\/p\/CMNfc2Vql3-\/?utm_source=ig_embed&amp;utm_campaign=loading\" target=\"_blank\" rel=\"noopener\">Une publication partag\u00e9e par La Grande Epicerie | Uccle (@la_grande_epicerie_bruxelles)<\/a><\/p>\n<\/div>\n<\/blockquote>\n<p><script async src=\"\/\/www.instagram.com\/embed.js\"><\/script><\/p>\n<h3><b>2-<\/b><span style=\"font-weight: 400;\">\u00a0 <\/span><b>La Dolce Vita : chouettes pour vos sorties en famille<\/b><\/h3>\n<p><span style=\"font-weight: 400;\">Situ\u00e9 dans le<a href=\"https:\/\/www.insidebrussels.be\/V2\/bruxelles\/bruxelles-meilleur-quartier-vivre-ou-visiter-nos-conseils\/\"> quartier Stockel \u00e0 Woluwe-Saint-Pierre<\/a>,\u00a0 La Dolce Vita est l\u2019une des meilleures adresses pour appr\u00e9cier les saveurs de Bruxelles. En effet, elle propose un service d&rsquo;\u00e9picerie fine de qualit\u00e9 tr\u00e8s exceptionnelle.<\/span><\/p>\n<p><span style=\"font-weight: 400;\">Ce qui fait de votre restauration, un ensemble de plats d\u00e9licieux bien garni au go\u00fbt magnifique tel que :<\/span><\/p>\n<ul>\n<li><span style=\"font-weight: 400;\"> \u00a0 \u00a0 \u00a0 <\/span><span style=\"font-weight: 400;\">les farfalles au saumon,<\/span><\/li>\n<li><span style=\"font-weight: 400;\"> \u00a0 \u00a0 \u00a0 <\/span><span style=\"font-weight: 400;\">ou<a href=\"https:\/\/www.insidebrussels.be\/V2\/bruxelles\/nos-meilleures-restaurants-pour-manger-des-pates-fraiches-a-bruxelles\/\"> les pennes aux tomates et au bacon<\/a>.<\/span><\/li>\n<\/ul>\n<p><span style=\"font-weight: 400;\">Aussi, vous b\u00e9n\u00e9ficiez des boissons et des petits vins bruxellois, de la mozzarella fum\u00e9e et de la pancetta de qualit\u00e9.<\/span><\/p>\n<p><span style=\"font-weight: 400;\">A la Dolce Vita, Faites le choix de vos aliments raffin\u00e9s et parfois exotiques.<\/span><\/p>\n<p><b>Adresse<\/b><span style=\"font-weight: 400;\"> : Rue de l&rsquo;Eglise, 102 &#8211; 1150 Woluwe-Saint-Pierre, Belgique.<\/span><\/p>\n<h3><b>3-<\/b><span style=\"font-weight: 400;\">\u00a0 <\/span><b>Nood Positive Cooking : le seul endroit pour le meilleur des \u00e9pices<\/b><\/h3>\n<p><span style=\"font-weight: 400;\">C\u2019est encore une excellente adresse pour s\u2019offrir les meilleures \u00e9pices de Bruxelles. En effet, elle abrite les meilleurs experts de cuisine pour vous fournir tous les condiments \u00e0 utiliser dont vous avez besoin. De plus, ils vous suivent de pr\u00e8s pour que vous puissiez faire vous-m\u00eame votre cuisine \u00e0 la maison.<\/span><\/p>\n<p><span style=\"font-weight: 400;\">Cet \u00e9tablissement coop\u00e8re avec ses clients en leur donnant des instructions simples et faciles \u00e0 pratiquer pour r\u00e9aliser une recette.<\/span><\/p>\n<p><span style=\"font-weight: 400;\">L\u2019\u00e9picerie fine Nood Positive Cooking fournit des produits et services de qualit\u00e9 et <a href=\"https:\/\/www.insidebrussels.be\/V2\/?s=belge\">typiquement belge<\/a>. Vous y trouverez aussi des recettes de la saison telles que les graines, le pain, le <a href=\"https:\/\/www.insidebrussels.be\/V2\/bruxelles\/cours-doenologie-et-degustation-de-vin-a-bruxelles\/\">vin<\/a>, biscuits et autres.\u00a0<\/span><\/p>\n<p><span style=\"font-weight: 400;\">Il dispose d\u2019un service de nutrition remarquable. Celui-ci a pour r\u00f4le de vous apporter la lumi\u00e8re sur tout ce qui vous semble sombre.\u00a0<\/span><\/p>\n<p><span style=\"font-weight: 400;\">Le fine Nood Positive Cooking est ouvert tous les jours de 11h \u00e0 19h30 sauf le dimanche.<\/span><\/p>\n<p><span style=\"font-weight: 400;\">Localisation : Av. Louise 294, 1000 Bruxelles, Belgique.<\/span><\/p>\n<h3><b>4-<\/b><span style=\"font-weight: 400;\">\u00a0 <\/span><b>Le Go\u00fbt : fantastique et magique \u00e9picerie comme son nom l&rsquo;indique<\/b><\/h3>\n<p><span style=\"font-weight: 400;\">Situ\u00e9 dans le cadre magnifique de l&rsquo;avenue Azalea, \u00e0 c\u00f4t\u00e9 du <a href=\"https:\/\/www.insidebrussels.be\/V2\/?s=Josaphat\">parc Josaphat<\/a>, \u00ab <a href=\"https:\/\/www.legout.be\/\" target=\"_blank\" rel=\"noopener\">Le Go\u00fbt<\/a> \u00bb est c\u00e9l\u00e8bre pour sa gamme de charcuterie et de <a href=\"https:\/\/www.insidebrussels.be\/V2\/bruxelles\/les-10-meilleurs-endroits-ou-acheter-du-fromage-a-bruxelles\/\">fromages<\/a>.<\/span><\/p>\n<p><span style=\"font-weight: 400;\">En plus de ces sp\u00e9cialit\u00e9s, vous trouverez une large gamme de produits de qualit\u00e9 tels que :<\/span><\/p>\n<ul>\n<li><span style=\"font-weight: 400;\"> \u00a0 \u00a0 \u00a0 <\/span><span style=\"font-weight: 400;\"><a href=\"https:\/\/www.insidebrussels.be\/V2\/bruxelles\/tag\/bieres\/\">les bi\u00e8res <\/a>de la brasserie Renard,<\/span><\/li>\n<li><span style=\"font-weight: 400;\"> \u00a0 \u00a0 \u00a0 <\/span><span style=\"font-weight: 400;\">et les biscuits Locus.<\/span><\/li>\n<\/ul>\n<p><span style=\"font-weight: 400;\">Le Go\u00fbt propose une gamme de produits gourmands import\u00e9s d&rsquo;ici et d&rsquo;ailleurs comme : p\u00e2tisseries, pain artisanal. Par exemple, la baguette \u00e0 l&rsquo;ancienne et le pain au levain, avec une bonne mie et un go\u00fbt l\u00e9g\u00e8rement sucr\u00e9. Il y a aussi des tartelettes.<\/span><\/p>\n<p><span style=\"font-weight: 400;\">Pour les produits laitiers, vous avez des fromages au lait cru comme Comt\u00e9, Savoie et des fromages de Belgique. Cette \u00e9picerie fine est un endroit que beaucoup de personnes r\u00eavent, qualifient de chaleureuse et de tr\u00e8s bonne qualit\u00e9. Ouvert tous les jours de 8h \u00e0 18h sauf le lundi et le dimanche de 8h \u00e0 13h.<\/span><\/p>\n<p><span style=\"font-weight: 400;\">Adresse : Av. des Azal\u00e9es 40, 1030 <a href=\"https:\/\/www.insidebrussels.be\/V2\/?s=Schaerbeek\">Schaerbeek<\/a>, Belgique.<\/span><\/p>\n<blockquote class=\"instagram-media\" style=\"background: #FFF; border: 0; border-radius: 3px; box-shadow: 0 0 1px 0 rgba(0,0,0,0.5),0 1px 10px 0 rgba(0,0,0,0.15); margin: 1px; max-width: 540px; min-width: 326px; padding: 0; width: calc(100% - 2px);\" data-instgrm-captioned=\"\" data-instgrm-permalink=\"https:\/\/www.instagram.com\/p\/CWWHKaONyA0\/?utm_source=ig_embed&amp;utm_campaign=loading\" data-instgrm-version=\"14\">\n<div style=\"padding: 16px;\">\n<p>&nbsp;<\/p>\n<div style=\"display: flex; flex-direction: row; align-items: center;\">\n<div style=\"background-color: #f4f4f4; border-radius: 50%; flex-grow: 0; height: 40px; margin-right: 14px; width: 40px;\"><\/div>\n<div style=\"display: flex; flex-direction: column; flex-grow: 1; justify-content: center;\">\n<div style=\"background-color: #f4f4f4; border-radius: 4px; flex-grow: 0; height: 14px; margin-bottom: 6px; width: 100px;\"><\/div>\n<div style=\"background-color: #f4f4f4; border-radius: 4px; flex-grow: 0; height: 14px; width: 60px;\"><\/div>\n<\/div>\n<\/div>\n<div style=\"padding: 19% 0;\"><\/div>\n<div style=\"display: block; height: 50px; margin: 0 auto 12px; width: 50px;\"><\/div>\n<div style=\"padding-top: 8px;\">\n<div style=\"color: #3897f0; font-family: Arial,sans-serif; font-size: 14px; font-style: normal; font-weight: 550; line-height: 18px;\">Voir cette publication sur Instagram<\/div>\n<\/div>\n<div style=\"padding: 12.5% 0;\"><\/div>\n<div style=\"display: flex; flex-direction: row; margin-bottom: 14px; align-items: center;\">\n<div>\n<div style=\"background-color: #f4f4f4; border-radius: 50%; height: 12.5px; width: 12.5px; transform: translateX(0px) translateY(7px);\"><\/div>\n<div style=\"background-color: #f4f4f4; height: 12.5px; transform: rotate(-45deg) translateX(3px) translateY(1px); width: 12.5px; flex-grow: 0; margin-right: 14px; margin-left: 2px;\"><\/div>\n<div style=\"background-color: #f4f4f4; border-radius: 50%; height: 12.5px; width: 12.5px; transform: translateX(9px) translateY(-18px);\"><\/div>\n<\/div>\n<div style=\"margin-left: 8px;\">\n<div style=\"background-color: #f4f4f4; border-radius: 50%; flex-grow: 0; height: 20px; width: 20px;\"><\/div>\n<div style=\"width: 0; height: 0; border-top: 2px solid transparent; border-left: 6px solid #f4f4f4; border-bottom: 2px solid transparent; transform: translateX(16px) translateY(-4px) rotate(30deg);\"><\/div>\n<\/div>\n<div style=\"margin-left: auto;\">\n<div style=\"width: 0px; border-top: 8px solid #F4F4F4; border-right: 8px solid transparent; transform: translateY(16px);\"><\/div>\n<div style=\"background-color: #f4f4f4; flex-grow: 0; height: 12px; width: 16px; transform: translateY(-4px);\"><\/div>\n<div style=\"width: 0; height: 0; border-top: 8px solid #F4F4F4; border-left: 8px solid transparent; transform: translateY(-4px) translateX(8px);\"><\/div>\n<\/div>\n<\/div>\n<div style=\"display: flex; flex-direction: column; flex-grow: 1; justify-content: center; margin-bottom: 24px;\">\n<div style=\"background-color: #f4f4f4; border-radius: 4px; flex-grow: 0; height: 14px; margin-bottom: 6px; width: 224px;\"><\/div>\n<div style=\"background-color: #f4f4f4; border-radius: 4px; flex-grow: 0; height: 14px; width: 144px;\"><\/div>\n<\/div>\n<p>&nbsp;<\/p>\n<p style=\"color: #c9c8cd; font-family: Arial,sans-serif; font-size: 14px; line-height: 17px; margin-bottom: 0; margin-top: 8px; overflow: hidden; padding: 8px 0 7px; text-align: center; text-overflow: ellipsis; white-space: nowrap;\"><a style=\"color: #c9c8cd; font-family: Arial,sans-serif; font-size: 14px; font-style: normal; font-weight: normal; line-height: 17px; text-decoration: none;\" href=\"https:\/\/www.instagram.com\/p\/CWWHKaONyA0\/?utm_source=ig_embed&amp;utm_campaign=loading\" target=\"_blank\" rel=\"noopener\">Une publication partag\u00e9e par Le Gou\u0302t (@le_._gout)<\/a><\/p>\n<\/div>\n<\/blockquote>\n<p><script async src=\"\/\/www.instagram.com\/embed.js\"><\/script><\/p>\n<h3><b>5-<\/b><span style=\"font-weight: 400;\">\u00a0 <\/span><b>La Table Rustique : l\u2019endroit parfait pour satisfaire votre app\u00e9tit<\/b><\/h3>\n<p><span style=\"font-weight: 400;\">La table rustique vous accompagne dans un magnifique seuil de satisfaction. Une cuisine \u00e9volu\u00e9e avec des prix d\u00e9fiant toute concurrence. L&rsquo;\u00e9picerie \u00ab La table Rustique \u00bb est ouverte depuis quelques mois, et est situ\u00e9e dans un h\u00f4tel \u00e0 l&rsquo;avenue Louise.\u00a0<\/span><\/p>\n<p><span style=\"font-weight: 400;\">Il pr\u00e9sente un d\u00e9cor fabuleux et tr\u00e8s exceptionnel. Devant ce centre, vous trouverez une petite boutique avec du pain, du th\u00e9, des jus de fruits et d&rsquo;autres produits. Le b\u00e2timent est robuste et calme, avec une structure et des meubles en bois.<\/span><\/p>\n<p><span style=\"font-weight: 400;\">La Table Rustique est ouverte tous les jours de 8h \u00e0 18h et les week-ends de 9h \u00e0 18h.<\/span><\/p>\n<p><span style=\"font-weight: 400;\">Adresse : 423, <a href=\"https:\/\/www.insidebrussels.be\/V2\/?s=Avenue%C2%A0+Louise\">Avenue\u00a0 Louise<\/a>, Arr\u00eat tram Abbaye Ligne 93, Bruxelles 1050 Belgique.<\/span><\/p>\n<blockquote class=\"instagram-media\" style=\"background: #FFF; border: 0; border-radius: 3px; box-shadow: 0 0 1px 0 rgba(0,0,0,0.5),0 1px 10px 0 rgba(0,0,0,0.15); margin: 1px; max-width: 540px; min-width: 326px; padding: 0; width: calc(100% - 2px);\" data-instgrm-captioned=\"\" data-instgrm-permalink=\"https:\/\/www.instagram.com\/p\/B8LrKSjgCYb\/?utm_source=ig_embed&amp;utm_campaign=loading\" data-instgrm-version=\"14\">\n<div style=\"padding: 16px;\">\n<p>&nbsp;<\/p>\n<div style=\"display: flex; flex-direction: row; align-items: center;\">\n<div style=\"background-color: #f4f4f4; border-radius: 50%; flex-grow: 0; height: 40px; margin-right: 14px; width: 40px;\"><\/div>\n<div style=\"display: flex; flex-direction: column; flex-grow: 1; justify-content: center;\">\n<div style=\"background-color: #f4f4f4; border-radius: 4px; flex-grow: 0; height: 14px; margin-bottom: 6px; width: 100px;\"><\/div>\n<div style=\"background-color: #f4f4f4; border-radius: 4px; flex-grow: 0; height: 14px; width: 60px;\"><\/div>\n<\/div>\n<\/div>\n<div style=\"padding: 19% 0;\"><\/div>\n<div style=\"display: block; height: 50px; margin: 0 auto 12px; width: 50px;\"><\/div>\n<div style=\"padding-top: 8px;\">\n<div style=\"color: #3897f0; font-family: Arial,sans-serif; font-size: 14px; font-style: normal; font-weight: 550; line-height: 18px;\">Voir cette publication sur Instagram<\/div>\n<\/div>\n<div style=\"padding: 12.5% 0;\"><\/div>\n<div style=\"display: flex; flex-direction: row; margin-bottom: 14px; align-items: center;\">\n<div>\n<div style=\"background-color: #f4f4f4; border-radius: 50%; height: 12.5px; width: 12.5px; transform: translateX(0px) translateY(7px);\"><\/div>\n<div style=\"background-color: #f4f4f4; height: 12.5px; transform: rotate(-45deg) translateX(3px) translateY(1px); width: 12.5px; flex-grow: 0; margin-right: 14px; margin-left: 2px;\"><\/div>\n<div style=\"background-color: #f4f4f4; border-radius: 50%; height: 12.5px; width: 12.5px; transform: translateX(9px) translateY(-18px);\"><\/div>\n<\/div>\n<div style=\"margin-left: 8px;\">\n<div style=\"background-color: #f4f4f4; border-radius: 50%; flex-grow: 0; height: 20px; width: 20px;\"><\/div>\n<div style=\"width: 0; height: 0; border-top: 2px solid transparent; border-left: 6px solid #f4f4f4; border-bottom: 2px solid transparent; transform: translateX(16px) translateY(-4px) rotate(30deg);\"><\/div>\n<\/div>\n<div style=\"margin-left: auto;\">\n<div style=\"width: 0px; border-top: 8px solid #F4F4F4; border-right: 8px solid transparent; transform: translateY(16px);\"><\/div>\n<div style=\"background-color: #f4f4f4; flex-grow: 0; height: 12px; width: 16px; transform: translateY(-4px);\"><\/div>\n<div style=\"width: 0; height: 0; border-top: 8px solid #F4F4F4; border-left: 8px solid transparent; transform: translateY(-4px) translateX(8px);\"><\/div>\n<\/div>\n<\/div>\n<div style=\"display: flex; flex-direction: column; flex-grow: 1; justify-content: center; margin-bottom: 24px;\">\n<div style=\"background-color: #f4f4f4; border-radius: 4px; flex-grow: 0; height: 14px; margin-bottom: 6px; width: 224px;\"><\/div>\n<div style=\"background-color: #f4f4f4; border-radius: 4px; flex-grow: 0; height: 14px; width: 144px;\"><\/div>\n<\/div>\n<p>&nbsp;<\/p>\n<p style=\"color: #c9c8cd; font-family: Arial,sans-serif; font-size: 14px; line-height: 17px; margin-bottom: 0; margin-top: 8px; overflow: hidden; padding: 8px 0 7px; text-align: center; text-overflow: ellipsis; white-space: nowrap;\"><a style=\"color: #c9c8cd; font-family: Arial,sans-serif; font-size: 14px; font-style: normal; font-weight: normal; line-height: 17px; text-decoration: none;\" href=\"https:\/\/www.instagram.com\/p\/B8LrKSjgCYb\/?utm_source=ig_embed&amp;utm_campaign=loading\" target=\"_blank\" rel=\"noopener\">Une publication partag\u00e9e par La Table Rustique (@latablerustique)<\/a><\/p>\n<\/div>\n<\/blockquote>\n<p><script async src=\"\/\/www.instagram.com\/embed.js\"><\/script><\/p>\n","protected":false,"gt_translate_keys":[{"key":"rendered","format":"html"}]},"excerpt":{"rendered":"<p>Quelle est la meilleure \u00e9picerie fine \u00e0 Bruxelles ? Souhaitez-vous conna\u00eetre la liste des meilleures<\/p>\n","protected":false,"gt_translate_keys":[{"key":"rendered","format":"html"}]},"author":1,"featured_media":12292,"comment_status":"closed","ping_status":"closed","sticky":false,"template":"","format":"standard","meta":{"_lmt_disableupdate":"","_lmt_disable":"","footnotes":""},"categories":[517,10],"tags":[278],"class_list":["post-12290","post","type-post","status-publish","format-standard","has-post-thumbnail","hentry","category-magasin-bouche","category-manger-a-bruxelles","tag-best-of"],"modified_by":"pierre","amp_enabled":true,"gt_translate_keys":[{"key":"link","format":"url"}],"_links":{"self":[{"href":"https:\/\/www.insidebrussels.be\/V2\/wp-json\/wp\/v2\/posts\/12290","targetHints":{"allow":["GET"]}}],"collection":[{"href":"https:\/\/www.insidebrussels.be\/V2\/wp-json\/wp\/v2\/posts"}],"about":[{"href":"https:\/\/www.insidebrussels.be\/V2\/wp-json\/wp\/v2\/types\/post"}],"author":[{"embeddable":true,"href":"https:\/\/www.insidebrussels.be\/V2\/wp-json\/wp\/v2\/users\/1"}],"replies":[{"embeddable":true,"href":"https:\/\/www.insidebrussels.be\/V2\/wp-json\/wp\/v2\/comments?post=12290"}],"version-history":[{"count":3,"href":"https:\/\/www.insidebrussels.be\/V2\/wp-json\/wp\/v2\/posts\/12290\/revisions"}],"predecessor-version":[{"id":12303,"href":"https:\/\/www.insidebrussels.be\/V2\/wp-json\/wp\/v2\/posts\/12290\/revisions\/12303"}],"wp:featuredmedia":[{"embeddable":true,"href":"https:\/\/www.insidebrussels.be\/V2\/wp-json\/wp\/v2\/media\/12292"}],"wp:attachment":[{"href":"https:\/\/www.insidebrussels.be\/V2\/wp-json\/wp\/v2\/media?parent=12290"}],"wp:term":[{"taxonomy":"category","embeddable":true,"href":"https:\/\/www.insidebrussels.be\/V2\/wp-json\/wp\/v2\/categories?post=12290"},{"taxonomy":"post_tag","embeddable":true,"href":"https:\/\/www.insidebrussels.be\/V2\/wp-json\/wp\/v2\/tags?post=12290"}],"curies":[{"name":"wp","href":"https:\/\/api.w.org\/{rel}","templated":true}]}}