{"id":12405,"date":"2022-02-09T23:55:31","date_gmt":"2022-02-09T22:55:31","guid":{"rendered":"https:\/\/www.insidebrussels.be\/V2\/?p=12405"},"modified":"2022-12-23T00:58:26","modified_gmt":"2022-12-22T23:58:26","slug":"isaac-magasin-pour-acheter-pas-cher-a-bruxelles-action","status":"publish","type":"post","link":"https:\/\/www.insidebrussels.be\/V2\/bruxelles\/isaac-magasin-pour-acheter-pas-cher-a-bruxelles-action\/","title":{"rendered":"Magasin pour acheter pas cher \u00e0 Bruxelles: ACTION","gt_translate_keys":[{"key":"rendered","format":"text"}]},"content":{"rendered":"<h2>Tout savoir sur la cha\u00eene de magasins ACTION \u00e0 Bruxelles<\/h2>\n<p>Vous avez tr\u00e8s certainement entendu parler de la cha\u00eene de magasins ACTION\u00a0 \u00e0 Bruxelles. Ayant d\u00e9j\u00e0 ouvert plus de 198 magasins, elle avait annonc\u00e9 son ambition d\u2019aller \u00e0 200 d\u2019ici la fin de l\u2019ann\u00e9e 2021.<\/p>\n<p>Votre souhaitez d\u00e9couvrir plus sur les moindres d\u00e9tails concernant cette cha\u00eene o\u00f9 on peut acheter pas cher \u00e0 Bruxelles? Bienvenue alors dans votre guide du meilleur de Bruxelles.<\/p>\n<p>Ceci dit, les lignes qui vont suivre vous apporteront toutes les informations dont vous avez besoins sur la cha\u00eene de magasins ACTION \u00e0 Bruxelles.<\/p>\n<p>Si cet article vous int\u00e9resse, ne manquez pas ceux-ci:<\/p>\n<ul>\n<li><a href=\"https:\/\/www.insidebrussels.be\/V2\/bruxelles\/tag\/pas-cher\/\">Les meilleurs magasins pas cher \u00e0 Bruxelles<\/a><\/li>\n<li><a href=\"https:\/\/www.insidebrussels.be\/V2\/bruxelles\/docks-bruxelles-centre-commercial\/\">D\u00e9couvrez Docks<\/a><\/li>\n<\/ul>\n<p>Photo cover ACTION Belgique (c) Photo ACTION.belgie Facebook<\/p>\n<h3>La cha\u00eene de magasins ACTION \u00e0 Bruxelles\u00a0: Naissance e d\u00e9veloppement<\/h3>\n<p>Le magasin ACTION est une cha\u00eene Hard-discount de nature n\u00e9erlandaise. Elle est cr\u00e9\u00e9e la toute premi\u00e8re fois en 1993 et est disponible dans diff\u00e9rents pays tel que\u00a0: la France, la Belgique, l\u2019Allemagne, le Pays-Bas, l\u2019Autriche, la Pologne, l\u2019Italie, l\u2019Espagne et la Tch\u00e9quie. Elle dispose d\u2019un nombre de 1950 point de vente en majorit\u00e9.<\/p>\n<p>Dans toutes la Belgique, elle comptait \u00e0 son actif plus de 198 magasins. Mais en Novembre 2021 elle franchi le cap de 200. Ainsi elle lance l\u2019ouverture de son 200 \u00eame magasin \u00e0 Malines. Celui-ci comptera une surface de plus de 1000 m\u00e8tres carr\u00e9s et sera situ\u00e9 vers le centre commercial Malinas. Ce nouveau magasin vient prouver l\u2019\u00e9volution de la cha\u00eene ACTION en qualit\u00e9 de Discounter.<\/p>\n<blockquote class=\"instagram-media\" style=\"background: #FFF; border: 0; border-radius: 3px; box-shadow: 0 0 1px 0 rgba(0,0,0,0.5),0 1px 10px 0 rgba(0,0,0,0.15); margin: 1px; max-width: 540px; min-width: 326px; padding: 0; width: calc(100% - 2px);\" data-instgrm-captioned=\"\" data-instgrm-permalink=\"https:\/\/www.instagram.com\/p\/CZTv_9dqvg2\/?utm_source=ig_embed&amp;utm_campaign=loading\" data-instgrm-version=\"14\">\n<div style=\"padding: 16px;\">\n<p>&nbsp;<\/p>\n<div style=\"display: flex; flex-direction: row; align-items: center;\">\n<div style=\"background-color: #f4f4f4; border-radius: 50%; flex-grow: 0; height: 40px; margin-right: 14px; width: 40px;\"><\/div>\n<div style=\"display: flex; flex-direction: column; flex-grow: 1; justify-content: center;\">\n<div style=\"background-color: #f4f4f4; border-radius: 4px; flex-grow: 0; height: 14px; margin-bottom: 6px; width: 100px;\"><\/div>\n<div style=\"background-color: #f4f4f4; border-radius: 4px; flex-grow: 0; height: 14px; width: 60px;\"><\/div>\n<\/div>\n<\/div>\n<div style=\"padding: 19% 0;\"><\/div>\n<div style=\"display: block; height: 50px; margin: 0 auto 12px; width: 50px;\"><\/div>\n<div style=\"padding-top: 8px;\">\n<div style=\"color: #3897f0; font-family: Arial,sans-serif; font-size: 14px; font-style: normal; font-weight: 550; line-height: 18px;\">Ver esta publica\u00e7\u00e3o no Instagram<\/div>\n<\/div>\n<div style=\"padding: 12.5% 0;\"><\/div>\n<div style=\"display: flex; flex-direction: row; margin-bottom: 14px; align-items: center;\">\n<div>\n<div style=\"background-color: #f4f4f4; border-radius: 50%; height: 12.5px; width: 12.5px; transform: translateX(0px) translateY(7px);\"><\/div>\n<div style=\"background-color: #f4f4f4; height: 12.5px; transform: rotate(-45deg) translateX(3px) translateY(1px); width: 12.5px; flex-grow: 0; margin-right: 14px; margin-left: 2px;\"><\/div>\n<div style=\"background-color: #f4f4f4; border-radius: 50%; height: 12.5px; width: 12.5px; transform: translateX(9px) translateY(-18px);\"><\/div>\n<\/div>\n<div style=\"margin-left: 8px;\">\n<div style=\"background-color: #f4f4f4; border-radius: 50%; flex-grow: 0; height: 20px; width: 20px;\"><\/div>\n<div style=\"width: 0; height: 0; border-top: 2px solid transparent; border-left: 6px solid #f4f4f4; border-bottom: 2px solid transparent; transform: translateX(16px) translateY(-4px) rotate(30deg);\"><\/div>\n<\/div>\n<div style=\"margin-left: auto;\">\n<div style=\"width: 0px; border-top: 8px solid #F4F4F4; border-right: 8px solid transparent; transform: translateY(16px);\"><\/div>\n<div style=\"background-color: #f4f4f4; flex-grow: 0; height: 12px; width: 16px; transform: translateY(-4px);\"><\/div>\n<div style=\"width: 0; height: 0; border-top: 8px solid #F4F4F4; border-left: 8px solid transparent; transform: translateY(-4px) translateX(8px);\"><\/div>\n<\/div>\n<\/div>\n<div style=\"display: flex; flex-direction: column; flex-grow: 1; justify-content: center; margin-bottom: 24px;\">\n<div style=\"background-color: #f4f4f4; border-radius: 4px; flex-grow: 0; height: 14px; margin-bottom: 6px; width: 224px;\"><\/div>\n<div style=\"background-color: #f4f4f4; border-radius: 4px; flex-grow: 0; height: 14px; width: 144px;\"><\/div>\n<\/div>\n<p>&nbsp;<\/p>\n<p style=\"color: #c9c8cd; font-family: Arial,sans-serif; font-size: 14px; line-height: 17px; margin-bottom: 0; margin-top: 8px; overflow: hidden; padding: 8px 0 7px; text-align: center; text-overflow: ellipsis; white-space: nowrap;\"><a style=\"color: #c9c8cd; font-family: Arial,sans-serif; font-size: 14px; font-style: normal; font-weight: normal; line-height: 17px; text-decoration: none;\" href=\"https:\/\/www.instagram.com\/p\/CZTv_9dqvg2\/?utm_source=ig_embed&amp;utm_campaign=loading\" target=\"_blank\" rel=\"noopener\">Uma publica\u00e7\u00e3o partilhada por ACTION Belgique\u00ae (@ACTION.belgique)<\/a><\/p>\n<\/div>\n<\/blockquote>\n<p><script async src=\"\/\/www.instagram.com\/embed.js\"><\/script><\/p>\n<h3>Les objectifs de la cha\u00eene ACTION avec Gondola Franck Van Rutten<\/h3>\n<p>Au d\u00e9part, le but avec la cha\u00eene ACTION \u00e9tait de l\u2019installer dans les meilleurs endroits outre les centres villes. Cependant, avec le temps les choses ont chang\u00e9. Aujourd\u2019hui la cha\u00eene ACTION pr\u00f4ne pour un d\u00e9veloppement mixte. Elle cr\u00e9e la plupart de ces magasins \u00e0 c\u00f4t\u00e9 des centres commerciaux. Ce fut le cas dans diff\u00e9rents endroits tel que : le Docks \u00e0 Bruxelles, \u00e0 la Rive Gauches de Charleroi, \u00e0 Media cit\u00e9 de li\u00e8ge et aussi Meir \u00e0 Anvers.<\/p>\n<p>La cha\u00eene ne cesse de gagner en popularit\u00e9 et en visibilit\u00e9 depuis son installation en Belgique. Elle ne pense pas s\u2019en arr\u00eater l\u00e0 mais souhaite multiplier ses emplacement en instaurant des infrastructures et une grandes diversit\u00e9 de places de parking. Ceci pour \u00e9tendre beaucoup plus ses activit\u00e9s et touch\u00e9 beaucoup plus de clients cibles. Vous pourrez trouver le tout nouveau centre de la cha\u00eene ACTION dans la zone 455 de Malines. <a href=\"https:\/\/www.insidebrussels.be\/V2\/bruxelles\/category\/shopping\/\">Les fans de shopping<\/a> savent o\u00f9 les trouver<\/p>\n<h3>300 nouveaux magasins dans 9 pays : d\u00e9fis de la cha\u00eene de magasin ACTION<\/h3>\n<p>La cha\u00eene ACTION n\u00e9erlandaise d\u00e9sirs exploser son chiffre d\u2019affaires en cr\u00e9ant 300 nouveaux magasins dans diff\u00e9rents pays de par le monde.<\/p>\n<p>Tr\u00e8s connu pour ses articles bon march\u00e9 et pas cher, ACTION ouvre encore une grande majorit\u00e9 de magasin dans la r\u00e9publique tch\u00e8que. Ceci vient apr\u00e8s une tr\u00e8s belle exp\u00e9rience ayant suscit\u00e9 de tr\u00e8s bon r\u00e9sultats lors de la cr\u00e9ation de cinq magasins.<\/p>\n<p>Aussi en Italie elle ouvre deux diff\u00e9rents magasins qui s\u2019av\u00e8re \u00eatre une totale r\u00e9ussite.\u00a0 En 2022, la cha\u00eene ACTION pr\u00e9voit mettre en place plusieurs magasins en Espagne. De m\u00eame, 2 nouveaux centres de vente seront install\u00e9s en Pologne et en Slovaquie.<\/p>\n<p>Chaque magasin de la chaine ACTION propose plus de 6000 produits de tr\u00e8s haute qualit\u00e9 dans 14 cat\u00e9gories diff\u00e9rentes. Les produits sont vendus \u00e0 des prix d\u00e9fiant la concurrence.<\/p>\n<p><a href=\"https:\/\/fr.wikipedia.org\/wiki\/Action_(enseigne)\" target=\"_blank\" rel=\"noopener\">La cha\u00eene de magasin ACTION<\/a> \u00e0 Bruxelles est ouverte du lundi au vendredi de 9h 00 \u00e0 18h00. Ils sont ferm\u00e9s le weekend.<\/p>\n<h3>O\u00f9 se trouvent les magasins ACTIONS \u00e0 Bruxelles ?<\/h3>\n<div class=\"cXedhc\">\n<div class=\"rllt__details\">\n<ul>\n<li class=\"dbg0pd OSrXXb\" role=\"heading\" aria-level=\"3\"><strong>ACTION Schaerbeek<\/strong> Rue de Gen\u00e8ve 512, 1030 Schaerbeekm Lundi-Samedi 9h00 &#8211; 19h00<\/li>\n<li role=\"heading\" aria-level=\"3\"><strong>ACTION<\/strong> <strong>DROGENBOS<\/strong> Paul Gilsonlaan 486, 1620 Drogenbos Lundi-Samedi 9h00 &#8211; 18h30<\/li>\n<li role=\"heading\" aria-level=\"3\"><strong>ACTION IXELLES<\/strong> Chau. d&rsquo;Ixelles 41\/43, 1050 Ixelles Lundi-Samedi 9h00 &#8211; 19h00<\/li>\n<li role=\"heading\" aria-level=\"3\"><strong>ACTION DOCK Brussels<\/strong> Bd Lambermont 1, 1000 Bruxelles Bd Lambermont 1, 1000 Bruxelles 09:00\u201319:00 , Dimanche 09h00 &#8211; 20h00<\/li>\n<li role=\"heading\" aria-level=\"3\"><strong>ACTION ANDERLERCHT<\/strong> <span class=\"w8qArf\">\u00a0<\/span><span class=\"LrzXr\">Av. Raymond Vander Bruggen 28, 1070 Anderlecht<\/span><\/li>\n<li role=\"heading\" aria-level=\"3\"><strong>ACTION MOLENBEEK<\/strong>\n<ul>\n<li role=\"heading\" aria-level=\"3\">Chau. de Ninove 281, 1080 Molenbeek-Saint-Jean Lundi-Samedi 9h00 &#8211; 19h00<\/li>\n<li role=\"heading\" aria-level=\"3\"><span class=\"w8qArf\">\u00a0<\/span><span class=\"LrzXr\">Chau. de Gand 389, 1080 Molenbeek-Saint-Jean<\/span><\/li>\n<\/ul>\n<\/li>\n<\/ul>\n<p>En savoir plus sur le site officiel <a href=\"https:\/\/www.ACTION.com\/fr-be\/\" target=\"_blank\" rel=\"noopener\">https:\/\/www.ACTION.com\/fr-be\/<\/a><\/p>\n<\/div>\n<\/div>\n","protected":false,"gt_translate_keys":[{"key":"rendered","format":"html"}]},"excerpt":{"rendered":"<p>Tout savoir sur la cha\u00eene de magasins ACTION \u00e0 Bruxelles Vous avez tr\u00e8s certainement entendu<\/p>\n","protected":false,"gt_translate_keys":[{"key":"rendered","format":"html"}]},"author":1,"featured_media":12409,"comment_status":"closed","ping_status":"closed","sticky":false,"template":"","format":"standard","meta":{"_lmt_disableupdate":"","_lmt_disable":"","footnotes":""},"categories":[31],"tags":[174],"class_list":["post-12405","post","type-post","status-publish","format-standard","has-post-thumbnail","hentry","category-shopping","tag-pas-cher"],"modified_by":"pierre","amp_enabled":true,"gt_translate_keys":[{"key":"link","format":"url"}],"_links":{"self":[{"href":"https:\/\/www.insidebrussels.be\/V2\/wp-json\/wp\/v2\/posts\/12405","targetHints":{"allow":["GET"]}}],"collection":[{"href":"https:\/\/www.insidebrussels.be\/V2\/wp-json\/wp\/v2\/posts"}],"about":[{"href":"https:\/\/www.insidebrussels.be\/V2\/wp-json\/wp\/v2\/types\/post"}],"author":[{"embeddable":true,"href":"https:\/\/www.insidebrussels.be\/V2\/wp-json\/wp\/v2\/users\/1"}],"replies":[{"embeddable":true,"href":"https:\/\/www.insidebrussels.be\/V2\/wp-json\/wp\/v2\/comments?post=12405"}],"version-history":[{"count":7,"href":"https:\/\/www.insidebrussels.be\/V2\/wp-json\/wp\/v2\/posts\/12405\/revisions"}],"predecessor-version":[{"id":16996,"href":"https:\/\/www.insidebrussels.be\/V2\/wp-json\/wp\/v2\/posts\/12405\/revisions\/16996"}],"wp:featuredmedia":[{"embeddable":true,"href":"https:\/\/www.insidebrussels.be\/V2\/wp-json\/wp\/v2\/media\/12409"}],"wp:attachment":[{"href":"https:\/\/www.insidebrussels.be\/V2\/wp-json\/wp\/v2\/media?parent=12405"}],"wp:term":[{"taxonomy":"category","embeddable":true,"href":"https:\/\/www.insidebrussels.be\/V2\/wp-json\/wp\/v2\/categories?post=12405"},{"taxonomy":"post_tag","embeddable":true,"href":"https:\/\/www.insidebrussels.be\/V2\/wp-json\/wp\/v2\/tags?post=12405"}],"curies":[{"name":"wp","href":"https:\/\/api.w.org\/{rel}","templated":true}]}}