{"id":12467,"date":"2022-11-12T13:40:53","date_gmt":"2022-11-12T12:40:53","guid":{"rendered":"https:\/\/www.insidebrussels.be\/V2\/?p=12467"},"modified":"2024-05-28T22:00:30","modified_gmt":"2024-05-28T20:00:30","slug":"les-chateaux-a-bruxelles-que-vous-navez-jamais-vu","status":"publish","type":"post","link":"https:\/\/www.insidebrussels.be\/V2\/bruxelles\/les-chateaux-a-bruxelles-que-vous-navez-jamais-vu\/","title":{"rendered":"Les 7 meilleurs ch\u00e2teaux \u00e0 d\u00e9vourir pr\u00e8s de Bruxelles","gt_translate_keys":[{"key":"rendered","format":"text"}]},"content":{"rendered":"\n<p>Bruxelles regorge de tr\u00e9sors historiques, et ses ch\u00e2teaux en sont des t\u00e9moins majestueux. Plongez dans l&rsquo;histoire fascinante et l&rsquo;architecture grandiose des plus beaux ch\u00e2teaux pr\u00e8s de la capitale belge, pour une escapade inoubliable. Dans cet article, vous d\u00e9couvrirez des merveilles telles que le Ch\u00e2teau de Laeken, r\u00e9sidence royale, et les somptueux jardins du Ch\u00e2teau de Gaasbeek.<\/p>\n\n\n\n<h2 class=\"wp-block-heading\">N&rsquo;attendez pas la journ\u00e9e des ch\u00e2teaux pour les d\u00e9courir<\/h2>\n\n\n\n<p>N&rsquo;attendez pas le 19 juillet, journ\u00e9e des ch\u00e2teaux, pour en visiter un. Si vous pensiez que <a href=\"https:\/\/www.insidebrussels.be\/V2\/bruxelles\/les-endroits-caches-insolites-et-secrets-a-bruxelles\/\">les seuls vestiges m\u00e9di\u00e9vaux \u00e0 Bruxelles sont la porte de Halle<\/a>, vous vous trompez! Vous n&rsquo;auriez pas assez avec une journ\u00e9e pour faire le tour des ch\u00e2teaux \u00e0 Bruxelles.<\/p>\n\n\n\n<p>D\u00e9couvrez<strong> l&rsquo;histoire et la grandeur des ch\u00e2teaux lors de vos balades \u00e0 Bruxelles.<\/strong> Nous avons s\u00e9lectionn\u00e9 <strong>les meilleurs ch\u00e2teaux de la r\u00e9gion. <\/strong>Nous vous emm\u00e8nons dans un voyage captivant \u00e0 travers le temps.<\/p>\n\n\n\n<p>Peut-\u00eatre vous l&rsquo;ignoriez, mais<strong> c\u2019est ici m\u00eame en Belgique que vous pourrez trouver le plus grand nombre de ch\u00e2teaux au kilom\u00e8tre carr\u00e9<\/strong> ? Bienque le plupart soient des domaines priv\u00e9s, sachez que beaucoup d&rsquo;autres ouvrent leurs portes de leur domaine aux visiteurs. Id\u00e9al en amoureux ou avec les enfants \u00e0 Bruxelles. Voici ci-dessous notre petite s\u00e9lection pour une excursion qui ravira petits et grands.<\/p>\n\n\n\n<p>Du majestueux<a href=\"https:\/\/fr.wikipedia.org\/wiki\/Ch%C3%A2teau_de_Laeken\" target=\"_blank\" rel=\"noreferrer noopener\"> <strong>ch\u00e2teau de Laeken<\/strong><\/a>, r\u00e9sidence officielle de la famille royale belge, aux magnifiques jardins du ch\u00e2teau de <a href=\"https:\/\/www.kasteelvangaasbeek.be\/\" target=\"_blank\" rel=\"noreferrer noopener\"><strong>Gaasbeek<\/strong><\/a>, chaque site est impr\u00e9gn\u00e9 de charme et de splendeur. Explorez les salles richement d\u00e9cor\u00e9es, admirez <strong>l&rsquo;architecture impressionnante<\/strong> et promenez-vous dans les jardins luxuriants. Que vous soyez passionn\u00e9s d&rsquo;histoire,<a href=\"https:\/\/www.insidebrussels.be\/V2\/bruxelles\/event-venue\/musee-dart-et-dhistoire\/\"> amateurs d&rsquo;art<\/a> ou tout simplement en qu\u00eate <a href=\"https:\/\/www.insidebrussels.be\/V2\/bruxelles\/les-meilleurs-choses-a-faire-si-vous-etes-2-jours-a-bruxelles\/\">d&rsquo;une escapade romantique,<\/a> ces ch\u00e2teaux bruxellois vous promettent des moments d&rsquo;\u00e9merveillement et de d\u00e9connexion totale.<\/p>\n\n\n\n<p>Pr\u00e9parez-vous \u00e0 plonger dans l&rsquo;univers fascinant de l&rsquo;aristocratie et \u00e0 vous impr\u00e9gner de la beaut\u00e9 intemporelle de ces joyaux architecturaux lors de vos balades \u00e0 Bruxelles.<\/p>\n\n\n\n<p><em>(c) Photo Cover aris.setya, Ch\u00e3teau de Bruxelles<\/em><\/p>\n\n\n\n<p>Avant d&rsquo;aller plus loin, ci cet article vous int\u00e9resse, vous aimerez aussi<\/p>\n\n\n\n<ul class=\"wp-block-list\">\n<li><a href=\"https:\/\/www.insidebrussels.be\/V2\/bruxelles\/tag\/activites-avec-enfants\/\">Bruxelles avec les enfants, nos meilleures activit\u00e9s<\/a><\/li>\n\n\n\n<li><a href=\"https:\/\/www.insidebrussels.be\/V2\/bruxelles\/tag\/en-amoureux\/\">Bruxelles en amoureux, meilleures choses \u00e0 faire<\/a><\/li>\n\n\n\n<li><a href=\"https:\/\/www.insidebrussels.be\/V2\/bruxelles\/category\/tourisme-a-bruxelles\/nature-parc-jardin-vert-bruxelles\/\">Nature, parcs et jardins \u00e0 Bruxelles<\/a><\/li>\n<\/ul>\n\n\n\n<h2 class=\"wp-block-heading\">Voici les ch\u00e2teaux que nous avons aim\u00e9 pr\u00e8s de Bruxelles<\/h2>\n\n\n\n<h3 class=\"wp-block-heading\">1. Ch\u00e2teau de Huizingen<\/h3>\n\n\n\n<figure class=\"wp-block-gallery has-nested-images columns-default is-cropped wp-block-gallery-2 is-layout-flex wp-block-gallery-is-layout-flex\">\n<figure class=\"wp-block-image size-large\"><a href=\"https:\/\/www.insidebrussels.be\/V2\/wp-content\/uploads\/2024\/05\/0B2F8A3A-5431-4E40-AE38-DBD5B632168B.jpeg\"><img decoding=\"async\" width=\"1024\" height=\"768\" data-id=\"16239\" src=\"https:\/\/www.insidebrussels.be\/V2\/wp-content\/uploads\/2024\/05\/0B2F8A3A-5431-4E40-AE38-DBD5B632168B-1024x768.jpeg\" alt=\"Chateau de Huizingen (c) Pierre Halleux\" class=\"wp-image-16239\" srcset=\"https:\/\/www.insidebrussels.be\/V2\/wp-content\/uploads\/2024\/05\/0B2F8A3A-5431-4E40-AE38-DBD5B632168B-1024x768.jpeg 1024w, https:\/\/www.insidebrussels.be\/V2\/wp-content\/uploads\/2024\/05\/0B2F8A3A-5431-4E40-AE38-DBD5B632168B-300x225.jpeg 300w, https:\/\/www.insidebrussels.be\/V2\/wp-content\/uploads\/2024\/05\/0B2F8A3A-5431-4E40-AE38-DBD5B632168B-768x576.jpeg 768w, https:\/\/www.insidebrussels.be\/V2\/wp-content\/uploads\/2024\/05\/0B2F8A3A-5431-4E40-AE38-DBD5B632168B-1536x1152.jpeg 1536w, https:\/\/www.insidebrussels.be\/V2\/wp-content\/uploads\/2024\/05\/0B2F8A3A-5431-4E40-AE38-DBD5B632168B-720x540.jpeg 720w, https:\/\/www.insidebrussels.be\/V2\/wp-content\/uploads\/2024\/05\/0B2F8A3A-5431-4E40-AE38-DBD5B632168B.jpeg 1920w\" sizes=\"(max-width: 1024px) 100vw, 1024px\" \/><\/a><figcaption class=\"wp-element-caption\">Chateau de Huizingen (c) Pierre Halleux<\/figcaption><\/figure>\n\n\n\n<figure class=\"wp-block-image size-large\"><a href=\"https:\/\/www.insidebrussels.be\/V2\/wp-content\/uploads\/2024\/05\/D2A318B1-D869-4DFA-9282-EDF043EB46F3.jpeg\"><img decoding=\"async\" width=\"1024\" height=\"768\" data-id=\"16238\" src=\"https:\/\/www.insidebrussels.be\/V2\/wp-content\/uploads\/2024\/05\/D2A318B1-D869-4DFA-9282-EDF043EB46F3-1024x768.jpeg\" alt=\"Plan du Chateau de Huizingen (c) Pierre Halleux\" class=\"wp-image-16238\" srcset=\"https:\/\/www.insidebrussels.be\/V2\/wp-content\/uploads\/2024\/05\/D2A318B1-D869-4DFA-9282-EDF043EB46F3-1024x768.jpeg 1024w, https:\/\/www.insidebrussels.be\/V2\/wp-content\/uploads\/2024\/05\/D2A318B1-D869-4DFA-9282-EDF043EB46F3-300x225.jpeg 300w, https:\/\/www.insidebrussels.be\/V2\/wp-content\/uploads\/2024\/05\/D2A318B1-D869-4DFA-9282-EDF043EB46F3-768x576.jpeg 768w, https:\/\/www.insidebrussels.be\/V2\/wp-content\/uploads\/2024\/05\/D2A318B1-D869-4DFA-9282-EDF043EB46F3-1536x1152.jpeg 1536w, https:\/\/www.insidebrussels.be\/V2\/wp-content\/uploads\/2024\/05\/D2A318B1-D869-4DFA-9282-EDF043EB46F3-720x540.jpeg 720w, https:\/\/www.insidebrussels.be\/V2\/wp-content\/uploads\/2024\/05\/D2A318B1-D869-4DFA-9282-EDF043EB46F3.jpeg 1920w\" sizes=\"(max-width: 1024px) 100vw, 1024px\" \/><\/a><figcaption class=\"wp-element-caption\">Plan du Chateau de Huizingen (c) Pierre Halleux<\/figcaption><\/figure>\n\n\n\n<figure class=\"wp-block-image size-large\"><a href=\"https:\/\/www.insidebrussels.be\/V2\/wp-content\/uploads\/2024\/05\/5D6D0E58-B774-4116-A6ED-45A63CABF3E7.jpeg\"><img decoding=\"async\" width=\"1024\" height=\"768\" data-id=\"16237\" src=\"https:\/\/www.insidebrussels.be\/V2\/wp-content\/uploads\/2024\/05\/5D6D0E58-B774-4116-A6ED-45A63CABF3E7-1024x768.jpeg\" alt=\"Plan du Chateau de Huizingen (c) Pierre Halleux\" class=\"wp-image-16237\" srcset=\"https:\/\/www.insidebrussels.be\/V2\/wp-content\/uploads\/2024\/05\/5D6D0E58-B774-4116-A6ED-45A63CABF3E7-1024x768.jpeg 1024w, https:\/\/www.insidebrussels.be\/V2\/wp-content\/uploads\/2024\/05\/5D6D0E58-B774-4116-A6ED-45A63CABF3E7-300x225.jpeg 300w, https:\/\/www.insidebrussels.be\/V2\/wp-content\/uploads\/2024\/05\/5D6D0E58-B774-4116-A6ED-45A63CABF3E7-768x576.jpeg 768w, https:\/\/www.insidebrussels.be\/V2\/wp-content\/uploads\/2024\/05\/5D6D0E58-B774-4116-A6ED-45A63CABF3E7-1536x1152.jpeg 1536w, https:\/\/www.insidebrussels.be\/V2\/wp-content\/uploads\/2024\/05\/5D6D0E58-B774-4116-A6ED-45A63CABF3E7-720x540.jpeg 720w, https:\/\/www.insidebrussels.be\/V2\/wp-content\/uploads\/2024\/05\/5D6D0E58-B774-4116-A6ED-45A63CABF3E7.jpeg 1920w\" sizes=\"(max-width: 1024px) 100vw, 1024px\" \/><\/a><figcaption class=\"wp-element-caption\">Plan du Chateau de Huizingen (c) Pierre Halleux<\/figcaption><\/figure>\n<\/figure>\n\n\n\n<p>Si vous ne connaissez pas encore le domaine Provincial de HUIZINGEN, ajoutez le sur votre agenda. Vous y trouverez un magnifique ch\u00e2teau ainsi qu&rsquo;<a href=\"https:\/\/www.insidebrussels.be\/V2\/bruxelles\/quelles-sont-les-meilleures-piscines-a-bruxelles\/\">une piscine en plein air<\/a>. L&rsquo;endroit l\u2019endroit par excellence pour vous changer les id\u00e9es le weekend. Vous pourrez \u00e9galement y voir des animaux avec les enfants, comme dans un zoo. <a href=\"http:\/\/www.kasteelvanhuizingen.be\/\" target=\"_blank\" rel=\"noreferrer noopener\">En savoir plus ici<\/a><\/p>\n\n\n\n<p>\ud83d\udccd<\/p>\n\n\n\n<p>\ud83c\udf10 <strong>Site Web<\/strong><\/p>\n\n\n\n<h3 class=\"wp-block-heading\">2. Le Pavillon Chinois<\/h3>\n\n\n<div class=\"wp-block-image wp-image-14649 size-large\">\n<figure class=\"aligncenter\"><img decoding=\"async\" width=\"1024\" height=\"1024\" src=\"https:\/\/www.insidebrussels.be\/V2\/wp-content\/uploads\/2023\/06\/0F2A9020-39D5-4226-B11C-BD9DC06DA648-1024x1024.jpeg\" alt=\"Pavillon Chinois \u00e0 Bruxelles (c) Pierre Halleux\" class=\"wp-image-14649\" srcset=\"https:\/\/www.insidebrussels.be\/V2\/wp-content\/uploads\/2023\/06\/0F2A9020-39D5-4226-B11C-BD9DC06DA648-scaled.jpeg 1024w, https:\/\/www.insidebrussels.be\/V2\/wp-content\/uploads\/2023\/06\/0F2A9020-39D5-4226-B11C-BD9DC06DA648-300x300.jpeg 300w, https:\/\/www.insidebrussels.be\/V2\/wp-content\/uploads\/2023\/06\/0F2A9020-39D5-4226-B11C-BD9DC06DA648-150x150.jpeg 150w, https:\/\/www.insidebrussels.be\/V2\/wp-content\/uploads\/2023\/06\/0F2A9020-39D5-4226-B11C-BD9DC06DA648-768x768.jpeg 768w, https:\/\/www.insidebrussels.be\/V2\/wp-content\/uploads\/2023\/06\/0F2A9020-39D5-4226-B11C-BD9DC06DA648-1536x1536.jpeg 1536w, https:\/\/www.insidebrussels.be\/V2\/wp-content\/uploads\/2023\/06\/0F2A9020-39D5-4226-B11C-BD9DC06DA648-2048x2048.jpeg 2048w\" sizes=\"(max-width: 1024px) 100vw, 1024px\" \/><figcaption class=\"wp-element-caption\">Pavillon Chinois \u00e0 Bruxelles (c) Pierre Halleux<\/figcaption><\/figure><\/div>\n\n\n<p>Nous vous avions d\u00e9ja parl\u00e9 de <a href=\"https:\/\/www.insidebrussels.be\/V2\/bruxelles\/visiter-bruxelles-en-un-weekend-les-immanquables\/\">ce pavillon situ\u00e9 dans le domaine de LAEKEN pr\u00e9c\u00e9demment.<\/a> Ne le manquez pas. Celui-ci est facilement accessible en transport en commun.<\/p>\n\n\n\n<p>\ud83d\udccd <strong>Adresse :<\/strong> Avenue de la Dynastie 17, 1020 Bruxelles, Belgique<\/p>\n\n\n\n<p>\ud83c\udf10 <strong>Site Web<\/strong> : <a href=\"https:\/\/www.regiedesbatiments.be\/fr\/projects\/pavillon-chinois\">Pavillon Chinois | R\u00e9gie des B\u00e2timents (regiedesbatiments.be)<\/a><\/p>\n\n\n\n<h3 class=\"wp-block-heading\">3. La tour de la porte de HALLE<\/h3>\n\n\n\n<figure class=\"wp-block-image size-full\"><a href=\"https:\/\/www.insidebrussels.be\/V2\/wp-content\/uploads\/2022\/11\/639px-Bruxelles_Porte_de_Hal_5.jpg\"><img decoding=\"async\" width=\"639\" height=\"899\" src=\"https:\/\/www.insidebrussels.be\/V2\/wp-content\/uploads\/2022\/11\/639px-Bruxelles_Porte_de_Hal_5.jpg\" alt=\"Chateau Tour de Hale sur Wikipedia (c) Zairon\" class=\"wp-image-16363\" srcset=\"https:\/\/www.insidebrussels.be\/V2\/wp-content\/uploads\/2022\/11\/639px-Bruxelles_Porte_de_Hal_5.jpg 639w, https:\/\/www.insidebrussels.be\/V2\/wp-content\/uploads\/2022\/11\/639px-Bruxelles_Porte_de_Hal_5-213x300.jpg 213w\" sizes=\"(max-width: 639px) 100vw, 639px\" \/><\/a><figcaption class=\"wp-element-caption\">Chateau Tour de Hale sur Wikipedia (c) Zairon<\/figcaption><\/figure>\n\n\n\n<p>\ud83c\udff0 Nich\u00e9 \u00e0 la p\u00e9riph\u00e9rie de Bruxelles, le Ch\u00e2teau de la Tour de Halle est un v\u00e9ritable joyau m\u00e9di\u00e9val. \u00c9rig\u00e9 au 15\u00e8me si\u00e8cle, ce ch\u00e2teau enchanteur est entour\u00e9 de douves pittoresques et de fortifications impressionnantes. En vous promenant dans ses jardins, vous serez transport\u00e9s dans le pass\u00e9, au c\u0153ur de l&rsquo;histoire belge. Parfait pour une escapade romantique ou une sortie en famille, la Tour de Halle offre un m\u00e9lange captivant de beaut\u00e9 architecturale et de s\u00e9r\u00e9nit\u00e9 naturelle. Ne manquez pas cette merveille lors de votre prochaine balade \u00e0 Bruxelles ! \ud83c\udf3f\ud83d\udd17<\/p>\n\n\n\n<p>\ud83d\udccdBoulevard du Midi 150, 1000 Bruxelles, Belgique<\/p>\n\n\n\n<p>\ud83c\udf10 <strong>Site Web<\/strong> : <a href=\"https:\/\/www.hallegatemuseum.be\/fr\">Porte de Hal hallegatemuseum.be)<\/a><\/p>\n\n\n\n<h3 class=\"wp-block-heading\">4. Le Ch\u00e2teau SOLVAY de la HULPE &#8211; id\u00e9al pour vos pic-nic<\/h3>\n\n\n<div class=\"wp-block-image wp-image-14657 size-large\">\n<figure class=\"aligncenter\"><img decoding=\"async\" width=\"1024\" height=\"767\" src=\"https:\/\/www.insidebrussels.be\/V2\/wp-content\/uploads\/2023\/06\/A5951007-0B10-4579-9B47-397C07E4DCF9-1024x767.jpeg\" alt=\"Chateau de la Hulpe (c) Pierre Halleux\" class=\"wp-image-14657\" srcset=\"https:\/\/www.insidebrussels.be\/V2\/wp-content\/uploads\/2023\/06\/A5951007-0B10-4579-9B47-397C07E4DCF9-1024x767.jpeg 1024w, https:\/\/www.insidebrussels.be\/V2\/wp-content\/uploads\/2023\/06\/A5951007-0B10-4579-9B47-397C07E4DCF9-300x225.jpeg 300w, https:\/\/www.insidebrussels.be\/V2\/wp-content\/uploads\/2023\/06\/A5951007-0B10-4579-9B47-397C07E4DCF9-768x575.jpeg 768w, https:\/\/www.insidebrussels.be\/V2\/wp-content\/uploads\/2023\/06\/A5951007-0B10-4579-9B47-397C07E4DCF9-720x540.jpeg 720w, https:\/\/www.insidebrussels.be\/V2\/wp-content\/uploads\/2023\/06\/A5951007-0B10-4579-9B47-397C07E4DCF9-scaled.jpeg 1078w\" sizes=\"(max-width: 1024px) 100vw, 1024px\" \/><figcaption class=\"wp-element-caption\">Chateau de la Hulpe (c) Pierre Halleux<\/figcaption><\/figure><\/div>\n\n\n<p>C&rsquo;est en 1893 que Ernest Solvay, Fondateur de la soci\u00e9t\u00e9 \u00ab Solvay &amp; Co \u00bb, ach\u00e8te cette propri\u00e9t\u00e9. Ici vous ne trouverez ni remparts, ni pont-levis. Il s&rsquo;agit plus d&rsquo;<a href=\"https:\/\/www.insidebrussels.be\/V2\/bruxelles\/centre-bande-dessinee-bruxelles-musee\/\">un ch\u00e2teau sorti tout droit de tintin, type Moulainsar,<\/a> Solvay a en fait acqui cette propri\u00e9te pour en faire sa r\u00e9sidence de vacances d&rsquo;\u00e9t\u00e9. C&rsquo;est \u00e0 l&rsquo;architecte <a href=\"https:\/\/www.insidebrussels.be\/V2\/bruxelles\/tag\/horta\/\">Victor Horta&nbsp;<\/a> qu&rsquo;il confie la mission d&rsquo;am\u00e9nagement int\u00e9rieurs du ch\u00e2teau Bruxellois. En fa\u00e7ade, une terrasse est am\u00e9nag\u00e9e. Egalement, le parc sera r\u00e9am\u00e9nag\u00e9 et le domaine agrandit. En 1920, celui-ci copmtait 490 hectares.<\/p>\n\n\n\n<p>A sa mort, le domaine de La Hulpe est partag\u00e9 entre ses deux fils et finalement ouvert au public. Entr\u00e9e gratuite dans le domaine, sympa pour vos pic-nic et balades d&rsquo;\u00e9te<\/p>\n\n\n\n<p>\ud83c\udf10 <strong>Site Web<\/strong><a href=\"http:\/\/chateaudelahulpe.be\/\" target=\"_blank\" rel=\"noreferrer noopener\">: ch\u00e3teau de la HULPE<\/a><\/p>\n\n\n\n<p>\ud83d\udccd <strong>Adresse :<\/strong> Chauss\u00e9e de Bruxelles 111, 1310 La Hulpe, Belgique<\/p>\n\n\n\n<h3 class=\"wp-block-heading\">5. Le ch\u00e2teau de BEERSEL<\/h3>\n\n\n\n<figure class=\"wp-block-image size-large\"><a href=\"https:\/\/www.insidebrussels.be\/V2\/wp-content\/uploads\/2024\/05\/Beersel_1.jpg\"><img decoding=\"async\" width=\"1024\" height=\"768\" src=\"https:\/\/www.insidebrussels.be\/V2\/wp-content\/uploads\/2024\/05\/Beersel_1-1024x768.jpg\" alt=\"\" class=\"wp-image-16364\" srcset=\"https:\/\/www.insidebrussels.be\/V2\/wp-content\/uploads\/2024\/05\/Beersel_1-1024x768.jpg 1024w, https:\/\/www.insidebrussels.be\/V2\/wp-content\/uploads\/2024\/05\/Beersel_1-300x225.jpg 300w, https:\/\/www.insidebrussels.be\/V2\/wp-content\/uploads\/2024\/05\/Beersel_1-768x576.jpg 768w, https:\/\/www.insidebrussels.be\/V2\/wp-content\/uploads\/2024\/05\/Beersel_1-1536x1152.jpg 1536w, https:\/\/www.insidebrussels.be\/V2\/wp-content\/uploads\/2024\/05\/Beersel_1-720x540.jpg 720w, https:\/\/www.insidebrussels.be\/V2\/wp-content\/uploads\/2024\/05\/Beersel_1.jpg 1920w\" sizes=\"(max-width: 1024px) 100vw, 1024px\" \/><\/a><figcaption class=\"wp-element-caption\">Par Alessia Tavcar \u2014 Travail personnel, CC BY-SA 3.0, https:\/\/commons.wikimedia.org\/w\/index.php?curid=24002621<\/figcaption><\/figure>\n\n\n\n<p>A moins que vous ne soyez un lecteur de Bob et Bobette ( \u00ab <a href=\"https:\/\/fr.wikipedia.org\/wiki\/Le_Tr%C3%A9sor_de_Beersel\" target=\"_blank\" rel=\"noreferrer noopener\">Le tr\u00e9sor de Beersel<\/a> \u00bb), vous n&rsquo;avez probablement jamais entendu parl\u00e9 de \u00ab\u00a0Beersel\u00a0\u00bb: il s&rsquo;agit pourtant d&rsquo;une commune belge situ\u00e9e en p\u00e9riph\u00e9rie sud de Bruxelles. Celle-ci se situee en R\u00e9gion flamande dans la province du Brabant flamand. Nous pourrions la qualifier de \u00ab\u00a0Surprenante aux multiples facettes\u00a0\u00bb.<\/p>\n\n\n\n<p>Le ch\u00e2teau de Beersel est entour\u00e9 de douves et constitu\u00e9 de fortifications classiques : des douves profondes, un pont-levis, des remparts cr\u00e9nel\u00e9s ainsi que des meurtri\u00e8res. Vous l&rsquo;aurez compris, \u00e0&nbsp;l&rsquo;\u00e9poque, son r\u00f4le \u00e9tait un avant-poste pour la d\u00e9fense de Bruxelles.<\/p>\n\n\n\n<p>M\u00eame s&rsquo;il date du 15\u00e8me si\u00e8cle, il&nbsp; est plutot bien conserv\u00e9. Il s&rsquo;agit en fait de l&rsquo;un des derniers exemples de l&rsquo;architecture militaire m\u00e9di\u00e9vale Belge.<\/p>\n\n\n\n<p>Les amoureux de la nature trouveront \u00e9galement leur bonheur \u00e0 Beersel.<br>\ud83c\udf10 <strong>Site Web<\/strong> :  <a href=\"http:\/\/fr.visitbeersel.be\/product\/1044\/le-chteau-de-beersel\" target=\"_blank\" rel=\"noreferrer noopener\">Ch\u00e2teau de Beerse<\/a>l<\/p>\n\n\n\n<p>\ud83d\udccd <strong>Adresse :<\/strong> Van Huynegemstraat 6, 1650 Beersel, Belgique<\/p>\n\n\n\n<h3 class=\"wp-block-heading\">6. Ch\u00e2teau MALOU \u00e0 Bruxelles Wolluw\u00e9-Saint-Pierre<\/h3>\n\n\n\n<figure class=\"wp-block-image size-full\"><a href=\"https:\/\/www.insidebrussels.be\/V2\/wp-content\/uploads\/2024\/05\/Chateau_Malou_2.jpg\"><img decoding=\"async\" width=\"800\" height=\"534\" src=\"https:\/\/www.insidebrussels.be\/V2\/wp-content\/uploads\/2024\/05\/Chateau_Malou_2.jpg\" alt=\"\" class=\"wp-image-16365\" srcset=\"https:\/\/www.insidebrussels.be\/V2\/wp-content\/uploads\/2024\/05\/Chateau_Malou_2.jpg 800w, https:\/\/www.insidebrussels.be\/V2\/wp-content\/uploads\/2024\/05\/Chateau_Malou_2-300x200.jpg 300w, https:\/\/www.insidebrussels.be\/V2\/wp-content\/uploads\/2024\/05\/Chateau_Malou_2-768x513.jpg 768w\" sizes=\"(max-width: 800px) 100vw, 800px\" \/><\/a><figcaption class=\"wp-element-caption\">Par Original uploader was Viktorhauk at hu.wikipedia \u2014 Transferred from hu.wikipedia, CC BY-SA 3.0, https:\/\/commons.wikimedia.org\/w\/index.php?curid=6031091<\/figcaption><\/figure>\n\n\n\n<p>A la recherche d&rsquo;un endroit calme et paisible?\u00a0 Le ch\u00e2teau \u00ab Malou \u00bb, jolie demeure du 18\u00e8me si\u00e8cle pourra vous int\u00e9resser. Ce ch\u00e2teau style Louis XVI est pass\u00e9 de main en main pour finalement devenir la propri\u00e9t\u00e9 de Jules Malou et en 1950 \u00eatre vendu \u00e0 la commune. Son parc couvre 32 000 m2.<br>Si vous <a href=\"https:\/\/www.insidebrussels.be\/V2\/bruxelles\/enterrement-vie-de-garcon-bruxelles-idee-resto\/\">vous mariez \u00e0 Woluwe-Saint-Lambert<\/a>, sachez que ce ch\u00e2teau puisqu\u2019il abrite une salle des mariages.<\/p>\n\n\n\n<p>\ud83d\udccdAll\u00e9e Pierre Levie 2, 1200 Woluwe-Saint-Lambert, Bruxelles, Belgique<\/p>\n\n\n\n<p>\ud83c\udf10 <strong>Site Web<\/strong>  <a href=\"https:\/\/www.woluwe1200.be\/le-chateau-malou-et-son-parc\/\">Le ch\u00e2teau Malou et son parc <\/a><\/p>\n\n\n\n<h3 class=\"wp-block-heading\">7. Le Ch\u00e2teau COLOMA \u00e0 Leeuw-Saint-Pierre<\/h3>\n\n\n\n<p>Le ch\u00e2teau Coloma se situe \u00e0 Leeuw-Saint-Pierre. Ce ch\u00e2teau date du XVII\u1d49 si\u00e8cle. Autrefois, il s&rsquo;agissait d&rsquo;une citadelle militaire constitu\u00e9e de deux b\u00e2tisses et de douves aliment\u00e9es par le Zuenbeek. Par le suite, il s&rsquo;est vu transform\u00e9 en sympathique r\u00e9sidence de campagne sym\u00e9trique d\u2019inspiration.<\/p>\n\n\n\n<p>Le domaine doit son nom \u00e0 \u00ab\u00a0Karel de Coloma\u00a0\u00bb, devenu propri\u00e9taire du ch\u00e2teau de par son mariage avec la baronne Roose.<\/p>\n\n\n\n<p>Apr\u00e8s la deuxi\u00e8me Guerre mondiale, le ch\u00e2teau a eut pour fonction de pensionnat jusqu&rsquo; en 1982. A ce moment, le parc a \u00e9t\u00e9 remis \u00e0 la R\u00e9gion flamande. C&rsquo;est ensuite en 1984 que la commune de Leeuw-Saint-Pierre en fit l&rsquo;aquisition.<\/p>\n\n\n\n<p>Avec son magnifique plan d&rsquo;eau, son parc d&rsquo;une superficie de 15 hectares, et son style renaissance celui-ci ne pourra que vous charmer. Egqlement, ne manquez pas la roseraie qui rassemble 3.000 vari\u00e9t\u00e9s de roses provenant des quatre coins du monde. Au total, vous pouvez y admirer pr\u00e8s de 300.000 roses.<\/p>\n\n\n\n<p>\ud83c\udf10 <strong>Site Web<\/strong>: <a href=\"https:\/\/natuurenbos.be\/roseraie-coloma\">En savoir plus sur le chateau COLOMNA pr\u00e8s de Bruxelles<\/a><\/p>\n\n\n\n<p>\ud83d\udccd <strong>Adresse :<\/strong> Joseph Depauwstraat 25, 1600 Leeuw-Saint-Pierre, Belgique<\/p>\n\n\n\n<h2 class=\"wp-block-heading\">Conclusion<\/h2>\n\n\n\n<p>Explorer les ch\u00e2teaux pr\u00e8s de Bruxelles est une exp\u00e9rience captivante qui allie histoire, architecture et beaut\u00e9 naturelle. Chaque ch\u00e2teau raconte une histoire unique, offrant un aper\u00e7u fascinant du pass\u00e9 glorieux de la r\u00e9gion. J&rsquo;appr\u00e9cie particuli\u00e8rement ces visites car elles me permettent de me plonger dans un monde diff\u00e9rent, de m&rsquo;\u00e9merveiller devant la grandeur des salles richement d\u00e9cor\u00e9es, de d\u00e9ambuler dans les jardins luxuriants et de sentir la magie intemporelle qui impr\u00e8gne ces lieux. De plus, certains ch\u00e2teaux offrent l&rsquo;acc\u00e8s gratuit \u00e0 leurs espaces ext\u00e9rieurs, ce qui permet \u00e0 chacun de profiter de leur beaut\u00e9 sans contrainte financi\u00e8re. En somme, visiter les ch\u00e2teaux pr\u00e8s de Bruxelles est une mani\u00e8re enrichissante de se reconnecter avec le pass\u00e9 et de s&rsquo;impr\u00e9gner de la beaut\u00e9 et de la grandeur de ces monuments historiques.<\/p>\n","protected":false,"gt_translate_keys":[{"key":"rendered","format":"html"}]},"excerpt":{"rendered":"<p>Bruxelles regorge de tr\u00e9sors historiques, et ses ch\u00e2teaux en sont des t\u00e9moins majestueux. Plongez dans<\/p>\n","protected":false,"gt_translate_keys":[{"key":"rendered","format":"html"}]},"author":1,"featured_media":12470,"comment_status":"closed","ping_status":"closed","sticky":false,"template":"","format":"standard","meta":{"_lmt_disableupdate":"","_lmt_disable":"","footnotes":""},"categories":[505],"tags":[49,58,48],"class_list":["post-12467","post","type-post","status-publish","format-standard","has-post-thumbnail","hentry","category-nature-parc-jardin-vert-bruxelles","tag-activites-avec-enfants","tag-en-amoureux","tag-gratuit"],"modified_by":"pierre","amp_enabled":true,"gt_translate_keys":[{"key":"link","format":"url"}],"_links":{"self":[{"href":"https:\/\/www.insidebrussels.be\/V2\/wp-json\/wp\/v2\/posts\/12467","targetHints":{"allow":["GET"]}}],"collection":[{"href":"https:\/\/www.insidebrussels.be\/V2\/wp-json\/wp\/v2\/posts"}],"about":[{"href":"https:\/\/www.insidebrussels.be\/V2\/wp-json\/wp\/v2\/types\/post"}],"author":[{"embeddable":true,"href":"https:\/\/www.insidebrussels.be\/V2\/wp-json\/wp\/v2\/users\/1"}],"replies":[{"embeddable":true,"href":"https:\/\/www.insidebrussels.be\/V2\/wp-json\/wp\/v2\/comments?post=12467"}],"version-history":[{"count":11,"href":"https:\/\/www.insidebrussels.be\/V2\/wp-json\/wp\/v2\/posts\/12467\/revisions"}],"predecessor-version":[{"id":16366,"href":"https:\/\/www.insidebrussels.be\/V2\/wp-json\/wp\/v2\/posts\/12467\/revisions\/16366"}],"wp:featuredmedia":[{"embeddable":true,"href":"https:\/\/www.insidebrussels.be\/V2\/wp-json\/wp\/v2\/media\/12470"}],"wp:attachment":[{"href":"https:\/\/www.insidebrussels.be\/V2\/wp-json\/wp\/v2\/media?parent=12467"}],"wp:term":[{"taxonomy":"category","embeddable":true,"href":"https:\/\/www.insidebrussels.be\/V2\/wp-json\/wp\/v2\/categories?post=12467"},{"taxonomy":"post_tag","embeddable":true,"href":"https:\/\/www.insidebrussels.be\/V2\/wp-json\/wp\/v2\/tags?post=12467"}],"curies":[{"name":"wp","href":"https:\/\/api.w.org\/{rel}","templated":true}]}}