{"id":12506,"date":"2022-03-01T23:06:05","date_gmt":"2022-03-01T22:06:05","guid":{"rendered":"https:\/\/www.insidebrussels.be\/V2\/?p=12506"},"modified":"2024-06-18T22:38:55","modified_gmt":"2024-06-18T20:38:55","slug":"isaac-meilleurs-carnaval-bruxelles-belgique","status":"publish","type":"post","link":"https:\/\/www.insidebrussels.be\/V2\/bruxelles\/isaac-meilleurs-carnaval-bruxelles-belgique\/","title":{"rendered":"Les 3 meilleurs carnavals en Belgique \u00e0 ne pas manquer","gt_translate_keys":[{"key":"rendered","format":"text"}]},"content":{"rendered":"<div id=\"ez-toc-container\" class=\"ez-toc-v2_0_82_1 ez-toc-wrap-center counter-hierarchy ez-toc-counter ez-toc-custom ez-toc-container-direction\">\n<p class=\"ez-toc-title\" style=\"cursor:inherit\">\ud83d\udd25 Contenu de l&#039;article:<\/p>\n<label for=\"ez-toc-cssicon-toggle-item-69f2baa755bda\" class=\"ez-toc-cssicon-toggle-label\"><span class=\"ez-toc-cssicon\"><span class=\"eztoc-hide\" style=\"display:none;\">Toggle<\/span><span class=\"ez-toc-icon-toggle-span\"><svg style=\"fill: #000000;color:#000000\" xmlns=\"http:\/\/www.w3.org\/2000\/svg\" class=\"list-377408\" width=\"20px\" height=\"20px\" viewBox=\"0 0 24 24\" fill=\"none\"><path d=\"M6 6H4v2h2V6zm14 0H8v2h12V6zM4 11h2v2H4v-2zm16 0H8v2h12v-2zM4 16h2v2H4v-2zm16 0H8v2h12v-2z\" fill=\"currentColor\"><\/path><\/svg><svg style=\"fill: #000000;color:#000000\" class=\"arrow-unsorted-368013\" xmlns=\"http:\/\/www.w3.org\/2000\/svg\" width=\"10px\" height=\"10px\" viewBox=\"0 0 24 24\" version=\"1.2\" baseProfile=\"tiny\"><path d=\"M18.2 9.3l-6.2-6.3-6.2 6.3c-.2.2-.3.4-.3.7s.1.5.3.7c.2.2.4.3.7.3h11c.3 0 .5-.1.7-.3.2-.2.3-.5.3-.7s-.1-.5-.3-.7zM5.8 14.7l6.2 6.3 6.2-6.3c.2-.2.3-.5.3-.7s-.1-.5-.3-.7c-.2-.2-.4-.3-.7-.3h-11c-.3 0-.5.1-.7.3-.2.2-.3.5-.3.7s.1.5.3.7z\"\/><\/svg><\/span><\/span><\/label><input type=\"checkbox\"  id=\"ez-toc-cssicon-toggle-item-69f2baa755bda\"  aria-label=\"Toggle\" \/><nav><ul class='ez-toc-list ez-toc-list-level-1 ' ><li class='ez-toc-page-1 ez-toc-heading-level-2'><a class=\"ez-toc-link ez-toc-heading-1\" href=\"https:\/\/www.insidebrussels.be\/V2\/bruxelles\/isaac-meilleurs-carnaval-bruxelles-belgique\/#Evenement_a_Bruxelles_3_meilleurs_carnavals_en_Belgique_a_ne_pas_manquer\" >Ev\u00e9nement \u00e0 Bruxelles : 3 meilleurs carnavals en Belgique \u00e0 ne pas manquer<\/a><\/li><li class='ez-toc-page-1 ez-toc-heading-level-2'><a class=\"ez-toc-link ez-toc-heading-2\" href=\"https:\/\/www.insidebrussels.be\/V2\/bruxelles\/isaac-meilleurs-carnaval-bruxelles-belgique\/#Les_4_meilleurs_carnavals_incontournables_en_Belgique\" >Les 4 meilleurs carnavals incontournables en Belgique<\/a><ul class='ez-toc-list-level-3' ><li class='ez-toc-heading-level-3'><a class=\"ez-toc-link ez-toc-heading-3\" href=\"https:\/\/www.insidebrussels.be\/V2\/bruxelles\/isaac-meilleurs-carnaval-bruxelles-belgique\/#Le_carnaval_de_Charleroi_la_vie_que_vous_aimez\" >Le carnaval de Charleroi : la vie que vous aimez<\/a><\/li><li class='ez-toc-page-1 ez-toc-heading-level-3'><a class=\"ez-toc-link ez-toc-heading-4\" href=\"https:\/\/www.insidebrussels.be\/V2\/bruxelles\/isaac-meilleurs-carnaval-bruxelles-belgique\/#Carnaval_de_Nivelles_les_realites_de_la_vie_commune\" >Carnaval de Nivelles : les r\u00e9alit\u00e9s de la vie commune<\/a><\/li><li class='ez-toc-page-1 ez-toc-heading-level-3'><a class=\"ez-toc-link ez-toc-heading-5\" href=\"https:\/\/www.insidebrussels.be\/V2\/bruxelles\/isaac-meilleurs-carnaval-bruxelles-belgique\/#Le_carnaval_de_Tournai_decouvrez_et_vivez_le_symbole_de_la_Tournai\" >Le carnaval de Tournai : d\u00e9couvrez et vivez\u00a0 le symbole de la Tournai<\/a><\/li><li class='ez-toc-page-1 ez-toc-heading-level-3'><a class=\"ez-toc-link ez-toc-heading-6\" href=\"https:\/\/www.insidebrussels.be\/V2\/bruxelles\/isaac-meilleurs-carnaval-bruxelles-belgique\/#Le_carnaval_de_Saint-Gilles_Gardez_des_souvenirs_de_sejour_inoubliable\" >Le carnaval de Saint-Gilles : Gardez des souvenirs de s\u00e9jour inoubliable<\/a><\/li><li class='ez-toc-page-1 ez-toc-heading-level-3'><a class=\"ez-toc-link ez-toc-heading-7\" href=\"https:\/\/www.insidebrussels.be\/V2\/bruxelles\/isaac-meilleurs-carnaval-bruxelles-belgique\/#Le_carnaval_de_la_Grosse_Biesse_Marche-en-Famenne_Une_tradition_qui_suscite_le_magnetisme_et_le_confort\" >Le carnaval de la Grosse Biesse (Marche-en-Famenne): Une tradition qui suscite le magn\u00e9tisme et le confort<\/a><\/li><li class='ez-toc-page-1 ez-toc-heading-level-3'><a class=\"ez-toc-link ez-toc-heading-8\" href=\"https:\/\/www.insidebrussels.be\/V2\/bruxelles\/isaac-meilleurs-carnaval-bruxelles-belgique\/#Le_carnaval_dArlon_Profiter_des_moments_festifs_et_convivial\" >Le carnaval d\u2019Arlon: Profiter des moments festifs et convivial<\/a><\/li><li class='ez-toc-page-1 ez-toc-heading-level-3'><a class=\"ez-toc-link ez-toc-heading-9\" href=\"https:\/\/www.insidebrussels.be\/V2\/bruxelles\/isaac-meilleurs-carnaval-bruxelles-belgique\/#Le_carnaval_de_Marche_en_Fammenne\" >Le carnaval de Marche en Fammenne<\/a><\/li><li class='ez-toc-page-1 ez-toc-heading-level-3'><a class=\"ez-toc-link ez-toc-heading-10\" href=\"https:\/\/www.insidebrussels.be\/V2\/bruxelles\/isaac-meilleurs-carnaval-bruxelles-belgique\/#Les_Carnavals_en_dehors_de_la_belgique\" >Les Carnavals en dehors de la belgique<\/a><\/li><li class='ez-toc-page-1 ez-toc-heading-level-3'><a class=\"ez-toc-link ez-toc-heading-11\" href=\"https:\/\/www.insidebrussels.be\/V2\/bruxelles\/isaac-meilleurs-carnaval-bruxelles-belgique\/#Le_carnaval_rhenan_decouvrez_et_vivez_le_symbole_de_la_tradition_Rhenan\" >Le carnaval rh\u00e9nan : d\u00e9couvrez et vivez\u00a0 le symbole de la tradition Rh\u00e9nan<\/a><\/li><li class='ez-toc-page-1 ez-toc-heading-level-3'><a class=\"ez-toc-link ez-toc-heading-12\" href=\"https:\/\/www.insidebrussels.be\/V2\/bruxelles\/isaac-meilleurs-carnaval-bruxelles-belgique\/#Le_carnaval_de_Venise_Bruxelles_faites_votre_aventure_dans_le_monde_venitien\" >Le carnaval de Venise Bruxelles : faites votre aventure dans le monde v\u00e9nitien<\/a><\/li><\/ul><\/li><\/ul><\/nav><\/div>\n\n<h2><span class=\"ez-toc-section\" id=\"Evenement_a_Bruxelles_3_meilleurs_carnavals_en_Belgique_a_ne_pas_manquer\"><\/span>Ev\u00e9nement \u00e0 Bruxelles : 3 meilleurs carnavals en Belgique \u00e0 ne pas manquer<span class=\"ez-toc-section-end\"><\/span><\/h2>\n<p>La Belgique est un pays o\u00f9 plusieurs <a href=\"https:\/\/fr.wikipedia.org\/wiki\/Carnaval\" target=\"_blank\" rel=\"noopener\">carnavals<\/a> sont c\u00e9l\u00e9br\u00e9s chaque ann\u00e9e. C&rsquo;est une p\u00e9riode de divertissement durant laquelle les gens se d\u00e9guisent avec des masques pour montrer leur joie de vivre. Vous \u00eates donc \u00e0 la recherche des meilleurs carnavals de Belgique auxquels participer ? Alors nous avons r\u00e9alis\u00e9 pour vous cette liste des meilleurs carnavals dans les diff\u00e9rentes r\u00e9gions de Belgique. Lisez la suite pour\u00a0 les d\u00e9couvrir.<\/p>\n<p>Continuez donc la lecture pour les d\u00e9couvrir. Entre amis, ou en famille avec les enfants, ces \u00e9v\u00e9nements devraient vous plaire<\/p>\n<h2><span class=\"ez-toc-section\" id=\"Les_4_meilleurs_carnavals_incontournables_en_Belgique\"><\/span>Les 4 meilleurs carnavals incontournables en Belgique<span class=\"ez-toc-section-end\"><\/span><\/h2>\n<p>Nous avons \u00e9tabli cette liste pour vous afin que vous puissiez trouver ces lieux sans difficult\u00e9. Informez-vous pour faciliter votre participation et vos meilleures exp\u00e9riences culturelles.<\/p>\n<h3><span class=\"ez-toc-section\" id=\"Le_carnaval_de_Charleroi_la_vie_que_vous_aimez\"><\/span><span style=\"color: #99cc00;\">Le carnaval de <span style=\"text-decoration: underline;\">Charleroi<\/span> : la vie que vous aimez<\/span><span class=\"ez-toc-section-end\"><\/span><\/h3>\n<p>Voulez-vous participer \u00e0 une grande c\u00e9l\u00e9bration et nourrir votre esprit de merveille ? Alors\u00a0 cette organisation estivale peut vous concerner. Les gens se d\u00e9filent dans les rues tout en se d\u00e9guisant et se masquant. La ville est sombr\u00e9e d\u2019une foule ind\u00e9termin\u00e9e. C\u2019est une grande manifestation folklorique r\u00e9invent\u00e9e qui est accompagn\u00e9e de ces oranges, tambours, fifres et autres instruments largement r\u00e9volutionn\u00e9s.<\/p>\n<p>Date\u00a0: A partir du 1<sup>er<\/sup> mars 2022 \u00e0 Charleroi.<\/p>\n<p>&nbsp;<\/p>\n<h3><span class=\"ez-toc-section\" id=\"Carnaval_de_Nivelles_les_realites_de_la_vie_commune\"><\/span><span style=\"color: #99cc00;\">Carnaval de <span style=\"text-decoration: underline;\">Nivelles<\/span> : les r\u00e9alit\u00e9s de la vie commune<\/span><span class=\"ez-toc-section-end\"><\/span><\/h3>\n<p><a href=\"https:\/\/fr.wikipedia.org\/wiki\/Carnaval_de_Nivelles\" target=\"_blank\" rel=\"noopener\">Le Carnaval de Nivelles<\/a> est un \u00e9v\u00e9nement in\u00e9dite qui r\u00e9unir tous les habitants de la ville. Des musiques douces et \u00e9motives qui accompagnent les gens qui d\u00e9filent dans les rues. Le lancer\u00a0 d\u2019oranges et de cort\u00e8ges animent le centre-ville et les rues voisines de la r\u00e9gion. Une journ\u00e9e est d\u00e9di\u00e9e au carnaval des enfants.<\/p>\n<p>Date\u00a0: du 14 au 17 mai 2022 \u00e0 Nivelles, Belgique.<\/p>\n<p><iframe loading=\"lazy\" style=\"border: none; overflow: hidden;\" src=\"https:\/\/www.facebook.com\/plugins\/post.php?href=https%3A%2F%2Fwww.facebook.com%2Fphoto.php%3Ffbid%3D10158757614383540%26set%3Dgm.5405809982778016%26type%3D3&amp;show_text=true&amp;width=500\" width=\"500\" height=\"468\" frameborder=\"0\" scrolling=\"no\" allowfullscreen=\"allowfullscreen\"><\/iframe><\/p>\n<h3><span class=\"ez-toc-section\" id=\"Le_carnaval_de_Tournai_decouvrez_et_vivez_le_symbole_de_la_Tournai\"><\/span><span style=\"color: #99cc00;\">Le carnaval de <span style=\"text-decoration: underline;\">Tournai<\/span> : d\u00e9couvrez et vivez\u00a0 le symbole de la Tournai<\/span><span class=\"ez-toc-section-end\"><\/span><\/h3>\n<p>Chaque ann\u00e9e, elle est organis\u00e9e dans la ville Tournai. C&rsquo;est un \u00e9v\u00e9nement passionnant et r\u00e9confortant qui vous fera sombrer dans la joie.\u00a0 Elle se d\u00e9roule dans une ambiance ergonomique et festive, o\u00f9 la musique bat son plein, tout cela pour vous faire profiter d&rsquo;une bonne d\u00e9gustation. Vivez les sc\u00e8nes imaginaires d&rsquo;hommes et de femmes qui se d\u00e9guisent, se d\u00e9guisent dans la bonne humeur et d\u00e9filent dans les rues.<\/p>\n<p>Date\u00a0: 16 \u00e0 18 septembre 2022 \u00e0 Tournai, Belgique.<\/p>\n<h3><span class=\"ez-toc-section\" id=\"Le_carnaval_de_Saint-Gilles_Gardez_des_souvenirs_de_sejour_inoubliable\"><\/span><span style=\"color: #99cc00;\">Le carnaval de<span style=\"text-decoration: underline;\"> Saint-Gilles<\/span> : Gardez des souvenirs de s\u00e9jour inoubliable<\/span><span class=\"ez-toc-section-end\"><\/span><\/h3>\n<figure id=\"attachment_14374\" aria-describedby=\"caption-attachment-14374\" style=\"width: 640px\" class=\"wp-caption aligncenter\"><img decoding=\"async\" class=\"wp-image-14374 size-large\" title=\"Carnaval \u00e0 Bruxelles (c) Pierre Halleux\" src=\"https:\/\/www.insidebrussels.be\/V2\/wp-content\/uploads\/2023\/03\/D3764EA3-AC48-4289-84E6-12800B2A7CDE-1024x768.jpeg\" alt=\"Carnaval \u00e0 Bruxelles (c) Pierre Halleux\" width=\"640\" height=\"480\" srcset=\"https:\/\/www.insidebrussels.be\/V2\/wp-content\/uploads\/2023\/03\/D3764EA3-AC48-4289-84E6-12800B2A7CDE-1024x768.jpeg 1024w, https:\/\/www.insidebrussels.be\/V2\/wp-content\/uploads\/2023\/03\/D3764EA3-AC48-4289-84E6-12800B2A7CDE-300x225.jpeg 300w, https:\/\/www.insidebrussels.be\/V2\/wp-content\/uploads\/2023\/03\/D3764EA3-AC48-4289-84E6-12800B2A7CDE-768x576.jpeg 768w, https:\/\/www.insidebrussels.be\/V2\/wp-content\/uploads\/2023\/03\/D3764EA3-AC48-4289-84E6-12800B2A7CDE-1536x1152.jpeg 1536w, https:\/\/www.insidebrussels.be\/V2\/wp-content\/uploads\/2023\/03\/D3764EA3-AC48-4289-84E6-12800B2A7CDE-2048x1536.jpeg 2048w, https:\/\/www.insidebrussels.be\/V2\/wp-content\/uploads\/2023\/03\/D3764EA3-AC48-4289-84E6-12800B2A7CDE-720x540.jpeg 720w, https:\/\/www.insidebrussels.be\/V2\/wp-content\/uploads\/2023\/03\/D3764EA3-AC48-4289-84E6-12800B2A7CDE-scaled.jpeg 1078w\" sizes=\"(max-width: 640px) 100vw, 640px\" \/><figcaption id=\"caption-attachment-14374\" class=\"wp-caption-text\">Carnaval \u00e0 Bruxelles (c) Pierre Halleux<\/figcaption><\/figure>\n<p>Vous voulez participer \u00e0 une grande f\u00eate et nourrir votre esprit d&rsquo;\u00e9merveillement ? Alors cette organisation estivale pourrait \u00eatre pour vous. Prenez plaisir \u00e0 suivre des personnes d\u00e9filant dans les rues, toutes d\u00e9guis\u00e9es et masqu\u00e9es. La ville est envahie par une masse ind\u00e9termin\u00e9e. C&rsquo;est un grand \u00e9v\u00e9nement folklorique r\u00e9invent\u00e9, avec des oranges, des tambours, des sifflets et autres instruments \u00e0 grande \u00e9chelle.<\/p>\n<p>Date\u00a0: A partir du 1<sup>er<\/sup> mars 2022 \u00e0 Saint-Gilles, Bruxelles capital, Belgique.<\/p>\n<h3><span class=\"ez-toc-section\" id=\"Le_carnaval_de_la_Grosse_Biesse_Marche-en-Famenne_Une_tradition_qui_suscite_le_magnetisme_et_le_confort\"><\/span><span style=\"color: #99cc00;\">Le carnaval de la Grosse Biesse (<span style=\"text-decoration: underline;\">Marche-en-Famenne<\/span>): Une tradition qui suscite le magn\u00e9tisme et le confort<\/span><span class=\"ez-toc-section-end\"><\/span><\/h3>\n<p>C&rsquo;est l&rsquo;un des \u00e9v\u00e9nements les plus importants de Marche-en-Famenne. C&rsquo;est donc l&rsquo;une des p\u00e9riodes les plus touristiques de la ville. Cette tradition continue de susciter le magn\u00e9tisme et reste la plus attrayante. La participation au carnaval de Marche-en-Famenne pour cultiver votre esprit civique. Trouvez du r\u00e9confort dans une atmosph\u00e8re agr\u00e9able et partagez de beaux moments avec de nouveaux amis.<\/p>\n<p>Date\u00a0: du 28 et 29\u00a0 mai 2022 \u00e0 Marche-en-Famenne, Belgique<\/p>\n<h3><span class=\"ez-toc-section\" id=\"Le_carnaval_dArlon_Profiter_des_moments_festifs_et_convivial\"><\/span><span style=\"color: #99cc00;\">Le carnaval <span style=\"text-decoration: underline;\">d\u2019Arlon<\/span>: Profiter des moments festifs et convivial<\/span><span class=\"ez-toc-section-end\"><\/span><\/h3>\n<p>C&rsquo;est l&rsquo;un des plus grands \u00e9v\u00e9nements organis\u00e9s dans la ville. Un moment de partage tr\u00e8s convivial pour tous <a href=\"https:\/\/www.arlon.be\/loisirs\/folklore\/carnaval\" target=\"_blank\" rel=\"noopener\">les amoureux du folklore Arlonai<\/a>s. C&rsquo;est un endroit id\u00e9al pour d\u00e9couvrir et enrichir votre culture. Faites-vous de nouveaux amis et partagez vos meilleurs moments dans un monde hyper-tendance. Avec des programmes passionnants et motivants, c&rsquo;est v\u00e9ritablement l&rsquo;id\u00e9al, surtout en famille ou pour faire participer les enfants.<\/p>\n<p>Date\u00a0: 19 mars 2022 \u00e0 Arlon, Belgique.<\/p>\n<h3><span class=\"ez-toc-section\" id=\"Le_carnaval_de_Marche_en_Fammenne\"><\/span><span style=\"color: #99cc00;\">Le carnaval de <span style=\"text-decoration: underline;\">Marche en Fammenne<\/span><\/span><span class=\"ez-toc-section-end\"><\/span><\/h3>\n<p>Le carnaval de la Grosse Biesse s&rsquo;\u00e9tend sur pratiquement une semaine qui commence dans \u00ab\u00a0l&rsquo;intimit\u00e9\u00a0\u00bb des carnavaleux, le jeudi, avec la pr\u00e9sentation du char du Grand Mautch\u00ee&#8230; S&rsquo;enchainent ensuite les autres jours&#8230; bien remplis!<\/p>\n<p><a href=\"https:\/\/www.marche.be\/?s=carnaval\" target=\"_blank\" rel=\"noopener\">Le Carnaval de la Grosse Biesse de Marche-en-Famenne<\/a> aura <strong>lieu le week-end du 28 et 29 mai 2022<\/strong>, week-end de l&rsquo;Ascension.<\/p>\n<p>Au programme:<\/p>\n<ul>\n<li>Vendredi: inscriptions sur les vitrines et biesse Soir\u00e9e<\/li>\n<li>Samedi: 4 moments forts<\/li>\n<li>Dimanche: cort\u00e8ge et animations musicales<\/li>\n<li>Lundi: tribunal et souper<\/li>\n<li>Mardi: sortie du Gugusse et br\u00fblages<\/li>\n<\/ul>\n<p><iframe loading=\"lazy\" style=\"border: none; overflow: hidden;\" src=\"https:\/\/www.facebook.com\/plugins\/post.php?href=https%3A%2F%2Fwww.facebook.com%2FCarnavalDeLaGrosseBiesse%2Fposts%2F4986865598018581&amp;show_text=false&amp;width=500\" width=\"500\" height=\"497\" frameborder=\"0\" scrolling=\"no\" allowfullscreen=\"allowfullscreen\"><\/iframe><\/p>\n<h3><span class=\"ez-toc-section\" id=\"Les_Carnavals_en_dehors_de_la_belgique\"><\/span>Les Carnavals en dehors de la belgique<span class=\"ez-toc-section-end\"><\/span><\/h3>\n<h3><span class=\"ez-toc-section\" id=\"Le_carnaval_rhenan_decouvrez_et_vivez_le_symbole_de_la_tradition_Rhenan\"><\/span><span style=\"color: #99cc00;\">Le carnaval <span style=\"text-decoration: underline;\">rh\u00e9nan<\/span> : d\u00e9couvrez et vivez\u00a0 le symbole de la tradition Rh\u00e9nan<\/span><span class=\"ez-toc-section-end\"><\/span><\/h3>\n<p>Il est toujours organis\u00e9 \u00e0 partir du onzi\u00e8me jour du onzi\u00e8me mois de chaque ann\u00e9e. C\u2019est un \u00e9v\u00e9nement passionnant et \u00e9motif. Il se d\u00e9roule dans une atmosph\u00e8re ergonomique et festive. Les hommes et les femmes se d\u00e9guisent, se masquent avec de bonne humeur et se d\u00e9filent dans les rues.<\/p>\n<p>Date\u00a0: 28 F\u00e9vrier 2022 \u00e0 rh\u00e9nan.<\/p>\n<h3><span class=\"ez-toc-section\" id=\"Le_carnaval_de_Venise_Bruxelles_faites_votre_aventure_dans_le_monde_venitien\"><\/span><span style=\"color: #99cc00;\">Le carnaval de <span style=\"text-decoration: underline;\">Venise<\/span> Bruxelles : faites votre aventure dans le monde v\u00e9nitien<\/span><span class=\"ez-toc-section-end\"><\/span><\/h3>\n<p>C\u2019est un \u00e9v\u00e9nement le plus incontournable de la Venise. Il constitue donc l\u2019une des p\u00e9riodes le plus touristique\u00a0 de la ville. Cette tradition continue d\u2019\u00e9veiller le magn\u00e9tisme et demeure le plus attractive. C\u2019est une f\u00eate qui dure \u00e0 peu pr\u00e8s quinze jours. Participer au carnaval de Venise, c\u2019est renforc\u00e9 son esprit civique.<\/p>\n<p>Date\u00a0: du 12 f\u00e9vrier au 1<sup>er<\/sup>\u00a0 mars 2022 \u00e0 Venise.<\/p>\n","protected":false,"gt_translate_keys":[{"key":"rendered","format":"html"}]},"excerpt":{"rendered":"<p>Ev\u00e9nement \u00e0 Bruxelles : 3 meilleurs carnavals en Belgique \u00e0 ne pas manquer La Belgique<\/p>\n","protected":false,"gt_translate_keys":[{"key":"rendered","format":"html"}]},"author":1,"featured_media":16678,"comment_status":"closed","ping_status":"closed","sticky":false,"template":"","format":"standard","meta":{"_lmt_disableupdate":"","_lmt_disable":"","footnotes":""},"categories":[12,73],"tags":[49],"class_list":["post-12506","post","type-post","status-publish","format-standard","has-post-thumbnail","hentry","category-bouger-a-bruxelles-choses-a-faire-et-visiter","category-vie-a-bruxelles","tag-activites-avec-enfants"],"modified_by":"pierre","amp_enabled":true,"gt_translate_keys":[{"key":"link","format":"url"}],"_links":{"self":[{"href":"https:\/\/www.insidebrussels.be\/V2\/wp-json\/wp\/v2\/posts\/12506","targetHints":{"allow":["GET"]}}],"collection":[{"href":"https:\/\/www.insidebrussels.be\/V2\/wp-json\/wp\/v2\/posts"}],"about":[{"href":"https:\/\/www.insidebrussels.be\/V2\/wp-json\/wp\/v2\/types\/post"}],"author":[{"embeddable":true,"href":"https:\/\/www.insidebrussels.be\/V2\/wp-json\/wp\/v2\/users\/1"}],"replies":[{"embeddable":true,"href":"https:\/\/www.insidebrussels.be\/V2\/wp-json\/wp\/v2\/comments?post=12506"}],"version-history":[{"count":7,"href":"https:\/\/www.insidebrussels.be\/V2\/wp-json\/wp\/v2\/posts\/12506\/revisions"}],"predecessor-version":[{"id":14412,"href":"https:\/\/www.insidebrussels.be\/V2\/wp-json\/wp\/v2\/posts\/12506\/revisions\/14412"}],"wp:featuredmedia":[{"embeddable":true,"href":"https:\/\/www.insidebrussels.be\/V2\/wp-json\/wp\/v2\/media\/16678"}],"wp:attachment":[{"href":"https:\/\/www.insidebrussels.be\/V2\/wp-json\/wp\/v2\/media?parent=12506"}],"wp:term":[{"taxonomy":"category","embeddable":true,"href":"https:\/\/www.insidebrussels.be\/V2\/wp-json\/wp\/v2\/categories?post=12506"},{"taxonomy":"post_tag","embeddable":true,"href":"https:\/\/www.insidebrussels.be\/V2\/wp-json\/wp\/v2\/tags?post=12506"}],"curies":[{"name":"wp","href":"https:\/\/api.w.org\/{rel}","templated":true}]}}