{"id":12526,"date":"2022-03-04T15:58:40","date_gmt":"2022-03-04T14:58:40","guid":{"rendered":"https:\/\/www.insidebrussels.be\/V2\/?p=12526"},"modified":"2023-03-05T01:43:41","modified_gmt":"2023-03-05T00:43:41","slug":"isaac-les-meilleurs-endroits-pour-prendre-des-cours-de-danse-a-bruxelles","status":"publish","type":"post","link":"https:\/\/www.insidebrussels.be\/V2\/bruxelles\/isaac-les-meilleurs-endroits-pour-prendre-des-cours-de-danse-a-bruxelles\/","title":{"rendered":"Les meilleurs endroits pour prendre des cours de danse \u00e0 Bruxelles","gt_translate_keys":[{"key":"rendered","format":"text"}]},"content":{"rendered":"<h2>O\u00f9 apprendre \u00e0 Danser et cours de Danse \u00e0 Bruxelles<\/h2>\n<p>Si la danse contemporaine, classique pour enfant, Hip-Hop, <a href=\"https:\/\/fr.wikipedia.org\/wiki\/Salsa\">Salsa<\/a>, <a href=\"https:\/\/fr.wikipedia.org\/wiki\/Rock\">Rock<\/a>, <a href=\"https:\/\/fr.wikipedia.org\/wiki\/Tango_(danse)\">Tango<\/a> Argentin, valse et m\u00eame orientale vous int\u00e9resse, peut-\u00eatre que vous recherchez un centre de formation de Danse pour am\u00e9liorer vos comp\u00e9tences techniques et artistiques? Alors, pour vous aider dans cette qu\u00eate d\u2019\u00e9cole o\u00f9 apprendre \u00e0 Danser \u00e0 Bruxelles, nous avons r\u00e9alis\u00e9 une liste des meilleurs endroits proposant une diversit\u00e9 d\u2019endroits exceptionnel et reconnu.<\/p>\n<p>Dans ces centres, vous trouverez des enseignants professionels et sympathiques avec d\u2019excellentes comp\u00e9tences pour vous accompagner durant votre cursus. Il y en a pour tout le monde : d\u00e9butants ou expert ; enfants ou adultes , en solo ou <a href=\"https:\/\/www.insidebrussels.be\/V2\/bruxelles\/tag\/en-amoureux\/\">en couple<\/a>.<\/p>\n<p>De ce fait, d\u00e9couvrez par la suite ces diff\u00e9rentes \u00e9coles de danse et leurs situations g\u00e9ographiques.<\/p>\n<p>Ceci devrait aussi vous int\u00e9resser :<\/p>\n<ul>\n<li><a href=\"https:\/\/www.insidebrussels.be\/V2\/bruxelles\/tag\/a-faire-quand-il-pleut\/\">Que faire \u00e0 Bruxelles quand il pleut ?<\/a><\/li>\n<li><a href=\"https:\/\/www.insidebrussels.be\/V2\/bruxelles\/isaac-ou-prendre-des-cours-de-langue-a-bruxelles\/\">O\u00f9 prendre des cours de langue \u00e0 Bruxelles?<\/a><\/li>\n<li><a href=\"https:\/\/www.insidebrussels.be\/V2\/bruxelles\/ou-apprendre-a-danser-la-salsa-a-bruxelles-cours\/\">O\u00f9 apprendre la Salsa \u00e0 Bruxelles?<\/a><\/li>\n<\/ul>\n<h2>Les meilleures \u00e9coles de cours de Danse \u00e0 Bruxelles<\/h2>\n<p>Voici quelques s\u00e9lections des centres o\u00f9 vous pouvez apprendre \u00e0 danser. Prenez soins de vous informer sur chaque centre. Cela vous facilitera le choix et vous permettra de faire des \u00e9conomies de temps et d\u2019argent en fonctions de vos objectifs.<\/p>\n<h3>1. <span style=\"color: #99cc00;\">The Embassy Room Bruxelles Dance<\/span> : Recevez des cours de danse impressionnantes en quelques mois<\/h3>\n<p>The Embassy Room Bruxelles Dance\u00a0est une \u00e9cole de danse f\u00e9d\u00e9r\u00e9 \u00e0 la f\u00e9d\u00e9ration de danse (FWBDS). Elle offre une formation de qualit\u00e9 \u00e0 ses \u00e9l\u00e8ves avec des professeurs certifi\u00e9s et p\u00e9dagogues. C\u2019est le centre id\u00e9al pour vos divers cours de danse.<\/p>\n<p>En plus l\u2019ambiance est agr\u00e9able, luxueux et tr\u00e8s attrayant. Vous vous y ferai de nouveaux amis, int\u00e9grer des groupes de danses et deviendrez un professionnel de l\u2019art de la danse en peu de temps. Faites y un tour. Pratique si vous \u00eates \u00e0 la recherche d&rsquo;une <a href=\"https:\/\/www.insidebrussels.be\/V2\/bruxelles\/tag\/a-faire-le-dimanche\/\">activit\u00e9 \u00e0 faire le dimanche \u00e0 Bruxelles<\/a><\/p>\n<ul>\n<li><strong>Adresse :<\/strong> boulevard bischoffsheim, 38b &#8211; 1000 Bruxelles<\/li>\n<li><strong>Horaire d\u2019ouverture\u00a0:<\/strong> elle ouvre le lundi, le mercredi, le jeudi et le dimanche de 19h \u00e0 00h\u00a0; mardi de 19h \u00e0 22h30 et vendredi de 18h \u00e0 00h.<\/li>\n<li><a href=\"https:\/\/theembassyroombrussels.be\/\" target=\"_blank\" rel=\"noopener\">Site web et horaire des cours<\/a><\/li>\n<\/ul>\n<blockquote class=\"instagram-media\" style=\"background: #FFF; border: 0; border-radius: 3px; box-shadow: 0 0 1px 0 rgba(0,0,0,0.5),0 1px 10px 0 rgba(0,0,0,0.15); margin: 1px; max-width: 540px; min-width: 326px; padding: 0; width: calc(100% - 2px);\" data-instgrm-captioned=\"\" data-instgrm-permalink=\"https:\/\/www.instagram.com\/reel\/CZlocV2lXN6\/?utm_source=ig_embed&amp;utm_campaign=loading\" data-instgrm-version=\"14\">\n<div style=\"padding: 16px;\">\n<p>&nbsp;<\/p>\n<div style=\"display: flex; flex-direction: row; align-items: center;\">\n<div style=\"background-color: #f4f4f4; border-radius: 50%; flex-grow: 0; height: 40px; margin-right: 14px; width: 40px;\"><\/div>\n<div style=\"display: flex; flex-direction: column; flex-grow: 1; justify-content: center;\">\n<div style=\"background-color: #f4f4f4; border-radius: 4px; flex-grow: 0; height: 14px; margin-bottom: 6px; width: 100px;\"><\/div>\n<div style=\"background-color: #f4f4f4; border-radius: 4px; flex-grow: 0; height: 14px; width: 60px;\"><\/div>\n<\/div>\n<\/div>\n<div style=\"padding: 19% 0;\"><\/div>\n<div style=\"display: block; height: 50px; margin: 0 auto 12px; width: 50px;\"><\/div>\n<div style=\"padding-top: 8px;\">\n<div style=\"color: #3897f0; font-family: Arial,sans-serif; font-size: 14px; font-style: normal; font-weight: 550; line-height: 18px;\">Ver esta publica\u00e7\u00e3o no Instagram<\/div>\n<\/div>\n<div style=\"padding: 12.5% 0;\"><\/div>\n<div style=\"display: flex; flex-direction: row; margin-bottom: 14px; align-items: center;\">\n<div>\n<div style=\"background-color: #f4f4f4; border-radius: 50%; height: 12.5px; width: 12.5px; transform: translateX(0px) translateY(7px);\"><\/div>\n<div style=\"background-color: #f4f4f4; height: 12.5px; transform: rotate(-45deg) translateX(3px) translateY(1px); width: 12.5px; flex-grow: 0; margin-right: 14px; margin-left: 2px;\"><\/div>\n<div style=\"background-color: #f4f4f4; border-radius: 50%; height: 12.5px; width: 12.5px; transform: translateX(9px) translateY(-18px);\"><\/div>\n<\/div>\n<div style=\"margin-left: 8px;\">\n<div style=\"background-color: #f4f4f4; border-radius: 50%; flex-grow: 0; height: 20px; width: 20px;\"><\/div>\n<div style=\"width: 0; height: 0; border-top: 2px solid transparent; border-left: 6px solid #f4f4f4; border-bottom: 2px solid transparent; transform: translateX(16px) translateY(-4px) rotate(30deg);\"><\/div>\n<\/div>\n<div style=\"margin-left: auto;\">\n<div style=\"width: 0px; border-top: 8px solid #F4F4F4; border-right: 8px solid transparent; transform: translateY(16px);\"><\/div>\n<div style=\"background-color: #f4f4f4; flex-grow: 0; height: 12px; width: 16px; transform: translateY(-4px);\"><\/div>\n<div style=\"width: 0; height: 0; border-top: 8px solid #F4F4F4; border-left: 8px solid transparent; transform: translateY(-4px) translateX(8px);\"><\/div>\n<\/div>\n<\/div>\n<div style=\"display: flex; flex-direction: column; flex-grow: 1; justify-content: center; margin-bottom: 24px;\">\n<div style=\"background-color: #f4f4f4; border-radius: 4px; flex-grow: 0; height: 14px; margin-bottom: 6px; width: 224px;\"><\/div>\n<div style=\"background-color: #f4f4f4; border-radius: 4px; flex-grow: 0; height: 14px; width: 144px;\"><\/div>\n<\/div>\n<p>&nbsp;<\/p>\n<p style=\"color: #c9c8cd; font-family: Arial,sans-serif; font-size: 14px; line-height: 17px; margin-bottom: 0; margin-top: 8px; overflow: hidden; padding: 8px 0 7px; text-align: center; text-overflow: ellipsis; white-space: nowrap;\"><a style=\"color: #c9c8cd; font-family: Arial,sans-serif; font-size: 14px; font-style: normal; font-weight: normal; line-height: 17px; text-decoration: none;\" href=\"https:\/\/www.instagram.com\/reel\/CZlocV2lXN6\/?utm_source=ig_embed&amp;utm_campaign=loading\" target=\"_blank\" rel=\"noopener\">Uma publica\u00e7\u00e3o partilhada por The Embassy (@the_embassy_room_brussels)<\/a><\/p>\n<\/div>\n<\/blockquote>\n<p><script async src=\"\/\/www.instagram.com\/embed.js\"><\/script><\/p>\n<h3>2. <span style=\"color: #99cc00;\">Studio Dans&rsquo;Harmonie<\/span> : Profitez pleinement des merveilleux cours de danses classiques et contemporains \u00e0 Uccle<\/h3>\n<p>C\u2019est une excellente \u00e9cole de danse recueillant devers cours de danse, et d\u2019activit\u00e9s de bien-\u00eatre. Des danses classiques et contemporaines pour enfants ainsi que pour les adultes.\u00a0 Des nouvelles disciplines comme des s\u00e9ances de relaxation-m\u00e9ditation guid\u00e9 et Yoga&amp; Danse all styles sont aux programmes.<\/p>\n<p>C\u2019est le centre de danse o\u00f9 vous obtiendrez des cours de danse tr\u00e8s relaxe, intense selon votre rythme. Les enseignants y sont tr\u00e8s sympas. De plus le cadre est convivial favorisant l\u2019assimilation rapide des diff\u00e9rents cours enseign\u00e9s.<\/p>\n<ul>\n<li><strong>Adresse\u00a0:<\/strong> Rue Vanderkindere 471, 1180 Uccle<\/li>\n<li><strong>Horaire d\u2019ouverture\u00a0:<\/strong> elle ouvre du lundi au vendredi de 16h30 \u00e0 20h30, le samedi de 10h \u00e0 15h30 et ferm\u00e9 le dimanche.<\/li>\n<\/ul>\n<blockquote class=\"instagram-media\" style=\"background: #FFF; border: 0; border-radius: 3px; box-shadow: 0 0 1px 0 rgba(0,0,0,0.5),0 1px 10px 0 rgba(0,0,0,0.15); margin: 1px; max-width: 540px; min-width: 326px; padding: 0; width: calc(100% - 2px);\" data-instgrm-captioned=\"\" data-instgrm-permalink=\"https:\/\/www.instagram.com\/p\/CS1RmLms7M9\/?utm_source=ig_embed&amp;utm_campaign=loading\" data-instgrm-version=\"14\">\n<div style=\"padding: 16px;\">\n<p>&nbsp;<\/p>\n<div style=\"display: flex; flex-direction: row; align-items: center;\">\n<div style=\"background-color: #f4f4f4; border-radius: 50%; flex-grow: 0; height: 40px; margin-right: 14px; width: 40px;\"><\/div>\n<div style=\"display: flex; flex-direction: column; flex-grow: 1; justify-content: center;\">\n<div style=\"background-color: #f4f4f4; border-radius: 4px; flex-grow: 0; height: 14px; margin-bottom: 6px; width: 100px;\"><\/div>\n<div style=\"background-color: #f4f4f4; border-radius: 4px; flex-grow: 0; height: 14px; width: 60px;\"><\/div>\n<\/div>\n<\/div>\n<div style=\"padding: 19% 0;\"><\/div>\n<div style=\"display: block; height: 50px; margin: 0 auto 12px; width: 50px;\"><\/div>\n<div style=\"padding-top: 8px;\">\n<div style=\"color: #3897f0; font-family: Arial,sans-serif; font-size: 14px; font-style: normal; font-weight: 550; line-height: 18px;\">Ver esta publica\u00e7\u00e3o no Instagram<\/div>\n<\/div>\n<div style=\"padding: 12.5% 0;\"><\/div>\n<div style=\"display: flex; flex-direction: row; margin-bottom: 14px; align-items: center;\">\n<div>\n<div style=\"background-color: #f4f4f4; border-radius: 50%; height: 12.5px; width: 12.5px; transform: translateX(0px) translateY(7px);\"><\/div>\n<div style=\"background-color: #f4f4f4; height: 12.5px; transform: rotate(-45deg) translateX(3px) translateY(1px); width: 12.5px; flex-grow: 0; margin-right: 14px; margin-left: 2px;\"><\/div>\n<div style=\"background-color: #f4f4f4; border-radius: 50%; height: 12.5px; width: 12.5px; transform: translateX(9px) translateY(-18px);\"><\/div>\n<\/div>\n<div style=\"margin-left: 8px;\">\n<div style=\"background-color: #f4f4f4; border-radius: 50%; flex-grow: 0; height: 20px; width: 20px;\"><\/div>\n<div style=\"width: 0; height: 0; border-top: 2px solid transparent; border-left: 6px solid #f4f4f4; border-bottom: 2px solid transparent; transform: translateX(16px) translateY(-4px) rotate(30deg);\"><\/div>\n<\/div>\n<div style=\"margin-left: auto;\">\n<div style=\"width: 0px; border-top: 8px solid #F4F4F4; border-right: 8px solid transparent; transform: translateY(16px);\"><\/div>\n<div style=\"background-color: #f4f4f4; flex-grow: 0; height: 12px; width: 16px; transform: translateY(-4px);\"><\/div>\n<div style=\"width: 0; height: 0; border-top: 8px solid #F4F4F4; border-left: 8px solid transparent; transform: translateY(-4px) translateX(8px);\"><\/div>\n<\/div>\n<\/div>\n<div style=\"display: flex; flex-direction: column; flex-grow: 1; justify-content: center; margin-bottom: 24px;\">\n<div style=\"background-color: #f4f4f4; border-radius: 4px; flex-grow: 0; height: 14px; margin-bottom: 6px; width: 224px;\"><\/div>\n<div style=\"background-color: #f4f4f4; border-radius: 4px; flex-grow: 0; height: 14px; width: 144px;\"><\/div>\n<\/div>\n<p>&nbsp;<\/p>\n<p style=\"color: #c9c8cd; font-family: Arial,sans-serif; font-size: 14px; line-height: 17px; margin-bottom: 0; margin-top: 8px; overflow: hidden; padding: 8px 0 7px; text-align: center; text-overflow: ellipsis; white-space: nowrap;\"><a style=\"color: #c9c8cd; font-family: Arial,sans-serif; font-size: 14px; font-style: normal; font-weight: normal; line-height: 17px; text-decoration: none;\" href=\"https:\/\/www.instagram.com\/p\/CS1RmLms7M9\/?utm_source=ig_embed&amp;utm_campaign=loading\" target=\"_blank\" rel=\"noopener\">Uma publica\u00e7\u00e3o partilhada por Studio Dans&rsquo;Harmonie (@studio.dansharmonie)<\/a><\/p>\n<\/div>\n<\/blockquote>\n<p><script async src=\"\/\/www.instagram.com\/embed.js\"><\/script><\/p>\n<h3>3. <span style=\"color: #99cc00;\">Centre de Danse Choreart<\/span> : La principale \u00e9cole de danse \u00e0 Uccle, avec 160 heures de cours par semaine<\/h3>\n<p>Centre de Danse Choreart est la plus grande \u00e9cole de danse \u00e0 Bruxelles. C\u2019est le lieu par excellence abritant une grande diversit\u00e9 de cours de danse selon vos d\u00e9sirs.\u00a0 A cette \u00e9cole, vous \u00eates s\u00fbr d\u2019obtenir les meilleurs cours de danse et une r\u00e9f\u00e9rence de taille.<\/p>\n<p>Avec plusieurs ann\u00e9es d\u2019exp\u00e9riences, cette \u00e9cole de danse propose un emploi du temps de plus de 160 heures de cours par semaine. Ce qui vous donne la possibilit\u00e9 de suivre les cours selon un emploi du temps pr\u00e9cis selon vos pr\u00e9f\u00e9rences. Au\u00a0 Centre de Danse Choreart, les \u00e9l\u00e8ves sont class\u00e9s salon leurs \u00e2ges, niveaux et aspirations.<\/p>\n<ul>\n<li><strong>Adresse\u00a0:<\/strong> Chau. D\u2019Alsemberg 985, 1180 Uccle<\/li>\n<li><strong>Horaire d\u2019ouverture\u00a0:<\/strong> le Lundi 10h-13h et 16h-22h\u00a0; du mardi, jeudi et vendredi 16h \u00e0 22h\u00a0; Mercredi10h12h, 13h\u201322h\u00a0; samedi 9 h \u00e0 17 h. Le dimanche est ferm\u00e9.<\/li>\n<\/ul>\n<blockquote class=\"instagram-media\" style=\"background: #FFF; border: 0; border-radius: 3px; box-shadow: 0 0 1px 0 rgba(0,0,0,0.5),0 1px 10px 0 rgba(0,0,0,0.15); margin: 1px; max-width: 540px; min-width: 326px; padding: 0; width: calc(100% - 2px);\" data-instgrm-captioned=\"\" data-instgrm-permalink=\"https:\/\/www.instagram.com\/p\/CVBCqa-IGcy\/?utm_source=ig_embed&amp;utm_campaign=loading\" data-instgrm-version=\"14\">\n<div style=\"padding: 16px;\">\n<p>&nbsp;<\/p>\n<div style=\"display: flex; flex-direction: row; align-items: center;\">\n<div style=\"background-color: #f4f4f4; border-radius: 50%; flex-grow: 0; height: 40px; margin-right: 14px; width: 40px;\"><\/div>\n<div style=\"display: flex; flex-direction: column; flex-grow: 1; justify-content: center;\">\n<div style=\"background-color: #f4f4f4; border-radius: 4px; flex-grow: 0; height: 14px; margin-bottom: 6px; width: 100px;\"><\/div>\n<div style=\"background-color: #f4f4f4; border-radius: 4px; flex-grow: 0; height: 14px; width: 60px;\"><\/div>\n<\/div>\n<\/div>\n<div style=\"padding: 19% 0;\"><\/div>\n<div style=\"display: block; height: 50px; margin: 0 auto 12px; width: 50px;\"><\/div>\n<div style=\"padding-top: 8px;\">\n<div style=\"color: #3897f0; font-family: Arial,sans-serif; font-size: 14px; font-style: normal; font-weight: 550; line-height: 18px;\">Ver esta publica\u00e7\u00e3o no Instagram<\/div>\n<\/div>\n<div style=\"padding: 12.5% 0;\"><\/div>\n<div style=\"display: flex; flex-direction: row; margin-bottom: 14px; align-items: center;\">\n<div>\n<div style=\"background-color: #f4f4f4; border-radius: 50%; height: 12.5px; width: 12.5px; transform: translateX(0px) translateY(7px);\"><\/div>\n<div style=\"background-color: #f4f4f4; height: 12.5px; transform: rotate(-45deg) translateX(3px) translateY(1px); width: 12.5px; flex-grow: 0; margin-right: 14px; margin-left: 2px;\"><\/div>\n<div style=\"background-color: #f4f4f4; border-radius: 50%; height: 12.5px; width: 12.5px; transform: translateX(9px) translateY(-18px);\"><\/div>\n<\/div>\n<div style=\"margin-left: 8px;\">\n<div style=\"background-color: #f4f4f4; border-radius: 50%; flex-grow: 0; height: 20px; width: 20px;\"><\/div>\n<div style=\"width: 0; height: 0; border-top: 2px solid transparent; border-left: 6px solid #f4f4f4; border-bottom: 2px solid transparent; transform: translateX(16px) translateY(-4px) rotate(30deg);\"><\/div>\n<\/div>\n<div style=\"margin-left: auto;\">\n<div style=\"width: 0px; border-top: 8px solid #F4F4F4; border-right: 8px solid transparent; transform: translateY(16px);\"><\/div>\n<div style=\"background-color: #f4f4f4; flex-grow: 0; height: 12px; width: 16px; transform: translateY(-4px);\"><\/div>\n<div style=\"width: 0; height: 0; border-top: 8px solid #F4F4F4; border-left: 8px solid transparent; transform: translateY(-4px) translateX(8px);\"><\/div>\n<\/div>\n<\/div>\n<div style=\"display: flex; flex-direction: column; flex-grow: 1; justify-content: center; margin-bottom: 24px;\">\n<div style=\"background-color: #f4f4f4; border-radius: 4px; flex-grow: 0; height: 14px; margin-bottom: 6px; width: 224px;\"><\/div>\n<div style=\"background-color: #f4f4f4; border-radius: 4px; flex-grow: 0; height: 14px; width: 144px;\"><\/div>\n<\/div>\n<p>&nbsp;<\/p>\n<p style=\"color: #c9c8cd; font-family: Arial,sans-serif; font-size: 14px; line-height: 17px; margin-bottom: 0; margin-top: 8px; overflow: hidden; padding: 8px 0 7px; text-align: center; text-overflow: ellipsis; white-space: nowrap;\"><a style=\"color: #c9c8cd; font-family: Arial,sans-serif; font-size: 14px; font-style: normal; font-weight: normal; line-height: 17px; text-decoration: none;\" href=\"https:\/\/www.instagram.com\/p\/CVBCqa-IGcy\/?utm_source=ig_embed&amp;utm_campaign=loading\" target=\"_blank\" rel=\"noopener\">Uma publica\u00e7\u00e3o partilhada por Choreart (@centre_de_danse_choreart)<\/a><\/p>\n<\/div>\n<\/blockquote>\n<p><script async src=\"\/\/www.instagram.com\/embed.js\"><\/script><\/p>\n<h3>4. <span style=\"color: #99cc00;\">The Flow Lab<\/span> : C\u00e9l\u00e8bre \u00e9cole de danse \u00e0 Bruxelles pour enfants &amp; adultes<\/h3>\n<p>The Flow Lab est form\u00e9 d\u2019une \u00e9quipe tr\u00e8s exp\u00e9riment\u00e9e pr\u00eate \u00e0 vous faire d\u00e9couvrir le style de danse que vous aimez. Vous y trouverez une s\u00e9rie de cours bien pr\u00e9par\u00e9s pour vous faire passer des moments inoubliables et vous faire progresser dans\u00a0 votre discipline.<\/p>\n<p>C\u2019est l\u2019endroit parfait si vous souhaitez devenir un danseur professionnel ou participer \u00e0 des concours de danses intense et tr\u00e8s cultivateur. Il dispose de trois diff\u00e9rents niveaux d\u2019\u00e9volution, en fonction des performances que vous pr\u00e9sentez. C\u2019est le centre dans lequel vous apprendrez \u00e0 surpasser vos limites et \u00e0 esquisser des pas de danse extraordinaire avec des partenaires incroyable. Alors faites-vous plaisir et inscrivez-vous.<\/p>\n<ul>\n<li><strong>Adresse\u00a0:<\/strong> Pont Fernand Demany, 1040 Etterbeek<\/li>\n<li><strong>Horaire d\u2019ouverture\u00a0:<\/strong> Lundi et jeudi de\u00a0\u00a0 17h-22h\u00a0; mardi de 18h \u00e0 21h\u00a0; Mercredi\u00a0 de 15h \u00e0 22h\u00a0; samedi de 12h \u00e0 16h. Elle ferme le vendredi et le dimanche.<\/li>\n<\/ul>\n","protected":false,"gt_translate_keys":[{"key":"rendered","format":"html"}]},"excerpt":{"rendered":"<p>O\u00f9 apprendre \u00e0 Danser et cours de Danse \u00e0 Bruxelles Si la danse contemporaine, classique<\/p>\n","protected":false,"gt_translate_keys":[{"key":"rendered","format":"html"}]},"author":1,"featured_media":12528,"comment_status":"closed","ping_status":"closed","sticky":false,"template":"","format":"standard","meta":{"_lmt_disableupdate":"","_lmt_disable":"","footnotes":""},"categories":[690,12],"tags":[47,51,49],"class_list":["post-12526","post","type-post","status-publish","format-standard","has-post-thumbnail","hentry","category-apprendre","category-bouger-a-bruxelles-choses-a-faire-et-visiter","tag-a-faire-le-dimanche","tag-a-faire-quand-il-pleut","tag-activites-avec-enfants"],"modified_by":"pierre","amp_enabled":true,"gt_translate_keys":[{"key":"link","format":"url"}],"_links":{"self":[{"href":"https:\/\/www.insidebrussels.be\/V2\/wp-json\/wp\/v2\/posts\/12526","targetHints":{"allow":["GET"]}}],"collection":[{"href":"https:\/\/www.insidebrussels.be\/V2\/wp-json\/wp\/v2\/posts"}],"about":[{"href":"https:\/\/www.insidebrussels.be\/V2\/wp-json\/wp\/v2\/types\/post"}],"author":[{"embeddable":true,"href":"https:\/\/www.insidebrussels.be\/V2\/wp-json\/wp\/v2\/users\/1"}],"replies":[{"embeddable":true,"href":"https:\/\/www.insidebrussels.be\/V2\/wp-json\/wp\/v2\/comments?post=12526"}],"version-history":[{"count":1,"href":"https:\/\/www.insidebrussels.be\/V2\/wp-json\/wp\/v2\/posts\/12526\/revisions"}],"predecessor-version":[{"id":12529,"href":"https:\/\/www.insidebrussels.be\/V2\/wp-json\/wp\/v2\/posts\/12526\/revisions\/12529"}],"wp:featuredmedia":[{"embeddable":true,"href":"https:\/\/www.insidebrussels.be\/V2\/wp-json\/wp\/v2\/media\/12528"}],"wp:attachment":[{"href":"https:\/\/www.insidebrussels.be\/V2\/wp-json\/wp\/v2\/media?parent=12526"}],"wp:term":[{"taxonomy":"category","embeddable":true,"href":"https:\/\/www.insidebrussels.be\/V2\/wp-json\/wp\/v2\/categories?post=12526"},{"taxonomy":"post_tag","embeddable":true,"href":"https:\/\/www.insidebrussels.be\/V2\/wp-json\/wp\/v2\/tags?post=12526"}],"curies":[{"name":"wp","href":"https:\/\/api.w.org\/{rel}","templated":true}]}}