{"id":12613,"date":"2022-04-06T19:16:19","date_gmt":"2022-04-06T17:16:19","guid":{"rendered":"https:\/\/www.insidebrussels.be\/V2\/?p=12613"},"modified":"2024-04-30T23:18:34","modified_gmt":"2024-04-30T21:18:34","slug":"bois-de-hal-floraison-2022-ne-manquez-pas-les-jacinthes-sauvages","status":"publish","type":"post","link":"https:\/\/www.insidebrussels.be\/V2\/bruxelles\/bois-de-hal-floraison-2022-ne-manquez-pas-les-jacinthes-sauvages\/","title":{"rendered":"Bois de Hal floraison 2022: ne manquez pas les jacinthes sauvages","gt_translate_keys":[{"key":"rendered","format":"text"}]},"content":{"rendered":"<p>Chaque ann\u00e9e de cars de Japonais et<b> des milliers\u00a0de visiteurs venant des quartes coin du monde font le d\u00e9placement<\/b> pour voir le c\u00e9l\u00e8bre <a href=\"https:\/\/fr.wikipedia.org\/wiki\/Bois_de_Hal\" target=\"_blank\" rel=\"noopener\"><strong>bois de Hal<\/strong><\/a>. Si vous habitez \u00e0 Bruxelles et n&rsquo;avez encore jamais fait le d\u00e9placement, cela vaut le d\u00e9tour! Le bois de Hal est situ\u00e9 <strong>\u00e0 seulement 15 km de Bruxelles. <\/strong><\/p>\n<p>La fleuraison des <a href=\"https:\/\/fr.wikipedia.org\/wiki\/Jacinthe\" target=\"_blank\" rel=\"noopener\">Jacinthe<\/a> de ce bois est un des \u00e9v\u00e9nement les plus attendus par les amoureux de la nature et plantes. <strong>\u00a0<\/strong>Gr\u00e2ce \u00e0 cette petite fleur violette et fragile, pr\u00e9sente par millier, le tout se transforme en un immense tapis color\u00e9. Tous viennent photographier <strong>le tapis bleu de jacinthes.<\/strong><\/p>\n<p>C&rsquo;est sous les arbres, <strong>qu&rsquo;un tapis magique de fleurs \u00e0 clochettes fait son apparition.<\/strong> Il y a encore aussi quelques an\u00e9mones. Ne manquez pas la date, car ce spectacle naturel ne dure que deux \u00e0 trois semaines maximum. Egalement, si il venait \u00e0 trop pleuvoir, les fleurs viendraient \u00e0 se tasser. Il vaut donc mieux venir au d\u00e9but de la saison.<\/p>\n<p>Ne vous surprenez pas, sur le chemin de ce r\u00eave bleu, tous le monde est venu pour savourer :\u00a0 \u00a0<a href=\"https:\/\/www.insidebrussels.be\/V2\/bruxelles\/quels-sont-les-5-meilleurs-endroits-pour-courir-a-bruxelles\/\">joggeurs habitu\u00e9s<\/a> , <a href=\"https:\/\/www.insidebrussels.be\/V2\/bruxelles\/tag\/balades\/\">promeneurs<\/a> venus pour la premi\u00e8re fois, photographes sortis des sentiers \u00e0 la recherche du bon angle, <a href=\"https:\/\/www.insidebrussels.be\/V2\/bruxelles\/tag\/activites-avec-enfants\/\" target=\"_blank\" rel=\"noopener\">famille et enfants<\/a>&#8230;.\u00a0 Tous venus admirer les jacinthes qui sont sont de sortie&#8230;<\/p>\n<p>Le \u00ab\u00a0festival des jacinthes\u00a0\u00bb avait \u00e9t\u00e9 annul\u00e9 ces deux derni\u00e8res ann\u00e9es en raison de la pand\u00e9mie de Covid-19. Il sera donc populaire cette ann\u00e9e<\/p>\n<p>\u00a0<\/p>\n<h2>Quand aller au bois de Halle ? Quand Fleurissent les Jacinthes sauvages ?<\/h2>\n<figure id=\"attachment_12635\" aria-describedby=\"caption-attachment-12635\" style=\"width: 300px\" class=\"wp-caption alignleft\"><img decoding=\"async\" class=\"size-medium wp-image-12635\" src=\"https:\/\/www.insidebrussels.be\/V2\/wp-content\/uploads\/2022\/04\/IMG_7907-300x300.jpg\" alt=\"Jacinthe Sauvage dans le bois de Halle\" width=\"300\" height=\"300\" srcset=\"https:\/\/www.insidebrussels.be\/V2\/wp-content\/uploads\/2022\/04\/IMG_7907-300x300.jpg 300w, https:\/\/www.insidebrussels.be\/V2\/wp-content\/uploads\/2022\/04\/IMG_7907-scaled.jpg 1024w, https:\/\/www.insidebrussels.be\/V2\/wp-content\/uploads\/2022\/04\/IMG_7907-150x150.jpg 150w, https:\/\/www.insidebrussels.be\/V2\/wp-content\/uploads\/2022\/04\/IMG_7907-768x768.jpg 768w\" sizes=\"(max-width: 300px) 100vw, 300px\" \/><figcaption id=\"caption-attachment-12635\" class=\"wp-caption-text\">Jacinthe Sauvage dans le bois de Halle<\/figcaption><\/figure>\n<p>La floraison \u00e0 g\u00e9n\u00e9ralement lieu<strong> \u00e0 partir de la mi-avril<\/strong>. Mais cela d\u00e9pend de la m\u00e9t\u00e9o.\u00a0 <strong>Elle ne dure en g\u00e9n\u00e9ral que 2 ou 3 semaines<\/strong> pour vous laisser\u00a0 le temps d\u2019aller admirer le tapis de fleurs. Pour ne pas manquer le bon moment, cherchez \u00ab\u00a0bois de halle\u00a0\u00bb sur instagram, et attendez de trouver des photos de cette ann\u00e9e!\u00a0 Vous trouverez des photos d\u00e8s que les touristes y seront all\u00e9s.<\/p>\n<p>Petite astuce, pour pouvoir appr\u00e9cier au mieux les nuances de bleu de ces fleurs. <strong>Le mieux est de se lever t\u00f4t.<\/strong> Avec le lever du soleil, les couleurs sont encore plus magnifiques. Idem si il y a des la brume et du soleil. En plus, plus vous \u00eates t\u00f4t, moins il y aura du monde&#8230;. N&rsquo;oubliez pas que les visiteurs viennent par milliers.<\/p>\n<h3>\u00a0<\/h3>\n<h3>\u00a0<\/h3>\n<h3>\u00a0<\/h3>\n<h3>\u00a0<\/h3>\n<h3>Questions pratiques sur le bois de Hal<\/h3>\n<h4>O\u00f9 se garer au bois de Halles ?<\/h4>\n<p>La commune de Hal (aussi appel\u00e9e Halle) est situ\u00e9e en Flandre. Il est possible de vous rendre au bois de Hal, soit en voiture (ou voitures partag\u00e9es, et m\u00eame en <a href=\"https:\/\/www.insidebrussels.be\/V2\/bruxelles\/uber-a-bruxelles-comment-ca-marche-nous-avons-teste-pour-vous\/\">Uber<\/a>). Il est \u00e9galement possible de s&rsquo;y rendre en transports en commun.<\/p>\n<ul>\n<li>en <strong>voiture<\/strong> : en partant de Bruxelles, prenez le ring E19, et ensuite\u00a0 la sortie Halle ( 21 ) . Restez ensuite \u00e0 gauche, et enfin tournez \u00e0 gauche au deui\u00e8me feux. Apr\u00e8s quelques instants, vous commencerez\u00a0 \u00e0 voir les les panneaux <em><strong>Hallerbos (Bois de Hal) <\/strong><\/em>la commune de Hal a mis en place de nombreux espaces de stationnements pr\u00e8s du bois.<\/li>\n<li>en <strong>bus<\/strong> : au total, 3 lignes desservent le bois de Hal :\n<ul>\n<li>le bus 155 de Lijn qui s\u2019arr\u00eate au niveau du parking 1,<\/li>\n<li>le 156 qui dessert l\u2019arr\u00eat Vlasmarktdreef,<\/li>\n<li>le bus 114 de TEC (ce dernier uniquement en semaine).<\/li>\n<\/ul>\n<\/li>\n<li>Avec la<strong> navette gratuite<\/strong> depuis la Gare de Hal. Elle vous emm\u00e8rea jusqu&rsquo;au parkings. Cette navette est accessible uniquement certains jours: 2 &amp; 8. 16, 17, 18, 23, 24 et 30 avril ainsi que le 1er mai, de 09h00 \u00e0 20h00<\/li>\n<li>En v<strong>\u00e9lo+train<\/strong>, en louant un v\u00e9lo depuis la gare de Hal (du 16 avril au 1er Mai)<\/li>\n<\/ul>\n<ul>\n<li style=\"list-style-type: none;\">\u00a0<\/li>\n<\/ul>\n<p>Cette ann\u00e9e, les autorit\u00e9s communales demandent aux visiteurs de privil\u00e9gier la navette gratuite. Le but \u00e9tant de ne pas se rendre au bois avec leur voiture. Un service gratuit de navettes de bus sera mis en place entre la gare de Hal et le bois\u00a0 I<\/p>\n<h4>O\u00f9 trouver des jacinthes sauvages ?<\/h4>\n<p>N&rsquo;ayez pas peur de la grandeur de la for\u00eat. Le parcours best balis\u00e9. Tout est mis en place pour que vous puissiez voir les endroits les plus fleuris.\u00a0 Pour ne pas endommager les tapis de fleurs, il est fortement demand\u00e9 de ne pas sortir des sentiers balis\u00e9s.<\/p>\n<figure id=\"attachment_12615\" aria-describedby=\"caption-attachment-12615\" style=\"width: 300px\" class=\"wp-caption aligncenter\"><img decoding=\"async\" class=\"wp-image-12615 size-medium\" title=\"Jacinthe Sauvage de Peter Bromley (c) Unsplash\" src=\"https:\/\/www.insidebrussels.be\/V2\/wp-content\/uploads\/2022\/04\/peter-bromley-oIBax3lxJkQ-unsplash-300x200.jpg\" alt=\"Jacinthe Sauvage de Peter Bromley (c) Unsplash\" width=\"300\" height=\"200\" srcset=\"https:\/\/www.insidebrussels.be\/V2\/wp-content\/uploads\/2022\/04\/peter-bromley-oIBax3lxJkQ-unsplash-300x200.jpg 300w, https:\/\/www.insidebrussels.be\/V2\/wp-content\/uploads\/2022\/04\/peter-bromley-oIBax3lxJkQ-unsplash.jpg 640w\" sizes=\"(max-width: 300px) 100vw, 300px\" \/><figcaption id=\"caption-attachment-12615\" class=\"wp-caption-text\">Jacinthe Sauvage de Peter Bromley (c) Unsplash<\/figcaption><\/figure>\n<p>\u00a0<\/p>\n<p>Si vous souhaitez vous restaurez, des <a href=\"https:\/\/www.insidebrussels.be\/V2\/bruxelles\/les-meilleures-friteries-a-bruxelles-frites-belges\/\">fritekot<\/a> et vendeurs de <a href=\"https:\/\/www.insidebrussels.be\/V2\/bruxelles\/bruxelles-manger-des-gaufres-a-bruxelles\/\">gaufres<\/a>\u00a0 et <a href=\"https:\/\/www.insidebrussels.be\/V2\/bruxelles\/bruxelles-street-food-mangez-cher-bien\/\">street-food<\/a> sont g\u00e9n\u00e9ralement pr\u00e9sents sur les parkings. Sinon, vous pouvez toujours emporter votre pic-nic.<\/p>\n<p>\u00a0<\/p>\n\n\n<div class=\"wp-block-buttons is-layout-flex wp-block-buttons-is-layout-flex\">\n<div class=\"wp-block-button\"><a class=\"wp-block-button__link wp-element-button\" href=\"https:\/\/www.insidebrussels.be\/V2\/bruxelles\/que-faire-a-bruxelles-en-mai-2024\/\">Voir les top \u00e9v\u00e9nements \u00e0 faire \u00e0 Bruxelles en Mai 2024<\/a><\/div>\n<\/div>\n","protected":false,"gt_translate_keys":[{"key":"rendered","format":"html"}]},"excerpt":{"rendered":"<p>Chaque ann\u00e9e de cars de Japonais et des milliers\u00a0de visiteurs venant des quartes coin du<\/p>\n","protected":false,"gt_translate_keys":[{"key":"rendered","format":"html"}]},"author":1,"featured_media":12634,"comment_status":"closed","ping_status":"closed","sticky":false,"template":"","format":"standard","meta":{"_lmt_disableupdate":"","_lmt_disable":"","footnotes":""},"categories":[504,232,12,497,505],"tags":[49,58,101,78],"class_list":["post-12613","post","type-post","status-publish","format-standard","has-post-thumbnail","hentry","category-a-voir-pres-de-bruxelles","category-agenda-et-expo","category-bouger-a-bruxelles-choses-a-faire-et-visiter","category-tourisme-a-bruxelles","category-nature-parc-jardin-vert-bruxelles","tag-activites-avec-enfants","tag-en-amoureux","tag-entre-filles","tag-balades"],"modified_by":"pierre","amp_enabled":true,"gt_translate_keys":[{"key":"link","format":"url"}],"_links":{"self":[{"href":"https:\/\/www.insidebrussels.be\/V2\/wp-json\/wp\/v2\/posts\/12613","targetHints":{"allow":["GET"]}}],"collection":[{"href":"https:\/\/www.insidebrussels.be\/V2\/wp-json\/wp\/v2\/posts"}],"about":[{"href":"https:\/\/www.insidebrussels.be\/V2\/wp-json\/wp\/v2\/types\/post"}],"author":[{"embeddable":true,"href":"https:\/\/www.insidebrussels.be\/V2\/wp-json\/wp\/v2\/users\/1"}],"replies":[{"embeddable":true,"href":"https:\/\/www.insidebrussels.be\/V2\/wp-json\/wp\/v2\/comments?post=12613"}],"version-history":[{"count":5,"href":"https:\/\/www.insidebrussels.be\/V2\/wp-json\/wp\/v2\/posts\/12613\/revisions"}],"predecessor-version":[{"id":15885,"href":"https:\/\/www.insidebrussels.be\/V2\/wp-json\/wp\/v2\/posts\/12613\/revisions\/15885"}],"wp:featuredmedia":[{"embeddable":true,"href":"https:\/\/www.insidebrussels.be\/V2\/wp-json\/wp\/v2\/media\/12634"}],"wp:attachment":[{"href":"https:\/\/www.insidebrussels.be\/V2\/wp-json\/wp\/v2\/media?parent=12613"}],"wp:term":[{"taxonomy":"category","embeddable":true,"href":"https:\/\/www.insidebrussels.be\/V2\/wp-json\/wp\/v2\/categories?post=12613"},{"taxonomy":"post_tag","embeddable":true,"href":"https:\/\/www.insidebrussels.be\/V2\/wp-json\/wp\/v2\/tags?post=12613"}],"curies":[{"name":"wp","href":"https:\/\/api.w.org\/{rel}","templated":true}]}}