{"id":12732,"date":"2022-05-04T23:48:38","date_gmt":"2022-05-04T21:48:38","guid":{"rendered":"https:\/\/www.insidebrussels.be\/V2\/?p=12732"},"modified":"2022-05-04T23:48:38","modified_gmt":"2022-05-04T21:48:38","slug":"ne-manquez-pas-la-zineke-parade-2022","status":"publish","type":"post","link":"https:\/\/www.insidebrussels.be\/V2\/bruxelles\/ne-manquez-pas-la-zineke-parade-2022\/","title":{"rendered":"Ne manquez pas la Zineke Parade 2022","gt_translate_keys":[{"key":"rendered","format":"text"}]},"content":{"rendered":"<h2>Zinneke Parade 2022 un \u00e9v\u00e9nement \u00e0 ne pas manquer<\/h2>\n<p>Vous avez probablement lu son nom sur une affiche publicitaire, mais vous ne savez pas ce que c&rsquo;est : la Zinneke parade. Vous \u00eates au bon endroit. Dans cette article, nous vous \u00e9clairons sur son origine, son programme ainsi que les date de la Zinneke parade 2022 \u00e0 Bruxelles.<\/p>\n<p>Tous les 2ans, la ville de Bruxelles met \u00e0 l&rsquo;honneur cette \u00ab\u00a0Zinneken Parade\u00a0\u00bb. Il s&rsquo;agit donc d&rsquo;un \u00e9v\u00e9nement que tous les bons Bruxellois connaissent et apr\u00e9cient.<\/p>\n<h3>Un Zinne-koi ?<\/h3>\n<p>Ce mot tire son origine du braban\u00e7on, un dialecte brusseleir. Zinneke vient de \u00ab\u00a0Zenne\u00a0\u00bb, le nom bruxellois de la rivi\u00e8re Senne qui traverse Bruxelles. On y rajoute le diminutif -ke.<br \/>\nAu d\u00e9but du 21\u00e8me si\u00e8cle, les rats ont envahi Bruxelles &#8230;. \u00e0 cause de la Senne qui parcourait la ville et la traversait. Elle \u00e9tait en quelques sortes son \u00e9gout \u00e0 ciel ouvert. Pour emp\u00eacher leur prolif\u00e9ration, les Bruxellois ont adapt\u00e9 des chiens&#8230;. laiss\u00e9s en libert\u00e9. Ceux-ci se reproduire dans tous les sens. Ce qui donnat naissance \u00e0 beaucoup de chiens b\u00e2tards. Afin de se d\u00e9faire des chiens sans race, les Bruxellois se mirent \u00e0 les noyer dans la Senne.<\/p>\n<p>Les Zinneke \u00e9taient donc \u00e0 l\u2019origine ces chiens b\u00e2tards sans race. On appelle donc \u00ab\u00a0<a href=\"https:\/\/fr.wiktionary.org\/wiki\/zinneke\" target=\"_blank\" rel=\"noopener\">Zinneke<\/a>\u00a0\u00bb tout animal ou m\u00eame personne d\u2019origines m\u00e9lang\u00e9es.<\/p>\n<h3>La zinneke parade c&rsquo;est quoi ?<\/h3>\n<p>Tous les deux ans, la Zinneke Parade revient et envahi le centre de notre capitale: Bruxelles. Au cours de ce spectacle \u00e0 la fois \u00e9mouvant et multi culturel, une 20aine de projets soutenus directement par les Bruxellois ( et artistes) sont mis en sc\u00e8ne.<\/p>\n<p>Bref, tout le monde bouge et parade lors de cet <a href=\"https:\/\/www.insidebrussels.be\/V2\/bruxelles\/10-activites-et-visites-gratuites-a-faire-a-bruxelles\/\">\u00e9v\u00e9nement gratuit<\/a> !<\/p>\n<h3>L&rsquo;origine de la Zinneke parade Bruxelloise<\/h3>\n<p>Nous pourrions dire que cette parade \u00e0 vu le jour apr\u00e8s le bug de l&rsquo;an 2000 (qui n&rsquo;a pas vraiment eu lieu). Elle a lieu tous <strong>les 2 ans<\/strong>. Cela fait donc d\u00e9j\u00e0 au moins 10 fois que la parade \u00e0 eu lieu. Elle fait donc partie du vocabulaire que chaque Bruxellois connait.<\/p>\n<p>Cette parade a vu le jour dans le cadre du projet <strong>\u00ab\u00a0Bruxelles 2000\u00a0\u00bb, capitale europ\u00e9enne de la culture<\/strong>. <strong>Habitants de la ville et artistes se rassemblent<\/strong> afin de mettre en avant les valeurs et la richesse culturelle de notre capitale Belge. Gr\u00e2ce \u00e0 cette <strong>mobilisation de diverses associations culturelles<\/strong>, les <strong>19 communes de la r\u00e9gion de Bruxelles se rejoignent.<\/strong> Peut-importe qu&rsquo;ils soient Bruxellois, n\u00e9erlandophones, francophones ou autres&#8230; Tous l&rsquo;apr\u00e9cient.<\/p>\n<p>De la premi\u00e8re \u00e9dition est restori un \u00e9norme \u00e9lant sans fronti\u00e8re. Depuis, tous les deux ans, la parade grandi et continue a enchant\u00e9 encore plus de monde. Elle fera encore parler d&rsquo;elle, nous en sommes certains.<\/p>\n<p>Pour rappel voici comment elle a \u00e9volu\u00e9:<\/p>\n<ul>\n<li>2002, th\u00e8me \u00ab\u00a0<strong>Zinnergie<\/strong>\u00a0\u00bb a travers\u00e9 la capitale du nord au sud.<\/li>\n<li>En 2004, de De Brouck\u00e8re \u00e0 Anneessens, avec le th\u00e8me \u00ab\u00a0<strong>Le corps en ville\u00a0\u00bb<\/strong>.<\/li>\n<li>2006,\u00a0 parcours circulaire th\u00e8me \u00ab\u00a0<strong>Toekomst \u00e0 venir<\/strong>\u00ab\u00a0.<\/li>\n<li>2008, tour du centre-ville. Th\u00e8me \u201c<strong>Water\/Eau<\/strong>\u201d.<\/li>\n<li>2010,\u00a0 partie de 4 carr\u00e9s distincts pour finalement former un cercle et s\u2019asseoir tous ensemble \u201c<strong>A table\/Aan tafel<\/strong>\u201d.<\/li>\n<li>2012, tourn\u00e9e \u00e0 Bruxelles, th\u00e8me \u201c<strong>D\u00e9sordre\/Wanorde<\/strong>\u201d.<\/li>\n<li>2014, \u201c<strong>Tentation\/Bekoring<\/strong>\u201d.<\/li>\n<li>2016, tour de la zone pi\u00e9tonne,\u00a0 <strong>le th\u00e8me \u00ab\u00a0Fragil\u00a0\u00bb<\/strong><\/li>\n<li>2018 Th\u00e8me \u201c<strong>ILLEGAL<\/strong>\u201d .<\/li>\n<li>2022 \u201c<strong>Wolven ! \/ Aux loups<\/strong> !\u201d.<\/li>\n<li>2022: \u00e0 suivre!<\/li>\n<\/ul>\n<p><iframe loading=\"lazy\" style=\"border: none; overflow: hidden;\" src=\"https:\/\/www.facebook.com\/plugins\/post.php?href=https%3A%2F%2Fwww.facebook.com%2FZinneke%2Fphotos%2Fa.3139805672788576%2F3662348633867608%2F%3Ftype%3D3&amp;show_text=true&amp;width=500\" width=\"500\" height=\"375\" frameborder=\"0\" scrolling=\"no\" allowfullscreen=\"allowfullscreen\"><\/iframe><\/p>\n<h3>Les date et plan du parcours de la Zinneke parade 2022<\/h3>\n<p>La Zinneke Parade aura lieu <strong>le samedi 14 mai 2022 \u00e0 15h, a pour th\u00e8me \u00ab\u00a0Trompe l\u2019\u0153il\u00a0\u00bb..<\/strong><\/p>\n<figure id=\"attachment_12733\" aria-describedby=\"caption-attachment-12733\" style=\"width: 960px\" class=\"wp-caption aligncenter\"><img decoding=\"async\" class=\"Parcours de la Zineke Parade 2022 wp-image-12733 size-full\" title=\"Parcours de la Zineke Parade 2022\" src=\"https:\/\/www.insidebrussels.be\/V2\/wp-content\/uploads\/2022\/05\/Zineke.jpg\" alt=\"Parcours de la Zineke Parade 2022\" width=\"960\" height=\"982\" srcset=\"https:\/\/www.insidebrussels.be\/V2\/wp-content\/uploads\/2022\/05\/Zineke.jpg 960w, https:\/\/www.insidebrussels.be\/V2\/wp-content\/uploads\/2022\/05\/Zineke-293x300.jpg 293w, https:\/\/www.insidebrussels.be\/V2\/wp-content\/uploads\/2022\/05\/Zineke-768x786.jpg 768w\" sizes=\"(max-width: 960px) 100vw, 960px\" \/><figcaption id=\"caption-attachment-12733\" class=\"wp-caption-text\">Parcours de la Zineke Parade 2022<\/figcaption><\/figure>\n<p>En savoir plus sur<a href=\"https:\/\/www.facebook.com\/Zinneke\/\" target=\"_blank\" rel=\"noopener\"> la page Facebook Officielle de la Zinneke Parade<\/a><\/p>\n","protected":false,"gt_translate_keys":[{"key":"rendered","format":"html"}]},"excerpt":{"rendered":"<p>Zinneke Parade 2022 un \u00e9v\u00e9nement \u00e0 ne pas manquer Vous avez probablement lu son nom<\/p>\n","protected":false,"gt_translate_keys":[{"key":"rendered","format":"html"}]},"author":1,"featured_media":12734,"comment_status":"closed","ping_status":"closed","sticky":false,"template":"","format":"standard","meta":{"_lmt_disableupdate":"","_lmt_disable":"","footnotes":""},"categories":[232],"tags":[],"class_list":["post-12732","post","type-post","status-publish","format-standard","has-post-thumbnail","hentry","category-agenda-et-expo"],"modified_by":"pierre","amp_enabled":true,"gt_translate_keys":[{"key":"link","format":"url"}],"_links":{"self":[{"href":"https:\/\/www.insidebrussels.be\/V2\/wp-json\/wp\/v2\/posts\/12732","targetHints":{"allow":["GET"]}}],"collection":[{"href":"https:\/\/www.insidebrussels.be\/V2\/wp-json\/wp\/v2\/posts"}],"about":[{"href":"https:\/\/www.insidebrussels.be\/V2\/wp-json\/wp\/v2\/types\/post"}],"author":[{"embeddable":true,"href":"https:\/\/www.insidebrussels.be\/V2\/wp-json\/wp\/v2\/users\/1"}],"replies":[{"embeddable":true,"href":"https:\/\/www.insidebrussels.be\/V2\/wp-json\/wp\/v2\/comments?post=12732"}],"version-history":[{"count":1,"href":"https:\/\/www.insidebrussels.be\/V2\/wp-json\/wp\/v2\/posts\/12732\/revisions"}],"predecessor-version":[{"id":12735,"href":"https:\/\/www.insidebrussels.be\/V2\/wp-json\/wp\/v2\/posts\/12732\/revisions\/12735"}],"wp:featuredmedia":[{"embeddable":true,"href":"https:\/\/www.insidebrussels.be\/V2\/wp-json\/wp\/v2\/media\/12734"}],"wp:attachment":[{"href":"https:\/\/www.insidebrussels.be\/V2\/wp-json\/wp\/v2\/media?parent=12732"}],"wp:term":[{"taxonomy":"category","embeddable":true,"href":"https:\/\/www.insidebrussels.be\/V2\/wp-json\/wp\/v2\/categories?post=12732"},{"taxonomy":"post_tag","embeddable":true,"href":"https:\/\/www.insidebrussels.be\/V2\/wp-json\/wp\/v2\/tags?post=12732"}],"curies":[{"name":"wp","href":"https:\/\/api.w.org\/{rel}","templated":true}]}}