{"id":12779,"date":"2022-05-07T18:48:51","date_gmt":"2022-05-07T16:48:51","guid":{"rendered":"https:\/\/www.insidebrussels.be\/V2\/?p=12779"},"modified":"2023-02-19T23:27:07","modified_gmt":"2023-02-19T22:27:07","slug":"couleur-cafe-2022-le-festival-de-musique-a-bruxelles","status":"publish","type":"post","link":"https:\/\/www.insidebrussels.be\/V2\/bruxelles\/couleur-cafe-2022-le-festival-de-musique-a-bruxelles\/","title":{"rendered":"Couleur Caf\u00e9 2022 , le festival de musique \u00e0 Bruxelles","gt_translate_keys":[{"key":"rendered","format":"text"}]},"content":{"rendered":"<p>Chaque ann\u00e9e, le <strong>Heizel<\/strong> et <strong>l&rsquo;Atomium<\/strong> se mettent \u00e0 danser. Si vous n&rsquo;avez pas encore entendu parl\u00e9 du festival de musique \u00ab\u00a0<strong>Couleur Caf\u00e9<\/strong>\u00a0\u00bb ou que vous souhaitez y participer, ceci devrait vous int\u00e9resser.<\/p>\n<p>Cette ann\u00e9e c&rsquo;est du <strong>24 au 26 juin 2022<\/strong>, que le Square de l\u2019Atomium vous donne rendez-vous pour pour 3 jours de folie. Au programme: concerts,\u00a0 d\u2019animations, percutionnistes, danseurs, d\u00e9guisements, tenues flamboyantes.<\/p>\n<p>Vous y trouverez aussi de nombreux <a href=\"https:\/\/www.insidebrussels.be\/V2\/bruxelles\/bruxelles-street-food-mangez-cher-bien\/\">food-truck venu des quatres\u00a0 coins du monde et du street-food<\/a> et <a href=\"https:\/\/www.insidebrussels.be\/V2\/bruxelles\/boire-cocktail-bruxelles-nos-cocktailbars-preferes\/\">boissons plus que d\u00e9licieuses.<\/a><\/p>\n<h3>Quelle est l&rsquo;histoire du festival Couleur Caf\u00e9 ?<\/h3>\n<p>L&rsquo;id\u00e9e a germ\u00e9 \u00e0 partir de la fin des ann\u00e9es 1980, Lors de son &lsquo;service civil&rsquo; dans le culturel de Watermael-Boitsfort, Patrick Wallens se rend en Suisse. C&rsquo;est l\u00e7 que le festival \u00ab\u00a0Pal\u00e9o Festival\u00a0\u00bb \u00e0 Nyon fut source d&rsquo;inspiration. Cr\u00e9\u00e9 un festival de musique \u00e0 la fois m\u00e9tiss\u00e9 et convivial. Se distinguant des autre car il offrirait autre chose qu&rsquo;une morne plaine et de la musique.<\/p>\n<p>Il s&rsquo;inspirera donc fortement pour amener l&rsquo;id\u00e9e en Belgique, \u00e0 Bruxelles en <strong>1990<\/strong>. C&rsquo;est dans les <strong>Halles de Schaerbeek<\/strong>, en plein c\u0153ur de Bruxelles, que de la musique <strong>africaines et afro-cubaines<\/strong>,\u00a0accompagn\u00e9e de <strong>souks<\/strong>, <strong>restaurants<\/strong>, <strong>artisans<\/strong> et une <strong>d\u00e9co<\/strong> surprenant vit le jour.<\/p>\n<p>Pas mal pour une premi\u00e8re \u00e9dition,\u00a0 <strong>5 300 personnes y assist\u00e8rent<\/strong>.\u00a0 C&rsquo;est plus tard, en 1994, que le festival s&rsquo;installe pr\u00e8s de Tour et Taxis, le long du canal de Bruxelles. Plus tard, le festival fut encore d\u00e9plac\u00e9 vers l&rsquo;endroit o\u00f9 nous le connaissons : le Heizel.<\/p>\n<h3>Tout savoir sur le genre de musique diffus\u00e9e dans le festival Couleur Caf\u00e9<\/h3>\n<p>Bien qu&rsquo;une chanson de Serge Gainsbourg s&rsquo;appelle aussi <a href=\"https:\/\/fr.wikipedia.org\/wiki\/Festival_Couleur_Caf%C3%A9\" target=\"_blank\" rel=\"noopener\">couleur caf\u00e9<\/a>, il ne s&rsquo;agit pas de ce genre de musique. Les ondes musicales du festival sont plus vari\u00e9es et atirent un public cosmopolite pour danser autour des musiques du monde. Le<strong> festival <\/strong>met son focus sur une musique d&rsquo;origine africaine et carib\u00e9enne. On y retrouvera donc \u00e9videmment du reggae, de la <strong>soul,<\/strong> du <strong>jazz, funk<\/strong> mais aussi du <strong>latino<\/strong> , <strong>RnB<\/strong> et du\u00a0 <strong>hip-hop.<\/strong><\/p>\n<p>Ce festival n&rsquo;est pas un petit festival. Chaque ann\u00e9e, des miliers de spectateurs y assistent. Son ambiance conviviale et esprit de partage y est pour quelque chose.<\/p>\n<h3>Que peut-on apporter sur le festival?<\/h3>\n<p>Bonne nouvelle chaque visiteur peut apporter une boisson. C&rsquo;est \u00e0 dire, chaque visiteur peut prendre avec lui une bouteille d&rsquo;eau ou un gourde. Elle pourra \u00eatre ensuite recharg\u00e9e gratuitement dans les sanitaires. Attention, le verre, canette, boissons gazeuses ou alcohool ne sont PAS autoris\u00e9es. Il est cependant interdit d&rsquo;apporter \u00e0 manger ( sauf si vous avez un r\u00e9gime sp\u00e9cifique et une prescription m\u00e9dicale )<\/p>\n<h3><strong>D\u00e9couvrez le line up de couleur caf\u00e9 2022<\/strong><\/h3>\n<p>En 2022,\u00a0 \u00ab\u00a0Dub Stage\u00a0\u00bb sera encore plus grande. 7 nouveaux noms ont \u00e9t\u00e9 annonc\u00e9s.\u00a0 Au programme, on comptera parmi les pr\u00e9sent le h\u00e9ros du reggae \u00ab\u00a0Omar Perry\u00a0\u00bb; Weeding Dub;\u00a0 O.B.F ainsi que Reggaebus. Blackbird Sound System et Stand High Patrol avaient d\u00e9j\u00e0 \u00e9t\u00e9 annonc\u00e9s \u00e9galement.<\/p>\n<p>On retrouvera donc le line-up suivant pour couleur caf\u00e9 2022:<\/p>\n<ul>\n<li>Shaggy<\/li>\n<li>Mr Eazi<\/li>\n<li>Tarrus Riley<\/li>\n<li>Romare<\/li>\n<li>Lee Fields &amp; The Expressions<\/li>\n<li>Koffee<\/li>\n<li>IAMDDB<\/li>\n<li>Youssou N&rsquo;Dour<\/li>\n<li>Carl Craig<\/li>\n<li>The Comet Is Coming<\/li>\n<li>Nathy Peluso<\/li>\n<li>DUB INC<\/li>\n<li>Lee Fields<\/li>\n<li>Gilles Peterson<\/li>\n<li>Fally Ipupa<\/li>\n<li>Jungle By Night<\/li>\n<li>Omah Lay<\/li>\n<li>Panda dub<\/li>\n<li>Zwangere Guy<\/li>\n<li>Cimafunk<\/li>\n<li>BCUC<\/li>\n<li>Stikstof<\/li>\n<li>Elida Almeida<\/li>\n<li>Philou Louzolo<\/li>\n<li>Tiiw Tiiw<\/li>\n<li>CABALLERO &amp; JEANJASS (BE)<\/li>\n<\/ul>\n<h3>Comment acc\u00e9der \u00e0 couleur caf\u00e9 2022 ?<\/h3>\n<p>Vous pouvez y acc\u00e9der en metro, bus , voiture ou Noctis. Couleur Caf\u00e9 propose aussi un\u00a0 \u00ab\u00a0<a href=\"https:\/\/www.stib-mivb.be\/article.html?_guid=30fa3e16-098e-3410-a38a-c8fdc3647d64&amp;l=fr\" target=\"_blank\" rel=\"noopener\">EventPass<\/a>\u00ab\u00a0. Gr\u00e2ce \u00e0 celui-ci, vous voyagez gratuitement en m\u00e9tro, tram et bus de la STIP pour aller et revenir du festival. Celui-ci est disponible gr\u00e2ce au code qui se trouve sur votre ticket de festival. Il vous permettra d\u2019obtenir un ticket de transport. Le \u00ab\u00a0Event Pass\u00a0\u00bb est disponible dans les points de vente stib \u00ab\u00a0GO\u00a0\u00bb. Via les transports en commun STIB, les diff\u00e9rents choix ci-dessous s&rsquo;offrent \u00e0 vous :<\/p>\n<ul>\n<li><strong>Metro<\/strong> <strong>6<\/strong> (\u00a0 arr\u00eat Heysel\/ Heizel)<\/li>\n<li><strong>Tram<\/strong> <strong>7<\/strong>, (arr\u00eat Heysel\/ Heizel)<\/li>\n<li><strong>Bus<\/strong> <strong>84<\/strong>, <strong>88<\/strong> (N18 le vendredi et samedi) ( arr\u00eat Heysel\/ Heizel)<\/li>\n<li>\u00a0<strong>Tram<\/strong> <strong>51<\/strong>, <strong>93<\/strong>, arr\u00eat Stade\/ Stadion<\/li>\n<\/ul>\n<p>De minuit \u00e0 3h vous pourrez aussi prendre une navette <strong>Noctis<\/strong>.\u00a0 Sur pr\u00e9sentation du bracelet Couleur Caf\u00e9, le bus de nuit est gratuit. Ils\u00a0 partent de <a href=\"https:\/\/www.insidebrussels.be\/V2\/bruxelles\/latomium\/\">l\u2019Atomium<\/a><br \/>\nIls partent toutes les 15 minutes depuis l\u2019Atomium et vous redirigent vers Bruxelles-Capitale.<\/p>\n<p>Planifiez votre voyage retour \u00e0 l\u2019avance et t\u00e9l\u00e9charger <a href=\"https:\/\/www.insidebrussels.be\/V2\/bruxelles\/plan-de-bruxelles-centre-gratuit-pdf-a-imprimer-stib\/\">un plan de Bruxelles<\/a><\/p>\n<p>L&rsquo;adresse du festival est :Couleur Caf\u00e9, Square de l&rsquo;Atomium, 1020 Bruxelles<\/p>\n<h3>Camping du festival Couleur caf\u00e9 2022<\/h3>\n<p>Le festival poss\u00e8de un <strong>camping<\/strong> qui peut h\u00e9berger plusieurs milliers de campeurs arriv\u00e9s tout droit de Bruxelles ou de plus loin. Celui-ci se situe \u00e0 quelques pas du Stade Roi Beaudouin. Il trouve \u00e7a place entre nature et ville.\u00a0 Les valeurs qu&rsquo;ils v\u00e9hicule sont celles du festival : solidarit\u00e9, convivialit\u00e9 et esprit de f\u00eate<\/p>\n<p>Comme pour les derni\u00a7res ann\u00e9es, il est possible de venir en caravane ou camping-cars. Pratique pour ceux qui n&rsquo;aiment pas dormir en tente et recherche un certain comfort. Si vous \u00eates sous tente,\u00a0 le camping est\u00a0 \u00e9videmment \u00e9quip\u00e9 de toilettes et douches chaudes gratuites.<\/p>\n<p>Le camping est ouvert du vendredi 24 juin \u00e0 9h30 et fermera le lundi 27 juin \u00e0 midi.<\/p>\n<h3>Vid\u00e9o du Festival couleur caf\u00e9<\/h3>\n<p>Voici une vid\u00e9o d&rsquo;ambiance qui vous donnera un bon aper\u00e7u du festival :<\/p>\n<p><iframe loading=\"lazy\" title=\"YouTube video player\" src=\"https:\/\/www.youtube.com\/embed\/f3h1mpJP94k\" width=\"560\" height=\"315\" frameborder=\"0\" allowfullscreen=\"allowfullscreen\"><\/iframe><\/p>\n<p>&nbsp;<\/p>\n<h3>Acheter votre billet d&rsquo;entr\u00e9e pour Couleur Caf\u00e9 2022<\/h3>\n<p><a href=\"https:\/\/www.couleurcafe.be\/\" target=\"_blank\" rel=\"noopener\">Les tickets peuvent \u00eatre achet\u00e9s ici sur le site officie<\/a>l. C\u00f4t\u00e9 prix, 3 jours sont \u00e0 95\u20ac , 1 jour 48\u20ac. Le moyen d&rsquo;obtenir un r\u00e9duction sur le prix d&rsquo;entr\u00e9e couleur caf\u00e9 2022: Si vous venez \u00e0 plusieurs, vous pouvez acheter des tickets de groupe. Vous pourrez vous procurer 10 entr\u00e9es pour 430\u20ac (au lieu de 480\u20ac)<\/p>\n","protected":false,"gt_translate_keys":[{"key":"rendered","format":"html"}]},"excerpt":{"rendered":"<p>Chaque ann\u00e9e, le Heizel et l&rsquo;Atomium se mettent \u00e0 danser. Si vous n&rsquo;avez pas encore<\/p>\n","protected":false,"gt_translate_keys":[{"key":"rendered","format":"html"}]},"author":1,"featured_media":12781,"comment_status":"closed","ping_status":"closed","sticky":false,"template":"","format":"standard","meta":{"_lmt_disableupdate":"","_lmt_disable":"","footnotes":""},"categories":[12,526],"tags":[],"class_list":["post-12779","post","type-post","status-publish","format-standard","has-post-thumbnail","hentry","category-bouger-a-bruxelles-choses-a-faire-et-visiter","category-festival-musique"],"modified_by":"pierre","amp_enabled":true,"gt_translate_keys":[{"key":"link","format":"url"}],"_links":{"self":[{"href":"https:\/\/www.insidebrussels.be\/V2\/wp-json\/wp\/v2\/posts\/12779","targetHints":{"allow":["GET"]}}],"collection":[{"href":"https:\/\/www.insidebrussels.be\/V2\/wp-json\/wp\/v2\/posts"}],"about":[{"href":"https:\/\/www.insidebrussels.be\/V2\/wp-json\/wp\/v2\/types\/post"}],"author":[{"embeddable":true,"href":"https:\/\/www.insidebrussels.be\/V2\/wp-json\/wp\/v2\/users\/1"}],"replies":[{"embeddable":true,"href":"https:\/\/www.insidebrussels.be\/V2\/wp-json\/wp\/v2\/comments?post=12779"}],"version-history":[{"count":4,"href":"https:\/\/www.insidebrussels.be\/V2\/wp-json\/wp\/v2\/posts\/12779\/revisions"}],"predecessor-version":[{"id":14281,"href":"https:\/\/www.insidebrussels.be\/V2\/wp-json\/wp\/v2\/posts\/12779\/revisions\/14281"}],"wp:featuredmedia":[{"embeddable":true,"href":"https:\/\/www.insidebrussels.be\/V2\/wp-json\/wp\/v2\/media\/12781"}],"wp:attachment":[{"href":"https:\/\/www.insidebrussels.be\/V2\/wp-json\/wp\/v2\/media?parent=12779"}],"wp:term":[{"taxonomy":"category","embeddable":true,"href":"https:\/\/www.insidebrussels.be\/V2\/wp-json\/wp\/v2\/categories?post=12779"},{"taxonomy":"post_tag","embeddable":true,"href":"https:\/\/www.insidebrussels.be\/V2\/wp-json\/wp\/v2\/tags?post=12779"}],"curies":[{"name":"wp","href":"https:\/\/api.w.org\/{rel}","templated":true}]}}