{"id":12831,"date":"2022-06-10T22:57:37","date_gmt":"2022-06-10T20:57:37","guid":{"rendered":"https:\/\/www.insidebrussels.be\/V2\/?p=12831"},"modified":"2022-12-10T17:01:47","modified_gmt":"2022-12-10T16:01:47","slug":"la-programme-de-la-fete-de-la-musique-2022-a-bruxelles","status":"publish","type":"post","link":"https:\/\/www.insidebrussels.be\/V2\/bruxelles\/la-programme-de-la-fete-de-la-musique-2022-a-bruxelles\/","title":{"rendered":"La programme de la f\u00eate de la musique 2022 \u00e0 Bruxelles","gt_translate_keys":[{"key":"rendered","format":"text"}]},"content":{"rendered":"<h2>F\u00eate de la musique 2022 \u00e0 Bruxelles<\/h2>\n<p>Pour sa 38\u00e8me \u00e9dition, la f\u00eate de la Musique s&rsquo;installe \u00e0 Bruxelles. Cette ann\u00e9e, c&rsquo;est dans le <a href=\"https:\/\/fr.wikivoyage.org\/wiki\/Quartier_des_Libert%C3%A9s_(Bruxelles)\" target=\"_blank\" rel=\"noopener\">quartier des Libert\u00e9s<\/a> que vous pourrez la retrouver. C&rsquo;est l\u00e0 que Deux jours de concerts et animations musicales organis\u00e9e par le conseil de la Musique vous y attendent.<\/p>\n<p>Ne la loupez pas, il s&rsquo;agit de la f\u00eate bruxelloise par exellence. Elle fera r\u00e9sonner le Cirque Royal et l&rsquo;Esplanade de la Cit\u00e9 administrative.\u00a0 Si vous ne savez pas o\u00f9 celle-ci se trouve, rendez-vous derri\u00e8re la colonne du Congr\u00e8s ou encore au Soldat inconnu.<\/p>\n<p>Cette f\u00eate est pour tout le monde, petits et grands y trouveront leur compte. Et apr\u00e9cieront la richesse et la diversit\u00e9 de la sc\u00e8ne musicale de la F\u00e9d\u00e9ration Wallonie-Bruxelles. Jettez un oeil au programme ci-dessous, quelques pointures internationales vous y attendent!<\/p>\n<p><center><br \/>\n<iframe loading=\"lazy\" width=\"560\" height=\"315\" src=\"https:\/\/www.youtube.com\/embed\/bjEvxD18TGg\" title=\"YouTube video player\" frameborder=\"0\" allow=\"accelerometer; autoplay; clipboard-write; encrypted-media; gyroscope; picture-in-picture\" allowfullscreen><\/iframe><br \/>\n<\/center><\/p>\n<h3>Adresse de la f\u00eate de la musique 2022<\/h3>\n<p>Apr\u00e8s 38ans, il est encore possible de se faire surprendre&#8230; Quelle aventure cette F\u00eate de la Musique! Chaque ann\u00e9e voit apparaitre ses nouveaut\u00e9s. A c\u00f4t\u00e9 des communes d\u00e9j\u00e0 impliqu\u00e9es pr\u00e9c\u00e9demment on retrouve, par exemple, \u00e0 Jette qui rejoint la F\u00eate avec son \u00ab\u00a0Jazz Jette June\u00a0\u00bb. Si vous ne connaissez pas, il s&rsquo;agit d&rsquo;une programmation sans fronti\u00e8res de styles ni de genres.<\/p>\n<p>La f\u00eate se d\u00e9roulera un peu partout \u00e0 Bruxelles. Cependant, attendez-vous \u00e0 retrouver les t\u00eates d&rsquo;affiche et le focus dans la quartier des libert\u00e9s. Vous ne savez pas o\u00f9 se trouve le quartier de libert\u00e9s \u00e0 Bruxelles? Peut-\u00eatre connaissez-vous la \u00ab\u00a0Place des Libert\u00e9s\u00a0\u00bb? Elle se trouve en son centre.. Depuis cette place, partent des rues ayant pour nom en rapport avec les libert\u00e9s fondamentales et la constitution. Vous y retrouverez donc la rue du Culte , la rue de l&rsquo;Enseignement, la rue de la Presse, etc&#8230;\u00a0 <strong>Le Cirque Royal<\/strong> vous y\u00a0 attend!<\/p>\n<h3>Quand aura lieu la f\u00eate de la musique 2022 ?<\/h3>\n<p>Cette ann\u00e9e, c&rsquo;est le samedi 18 et dimanche 19 juin 2022 que vous pourrez profiter de l&rsquo;\u00e9v\u00e9nement musical \u00e0 Bruxelles.<\/p>\n<figure id=\"attachment_12834\" aria-describedby=\"caption-attachment-12834\" style=\"width: 300px\" class=\"wp-caption aligncenter\"><img decoding=\"async\" class=\"wp-image-12834 size-full\" title=\"F\u00eate de la musique 2022 Bruxelles\" src=\"https:\/\/www.insidebrussels.be\/V2\/wp-content\/uploads\/2022\/06\/FDLM22-BXL-18-19-juin.jpg\" alt=\"F\u00eate de la musique 2022 Bruxelles\" width=\"300\" height=\"531\" srcset=\"https:\/\/www.insidebrussels.be\/V2\/wp-content\/uploads\/2022\/06\/FDLM22-BXL-18-19-juin.jpg 300w, https:\/\/www.insidebrussels.be\/V2\/wp-content\/uploads\/2022\/06\/FDLM22-BXL-18-19-juin-169x300.jpg 169w\" sizes=\"(max-width: 300px) 100vw, 300px\" \/><figcaption id=\"caption-attachment-12834\" class=\"wp-caption-text\">F\u00eate de la musique 2022 Bruxelles<\/figcaption><\/figure>\n<h3>Quel est le prix de l&rsquo;\u00e9v\u00e9nement ?<\/h3>\n<p>C&rsquo;est gratuit! Profitez-en. Cependant, il vaut mieux r\u00e9server vos places pour les concerts du samedi 18 juin au Cirque Royal.<\/p>\n<h3>Programme pour profiter un maximum \u00e0 Bruxelles de la f\u00eate de la musique 2022<\/h3>\n<figure id=\"attachment_12838\" aria-describedby=\"caption-attachment-12838\" style=\"width: 640px\" class=\"wp-caption aligncenter\"><img decoding=\"async\" class=\"wp-image-12838 size-large\" title=\"F\u00eate de la musique (c) Dossier Presse\" src=\"https:\/\/www.insidebrussels.be\/V2\/wp-content\/uploads\/2022\/06\/fete-de-la-musique-presse-1024x683.jpg\" alt=\"F\u00eate de la musique (c) Dossier Presse\" width=\"640\" height=\"427\" srcset=\"https:\/\/www.insidebrussels.be\/V2\/wp-content\/uploads\/2022\/06\/fete-de-la-musique-presse-1024x683.jpg 1024w, https:\/\/www.insidebrussels.be\/V2\/wp-content\/uploads\/2022\/06\/fete-de-la-musique-presse-300x200.jpg 300w, https:\/\/www.insidebrussels.be\/V2\/wp-content\/uploads\/2022\/06\/fete-de-la-musique-presse-768x513.jpg 768w, https:\/\/www.insidebrussels.be\/V2\/wp-content\/uploads\/2022\/06\/fete-de-la-musique-presse-1536x1025.jpg 1536w, https:\/\/www.insidebrussels.be\/V2\/wp-content\/uploads\/2022\/06\/fete-de-la-musique-presse-scaled.jpg 1078w\" sizes=\"(max-width: 640px) 100vw, 640px\" \/><figcaption id=\"caption-attachment-12838\" class=\"wp-caption-text\">F\u00eate de la musique (c) Dossier Presse<\/figcaption><\/figure>\n<p>Nouvelles initiatives, nouveaux rendez-vous, nouvelles sonorit\u00e9s. L\u2019\u00e9dition de toutes les d\u00e9couvertes dans la capitale : Jazz, funk, soul, pop Rock et Electro vous attendent, il y en aura pour tous les go\u00fbts.<\/p>\n<p style=\"text-align: center;\"><strong>SAMEDI 18 JUIN<\/strong><br \/>\n\u2799<span style=\"text-decoration: underline;\"><strong> CIRQUE ROYAL<\/strong><\/span><br \/>\n(\u26a0 SUR R\u00c9SERVATION \u26a0)<br \/>\n15h00 &#8211; Echo Collective<br \/>\n17h00 &#8211; Le Motel &amp; Bruce Wijn<br \/>\n19h00 &#8211; Yseult<br \/>\n21h30 &#8211; Girls in Hawaii<br \/>\n<span style=\"text-decoration: underline;\"><strong>\u2799 ESPLANADE DE LA CITE ADMINISTRATIVE<\/strong><\/span><br \/>\n15h00 &#8211; Super Gum<br \/>\n16h10 &#8211; Commander Spoon XXL<br \/>\n17h30 &#8211; Juicy<br \/>\n19h00 &#8211; Peet<br \/>\n20h30 &#8211; L&rsquo;Or du Commun<br \/>\n22h10 &#8211; KOKOKO!<br \/>\n&#8212;<br \/>\n<strong>DIMANCHE 19 JUIN<\/strong><br \/>\n<span style=\"text-decoration: underline;\"><strong>\u2799 CIRQUE ROYAL<\/strong><\/span><br \/>\n10h30 &#8211; Monsieur Nicolas (kids)<br \/>\n12h30 &#8211; O!Boy\u25b9\u00a0\u00bbLes rossignols de l&rsquo;Ouest\u00a0\u00bb (kids)<br \/>\n14h45 &#8211; Stace<br \/>\n16h15 &#8211; Aka Moon &amp; Jo\u00e3o Barradas<\/p>\n<p style=\"text-align: center;\">18h00 &#8211; Unik Ubik<br \/>\n19h45 &#8211; Mountain Bike<br \/>\n21h30 &#8211; BRNS<br \/>\n<span style=\"text-decoration: underline;\"><strong>\u2799 ESPLANADE DE LA CITE ADMINISTRATIVE<\/strong><\/span><br \/>\n11h30 &#8211; WaldisNerds (Kids)<br \/>\n13h00 &#8211; Doria D<br \/>\n15h00 &#8211; Youssef Swatt&rsquo;s<br \/>\n16h30 &#8211; F\u00f9g\u00f9 Mango<br \/>\n18h00 &#8211; Y\u00f4ka\u00ef<br \/>\n19h30 &#8211; James BKS<br \/>\n21h00 &#8211; Chouk Bwa &amp; The \u00c5ngstr\u00f6mers<br \/>\n<em>+ ARTS DE LA RUE<\/em><br \/>\n<em>+ ANIMATIONS ET ATELIERS POUR ENFANTS<\/em><br \/>\n<em>(maquillage\/grimage, les ballons de Magic Morgan, ateliers de lutherie sauvage, etc.)<\/em><br \/>\n+ BARS &amp; FOODTRUCKS<\/p>\n<h3>Contacter la f\u00eate de la musique<\/h3>\n<ul>\n<li>LIGNE INFOS : 02 550 13 20<\/li>\n<li>SITE WEB : <a href=\"http:\/\/www.fetedelamusique.be\" target=\"_blank\" rel=\"noopener\">www.fetedelamusique.be<\/a><\/li>\n<li>FACEBOOK : <a href=\"http:\/\/www.facebook.com\/fetedelamusiquefwb\" target=\"_blank\" rel=\"noopener\">www.facebook.com\/fetedelamusiquefwb<\/a><\/li>\n<li>INSTAGRAM : @fetedelamusique_fwb<\/li>\n<li>PRESSE : Fran\u00e7ois-Xavier Descamps \u2013 fx.descamps@conseildelamusique.be \u2013 02 550 13 20<\/li>\n<\/ul>\n","protected":false,"gt_translate_keys":[{"key":"rendered","format":"html"}]},"excerpt":{"rendered":"<p>F\u00eate de la musique 2022 \u00e0 Bruxelles Pour sa 38\u00e8me \u00e9dition, la f\u00eate de la<\/p>\n","protected":false,"gt_translate_keys":[{"key":"rendered","format":"html"}]},"author":1,"featured_media":12832,"comment_status":"closed","ping_status":"closed","sticky":false,"template":"","format":"standard","meta":{"_lmt_disableupdate":"","_lmt_disable":"","footnotes":""},"categories":[232,892,526],"tags":[],"class_list":["post-12831","post","type-post","status-publish","format-standard","has-post-thumbnail","hentry","category-agenda-et-expo","category-evenement","category-festival-musique"],"modified_by":"pierre","amp_enabled":true,"gt_translate_keys":[{"key":"link","format":"url"}],"_links":{"self":[{"href":"https:\/\/www.insidebrussels.be\/V2\/wp-json\/wp\/v2\/posts\/12831","targetHints":{"allow":["GET"]}}],"collection":[{"href":"https:\/\/www.insidebrussels.be\/V2\/wp-json\/wp\/v2\/posts"}],"about":[{"href":"https:\/\/www.insidebrussels.be\/V2\/wp-json\/wp\/v2\/types\/post"}],"author":[{"embeddable":true,"href":"https:\/\/www.insidebrussels.be\/V2\/wp-json\/wp\/v2\/users\/1"}],"replies":[{"embeddable":true,"href":"https:\/\/www.insidebrussels.be\/V2\/wp-json\/wp\/v2\/comments?post=12831"}],"version-history":[{"count":4,"href":"https:\/\/www.insidebrussels.be\/V2\/wp-json\/wp\/v2\/posts\/12831\/revisions"}],"predecessor-version":[{"id":12839,"href":"https:\/\/www.insidebrussels.be\/V2\/wp-json\/wp\/v2\/posts\/12831\/revisions\/12839"}],"wp:featuredmedia":[{"embeddable":true,"href":"https:\/\/www.insidebrussels.be\/V2\/wp-json\/wp\/v2\/media\/12832"}],"wp:attachment":[{"href":"https:\/\/www.insidebrussels.be\/V2\/wp-json\/wp\/v2\/media?parent=12831"}],"wp:term":[{"taxonomy":"category","embeddable":true,"href":"https:\/\/www.insidebrussels.be\/V2\/wp-json\/wp\/v2\/categories?post=12831"},{"taxonomy":"post_tag","embeddable":true,"href":"https:\/\/www.insidebrussels.be\/V2\/wp-json\/wp\/v2\/tags?post=12831"}],"curies":[{"name":"wp","href":"https:\/\/api.w.org\/{rel}","templated":true}]}}