{"id":13013,"date":"2022-10-11T23:31:18","date_gmt":"2022-10-11T21:31:18","guid":{"rendered":"https:\/\/www.insidebrussels.be\/V2\/?p=13013"},"modified":"2023-01-07T23:46:41","modified_gmt":"2023-01-07T22:46:41","slug":"le-nouveau-marche-durable-local-et-zero-dechet-a-bruxelles","status":"publish","type":"post","link":"https:\/\/www.insidebrussels.be\/V2\/bruxelles\/le-nouveau-marche-durable-local-et-zero-dechet-a-bruxelles\/","title":{"rendered":"le nouveau march\u00e9 durable, local et z\u00e9ro d\u00e9ch\u00eat \u00e0 Bruxelles","gt_translate_keys":[{"key":"rendered","format":"text"}]},"content":{"rendered":"<h2>D\u00e9couvrez le nouveau march\u00e9 durable, local et z\u00e9ro d\u00e9ch\u00eat \u00e0 Woluw\u00e9-Saint-Pierre<\/h2>\n<p>Vous \u00eates \u00e0 la recherche d&rsquo;un lieu convivial et durable pour faire vos courses? Ce <strong>nouveau march\u00e9<\/strong> devrait vous int\u00e9resser. Il s&rsquo;agit du <strong>march\u00e9 durable<\/strong> de la place des Ma\u00efeurs. Ce dernier souhaite vous proposer <strong>des produits de qualit\u00e9 en circuit-court<\/strong>, de <strong>saison<\/strong>, <strong>\u00e9quitables<\/strong>, <strong>bio<\/strong>, respectueux de l\u2019environnement et de ses habitants. Il sera vous ravir avec son offre alimentaire et non-alimentaire. Vous y retrouverez des fruits et l\u00e9gumes, de la <a href=\"https:\/\/www.insidebrussels.be\/V2\/bruxelles\/ou-manger-de-la-bonne-viande-a-bruxelles-restaurant\/\">viande<\/a>, du poisson, des <a href=\"https:\/\/www.insidebrussels.be\/V2\/bruxelles\/les-10-meilleurs-endroits-ou-acheter-du-fromage-a-bruxelles\/\">fromages<\/a>, des produits laitiers, mais aussi du bon pain, des cr\u00eapes ainsi que des foodtrucks et un bar pour manger un bout et boire un verre sur place.<\/p>\n<p>Ce march\u00e9 est compl\u00e9mentaire au quartier, et renforcer le lien entre producteurs et consommateurs. Tout en maintenant l\u2019accessibilit\u00e9 financi\u00e8re pour tous.<\/p>\n<p>Avant d&rsquo;aller plus loin, ces articles pourraient \u00e9galement vous int\u00e9resser:<\/p>\n<ul>\n<li><a href=\"https:\/\/www.insidebrussels.be\/V2\/bruxelles\/les-3-meilleurs-endroits-ou-cueillir-ses-fruits-et-legumes-pres-de-bruxelles\/\">O\u00f9 cueillir ses fruits et l\u00e9gumes \u00e0 Bruxelles ?<\/a><\/li>\n<li><a href=\"https:\/\/www.insidebrussels.be\/V2\/bruxelles\/tag\/bio\/\">Quels sont les meilleurs endroits BIO \u00e0 Bruxelles<\/a><\/li>\n<li><a href=\"https:\/\/www.insidebrussels.be\/V2\/?s=Woluwe-Saint-Pierre\">Les meilleurs endroits et choses \u00e0 faire \u00e0 Woluw\u00e9-Saint-Pierre<\/a><\/li>\n<\/ul>\n<h3>Un march\u00e9 100% durable<\/h3>\n<p>Bien que ce march\u00e9 durable ne soit pas en soi certifi\u00e9s bio \u00e0 100 %, la Commune de Woluwe-Saint-Pierre entend :<\/p>\n<ul>\n<li>Favoriser la qualit\u00e9 alimentaire par l\u2019agriculture bio, locale et de saison ;<\/li>\n<li>Participer \u00e0 cr\u00e9er un lien social entre producteurs et citoyens gr\u00e2ce \u00e0 des march\u00e9s conviviaux o\u00f9 l\u2019\u00e9change est favoris\u00e9 ;<\/li>\n<li>Apporter un soutien aux agriculteurs qui ont fait le choix d\u2019une agriculture respectueuse des humains, du climat et de l\u2019environnement ;<\/li>\n<li>Encourager l\u2019acc\u00e8s \u00e0 une offre biologique et \u00e9co-responsable au prix juste par des circuits directs producteur-consommateur. En effet, du fait de l\u2019absence d\u2019interm\u00e9diaire, d\u2019emballage et de gaspillage, le producteur peut d\u00e9gager un revenu d\u00e9cent, tout en appliquant un prix abordable ;<\/li>\n<li>Encourager l\u2019\u00e9conomie et l\u2019emploi de proximit\u00e9.<\/li>\n<li>Un march\u00e9 z\u00e9ro d\u00e9chet \u00e0 Bruxelles<\/li>\n<\/ul>\n<h3>Un nouvel endroit Z\u00e9ro d\u00e9chet \u00e0 Bruxelles<\/h3>\n<p><a href=\"https:\/\/www.insidebrussels.be\/V2\/bruxelles\/quels-sont-les-meilleurs-marches-a-bruxelles\/\">Le march\u00e9<\/a> a la volont\u00e9 d\u2019\u00eatre Z\u00e9ro d\u00e9chet, tant dans sa gestion que dans l\u2019offre propos\u00e9e aux consommateurs :<br \/>\n\u2022 Les produits suivants sont interdits : vaisselle \u00e0 usage unique (gobelets, assiettes, couverts, etc.), sacs plastiques,<a href=\"https:\/\/www.insidebrussels.be\/V2\/bruxelles\/les-3-meilleurs-endroits-ou-cueillir-ses-fruits-et-legumes-pres-de-bruxelles\/\"> l\u00e9gumes\/fruits<\/a> pr\u00e9emball\u00e9s et boissons en bouteilles non-consign\u00e9es ou canettes ;<br \/>\n\u2022 L\u2019utilisation de sac \u00e0 vrac et contenants r\u00e9utilisables est privil\u00e9gi\u00e9e, les sacs en papier sont tol\u00e9r\u00e9s ;<br \/>\n\u2022 Il n\u2019est pas autoris\u00e9 de laisser des produits alimentaires sur place \u00e0 la fin du march\u00e9, les restes alimentaires peuvent \u00eatre donn\u00e9s \u00e0 des associations.<\/p>\n<h3>O\u00f9 et quand \u00e0 lieu le march\u00e9 durable de la place de Maieurs<\/h3>\n<ul>\n<li>O\u00f9\u00a0? : Place Des Ma\u00efeurs, 1150 Woluwe-Saint-Pierre<\/li>\n<li>Quand\u00a0?\u00a0: <span style=\"text-decoration: underline;\">Tous les mercredis de 15h \u00e0 21h30<\/span><\/li>\n<li>T\u00e9l\u00e9phonne : 02\/7730784<\/li>\n<li> Site internet pour en savoir plus sur ce march\u00e9:<\/li>\n<\/ul>\n","protected":false,"gt_translate_keys":[{"key":"rendered","format":"html"}]},"excerpt":{"rendered":"<p>D\u00e9couvrez le nouveau march\u00e9 durable, local et z\u00e9ro d\u00e9ch\u00eat \u00e0 Woluw\u00e9-Saint-Pierre Vous \u00eates \u00e0 la<\/p>\n","protected":false,"gt_translate_keys":[{"key":"rendered","format":"html"}]},"author":1,"featured_media":13014,"comment_status":"closed","ping_status":"closed","sticky":false,"template":"","format":"standard","meta":{"_lmt_disableupdate":"","_lmt_disable":"","footnotes":""},"categories":[517,31],"tags":[26,155],"class_list":["post-13013","post","type-post","status-publish","format-standard","has-post-thumbnail","hentry","category-magasin-bouche","category-shopping","tag-bio","tag-local"],"modified_by":"pierre","amp_enabled":true,"gt_translate_keys":[{"key":"link","format":"url"}],"_links":{"self":[{"href":"https:\/\/www.insidebrussels.be\/V2\/wp-json\/wp\/v2\/posts\/13013","targetHints":{"allow":["GET"]}}],"collection":[{"href":"https:\/\/www.insidebrussels.be\/V2\/wp-json\/wp\/v2\/posts"}],"about":[{"href":"https:\/\/www.insidebrussels.be\/V2\/wp-json\/wp\/v2\/types\/post"}],"author":[{"embeddable":true,"href":"https:\/\/www.insidebrussels.be\/V2\/wp-json\/wp\/v2\/users\/1"}],"replies":[{"embeddable":true,"href":"https:\/\/www.insidebrussels.be\/V2\/wp-json\/wp\/v2\/comments?post=13013"}],"version-history":[{"count":3,"href":"https:\/\/www.insidebrussels.be\/V2\/wp-json\/wp\/v2\/posts\/13013\/revisions"}],"predecessor-version":[{"id":14071,"href":"https:\/\/www.insidebrussels.be\/V2\/wp-json\/wp\/v2\/posts\/13013\/revisions\/14071"}],"wp:featuredmedia":[{"embeddable":true,"href":"https:\/\/www.insidebrussels.be\/V2\/wp-json\/wp\/v2\/media\/13014"}],"wp:attachment":[{"href":"https:\/\/www.insidebrussels.be\/V2\/wp-json\/wp\/v2\/media?parent=13013"}],"wp:term":[{"taxonomy":"category","embeddable":true,"href":"https:\/\/www.insidebrussels.be\/V2\/wp-json\/wp\/v2\/categories?post=13013"},{"taxonomy":"post_tag","embeddable":true,"href":"https:\/\/www.insidebrussels.be\/V2\/wp-json\/wp\/v2\/tags?post=13013"}],"curies":[{"name":"wp","href":"https:\/\/api.w.org\/{rel}","templated":true}]}}