{"id":13142,"date":"2022-11-15T22:23:10","date_gmt":"2022-11-15T21:23:10","guid":{"rendered":"https:\/\/www.insidebrussels.be\/V2\/?p=13142"},"modified":"2023-01-05T00:50:36","modified_gmt":"2023-01-04T23:50:36","slug":"un-village-feerique-dans-les-gallerie-horta-a-bruxelles","status":"publish","type":"post","link":"https:\/\/www.insidebrussels.be\/V2\/bruxelles\/un-village-feerique-dans-les-gallerie-horta-a-bruxelles\/","title":{"rendered":"Un Village f\u00e9\u00e9rique dans les Gallerie Horta \u00e0 Bruxelles","gt_translate_keys":[{"key":"rendered","format":"text"}]},"content":{"rendered":"<h2>Spirit of The North: un esprit de f\u00eate de No\u00ebl \u00e0 Bruxelles<\/h2>\n<p>Cette ann\u00e9e la magie de l&rsquo;hivers et l&rsquo;<strong>esprit de No\u00ebl se rencontrent avant l&rsquo;heure<\/strong> \u00e0 Bruxelles. Si des m\u00e9lodies telles que Jingle bell et les villages f\u00e9\u00e9riques vous donne le sourire ne manquez pas cet \u00e9v\u00e9nement. C\u2019est un <strong>v\u00e9ritable village de No\u00ebl<\/strong> qui vous attend. Nous avons \u00e9t\u00e9 invit\u00e9 pour tester l&rsquo;\u00e9v\u00e9nement voici notre avis et ce qu&rsquo;on peut y faire. Si vous \u00eates impatient de <strong><span style=\"color: #ff6600;\"><a style=\"color: #ff6600;\" href=\"https:\/\/feverup.com\/m\/119917?utm_source=affiliate&amp;utm_medium=rakuten&amp;utm_campaign=1635394_FlexOffers.com&amp;utm_content=10&amp;utm_term=uk_network&amp;ranMID=45370&amp;ranEAID=PPkX79%2Fc*b0&amp;ranSiteID=PPkX79_c.b0-qG15ourZKpeFbUe3Eex92A\" target=\"_blank\" rel=\"noopener\">r\u00e9server votre ticket c&rsquo;est par ici <\/a><\/span><\/strong><span style=\"color: #000000;\">sinon plus plus d&rsquo;informations ci-dessous<\/span><\/p>\n<p>Apr\u00e8s lecture, ces articles pourraient aussi vous int\u00e9resser:<\/p>\n<ul>\n<li><span style=\"color: #008000;\"><a style=\"color: #008000;\" href=\"https:\/\/www.insidebrussels.be\/V2\/bruxelles\/isaac-quels-sont-les-meilleurs-endroits-ou-acheter-un-sapin-de-noel-a-bruxelles\/\">O\u00f9 acheter un Sapin de Noel \u00e0 Bruxelles 2022<\/a><\/span><\/li>\n<li><span style=\"color: #008000;\"><a style=\"color: #008000;\" href=\"https:\/\/www.insidebrussels.be\/V2\/bruxelles\/crushon-les-marches-de-noel-vintage-eco-responsable-debarque-a-bruxelles\/\">CrushOn le march\u00e9 de Noel eco-responsable \u00e0 Bruxelles 2022<\/a><\/span><\/li>\n<li><span style=\"color: #008000;\"><a style=\"color: #008000;\" href=\"https:\/\/www.insidebrussels.be\/V2\/bruxelles\/isaac-quels-sont-les-meilleurs-marches-de-noel-a-bruxelles\/\">Le march\u00e9 de Noel de la Place Sainte-Catherine<\/a><\/span><\/li>\n<li><span style=\"color: #008000;\"><a style=\"color: #008000;\" href=\"https:\/\/www.insidebrussels.be\/V2\/bruxelles\/ou-faire-du-ski-en-belgique-les-meilleurs-endroits-pour-faire-de-la-glisse\/\">O\u00f9 faire du Ski en Belgique ?<\/a><\/span><strong><span style=\"color: #ff6600;\"><br \/>\n<\/span><\/strong><\/li>\n<\/ul>\n<h3>Que peut on faire \u00e0 l&rsquo;\u00e9venement Spirit of the North?<\/h3>\n<figure id=\"attachment_13143\" aria-describedby=\"caption-attachment-13143\" style=\"width: 1078px\" class=\"wp-caption aligncenter\"><img decoding=\"async\" class=\"wp-image-13143 size-full\" title=\"Spirit of the North (c) Dossier Presse\" src=\"https:\/\/www.insidebrussels.be\/V2\/wp-content\/uploads\/2022\/11\/spirit-of-the-north-scaled.jpg\" alt=\"Spirit of the North (c) Dossier Presse\" width=\"1078\" height=\"611\" srcset=\"https:\/\/www.insidebrussels.be\/V2\/wp-content\/uploads\/2022\/11\/spirit-of-the-north-scaled.jpg 1078w, https:\/\/www.insidebrussels.be\/V2\/wp-content\/uploads\/2022\/11\/spirit-of-the-north-300x170.jpg 300w, https:\/\/www.insidebrussels.be\/V2\/wp-content\/uploads\/2022\/11\/spirit-of-the-north-1024x581.jpg 1024w, https:\/\/www.insidebrussels.be\/V2\/wp-content\/uploads\/2022\/11\/spirit-of-the-north-768x435.jpg 768w, https:\/\/www.insidebrussels.be\/V2\/wp-content\/uploads\/2022\/11\/spirit-of-the-north-1536x871.jpg 1536w, https:\/\/www.insidebrussels.be\/V2\/wp-content\/uploads\/2022\/11\/spirit-of-the-north-2048x1161.jpg 2048w\" sizes=\"(max-width: 1078px) 100vw, 1078px\" \/><figcaption id=\"caption-attachment-13143\" class=\"wp-caption-text\">Spirit of the North (c) Dossier Presse<\/figcaption><\/figure>\n<p>Imaginez-vous au traver d&rsquo;une balade immersive d&rsquo;1h30 en plein mois de Novembre. Au cours de celle-ci, la soci\u00e9t\u00e9 Exhibition Hub vous a r\u00e9serv\u00e9 bien des surprises! Au programme: des shows sons-lumi\u00e8res, des mapping vid\u00e9o, <span style=\"color: #008000;\"><a style=\"color: #008000;\" href=\"https:\/\/www.insidebrussels.be\/V2\/bruxelles\/isaac-les-meilleures-salles-de-realite-virtuelles-a-bruxelles\/\">une exp\u00e9rience de r\u00e9alit\u00e9 augment\u00e9e<\/a><\/span>, des exp\u00e9riences interactives, une piste de luge indoor, des miroirs interactifs, des ateliers coloriages pour enfants, des boulles de neige g\u00e9antes qui n&rsquo;attendent que vous poure rejoindre leur cible&#8230; Ainsi que beaucoup de paysages enneig\u00e9s\u2026<\/p>\n<p>Cette activit\u00e9 s&rsquo;adresse principalement aux familles avec enfants, mais elle peut-\u00eatre faite bien \u00e9videmment aussi:<\/p>\n<ul>\n<li><span style=\"color: #008000;\"><a style=\"color: #008000;\" href=\"https:\/\/www.insidebrussels.be\/V2\/bruxelles\/tag\/activites-avec-enfants\/\">En famille<\/a><\/span><\/li>\n<li><span style=\"color: #008000;\"><a style=\"color: #008000;\" href=\"https:\/\/www.insidebrussels.be\/V2\/bruxelles\/tag\/en-amoureux\/\">En couple<\/a><\/span><\/li>\n<li><span style=\"color: #008000;\"><a style=\"color: #008000;\" href=\"https:\/\/www.insidebrussels.be\/V2\/bruxelles\/tag\/entre-amis\/\">Entre-amis<\/a><\/span><\/li>\n<\/ul>\n<p>Au niveau d\u00e9coration, attendez-vous \u00e0 une sc\u00e9nographie soign\u00e9e,des canons \u00e0 neige et une musique d&rsquo;ambiance de Noel. Le tout parsem\u00e9 faite de cannes \u00e0 sucre g\u00e9antes et de cadeaux XXL.<\/p>\n<p>Cerise sur le gateau, comme vous vous imaginez que No\u00ebl ne peut-\u00eatre sans le p\u00e8re no\u00ebl, l&rsquo;\u00e9v\u00e9nement poss\u00e8de \u00e9galement un vrai chalet nordique!\u00a0 Papa No\u00ebl vous le pr\u00eate pour la photo souvenir.<\/p>\n<p>Cot\u00e9 restauration, en fin de parcours, n&rsquo;h\u00e9sitez pas \u00e0 entrer dans l&rsquo;igloo bar. Ceci constituera votre escale gourmande. Au menu, des bulles,<span style=\"color: #008000;\"><a style=\"color: #008000;\" href=\"https:\/\/www.insidebrussels.be\/V2\/bruxelles\/ou-peut-on-acheter-des-plateaux-de-fruits-de-mer-a-emporter-a-bruxelles\/\"> des hu\u00eetres<\/a><\/span>, des <span style=\"color: #008000;\"><a style=\"color: #008000;\" href=\"https:\/\/www.insidebrussels.be\/V2\/bruxelles\/quelles-est-la-meilleure-sauce-pour-les-frites-belge\/\">frites<\/a> <\/span>ou encore une boisson chaude.<\/p>\n<figure id=\"attachment_13138\" aria-describedby=\"caption-attachment-13138\" style=\"width: 300px\" class=\"wp-caption aligncenter\"><img decoding=\"async\" class=\"wp-image-13138 size-medium\" title=\"Spirit of the North - R\u00e9alit\u00e9 Augment\u00e9e\" src=\"https:\/\/www.insidebrussels.be\/V2\/wp-content\/uploads\/2022\/11\/FFCE905E-1DDA-49FA-97A4-714DCA23107C-300x300.jpeg\" alt=\"Spirit of the North - R\u00e9alit\u00e9 Augment\u00e9e\" width=\"300\" height=\"300\" srcset=\"https:\/\/www.insidebrussels.be\/V2\/wp-content\/uploads\/2022\/11\/FFCE905E-1DDA-49FA-97A4-714DCA23107C-300x300.jpeg 300w, https:\/\/www.insidebrussels.be\/V2\/wp-content\/uploads\/2022\/11\/FFCE905E-1DDA-49FA-97A4-714DCA23107C-scaled.jpeg 1024w, https:\/\/www.insidebrussels.be\/V2\/wp-content\/uploads\/2022\/11\/FFCE905E-1DDA-49FA-97A4-714DCA23107C-150x150.jpeg 150w, https:\/\/www.insidebrussels.be\/V2\/wp-content\/uploads\/2022\/11\/FFCE905E-1DDA-49FA-97A4-714DCA23107C-768x768.jpeg 768w, https:\/\/www.insidebrussels.be\/V2\/wp-content\/uploads\/2022\/11\/FFCE905E-1DDA-49FA-97A4-714DCA23107C-1536x1536.jpeg 1536w, https:\/\/www.insidebrussels.be\/V2\/wp-content\/uploads\/2022\/11\/FFCE905E-1DDA-49FA-97A4-714DCA23107C-2048x2048.jpeg 2048w\" sizes=\"(max-width: 300px) 100vw, 300px\" \/><figcaption id=\"caption-attachment-13138\" class=\"wp-caption-text\">Spirit of the North &#8211; R\u00e9alit\u00e9 Augment\u00e9e<\/figcaption><\/figure>\n<p><strong><span style=\"color: #ff6600;\"><a style=\"color: #ff6600;\" href=\"https:\/\/feverup.com\/m\/119917?utm_source=affiliate&amp;utm_medium=rakuten&amp;utm_campaign=1635394_FlexOffers.com&amp;utm_content=10&amp;utm_term=uk_network&amp;ranMID=45370&amp;ranEAID=PPkX79%2Fc*b0&amp;ranSiteID=PPkX79_c.b0-qG15ourZKpeFbUe3Eex92A\" target=\"_blank\" rel=\"noopener\">Acheter votre billet d&rsquo;entr\u00e9e ou voir le site officiel pour ne pas faire la file<\/a><\/span><\/strong><\/p>\n<h3>O\u00f9 a lieu le village f\u00e9\u00e9rique Spirit of the North \u00e0 Bruxelles?<\/h3>\n<figure id=\"attachment_13141\" aria-describedby=\"caption-attachment-13141\" style=\"width: 339px\" class=\"wp-caption aligncenter\"><img decoding=\"async\" class=\"wp-image-13141 \" title=\"Spirit of the north gallerie horta\" src=\"https:\/\/www.insidebrussels.be\/V2\/wp-content\/uploads\/2022\/11\/6DDDC685-6EBB-4BB7-AD66-D0B6D44CDFD5-1024x768.jpeg\" alt=\"Spirit of the north gallerie horta\" width=\"339\" height=\"254\" srcset=\"https:\/\/www.insidebrussels.be\/V2\/wp-content\/uploads\/2022\/11\/6DDDC685-6EBB-4BB7-AD66-D0B6D44CDFD5-1024x768.jpeg 1024w, https:\/\/www.insidebrussels.be\/V2\/wp-content\/uploads\/2022\/11\/6DDDC685-6EBB-4BB7-AD66-D0B6D44CDFD5-300x225.jpeg 300w, https:\/\/www.insidebrussels.be\/V2\/wp-content\/uploads\/2022\/11\/6DDDC685-6EBB-4BB7-AD66-D0B6D44CDFD5-768x576.jpeg 768w, https:\/\/www.insidebrussels.be\/V2\/wp-content\/uploads\/2022\/11\/6DDDC685-6EBB-4BB7-AD66-D0B6D44CDFD5-720x540.jpeg 720w, https:\/\/www.insidebrussels.be\/V2\/wp-content\/uploads\/2022\/11\/6DDDC685-6EBB-4BB7-AD66-D0B6D44CDFD5-scaled.jpeg 1078w\" sizes=\"(max-width: 339px) 100vw, 339px\" \/><figcaption id=\"caption-attachment-13141\" class=\"wp-caption-text\">Spirit of the north gallerie horta<\/figcaption><\/figure>\n<p>Tout comme l&rsquo;\u00e9v\u00e8nement qui pr\u00e9sentait les \u0153uvres de <span style=\"color: #008000;\"><a style=\"color: #008000;\" href=\"https:\/\/www.insidebrussels.be\/V2\/bruxelles\/isaac-tout-savoir-expo-klimt-bruxelles\/\">Klimt<\/a><\/span>, Monet ou <span style=\"color: #008000;\"><a style=\"color: #008000;\" href=\"https:\/\/www.insidebrussels.be\/V2\/bruxelles\/ne-manquez-pas-l-exposition-immersive-frida-kahlo-a-bruxelles\/\">Frida Kahlo<\/a><\/span>, cet \u00e9v\u00e9nement aura lieu dans la\u00a0<span style=\"color: #008000;\"><a style=\"color: #008000;\" href=\"https:\/\/www.insidebrussels.be\/V2\/?s=Galerie+Horta\"><strong>Galerie Horta<\/strong><\/a><\/span>. Si vous ne savez pas o\u00f9 celle-ci se situe, rendez-vous pr\u00e8s de la Gare Centale. C&rsquo;est l\u00e0-bas que vous pourrez d\u00e9couvrir Spirit of the North, son village f\u00e9erique de No\u00ebl. A l&rsquo;abris de la neige et de la pluie, une ambiance de f\u00eates en plein c\u0153ur de la capitale vous y attend afin de trouver les premiers flocons de l\u2019hiver.<\/p>\n<p><strong><span style=\"color: #ff6600;\"><a style=\"color: #ff6600;\" href=\"https:\/\/feverup.com\/m\/119917?utm_source=affiliate&amp;utm_medium=rakuten&amp;utm_campaign=1635394_FlexOffers.com&amp;utm_content=10&amp;utm_term=uk_network&amp;ranMID=45370&amp;ranEAID=PPkX79%2Fc*b0&amp;ranSiteID=PPkX79_c.b0-qG15ourZKpeFbUe3Eex92A\" target=\"_blank\" rel=\"noopener\">Acheter votre ticket ou voir le site officiel ici<\/a><\/span><\/strong><\/p>\n<h3>Quand \u00e0 lieu Spiri of the North? Et quel est l&rsquo;horaire ?<\/h3>\n<p>Le village f\u00e9erique et immersif est \u00e0 d\u00e9couvrir au c\u0153ur de Bruxelles \u00e0 partir du 28 octobre 2022.<\/p>\n<h3>A qui s&rsquo;adresse l&rsquo;exposition?<\/h3>\n<p>L&rsquo;\u00e9v\u00e9nement est dans un elle convie petits et grands enfants \u00e0 la Galerie Horta pour d\u00e9couvrir Spirit of the North, son village f\u00e9erique de No\u00ebl. Une ambiance de f\u00eates en plein c\u0153ur de la capitale, \u00e0 l\u2019aube des premiers flocons de l\u2019hiver.<\/p>\n<h3>Informations Pratiques<\/h3>\n<ul>\n<li>DATE : Depuis le 28 octobre<\/li>\n<li>LIEU : Galerie Horta<\/li>\n<li>HORAIRES : Du lundi au dimanche, sauf les mardis.<\/li>\n<li>ACCESSIBILIT\u00c9 : Acc\u00e8s PMR disponible. Il ne sera pas possible de louer des fauteuils roulants sur place<\/li>\n<li>AGE REQUIS : Ouvert \u00e0 tous<\/li>\n<li><strong><span style=\"color: #ff6600;\"><a style=\"color: #ff6600;\" href=\"https:\/\/feverup.com\/m\/119917?utm_source=affiliate&amp;utm_medium=rakuten&amp;utm_campaign=1635394_FlexOffers.com&amp;utm_content=10&amp;utm_term=uk_network&amp;ranMID=45370&amp;ranEAID=PPkX79%2Fc*b0&amp;ranSiteID=PPkX79_c.b0-qG15ourZKpeFbUe3Eex92A\" target=\"_blank\" rel=\"noopener\">Acheter votre ticket ou voir le site officiel ici<\/a><\/span><\/strong><\/li>\n<\/ul>\n<h3>Pour aller plus loin<\/h3>\n<blockquote><p>Si l&rsquo;Architecte Victor HORTA vous int\u00e9resse, ne manquez pas notre section sur <a href=\"https:\/\/www.insidebrussels.be\/V2\/bruxelles\/tag\/horta\/\">tous les batiments construit par HORTA \u00e0 Bruxelles que vous pouvez visiter.<\/a><\/p><\/blockquote>\n","protected":false,"gt_translate_keys":[{"key":"rendered","format":"html"}]},"excerpt":{"rendered":"<p>Spirit of The North: un esprit de f\u00eate de No\u00ebl \u00e0 Bruxelles Cette ann\u00e9e la<\/p>\n","protected":false,"gt_translate_keys":[{"key":"rendered","format":"html"}]},"author":1,"featured_media":13139,"comment_status":"closed","ping_status":"closed","sticky":false,"template":"","format":"standard","meta":{"_lmt_disableupdate":"","_lmt_disable":"","footnotes":""},"categories":[232,511],"tags":[49],"class_list":["post-13142","post","type-post","status-publish","format-standard","has-post-thumbnail","hentry","category-agenda-et-expo","category-exposition","tag-activites-avec-enfants"],"modified_by":"pierre","amp_enabled":true,"gt_translate_keys":[{"key":"link","format":"url"}],"_links":{"self":[{"href":"https:\/\/www.insidebrussels.be\/V2\/wp-json\/wp\/v2\/posts\/13142","targetHints":{"allow":["GET"]}}],"collection":[{"href":"https:\/\/www.insidebrussels.be\/V2\/wp-json\/wp\/v2\/posts"}],"about":[{"href":"https:\/\/www.insidebrussels.be\/V2\/wp-json\/wp\/v2\/types\/post"}],"author":[{"embeddable":true,"href":"https:\/\/www.insidebrussels.be\/V2\/wp-json\/wp\/v2\/users\/1"}],"replies":[{"embeddable":true,"href":"https:\/\/www.insidebrussels.be\/V2\/wp-json\/wp\/v2\/comments?post=13142"}],"version-history":[{"count":12,"href":"https:\/\/www.insidebrussels.be\/V2\/wp-json\/wp\/v2\/posts\/13142\/revisions"}],"predecessor-version":[{"id":14040,"href":"https:\/\/www.insidebrussels.be\/V2\/wp-json\/wp\/v2\/posts\/13142\/revisions\/14040"}],"wp:featuredmedia":[{"embeddable":true,"href":"https:\/\/www.insidebrussels.be\/V2\/wp-json\/wp\/v2\/media\/13139"}],"wp:attachment":[{"href":"https:\/\/www.insidebrussels.be\/V2\/wp-json\/wp\/v2\/media?parent=13142"}],"wp:term":[{"taxonomy":"category","embeddable":true,"href":"https:\/\/www.insidebrussels.be\/V2\/wp-json\/wp\/v2\/categories?post=13142"},{"taxonomy":"post_tag","embeddable":true,"href":"https:\/\/www.insidebrussels.be\/V2\/wp-json\/wp\/v2\/tags?post=13142"}],"curies":[{"name":"wp","href":"https:\/\/api.w.org\/{rel}","templated":true}]}}