{"id":13243,"date":"2022-11-20T22:57:41","date_gmt":"2022-11-20T21:57:41","guid":{"rendered":"https:\/\/www.insidebrussels.be\/V2\/?p=13243"},"modified":"2024-02-03T20:14:08","modified_gmt":"2024-02-03T19:14:08","slug":"isaac-meilleurs-restaurant-raclettes-fromages-bruxelles","status":"publish","type":"post","link":"https:\/\/www.insidebrussels.be\/V2\/bruxelles\/isaac-meilleurs-restaurant-raclettes-fromages-bruxelles\/","title":{"rendered":"O\u00f9 manger des fondues et raclettes \u00e0 Bruxelles\u00a0?","gt_translate_keys":[{"key":"rendered","format":"text"}]},"content":{"rendered":"<p>L&rsquo;hiver s&rsquo;installe \u00e0 Bruxelles ! \u2744\ufe0f Avec le froid qui s&rsquo;installe et la pluie qui tombe, c&rsquo;est le moment parfait pour sortir vos caquelons \u00e0 fromage et vous r\u00e9galer d&rsquo;une d\u00e9licieuse raclette. \ud83e\uddc0 Si l&rsquo;id\u00e9e de pr\u00e9parer le fromage chez vous ne vous enchante pas, pourquoi ne pas vous offrir le plaisir d&rsquo;une des meilleures raclettes dans un restaurant bruxellois ? \ud83c\udf7d\ufe0f<\/p>\n<h2>Sortez les caquelons \u00e0 fromage et piques \u00e0 fondue!<\/h2>\n<p>Parce que partager des moments de plaisir en famille autour de plats r\u00e9confortants est essentiel, explorez ces adresses gourmandes \u00e0 Bruxelles. \ud83e\udd17 Une soir\u00e9e fondue pour r\u00e9chauffer l&rsquo;atmosph\u00e8re et illuminer votre hiver, \u00e7a vous tente ? \ud83d\udd6f\ufe0f\u2728<\/p>\n<p>L&rsquo;hiver approche ? Si il fait froid et qu&rsquo;il pleut, cela veut dire que c&rsquo;est le moment de <strong>sortir vos caquelons \u00e0 fromage.<\/strong> Si vous avez la flemme d&rsquo;aller <a href=\"https:\/\/www.insidebrussels.be\/V2\/bruxelles\/les-10-meilleurs-endroits-ou-acheter-du-fromage-a-bruxelles\/\">acheter du fromage<\/a> et le faire \u00e0 la maison, pourquoi ne pas aller manger une des meilleures raclettes au <a href=\"https:\/\/www.insidebrussels.be\/V2\/bruxelles\/category\/manger-a-bruxelles\/\">restaurant \u00e0 Bruxelles<\/a> ?<\/p>\n<p>Vous ne savez pas o\u00f9 est recherchez un endroit pour manger des fondues et des raclettes \u00e0 Bruxelles ! Un endroit chaleureux capable de vous offrir <strong>un repas d\u2019ensemble en toute simplicit\u00e9<\/strong> ! D\u00e9couvrez alors notre liste des meilleurs endroits de Bruxelles.<\/p>\n<p>Avant d&rsquo;aller plus loin, ces articles pourraient vous int\u00e9resser:<\/p>\n<ul>\n<li><a href=\"https:\/\/www.insidebrussels.be\/V2\/bruxelles\/manger-fondue-chinoise-a-bruxelles\/\">\ud83c\udf5c O\u00f9 manger les meilleures fondues chchinoise Bruxelles<\/a><\/li>\n<li><a href=\"https:\/\/www.insidebrussels.be\/V2\/bruxelles\/restaurant-coreen-meilleurs-bruxelles-grill\/\">\ud83e\udd69Les meilleurs KOREAN Barbecue \u00e0 Bruxelles<\/a><\/li>\n<li><a href=\"https:\/\/www.insidebrussels.be\/V2\/bruxelles\/ou-faire-du-ski-en-belgique-les-meilleurs-endroits-pour-faire-de-la-glisse\/\">\u26f7\ufe0f O\u00f9 faire du SKI en Belgique<\/a><\/li>\n<\/ul>\n<p>\u00a0<\/p>\n<h2>Voici les meilleurs endroits o\u00f9 manger du fromage \u00e0 Bruxelles!<\/h2>\n<p>Voici des endroits chaleureux pour passer <a href=\"https:\/\/www.insidebrussels.be\/V2\/bruxelles\/tag\/activites-avec-enfants\/\">bon moment de plaisir en famille<\/a> ?\u00a0 Notre s\u00e9lection des meilleurs lieux de la capitale belge pour une exp\u00e9rience conviviale. \ud83c\udff0\u2728<\/p>\n<p>Laissez-vous guider par notre liste des incontournables <a href=\"https:\/\/www.insidebrussels.be\/V2\/bruxelles\/category\/manger-a-bruxelles\/\">restaurant \u00e0 Bruxelles<\/a> pour une aventure culinaire d\u00e9licieusement fromag\u00e8re ! Egalement, les meilleures adresses pour <a href=\"https:\/\/www.insidebrussels.be\/V2\/bruxelles\/les-10-meilleurs-endroits-ou-acheter-du-fromage-a-bruxelles\/\">acheter du fromage<\/a> \ud83e\uddc0\ud83c\udf77 #FromageLove #RacletteTime #FondueFun #BruxellesGourmande<\/p>\n<h3><span style=\"color: #339966;\">1. Lyly&rsquo;s Fondue : Un environnement chaleureux pour une soir\u00e9e fromage de r\u00eave<\/span><\/h3>\n<p><iframe loading=\"lazy\" style=\"border: none; overflow: hidden;\" src=\"https:\/\/www.facebook.com\/plugins\/post.php?href=https%3A%2F%2Fwww.facebook.com%2Fpermalink.php%3Fstory_fbid%3Dpfbid0389ipCxyxbJbbXafGgvbQ6wRRsGFzYX8SYBb3o6gmebSYQLw13rnoRZXPbnHq33ZYl%26id%3D100049129846420&amp;show_text=false&amp;width=500\" width=\"500\" height=\"498\" frameborder=\"0\" scrolling=\"no\" allowfullscreen=\"allowfullscreen\"><\/iframe><br \/>C&rsquo;est un restaurant situ\u00e9 \u00e0 deux pas de la <a href=\"https:\/\/www.insidebrussels.be\/V2\/bruxelles\/restaurant-grand-place-pas-cher-bruxelles\/\">Grand-Place<\/a>. Il propose d&rsquo;exquis plats de fondue bourguignonne, avec une quantit\u00e9 parfaite de viande. L&rsquo;espace est agr\u00e9able et convivial, souvent bond\u00e9 chaque soir. L&rsquo;accueil est excellent, et les serveurs sont tr\u00e8s serviables pour vous faire vivre des moments de plaisir inoubliables. On retrouve \u00e9galement au menu la fondue au fromage \ud83e\uddc0 et m\u00eame une fondue asiatique \ud83e\udd62. En entr\u00e9e, vous pouvez opter pour des spring rolls, les meilleurs que vous n&rsquo;aurez jamais go\u00fbt\u00e9s \ud83c\udf2f<\/p>\n<p>Lyly&rsquo;s Fondue, le restaurant italien n\u00b01 \u00e0 Bruxelles, compos\u00e9 d&rsquo;experts en cuisine qui pr\u00e9parent des plats \u00e0 la perfection. Faites une visite et vous ne le manquerez pas. Le patron et sympa.<\/p>\n<ul>\n<li>\ud83d\udccd\u00a0<strong>Adresse <\/strong>: Rue Gr\u00e9try 43, 1000 Bruxelles.<\/li>\n<li><a href=\"https:\/\/www.facebook.com\/people\/Lylys-Fondue\/100049129846420\/\" target=\"_blank\" rel=\"noopener\">\ud83c\udf0d Site web<\/a><\/li>\n<li><strong>\u00a0\u23f0 Heures d&rsquo;ouverture<\/strong> : Il ouvre du mercredi au vendredi et le dimanche de 12h00 \u00e0 14h00 et de 18h00 \u00e0 22h00.\u00a0 Mais, le restaurant ouvre le samedi de 12h00 \u00e0 14h00 et de 18h00 \u00e0 23h00 et reste ferm\u00e9 le lundi.<\/li>\n<\/ul>\n<p>\u00a0<\/p>\n<h3><span style=\"color: #339966;\">2. \u00ab\u00a0Les Fondus de la Raclette\u00a0\u00bb: Passez un bon moment en d\u00e9gustant de fabuleux plats \u00e0 Bruxelles<\/span><\/h3>\n<p><iframe loading=\"lazy\" style=\"border: none; overflow: hidden;\" src=\"https:\/\/www.facebook.com\/plugins\/post.php?href=https%3A%2F%2Fwww.facebook.com%2Flesfondusdelaraclettebruxelles%2Fphotos%2Fa.362073810882343%2F637778476645207%2F%3Ftype%3D3&amp;show_text=false&amp;width=500\" width=\"500\" height=\"497\" frameborder=\"0\" scrolling=\"no\" allowfullscreen=\"allowfullscreen\"><\/iframe><\/p>\n<p>Situ\u00e9 en plein c\u0153ur de Bruxelles, le restaurant Les Fondues de la Raclette s&rsquo;est adapt\u00e9 au go\u00fbt de vos envies culinaires. Vous y trouverez une s\u00e9lection de d\u00e9licieux plats \u00e0 base de fromage, mettant en avant la raclette et d&rsquo;autres fondues qui repr\u00e9sentent diff\u00e9rentes nationalit\u00e9s, offrant ainsi une exp\u00e9rience gastronomique \u00e9quilibr\u00e9e et une palette de saveurs diverses. \ud83e\uddc0\ud83c\udf7d\ufe0f<\/p>\n<p>Le d\u00e9cor du restaurant est am\u00e9nag\u00e9 dans un cadre sympathique, agr\u00e9able \u00e0 vivre et parfait pour l&rsquo;organisation d&rsquo;\u00e9v\u00e9nements sp\u00e9ciaux. Ne laissez pas passer cette soir\u00e9e, vous ne perdrez jamais le plaisir de visiter ce lieu. L&rsquo;accueil et le service sont aussi chaleureux que les plaques chauffantes. \ud83d\udd25\ud83d\udcbc #FromageLove #RacletteTime #BruxellesGourmande\u00a0\u00bb<\/p>\n<ul>\n<li>\ud83d\udccd\u00a0<strong>Adresse<\/strong> : Place de la Vieille Halle aux Bl\u00e9s 28,1000 Bruxelles<\/li>\n<li><a href=\"https:\/\/lesfondusdelaraclette.be\/\" target=\"_blank\" rel=\"noopener\">\ud83c\udf0d Site web<\/a><\/li>\n<li><strong>\u00a0\u23f0 Heures d&rsquo;ouverture<\/strong> : Il est ouvert du mardi au samedi de 12h00 \u00e0 14h30 et le soir de 19h00 \u00e0 22h30. Le dimanche, le restaurant est ouvert de 12h00 \u00e0 14h30 et ferme le lundi.<\/li>\n<\/ul>\n<h3><span style=\"color: #339966;\">3. \u00ab\u00a0Au Petit Suisse\u00a0\u00bb : Profitez d\u2019un accueil chaleureux et personnalis\u00e9 \u00e0 Uccle<\/span><\/h3>\n<blockquote class=\"instagram-media\" style=\"background: #FFF; border: 0; border-radius: 3px; box-shadow: 0 0 1px 0 rgba(0,0,0,0.5),0 1px 10px 0 rgba(0,0,0,0.15); margin: 1px; max-width: 540px; min-width: 326px; padding: 0; width: calc(100% - 2px);\" data-instgrm-captioned=\"\" data-instgrm-permalink=\"https:\/\/www.instagram.com\/p\/CIT5xTPhN1l\/?utm_source=ig_embed&amp;utm_campaign=loading\" data-instgrm-version=\"14\">\n<div style=\"padding: 16px;\">\n<p>&amp;nbsp;<\/p>\n<div style=\"display: flex; flex-direction: row; align-items: center;\">\n<div style=\"background-color: #f4f4f4; border-radius: 50%; flex-grow: 0; height: 40px; margin-right: 14px; width: 40px;\">\u00a0<\/div>\n<div style=\"display: flex; flex-direction: column; flex-grow: 1; justify-content: center;\">\n<div style=\"background-color: #f4f4f4; border-radius: 4px; flex-grow: 0; height: 14px; margin-bottom: 6px; width: 100px;\">\u00a0<\/div>\n<div style=\"background-color: #f4f4f4; border-radius: 4px; flex-grow: 0; height: 14px; width: 60px;\">\u00a0<\/div>\n<\/div>\n<\/div>\n<div style=\"padding: 19% 0;\">\u00a0<\/div>\n<div style=\"display: block; height: 50px; margin: 0 auto 12px; width: 50px;\">\u00a0<\/div>\n<div style=\"padding-top: 8px;\">\n<div style=\"color: #3897f0; font-family: Arial,sans-serif; font-size: 14px; font-style: normal; font-weight: 550; line-height: 18px;\">View this post on Instagram<\/div>\n<\/div>\n<div style=\"padding: 12.5% 0;\">\u00a0<\/div>\n<div style=\"display: flex; flex-direction: row; margin-bottom: 14px; align-items: center;\">\n<div>\n<div style=\"background-color: #f4f4f4; border-radius: 50%; height: 12.5px; width: 12.5px; transform: translateX(0px) translateY(7px);\">\u00a0<\/div>\n<div style=\"background-color: #f4f4f4; height: 12.5px; transform: rotate(-45deg) translateX(3px) translateY(1px); width: 12.5px; flex-grow: 0; margin-right: 14px; margin-left: 2px;\">\u00a0<\/div>\n<div style=\"background-color: #f4f4f4; border-radius: 50%; height: 12.5px; width: 12.5px; transform: translateX(9px) translateY(-18px);\">\u00a0<\/div>\n<\/div>\n<div style=\"margin-left: 8px;\">\n<div style=\"background-color: #f4f4f4; border-radius: 50%; flex-grow: 0; height: 20px; width: 20px;\">\u00a0<\/div>\n<div style=\"width: 0; height: 0; border-top: 2px solid transparent; border-left: 6px solid #f4f4f4; border-bottom: 2px solid transparent; transform: translateX(16px) translateY(-4px) rotate(30deg);\">\u00a0<\/div>\n<\/div>\n<div style=\"margin-left: auto;\">\n<div style=\"width: 0px; border-top: 8px solid #F4F4F4; border-right: 8px solid transparent; transform: translateY(16px);\">\u00a0<\/div>\n<div style=\"background-color: #f4f4f4; flex-grow: 0; height: 12px; width: 16px; transform: translateY(-4px);\">\u00a0<\/div>\n<div style=\"width: 0; height: 0; border-top: 8px solid #F4F4F4; border-left: 8px solid transparent; transform: translateY(-4px) translateX(8px);\">\u00a0<\/div>\n<\/div>\n<\/div>\n<div style=\"display: flex; flex-direction: column; flex-grow: 1; justify-content: center; margin-bottom: 24px;\">\n<div style=\"background-color: #f4f4f4; border-radius: 4px; flex-grow: 0; height: 14px; margin-bottom: 6px; width: 224px;\">\u00a0<\/div>\n<div style=\"background-color: #f4f4f4; border-radius: 4px; flex-grow: 0; height: 14px; width: 144px;\">\u00a0<\/div>\n<\/div>\n<p>\u00a0<\/p>\n<p style=\"color: #c9c8cd; font-family: Arial,sans-serif; font-size: 14px; line-height: 17px; margin-bottom: 0; margin-top: 8px; overflow: hidden; padding: 8px 0 7px; text-align: center; text-overflow: ellipsis; white-space: nowrap;\"><a style=\"color: #c9c8cd; font-family: Arial,sans-serif; font-size: 14px; font-style: normal; font-weight: normal; line-height: 17px; text-decoration: none;\" href=\"https:\/\/www.instagram.com\/p\/CIT5xTPhN1l\/?utm_source=ig_embed&amp;utm_campaign=loading\" target=\"_blank\" rel=\"noopener\">A post shared by Au Petit Suisse (@aupetitsuissebruxelles)<\/a><\/p>\n<\/div>\n<\/blockquote>\n<p><script async src=\"\/\/www.instagram.com\/embed.js\"><\/script><\/p>\n<p>Le restaurant Au Petit Suisse est un incontournable \u00e0 Bruxelles, fusionnant la<strong> cuisine suisse<\/strong>, <strong>fran\u00e7aise<\/strong> et offrant diverses <strong>options v\u00e9g\u00e9tariennes<\/strong>. Si vous \u00eates <strong>fan de fondues au fromage<\/strong> \ud83e\uddc0, de <strong>raclettes<\/strong> ou de <a href=\"https:\/\/www.insidebrussels.be\/V2\/bruxelles\/isaac-tout-savoir-sur-le-musee-chocolat-bruxelles\/\"><strong>fondues au chocolat,<\/strong><\/a> c&rsquo;est l&rsquo;adresse parfaite. Ici, pour les fondues au fromage, vous avez la possibilit\u00e9 de choisir parmi une s\u00e9lection de fromages tels que l&#8217;emmental, le Vacherin, le Gruy\u00e8re et bien d&rsquo;autres !<\/p>\n<p>D\u00e8s que vous franchissez la porte de ce restaurant, vous d\u00e9couvrirez les merveilles qui vous attendent. Envie de faire plaisir \u00e0 votre conjoint ? Au Petit Suisse, plongez dans une ambiance typique et conviviale o\u00f9 la musique bat son plein, et repartez le ventre plein. <strong>La Raclette \u00e0 Volont\u00e9 est \u00e0 seulement 28.50\u20ac<\/strong> par personne, accompagn\u00e9e d&rsquo;une carte de desserts maison all\u00e9chants&#8230; Aucune raison de se priver. \ud83c\udf7d\ufe0f\ud83c\udfb6 #FromageLover #RacletteTime #BruxellesGastronomique<\/p>\n<ul>\n<li>\ud83d\udccd\u00a0<strong>Adresse <\/strong>: <a href=\"https:\/\/aupetitsuisse.be\/\" target=\"_blank\" rel=\"noopener\">Au Petit Suisse<\/a>, Rue du Postillon 4, 1180 Uccle, Bruxelles<\/li>\n<li><a style=\"font-size: revert;\" href=\"https:\/\/aupetitsuisse.be\/\" target=\"_blank\" rel=\"noopener\">\ud83c\udf0d Site web<\/a><\/li>\n<li>\u23f0 Heures d&rsquo;ouverture : Il est ouvert du mardi de 11h30 \u00e0 14h00 et de 18h30 \u00e0 22h00, de 11h30 \u00e0 14h00 et ferme le lundi.<\/li>\n<\/ul>\n<h3><span style=\"color: #339966;\">4. \u00ab\u00a0La Fruiti\u00e8re\u00a0\u00bb : D\u00e9gustez les diff\u00e9rentes versions des fromages fondues et raclettes \u00e0 1000 Bruxelles<\/span><\/h3>\n<blockquote class=\"instagram-media\" style=\"background: #FFF; border: 0; border-radius: 3px; box-shadow: 0 0 1px 0 rgba(0,0,0,0.5),0 1px 10px 0 rgba(0,0,0,0.15); margin: 1px; max-width: 540px; min-width: 326px; padding: 0; width: calc(100% - 2px);\" data-instgrm-captioned=\"\" data-instgrm-permalink=\"https:\/\/www.instagram.com\/p\/CH-7vO5g28j\/?utm_source=ig_embed&amp;utm_campaign=loading\" data-instgrm-version=\"14\">\n<div style=\"padding: 16px;\">\n<p>\u00a0<\/p>\n<div style=\"display: flex; flex-direction: row; align-items: center;\">\n<div style=\"background-color: #f4f4f4; border-radius: 50%; flex-grow: 0; height: 40px; margin-right: 14px; width: 40px;\">\u00a0<\/div>\n<div style=\"display: flex; flex-direction: column; flex-grow: 1; justify-content: center;\">\n<div style=\"background-color: #f4f4f4; border-radius: 4px; flex-grow: 0; height: 14px; margin-bottom: 6px; width: 100px;\">\u00a0<\/div>\n<div style=\"background-color: #f4f4f4; border-radius: 4px; flex-grow: 0; height: 14px; width: 60px;\">\u00a0<\/div>\n<\/div>\n<\/div>\n<div style=\"padding: 19% 0;\">\u00a0<\/div>\n<div style=\"display: block; height: 50px; margin: 0 auto 12px; width: 50px;\">\u00a0<\/div>\n<div style=\"padding-top: 8px;\">\n<div style=\"color: #3897f0; font-family: Arial,sans-serif; font-size: 14px; font-style: normal; font-weight: 550; line-height: 18px;\">View this post on Instagram<\/div>\n<\/div>\n<div style=\"padding: 12.5% 0;\">\u00a0<\/div>\n<div style=\"display: flex; flex-direction: row; margin-bottom: 14px; align-items: center;\">\n<div>\n<div style=\"background-color: #f4f4f4; border-radius: 50%; height: 12.5px; width: 12.5px; transform: translateX(0px) translateY(7px);\">\u00a0<\/div>\n<div style=\"background-color: #f4f4f4; height: 12.5px; transform: rotate(-45deg) translateX(3px) translateY(1px); width: 12.5px; flex-grow: 0; margin-right: 14px; margin-left: 2px;\">\u00a0<\/div>\n<div style=\"background-color: #f4f4f4; border-radius: 50%; height: 12.5px; width: 12.5px; transform: translateX(9px) translateY(-18px);\">\u00a0<\/div>\n<\/div>\n<div style=\"margin-left: 8px;\">\n<div style=\"background-color: #f4f4f4; border-radius: 50%; flex-grow: 0; height: 20px; width: 20px;\">\u00a0<\/div>\n<div style=\"width: 0; height: 0; border-top: 2px solid transparent; border-left: 6px solid #f4f4f4; border-bottom: 2px solid transparent; transform: translateX(16px) translateY(-4px) rotate(30deg);\">\u00a0<\/div>\n<\/div>\n<div style=\"margin-left: auto;\">\n<div style=\"width: 0px; border-top: 8px solid #F4F4F4; border-right: 8px solid transparent; transform: translateY(16px);\">\u00a0<\/div>\n<div style=\"background-color: #f4f4f4; flex-grow: 0; height: 12px; width: 16px; transform: translateY(-4px);\">\u00a0<\/div>\n<div style=\"width: 0; height: 0; border-top: 8px solid #F4F4F4; border-left: 8px solid transparent; transform: translateY(-4px) translateX(8px);\">\u00a0<\/div>\n<\/div>\n<\/div>\n<div style=\"display: flex; flex-direction: column; flex-grow: 1; justify-content: center; margin-bottom: 24px;\">\n<div style=\"background-color: #f4f4f4; border-radius: 4px; flex-grow: 0; height: 14px; margin-bottom: 6px; width: 224px;\">\u00a0<\/div>\n<div style=\"background-color: #f4f4f4; border-radius: 4px; flex-grow: 0; height: 14px; width: 144px;\">\u00a0<\/div>\n<\/div>\n<p>\u00a0<\/p>\n<p style=\"color: #c9c8cd; font-family: Arial,sans-serif; font-size: 14px; line-height: 17px; margin-bottom: 0; margin-top: 8px; overflow: hidden; padding: 8px 0 7px; text-align: center; text-overflow: ellipsis; white-space: nowrap;\"><a style=\"color: #c9c8cd; font-family: Arial,sans-serif; font-size: 14px; font-style: normal; font-weight: normal; line-height: 17px; text-decoration: none;\" href=\"https:\/\/www.instagram.com\/p\/CH-7vO5g28j\/?utm_source=ig_embed&amp;utm_campaign=loading\" target=\"_blank\" rel=\"noopener\">A post shared by La Fruitie\u0300re Brussels (@lafruitierebrussels)<\/a><\/p>\n<\/div>\n<\/blockquote>\n<p><script async src=\"\/\/www.instagram.com\/embed.js\"><\/script><\/p>\n<p>Le restaurant La Fruiti\u00e8re est un lieu polymorphe <strong>sp\u00e9cialement consacr\u00e9 \u00e0 la d\u00e9gustation de fromages.<\/strong>\u00a0 C&rsquo;est un meilleur restaurant de fromages au c\u0153ur de la ville jumel\u00e9 \u00e0 un bar de fabrication de fromages. Vous trouverez sur la carte plusieurs recettes tr\u00e8s raffin\u00e9es avec un espace de d\u00e9gustation confortable.<\/p>\n<p>L&rsquo;atmosph\u00e8re est conviviale et le personnel est accueillant et serviable. V\u00e9ronique et L\u00e9o se feront un grand plaisir de<strong> vous conseiller d\u2019excellents fromages<\/strong>. Vous aurez aussi la possibilit\u00e9 de d\u00e9couvrir des <strong>vins et des bi\u00e8res artisanaux<\/strong>. L\u00e9o est un grand passionn\u00e9. Il c<strong>onna\u00eet les fromages sur le bout des doigts.\u00a0<\/strong> Si vous aimez le fromage c\u2019est LA fromagerie et Bar \u00e0 fromage \u00e0 visiter sur Bruxelles<\/p>\n<p>Vous pouvez commander des plats et faire des r\u00e9servations pour des occasions sp\u00e9ciales.<\/p>\n<p class=\"LC20lb MBeuO DKV0Md\">\ud83d\udccd\u00a0<strong>Adresse<\/strong> : Rue du March\u00e9 au Charbon Kolenmarkt 99\/103, 1000 Bruxelles.<\/p>\n<p><a href=\"https:\/\/lafruitiere.brussels\/\" target=\"_blank\" rel=\"noopener\">\ud83c\udf0d Site web<\/a><\/p>\n<p><strong>\u00a0\u23f0 Heures d&rsquo;ouverture<\/strong> : Il ouvre du mardi au samedi de 11h00 \u00e0 19h00 et ferme le dimanche et le lundi.<\/p>\n\n\n<figure class=\"wp-block-image size-large\"><a href=\"https:\/\/www.insidebrussels.be\/V2\/wp-content\/uploads\/2022\/11\/claudio-schwarz-ZgIftUgJWy8-unsplash.jpg\"><img decoding=\"async\" width=\"1024\" height=\"683\" src=\"https:\/\/www.insidebrussels.be\/V2\/wp-content\/uploads\/2022\/11\/claudio-schwarz-ZgIftUgJWy8-unsplash-1024x683.jpg\" alt=\"Une Fondue \u00e0 l'ancienne (c) Go to Claudio Schwarz's profile\nClaudio Schwarz Unsplash\" class=\"wp-image-15626\" srcset=\"https:\/\/www.insidebrussels.be\/V2\/wp-content\/uploads\/2022\/11\/claudio-schwarz-ZgIftUgJWy8-unsplash-1024x683.jpg 1024w, https:\/\/www.insidebrussels.be\/V2\/wp-content\/uploads\/2022\/11\/claudio-schwarz-ZgIftUgJWy8-unsplash-300x200.jpg 300w, https:\/\/www.insidebrussels.be\/V2\/wp-content\/uploads\/2022\/11\/claudio-schwarz-ZgIftUgJWy8-unsplash-768x512.jpg 768w, https:\/\/www.insidebrussels.be\/V2\/wp-content\/uploads\/2022\/11\/claudio-schwarz-ZgIftUgJWy8-unsplash-1536x1025.jpg 1536w, https:\/\/www.insidebrussels.be\/V2\/wp-content\/uploads\/2022\/11\/claudio-schwarz-ZgIftUgJWy8-unsplash.jpg 1920w\" sizes=\"(max-width: 1024px) 100vw, 1024px\" \/><\/a><figcaption class=\"wp-element-caption\">Une Fondue \u00e0 l&rsquo;ancienne (c) Go to Claudio Schwarz&rsquo;s profile\nClaudio Schwarz Unsplash<\/figcaption><\/figure>\n","protected":false,"gt_translate_keys":[{"key":"rendered","format":"html"}]},"excerpt":{"rendered":"<p>L&rsquo;hiver s&rsquo;installe \u00e0 Bruxelles ! \u2744\ufe0f Avec le froid qui s&rsquo;installe et la pluie qui<\/p>\n","protected":false,"gt_translate_keys":[{"key":"rendered","format":"html"}]},"author":55,"featured_media":13244,"comment_status":"closed","ping_status":"closed","sticky":false,"template":"","format":"standard","meta":{"_lmt_disableupdate":"","_lmt_disable":"","footnotes":""},"categories":[10],"tags":[278],"class_list":["post-13243","post","type-post","status-publish","format-standard","has-post-thumbnail","hentry","category-manger-a-bruxelles","tag-best-of"],"modified_by":"pierre","amp_enabled":true,"gt_translate_keys":[{"key":"link","format":"url"}],"_links":{"self":[{"href":"https:\/\/www.insidebrussels.be\/V2\/wp-json\/wp\/v2\/posts\/13243","targetHints":{"allow":["GET"]}}],"collection":[{"href":"https:\/\/www.insidebrussels.be\/V2\/wp-json\/wp\/v2\/posts"}],"about":[{"href":"https:\/\/www.insidebrussels.be\/V2\/wp-json\/wp\/v2\/types\/post"}],"author":[{"embeddable":true,"href":"https:\/\/www.insidebrussels.be\/V2\/wp-json\/wp\/v2\/users\/55"}],"replies":[{"embeddable":true,"href":"https:\/\/www.insidebrussels.be\/V2\/wp-json\/wp\/v2\/comments?post=13243"}],"version-history":[{"count":7,"href":"https:\/\/www.insidebrussels.be\/V2\/wp-json\/wp\/v2\/posts\/13243\/revisions"}],"predecessor-version":[{"id":15631,"href":"https:\/\/www.insidebrussels.be\/V2\/wp-json\/wp\/v2\/posts\/13243\/revisions\/15631"}],"wp:featuredmedia":[{"embeddable":true,"href":"https:\/\/www.insidebrussels.be\/V2\/wp-json\/wp\/v2\/media\/13244"}],"wp:attachment":[{"href":"https:\/\/www.insidebrussels.be\/V2\/wp-json\/wp\/v2\/media?parent=13243"}],"wp:term":[{"taxonomy":"category","embeddable":true,"href":"https:\/\/www.insidebrussels.be\/V2\/wp-json\/wp\/v2\/categories?post=13243"},{"taxonomy":"post_tag","embeddable":true,"href":"https:\/\/www.insidebrussels.be\/V2\/wp-json\/wp\/v2\/tags?post=13243"}],"curies":[{"name":"wp","href":"https:\/\/api.w.org\/{rel}","templated":true}]}}