{"id":13745,"date":"2022-12-10T00:30:50","date_gmt":"2022-12-09T23:30:50","guid":{"rendered":"https:\/\/www.insidebrussels.be\/V2\/?p=13745"},"modified":"2024-05-31T16:29:53","modified_gmt":"2024-05-31T14:29:53","slug":"les-meilleurs-endroits-ou-faire-des-selfies-a-bruxelles-by-option-b","status":"publish","type":"post","link":"https:\/\/www.insidebrussels.be\/V2\/bruxelles\/les-meilleurs-endroits-ou-faire-des-selfies-a-bruxelles-by-option-b\/","title":{"rendered":"Les 5 meilleurs endroits o\u00f9 faire des selfies \u00e0 Bruxelles ?  By Option B","gt_translate_keys":[{"key":"rendered","format":"text"}]},"content":{"rendered":"\n<p><\/p>\n\n\n\n<h2 class=\"wp-block-heading\">Les selfies Option B, un arri\u00e8re-plan incontournable \u00e0 Bruxelles<\/h2>\n\n\n\n<h3 class=\"wp-block-heading\">\u00ab\u00a0Option B\u00a0\u00bb, avec un grand B comme Bruxelles<\/h3>\n\n\n\n<p>Si vous n&rsquo;avez pas entendu de <em>\u00ab\u00a0<a href=\"https:\/\/www.optionb.brussels\/\" target=\"_blank\" rel=\"noreferrer noopener\">l&rsquo;option B<\/a>\u00a0\u00bb <\/em>sachez qu&rsquo;il ne s&rsquo;agit pas \u00ab\u00a0d&rsquo;une chose \u00e0 faire au cas ou vous cherchez un plan B pour vous occuper\u00a0\u00bb&#8230; mais bien d&rsquo;un <strong>chouette programme de visite de Bruxelles.<\/strong> Celui-ci a \u00e9t\u00e9 mis <strong>au point par la ville de Bruxelles<\/strong>. Un vrai parcours qui vous invite \u00e0 (re)d\u00e9couvrir&nbsp; Bruxelles en fonction de vos centres d&rsquo;int\u00e9r\u00eats, pour vous partager des <strong>bons plans<\/strong>, bonnes <strong>adresses incontournables<\/strong> et <strong>lieux insolites encore inconnus&#8230; <\/strong>qui iront parfaitement dans <strong>vos selfies TikTo et Instagram.&nbsp;<\/strong><\/p>\n\n\n\n<blockquote class=\"wp-block-quote is-layout-flow wp-block-quote-is-layout-flow\">\n<p>Ne manquez pas \u00e0 ce sujet: <a href=\"https:\/\/www.insidebrussels.be\/V2\/bruxelles\/visiter-bruxelles-en-un-jours-cest-possible\/\">notre meilleur programme pour visiter Bruxelles en un jour<\/a><\/p>\n<\/blockquote>\n\n\n\n<p>Option B est le fruit d&rsquo;un processus bien \u00e9labor\u00e9 dans lequel la Ville de Bruxelles a via un <strong>sondage fait participer ses habitant(e)s &amp; touristes<\/strong>. Option B est une compilation de tous leurs d\u00e9sirs dans des <strong>parcours th\u00e9matiques<\/strong>. Gr\u00e2ce \u00e0 ce dernier, la ville de Bruxelles compte bien dynamiser, soutenir et relancer les commerces bruxellois.<\/p>\n\n\n\n<p>Appretez-vous \u00e0 d\u00e9couvrir ci-dessus les richesses de la Ville de Bruxelles.<\/p>\n\n\n\n<h3 class=\"wp-block-heading\">Les 5 meilleurs endroits pour faire les meilleurs selfies \u00e0 Bruxelles selon Option B<\/h3>\n\n\n\n<p>Si vous pensiez que la <a href=\"https:\/\/www.insidebrussels.be\/V2\/bruxelles\/visiter-la-grande-place-de-bruxelles-tourisme\/\">Grand-Place<\/a> et <a href=\"https:\/\/www.insidebrussels.be\/V2\/bruxelles\/latomium\/\">l&rsquo;Atonium<\/a> \u00e9taient les meilleurs endroits selfies pour les touristes \u00e0 Bruxelles, voici de quoi vous inspirer. et changer la toile de fond pour votre feed Facebook, Instagram ou TikTok\u202f? Pas besoin d&rsquo;aller bien loin, ces endroits sont principalement dans le centre de Bruxelles. Gr\u00e2ce \u00e0 ce mix de Street art, <a href=\"https:\/\/www.insidebrussels.be\/V2\/bruxelles\/les-endroits-caches-insolites-et-secrets-a-bruxelles\/\">ruelles m\u00e9conues et insolites<\/a> fa\u00e7ades color\u00e9es, nature verdoyante et m\u00eame boutiques anim\u00e9es.<\/p>\n\n\n\n<p>Vous pouvez facilement en une journ\u00e9e en faire le tour. Voici les endroits selon option B<\/p>\n\n\n\n<h4 class=\"wp-block-heading\">1. LA STATUE DE JACQUES BREL ( VIEILLE HALLE AUX BL\u00c9S 1000 BRUXELLES)<\/h4>\n\n\n<div class=\"wp-block-image wp-image-13748\">\n<figure class=\"aligncenter\"><img decoding=\"async\" width=\"1024\" height=\"1024\" src=\"https:\/\/www.insidebrussels.be\/V2\/wp-content\/uploads\/2022\/12\/186A962F-3C00-4370-8DAC-CFB348BC890F-1024x1024.jpeg\" alt=\"Jacques Brel (c) Photo Pierre Halleux\" class=\"wp-image-13748\" srcset=\"https:\/\/www.insidebrussels.be\/V2\/wp-content\/uploads\/2022\/12\/186A962F-3C00-4370-8DAC-CFB348BC890F-scaled.jpeg 1024w, https:\/\/www.insidebrussels.be\/V2\/wp-content\/uploads\/2022\/12\/186A962F-3C00-4370-8DAC-CFB348BC890F-300x300.jpeg 300w, https:\/\/www.insidebrussels.be\/V2\/wp-content\/uploads\/2022\/12\/186A962F-3C00-4370-8DAC-CFB348BC890F-150x150.jpeg 150w, https:\/\/www.insidebrussels.be\/V2\/wp-content\/uploads\/2022\/12\/186A962F-3C00-4370-8DAC-CFB348BC890F-768x768.jpeg 768w, https:\/\/www.insidebrussels.be\/V2\/wp-content\/uploads\/2022\/12\/186A962F-3C00-4370-8DAC-CFB348BC890F-1536x1536.jpeg 1536w, https:\/\/www.insidebrussels.be\/V2\/wp-content\/uploads\/2022\/12\/186A962F-3C00-4370-8DAC-CFB348BC890F-2048x2048.jpeg 2048w\" sizes=\"(max-width: 1024px) 100vw, 1024px\" \/><figcaption class=\"wp-element-caption\">Jacques Brel (c) Photo Pierre Halleux<\/figcaption><\/figure><\/div>\n\n\n<p>Nous vous avions d\u00e9j\u00e0 indiqu\u00e9 les statues les plus insolites de Bruxelles dans un article pr\u00e9c\u00e9dent. Si vous ne l&rsquo;avez pas enore vue,<strong> cette premi\u00e8re statue de Jacques Brel<\/strong> se trouve \u00e0 deux pas de la Grand-Place. C&rsquo;est \u00e0 l\u2019artiste Tom Frantzen qu&rsquo;elle doit le jour. Brel vous acceuille les Bras grands ouverts pour votre selfie. Cette statue appell\u00e9e \u00ab <strong>The Flight<\/strong> \u00bb est situ\u00e9e place de la Vieille Halle aux Bl\u00e9s ( A c\u00f4t\u00e9 de la Fondation Jacques Brel).<\/p>\n\n\n\n<blockquote class=\"wp-block-quote is-layout-flow wp-block-quote-is-layout-flow\">\n<p>Ne manquez pas <a href=\"https:\/\/www.insidebrussels.be\/V2\/bruxelles\/isaac-les-10-meilleures-statues-insolites-a-voir-a-bruxelles\/\">les statues insolites \u00e0 Bruxelles<\/a><\/p>\n<\/blockquote>\n\n\n\n<h4 class=\"wp-block-heading\">2. RUE DE LA CIGOGNE, 1000 BRUXELLES<\/h4>\n\n\n\n<figure class=\"wp-block-gallery has-nested-images columns-default is-cropped wp-block-gallery-2 is-layout-flex wp-block-gallery-is-layout-flex\">\n<figure class=\"wp-block-image size-large\"><a href=\"https:\/\/www.insidebrussels.be\/V2\/wp-content\/uploads\/2024\/05\/237B97BC-0230-4326-8267-470FA1E93788.jpeg\"><img decoding=\"async\" width=\"1024\" height=\"1024\" data-id=\"16544\" src=\"https:\/\/www.insidebrussels.be\/V2\/wp-content\/uploads\/2024\/05\/237B97BC-0230-4326-8267-470FA1E93788-1024x1024.jpeg\" alt=\"Rue de la Cigogne (c) Pierre Halleux\" class=\"wp-image-16544\" srcset=\"https:\/\/www.insidebrussels.be\/V2\/wp-content\/uploads\/2024\/05\/237B97BC-0230-4326-8267-470FA1E93788-1024x1024.jpeg 1024w, https:\/\/www.insidebrussels.be\/V2\/wp-content\/uploads\/2024\/05\/237B97BC-0230-4326-8267-470FA1E93788-300x300.jpeg 300w, https:\/\/www.insidebrussels.be\/V2\/wp-content\/uploads\/2024\/05\/237B97BC-0230-4326-8267-470FA1E93788-150x150.jpeg 150w, https:\/\/www.insidebrussels.be\/V2\/wp-content\/uploads\/2024\/05\/237B97BC-0230-4326-8267-470FA1E93788-768x768.jpeg 768w, https:\/\/www.insidebrussels.be\/V2\/wp-content\/uploads\/2024\/05\/237B97BC-0230-4326-8267-470FA1E93788-1536x1536.jpeg 1536w, https:\/\/www.insidebrussels.be\/V2\/wp-content\/uploads\/2024\/05\/237B97BC-0230-4326-8267-470FA1E93788.jpeg 1920w\" sizes=\"(max-width: 1024px) 100vw, 1024px\" \/><\/a><figcaption class=\"wp-element-caption\">Rue de la Cigogne (c) Pierre Halleux<\/figcaption><\/figure>\n\n\n\n<figure class=\"wp-block-image size-large\"><a href=\"https:\/\/www.insidebrussels.be\/V2\/wp-content\/uploads\/2024\/05\/5A61D589-1059-4C93-9045-D9FCD64B8DB0.jpeg\"><img decoding=\"async\" width=\"1024\" height=\"1024\" data-id=\"16543\" src=\"https:\/\/www.insidebrussels.be\/V2\/wp-content\/uploads\/2024\/05\/5A61D589-1059-4C93-9045-D9FCD64B8DB0-1024x1024.jpeg\" alt=\"Rue de la Cigogne (c) Pierre Halleux\" class=\"wp-image-16543\" srcset=\"https:\/\/www.insidebrussels.be\/V2\/wp-content\/uploads\/2024\/05\/5A61D589-1059-4C93-9045-D9FCD64B8DB0-1024x1024.jpeg 1024w, https:\/\/www.insidebrussels.be\/V2\/wp-content\/uploads\/2024\/05\/5A61D589-1059-4C93-9045-D9FCD64B8DB0-300x300.jpeg 300w, https:\/\/www.insidebrussels.be\/V2\/wp-content\/uploads\/2024\/05\/5A61D589-1059-4C93-9045-D9FCD64B8DB0-150x150.jpeg 150w, https:\/\/www.insidebrussels.be\/V2\/wp-content\/uploads\/2024\/05\/5A61D589-1059-4C93-9045-D9FCD64B8DB0-768x768.jpeg 768w, https:\/\/www.insidebrussels.be\/V2\/wp-content\/uploads\/2024\/05\/5A61D589-1059-4C93-9045-D9FCD64B8DB0-1536x1536.jpeg 1536w, https:\/\/www.insidebrussels.be\/V2\/wp-content\/uploads\/2024\/05\/5A61D589-1059-4C93-9045-D9FCD64B8DB0.jpeg 1920w\" sizes=\"(max-width: 1024px) 100vw, 1024px\" \/><\/a><figcaption class=\"wp-element-caption\">Rue de la Cigogne (c) Pierre Halleux<\/figcaption><\/figure>\n\n\n\n<figure class=\"wp-block-image size-large\"><a href=\"https:\/\/www.insidebrussels.be\/V2\/wp-content\/uploads\/2024\/05\/331BCD1A-2D5D-476B-8F39-2A767E6D0422.jpeg\"><img decoding=\"async\" width=\"1024\" height=\"1024\" data-id=\"16542\" src=\"https:\/\/www.insidebrussels.be\/V2\/wp-content\/uploads\/2024\/05\/331BCD1A-2D5D-476B-8F39-2A767E6D0422-1024x1024.jpeg\" alt=\"Rue de la Cigogne (c) Pierre Halleux\" class=\"wp-image-16542\" srcset=\"https:\/\/www.insidebrussels.be\/V2\/wp-content\/uploads\/2024\/05\/331BCD1A-2D5D-476B-8F39-2A767E6D0422-1024x1024.jpeg 1024w, https:\/\/www.insidebrussels.be\/V2\/wp-content\/uploads\/2024\/05\/331BCD1A-2D5D-476B-8F39-2A767E6D0422-300x300.jpeg 300w, https:\/\/www.insidebrussels.be\/V2\/wp-content\/uploads\/2024\/05\/331BCD1A-2D5D-476B-8F39-2A767E6D0422-150x150.jpeg 150w, https:\/\/www.insidebrussels.be\/V2\/wp-content\/uploads\/2024\/05\/331BCD1A-2D5D-476B-8F39-2A767E6D0422-768x768.jpeg 768w, https:\/\/www.insidebrussels.be\/V2\/wp-content\/uploads\/2024\/05\/331BCD1A-2D5D-476B-8F39-2A767E6D0422-1536x1536.jpeg 1536w, https:\/\/www.insidebrussels.be\/V2\/wp-content\/uploads\/2024\/05\/331BCD1A-2D5D-476B-8F39-2A767E6D0422.jpeg 1920w\" sizes=\"(max-width: 1024px) 100vw, 1024px\" \/><\/a><figcaption class=\"wp-element-caption\">Rue de la Cigogne (c) Pierre Halleux<\/figcaption><\/figure>\n\n\n\n<figure class=\"wp-block-image size-large\"><a href=\"https:\/\/www.insidebrussels.be\/V2\/wp-content\/uploads\/2024\/05\/390CE22E-437F-4D70-8746-8CBC713E0567.jpeg\"><img decoding=\"async\" width=\"1024\" height=\"1024\" data-id=\"16541\" src=\"https:\/\/www.insidebrussels.be\/V2\/wp-content\/uploads\/2024\/05\/390CE22E-437F-4D70-8746-8CBC713E0567-1024x1024.jpeg\" alt=\"Rue de la Cigogne (c) Pierre Halleux\" class=\"wp-image-16541\" srcset=\"https:\/\/www.insidebrussels.be\/V2\/wp-content\/uploads\/2024\/05\/390CE22E-437F-4D70-8746-8CBC713E0567-1024x1024.jpeg 1024w, https:\/\/www.insidebrussels.be\/V2\/wp-content\/uploads\/2024\/05\/390CE22E-437F-4D70-8746-8CBC713E0567-300x300.jpeg 300w, https:\/\/www.insidebrussels.be\/V2\/wp-content\/uploads\/2024\/05\/390CE22E-437F-4D70-8746-8CBC713E0567-150x150.jpeg 150w, https:\/\/www.insidebrussels.be\/V2\/wp-content\/uploads\/2024\/05\/390CE22E-437F-4D70-8746-8CBC713E0567-768x768.jpeg 768w, https:\/\/www.insidebrussels.be\/V2\/wp-content\/uploads\/2024\/05\/390CE22E-437F-4D70-8746-8CBC713E0567-1536x1536.jpeg 1536w, https:\/\/www.insidebrussels.be\/V2\/wp-content\/uploads\/2024\/05\/390CE22E-437F-4D70-8746-8CBC713E0567.jpeg 1920w\" sizes=\"(max-width: 1024px) 100vw, 1024px\" \/><\/a><figcaption class=\"wp-element-caption\">Rue de la Cigogne (c) Pierre Halleux<\/figcaption><\/figure>\n\n\n\n<figure class=\"wp-block-image size-large\"><a href=\"https:\/\/www.insidebrussels.be\/V2\/wp-content\/uploads\/2024\/05\/31925A99-63FC-4B74-B1F2-D4177A50FCFA.jpeg\"><img decoding=\"async\" width=\"1024\" height=\"1024\" data-id=\"16540\" src=\"https:\/\/www.insidebrussels.be\/V2\/wp-content\/uploads\/2024\/05\/31925A99-63FC-4B74-B1F2-D4177A50FCFA-1024x1024.jpeg\" alt=\"Rue de la Cigogne (c) Pierre Halleux\" class=\"wp-image-16540\" srcset=\"https:\/\/www.insidebrussels.be\/V2\/wp-content\/uploads\/2024\/05\/31925A99-63FC-4B74-B1F2-D4177A50FCFA-1024x1024.jpeg 1024w, https:\/\/www.insidebrussels.be\/V2\/wp-content\/uploads\/2024\/05\/31925A99-63FC-4B74-B1F2-D4177A50FCFA-300x300.jpeg 300w, https:\/\/www.insidebrussels.be\/V2\/wp-content\/uploads\/2024\/05\/31925A99-63FC-4B74-B1F2-D4177A50FCFA-150x150.jpeg 150w, https:\/\/www.insidebrussels.be\/V2\/wp-content\/uploads\/2024\/05\/31925A99-63FC-4B74-B1F2-D4177A50FCFA-768x768.jpeg 768w, https:\/\/www.insidebrussels.be\/V2\/wp-content\/uploads\/2024\/05\/31925A99-63FC-4B74-B1F2-D4177A50FCFA-1536x1536.jpeg 1536w, https:\/\/www.insidebrussels.be\/V2\/wp-content\/uploads\/2024\/05\/31925A99-63FC-4B74-B1F2-D4177A50FCFA.jpeg 1920w\" sizes=\"(max-width: 1024px) 100vw, 1024px\" \/><\/a><figcaption class=\"wp-element-caption\">Rue de la Cigogne (c) Pierre Halleux<\/figcaption><\/figure>\n\n\n\n<figure class=\"wp-block-image size-large\"><a href=\"https:\/\/www.insidebrussels.be\/V2\/wp-content\/uploads\/2024\/05\/6BFFDE58-D03C-4A68-AD9A-EAAE13916D3C.jpeg\"><img decoding=\"async\" width=\"1024\" height=\"768\" data-id=\"16539\" src=\"https:\/\/www.insidebrussels.be\/V2\/wp-content\/uploads\/2024\/05\/6BFFDE58-D03C-4A68-AD9A-EAAE13916D3C-1024x768.jpeg\" alt=\"Rue de la Cigogne (c) Pierre Halleux\" class=\"wp-image-16539\" srcset=\"https:\/\/www.insidebrussels.be\/V2\/wp-content\/uploads\/2024\/05\/6BFFDE58-D03C-4A68-AD9A-EAAE13916D3C-1024x768.jpeg 1024w, https:\/\/www.insidebrussels.be\/V2\/wp-content\/uploads\/2024\/05\/6BFFDE58-D03C-4A68-AD9A-EAAE13916D3C-300x225.jpeg 300w, https:\/\/www.insidebrussels.be\/V2\/wp-content\/uploads\/2024\/05\/6BFFDE58-D03C-4A68-AD9A-EAAE13916D3C-768x576.jpeg 768w, https:\/\/www.insidebrussels.be\/V2\/wp-content\/uploads\/2024\/05\/6BFFDE58-D03C-4A68-AD9A-EAAE13916D3C-1536x1152.jpeg 1536w, https:\/\/www.insidebrussels.be\/V2\/wp-content\/uploads\/2024\/05\/6BFFDE58-D03C-4A68-AD9A-EAAE13916D3C-720x540.jpeg 720w, https:\/\/www.insidebrussels.be\/V2\/wp-content\/uploads\/2024\/05\/6BFFDE58-D03C-4A68-AD9A-EAAE13916D3C.jpeg 1920w\" sizes=\"(max-width: 1024px) 100vw, 1024px\" \/><\/a><figcaption class=\"wp-element-caption\">Rue de la Cigogne (c) Pierre Halleux<\/figcaption><\/figure>\n<\/figure>\n\n\n\n<p>Si parfois on pourrait penser que <strong>ici le temps s\u2019est arr\u00eat\u00e9<\/strong>, cette ruelle est le secret le moins bien gard\u00e9 de Bruxelles. Car les touristent y affluent <strong>entre avril et juin<\/strong>, lors de la floraison. Quand la ruelle est calme, la plupart des gens diront que c&rsquo;est effectivement <strong>la ruelle la plus jolie et pittoresque de Bruxelles.<\/strong> Elle relie deux rue des Bruxelles que vous connaissez peut-\u00eatre: les rues du Rempart des Moines et la rue de Flandre. C&rsquo;est que vous pouvez y faire <strong>les meilleurs selfies<\/strong>.<\/p>\n\n\n\n<blockquote class=\"wp-block-quote is-layout-flow wp-block-quote-is-layout-flow\">\n<p>Ne manquez pas <a href=\"https:\/\/www.insidebrussels.be\/V2\/bruxelles\/les-endroits-caches-insolites-et-secrets-a-bruxelles\/\">les endroits insolites de Bruxelles que vous n&rsquo;avez jamais vu.<\/a><\/p>\n<\/blockquote>\n\n\n\n<h4 class=\"wp-block-heading\">3. STATION DE M\u00c9TRO PANNENHUIS ( RUE CHARLES DEMEER, 1020 LAEKEN )<\/h4>\n\n\n\n<figure class=\"wp-block-gallery has-nested-images columns-default is-cropped wp-block-gallery-3 is-layout-flex wp-block-gallery-is-layout-flex\">\n<figure class=\"wp-block-image size-large\"><a href=\"https:\/\/www.insidebrussels.be\/V2\/wp-content\/uploads\/2022\/12\/panhuis-unsplash-scaled.jpg\"><img decoding=\"async\" width=\"1024\" height=\"704\" data-id=\"13769\" src=\"https:\/\/www.insidebrussels.be\/V2\/wp-content\/uploads\/2022\/12\/panhuis-unsplash-1024x704.jpg\" alt=\"La station de m\u00e9tro PANNENHUIS est parfaite pour les selfie (c) Photo Unsplash Bharat Patil\" class=\"wp-image-13769\" srcset=\"https:\/\/www.insidebrussels.be\/V2\/wp-content\/uploads\/2022\/12\/panhuis-unsplash-1024x704.jpg 1024w, https:\/\/www.insidebrussels.be\/V2\/wp-content\/uploads\/2022\/12\/panhuis-unsplash-300x206.jpg 300w, https:\/\/www.insidebrussels.be\/V2\/wp-content\/uploads\/2022\/12\/panhuis-unsplash-768x528.jpg 768w, https:\/\/www.insidebrussels.be\/V2\/wp-content\/uploads\/2022\/12\/panhuis-unsplash-1536x1057.jpg 1536w, https:\/\/www.insidebrussels.be\/V2\/wp-content\/uploads\/2022\/12\/panhuis-unsplash-scaled.jpg 1078w\" sizes=\"(max-width: 1024px) 100vw, 1024px\" \/><\/a><figcaption class=\"wp-element-caption\">La station de m\u00e9tro PANNENHUIS est parfaite pour les selfie (c) Photo Unsplash Bharat Patil<\/figcaption><\/figure>\n<\/figure>\n\n\n\n<p>Si vous vous rendez \u00e0 Laeken<strong> en m\u00e9tro via la ligne 6,<\/strong>&nbsp; vous ne pourrez pas la louper. Cet <strong>selfie spot<\/strong> <strong>futuriste<\/strong> se trouve dans le m\u00e9tro Bruxellois. Il semblerait que cette station <strong>PANNENHUIS<\/strong> soie <strong>une vraie galerie d\u2019art,<\/strong> et m\u00eame la station Belge de m\u00e9tro la plus photographi\u00e9e. C&rsquo;est \u00e0 son architecture aux murs orange et aux luminaires cylindriques rouges qucaptent tous les regards.<\/p>\n\n\n\n<blockquote class=\"wp-block-quote is-layout-flow wp-block-quote-is-layout-flow\">\n<p>Ne manquez pas&nbsp;<a href=\"https:\/\/www.insidebrussels.be\/V2\/bruxelles\/plan-de-bruxelles-centre-gratuit-pdf-a-imprimer-stib\/\"> le plan du m\u00e9tro stib<\/a>.<\/p>\n<\/blockquote>\n\n\n\n<h4 class=\"wp-block-heading\">4. PASSERELLE TONDO RUE DE LOUVAIN, 1000 BRUXELLES<\/h4>\n\n\n\n<figure class=\"wp-block-gallery has-nested-images columns-default is-cropped wp-block-gallery-4 is-layout-flex wp-block-gallery-is-layout-flex\">\n<figure class=\"wp-block-image size-large\"><a href=\"https:\/\/www.insidebrussels.be\/V2\/wp-content\/uploads\/2022\/12\/BEED4FE2-2720-42F1-A253-13BCBCCB2D6E-scaled.jpeg\"><img decoding=\"async\" width=\"1024\" height=\"1024\" data-id=\"13777\" src=\"https:\/\/www.insidebrussels.be\/V2\/wp-content\/uploads\/2022\/12\/BEED4FE2-2720-42F1-A253-13BCBCCB2D6E-1024x1024.jpeg\" alt=\"PASSERELLE TONDO RUE DE LOUVAIN (c) Pierre HALLEUX\" class=\"wp-image-13777\" srcset=\"https:\/\/www.insidebrussels.be\/V2\/wp-content\/uploads\/2022\/12\/BEED4FE2-2720-42F1-A253-13BCBCCB2D6E-scaled.jpeg 1024w, https:\/\/www.insidebrussels.be\/V2\/wp-content\/uploads\/2022\/12\/BEED4FE2-2720-42F1-A253-13BCBCCB2D6E-300x300.jpeg 300w, https:\/\/www.insidebrussels.be\/V2\/wp-content\/uploads\/2022\/12\/BEED4FE2-2720-42F1-A253-13BCBCCB2D6E-150x150.jpeg 150w, https:\/\/www.insidebrussels.be\/V2\/wp-content\/uploads\/2022\/12\/BEED4FE2-2720-42F1-A253-13BCBCCB2D6E-768x768.jpeg 768w, https:\/\/www.insidebrussels.be\/V2\/wp-content\/uploads\/2022\/12\/BEED4FE2-2720-42F1-A253-13BCBCCB2D6E-1536x1536.jpeg 1536w, https:\/\/www.insidebrussels.be\/V2\/wp-content\/uploads\/2022\/12\/BEED4FE2-2720-42F1-A253-13BCBCCB2D6E-2048x2048.jpeg 2048w\" sizes=\"(max-width: 1024px) 100vw, 1024px\" \/><\/a><figcaption class=\"wp-element-caption\">PASSERELLE TONDO RUE DE LOUVAIN (c) Pierre HALLEUX<\/figcaption><\/figure>\n<\/figure>\n\n\n\n<p>Avez-vous d\u00e9j\u00e0 crois\u00e9 un donut glac\u00e9 coinc\u00e9 entre deux maison? Si l&rsquo;id\u00e9e est difficile \u00e0 imaginer, pensez plutot \u00e0 un rouleau g\u00e9ant de duct tape\u202f. Rendez-vous chauss\u00e9e de Louvain pour immortaliser l&rsquo;oeuvre de Kersten Geers et David Van Severen. Vous remarquerez qu&rsquo;il s&rsquo;agit en fait d&rsquo;une passerelle qui <strong>visuellement d\u00e9passe tout ce que vous auriez pu imaginer<\/strong>. Celle-ci relie la Maison des Parlementaires au Forum qui ne sont pas vraiment au m\u00eame niveau.<\/p>\n\n\n\n<h4 class=\"wp-block-heading\">5. LES TOILETTES DU RESTO&nbsp; SUPER FOURCHETTE ( RUE DES HIRONDELLES\u202f3,)<\/h4>\n\n\n\n<p>Si vous ne conaissez pas Super Fouchette, vous d\u00e9couvrirez que en plus d&rsquo;\u00eatre un resto, il s&rsquo;agit d&rsquo;un disquaire et caf\u00e9 concert. Vous y retrouverez une cuisine plut\u00f4t r\u00e9confortante qui favorise le circuit court ainsi que les petits producteurs. Au menu pas mal de plats qui feront le bonheure des v\u00e9g\u00e9tariens. Ici tout est fait maison. Le grand plus, tout les plats peuvent \u00eatre \u00e0 emporter nos bocaux en verre.<\/p>\n\n\n\n<p>Chez eux, tout le d\u00e9cor ira \u00e0 merveille sur votre instagram:&nbsp; tables r\u00e9tro en bois, caf\u00e9 avec latte art, un plat du jour particuli\u00e8rement soign\u00e9, des disques vinyles et les cassettes audi&#8230; jusqu\u2019aux toilettes. Nous ne mettrons pas de photo des toilettes, libre \u00e0 vous d&rsquo;aller voir.<\/p>\n\n\n","protected":false,"gt_translate_keys":[{"key":"rendered","format":"html"}]},"excerpt":{"rendered":"<p>Les selfies Option B, un arri\u00e8re-plan incontournable \u00e0 Bruxelles \u00ab\u00a0Option B\u00a0\u00bb, avec un grand B<\/p>\n","protected":false,"gt_translate_keys":[{"key":"rendered","format":"html"}]},"author":1,"featured_media":16541,"comment_status":"closed","ping_status":"closed","sticky":false,"template":"","format":"standard","meta":{"_lmt_disableupdate":"","_lmt_disable":"","footnotes":""},"categories":[508,73,502],"tags":[278,101,256],"class_list":["post-13745","post","type-post","status-publish","format-standard","has-post-thumbnail","hentry","category-itineraire-visite-circuit-bruxelles","category-vie-a-bruxelles","category-monuments-attractions-touristiques-bruxelles","tag-best-of","tag-entre-filles","tag-geek-a-bruxelles"],"modified_by":"pierre","amp_enabled":true,"gt_translate_keys":[{"key":"link","format":"url"}],"_links":{"self":[{"href":"https:\/\/www.insidebrussels.be\/V2\/wp-json\/wp\/v2\/posts\/13745","targetHints":{"allow":["GET"]}}],"collection":[{"href":"https:\/\/www.insidebrussels.be\/V2\/wp-json\/wp\/v2\/posts"}],"about":[{"href":"https:\/\/www.insidebrussels.be\/V2\/wp-json\/wp\/v2\/types\/post"}],"author":[{"embeddable":true,"href":"https:\/\/www.insidebrussels.be\/V2\/wp-json\/wp\/v2\/users\/1"}],"replies":[{"embeddable":true,"href":"https:\/\/www.insidebrussels.be\/V2\/wp-json\/wp\/v2\/comments?post=13745"}],"version-history":[{"count":7,"href":"https:\/\/www.insidebrussels.be\/V2\/wp-json\/wp\/v2\/posts\/13745\/revisions"}],"predecessor-version":[{"id":16545,"href":"https:\/\/www.insidebrussels.be\/V2\/wp-json\/wp\/v2\/posts\/13745\/revisions\/16545"}],"wp:featuredmedia":[{"embeddable":true,"href":"https:\/\/www.insidebrussels.be\/V2\/wp-json\/wp\/v2\/media\/16541"}],"wp:attachment":[{"href":"https:\/\/www.insidebrussels.be\/V2\/wp-json\/wp\/v2\/media?parent=13745"}],"wp:term":[{"taxonomy":"category","embeddable":true,"href":"https:\/\/www.insidebrussels.be\/V2\/wp-json\/wp\/v2\/categories?post=13745"},{"taxonomy":"post_tag","embeddable":true,"href":"https:\/\/www.insidebrussels.be\/V2\/wp-json\/wp\/v2\/tags?post=13745"}],"curies":[{"name":"wp","href":"https:\/\/api.w.org\/{rel}","templated":true}]}}