{"id":14170,"date":"2023-01-22T00:58:20","date_gmt":"2023-01-21T23:58:20","guid":{"rendered":"https:\/\/www.insidebrussels.be\/V2\/?p=14170"},"modified":"2024-06-13T23:41:46","modified_gmt":"2024-06-13T21:41:46","slug":"8-musees-gratuits-a-bruxelles-tous-les-jours-de-lannee","status":"publish","type":"post","link":"https:\/\/www.insidebrussels.be\/V2\/bruxelles\/8-musees-gratuits-a-bruxelles-tous-les-jours-de-lannee\/","title":{"rendered":"8 mus\u00e9es gratuits \u00e0 Bruxelles tous les jours de l&rsquo;ann\u00e9e","gt_translate_keys":[{"key":"rendered","format":"text"}]},"content":{"rendered":"<h2>Les bons plans pour visiter des mus\u00e9es \u00e0 Bruxelles gratuitement<\/h2>\n<p>Si vous \u00eates accro de culture et aux mus\u00e9es,\u00a0 vous savez probablement que l&rsquo;adition peut vite monter. Si vous n&rsquo;avez pas de grands moyens ou une tr\u00e8s grande soif de culture, cette <strong>liste des mus\u00e9es gratuits<\/strong> <strong>\u00e0 Bruxelles<\/strong> devrait vous int\u00e9resser.<\/p>\n<p>Vous avez bien entendu, il ne s&rsquo;agit pas de <a href=\"https:\/\/www.insidebrussels.be\/V2\/bruxelles\/quatre-musees-gratuits-ouverts-le-dimanche-a-bruxelles\/\">mus\u00e9es gratuits le premier dimanche du mois<\/a>, mais bien des mus\u00e9es qui ne demandent jamais de frais pour entrer. Aucune exuse donc pour ne pas visiter ces mus\u00e9es. Vous y apprendrez que gratuit ne veut pas dire moins int\u00e9ressant.<\/p>\n<p>Lors de la r\u00e9daction de l&rsquo;article, l&rsquo;entr\u00e9e \u00e9tait gratuite, n&rsquo;h\u00e9sitez pas \u00e0 confirmer sur leur site avant de faire le d\u00e9placement.<\/p>\n<blockquote><p>Vous aimerez aussi, <a href=\"https:\/\/www.insidebrussels.be\/V2\/bruxelles\/visiter-bruxelles-en-un-jours-cest-possible\/\">notre itin\u00e9raire quasi gratuit pour d\u00e9couvrir Bruxelles \u00e0 pied en un jour.<\/a><\/p><\/blockquote>\n<h2>1. <strong>Parlementarium<\/strong><\/h2>\n<p>&nbsp;<\/p>\n<blockquote class=\"instagram-media\" style=\"background: #FFF; border: 0; border-radius: 3px; box-shadow: 0 0 1px 0 rgba(0,0,0,0.5),0 1px 10px 0 rgba(0,0,0,0.15); margin: 1px; max-width: 540px; min-width: 326px; padding: 0; width: calc(100% - 2px);\" data-instgrm-captioned=\"\" data-instgrm-permalink=\"https:\/\/www.instagram.com\/p\/CmOSXxkuek8\/?utm_source=ig_embed&amp;utm_campaign=loading\" data-instgrm-version=\"14\">\n<div style=\"padding: 16px;\">\n<p>&nbsp;<\/p>\n<div style=\"display: flex; flex-direction: row; align-items: center;\">\n<div style=\"background-color: #f4f4f4; border-radius: 50%; flex-grow: 0; height: 40px; margin-right: 14px; width: 40px;\"><\/div>\n<div style=\"display: flex; flex-direction: column; flex-grow: 1; justify-content: center;\">\n<div style=\"background-color: #f4f4f4; border-radius: 4px; flex-grow: 0; height: 14px; margin-bottom: 6px; width: 100px;\"><\/div>\n<div style=\"background-color: #f4f4f4; border-radius: 4px; flex-grow: 0; height: 14px; width: 60px;\"><\/div>\n<\/div>\n<\/div>\n<div style=\"padding: 19% 0;\"><\/div>\n<div style=\"display: block; height: 50px; margin: 0 auto 12px; width: 50px;\"><\/div>\n<div style=\"padding-top: 8px;\">\n<div style=\"color: #3897f0; font-family: Arial,sans-serif; font-size: 14px; font-style: normal; font-weight: 550; line-height: 18px;\">View this post on Instagram<\/div>\n<\/div>\n<div style=\"padding: 12.5% 0;\"><\/div>\n<div style=\"display: flex; flex-direction: row; margin-bottom: 14px; align-items: center;\">\n<div>\n<div style=\"background-color: #f4f4f4; border-radius: 50%; height: 12.5px; width: 12.5px; transform: translateX(0px) translateY(7px);\"><\/div>\n<div style=\"background-color: #f4f4f4; height: 12.5px; transform: rotate(-45deg) translateX(3px) translateY(1px); width: 12.5px; flex-grow: 0; margin-right: 14px; margin-left: 2px;\"><\/div>\n<div style=\"background-color: #f4f4f4; border-radius: 50%; height: 12.5px; width: 12.5px; transform: translateX(9px) translateY(-18px);\"><\/div>\n<\/div>\n<div style=\"margin-left: 8px;\">\n<div style=\"background-color: #f4f4f4; border-radius: 50%; flex-grow: 0; height: 20px; width: 20px;\"><\/div>\n<div style=\"width: 0; height: 0; border-top: 2px solid transparent; border-left: 6px solid #f4f4f4; border-bottom: 2px solid transparent; transform: translateX(16px) translateY(-4px) rotate(30deg);\"><\/div>\n<\/div>\n<div style=\"margin-left: auto;\">\n<div style=\"width: 0px; border-top: 8px solid #F4F4F4; border-right: 8px solid transparent; transform: translateY(16px);\"><\/div>\n<div style=\"background-color: #f4f4f4; flex-grow: 0; height: 12px; width: 16px; transform: translateY(-4px);\"><\/div>\n<div style=\"width: 0; height: 0; border-top: 8px solid #F4F4F4; border-left: 8px solid transparent; transform: translateY(-4px) translateX(8px);\"><\/div>\n<\/div>\n<\/div>\n<div style=\"display: flex; flex-direction: column; flex-grow: 1; justify-content: center; margin-bottom: 24px;\">\n<div style=\"background-color: #f4f4f4; border-radius: 4px; flex-grow: 0; height: 14px; margin-bottom: 6px; width: 224px;\"><\/div>\n<div style=\"background-color: #f4f4f4; border-radius: 4px; flex-grow: 0; height: 14px; width: 144px;\"><\/div>\n<\/div>\n<p>&nbsp;<\/p>\n<p style=\"color: #c9c8cd; font-family: Arial,sans-serif; font-size: 14px; line-height: 17px; margin-bottom: 0; margin-top: 8px; overflow: hidden; padding: 8px 0 7px; text-align: center; text-overflow: ellipsis; white-space: nowrap;\"><a style=\"color: #c9c8cd; font-family: Arial,sans-serif; font-size: 14px; font-style: normal; font-weight: normal; line-height: 17px; text-decoration: none;\" href=\"https:\/\/www.instagram.com\/p\/CmOSXxkuek8\/?utm_source=ig_embed&amp;utm_campaign=loading\" target=\"_blank\" rel=\"noopener\">A post shared by FONSNY9 (@fonsny9)<\/a><\/p>\n<\/div>\n<\/blockquote>\n<p><script async src=\"\/\/www.instagram.com\/embed.js\"><\/script><\/p>\n<p>D\u00e9couvrez l\u2019univers du Parlement europ\u00e9en au Parlamentarium, son centre des visiteurs, qui est le plus grand d\u2019Europe. Vous comprendrez pourquoi il compte d\u00e9j\u00e0 plus de deux millions de visiteurs.<br \/>\n<a href=\"https:\/\/visiting.europarl.europa.eu\/fr\/visitor-offer\/brussels\/parlamentarium\" target=\"_blank\" rel=\"noopener\">https:\/\/visiting.europarl.europa.eu\/<\/a><\/p>\n<h2 class=\"h2soustitre\"><strong>2. Grand serment royal et de Saint-Georges des Arbal\u00e9triers<\/strong><\/h2>\n<p>&nbsp;<\/p>\n<blockquote class=\"instagram-media\" style=\"background: #FFF; border: 0; border-radius: 3px; box-shadow: 0 0 1px 0 rgba(0,0,0,0.5),0 1px 10px 0 rgba(0,0,0,0.15); margin: 1px; max-width: 540px; min-width: 326px; padding: 0; width: calc(100% - 2px);\" data-instgrm-captioned=\"\" data-instgrm-permalink=\"https:\/\/www.instagram.com\/p\/CkgdyttNKWt\/?utm_source=ig_embed&amp;utm_campaign=loading\" data-instgrm-version=\"14\">\n<div style=\"padding: 16px;\">\n<p>&nbsp;<\/p>\n<div style=\"display: flex; flex-direction: row; align-items: center;\">\n<div style=\"background-color: #f4f4f4; border-radius: 50%; flex-grow: 0; height: 40px; margin-right: 14px; width: 40px;\"><\/div>\n<div style=\"display: flex; flex-direction: column; flex-grow: 1; justify-content: center;\">\n<div style=\"background-color: #f4f4f4; border-radius: 4px; flex-grow: 0; height: 14px; margin-bottom: 6px; width: 100px;\"><\/div>\n<div style=\"background-color: #f4f4f4; border-radius: 4px; flex-grow: 0; height: 14px; width: 60px;\"><\/div>\n<\/div>\n<\/div>\n<div style=\"padding: 19% 0;\"><\/div>\n<div style=\"display: block; height: 50px; margin: 0 auto 12px; width: 50px;\"><\/div>\n<div style=\"padding-top: 8px;\">\n<div style=\"color: #3897f0; font-family: Arial,sans-serif; font-size: 14px; font-style: normal; font-weight: 550; line-height: 18px;\">View this post on Instagram<\/div>\n<\/div>\n<div style=\"padding: 12.5% 0;\"><\/div>\n<div style=\"display: flex; flex-direction: row; margin-bottom: 14px; align-items: center;\">\n<div>\n<div style=\"background-color: #f4f4f4; border-radius: 50%; height: 12.5px; width: 12.5px; transform: translateX(0px) translateY(7px);\"><\/div>\n<div style=\"background-color: #f4f4f4; height: 12.5px; transform: rotate(-45deg) translateX(3px) translateY(1px); width: 12.5px; flex-grow: 0; margin-right: 14px; margin-left: 2px;\"><\/div>\n<div style=\"background-color: #f4f4f4; border-radius: 50%; height: 12.5px; width: 12.5px; transform: translateX(9px) translateY(-18px);\"><\/div>\n<\/div>\n<div style=\"margin-left: 8px;\">\n<div style=\"background-color: #f4f4f4; border-radius: 50%; flex-grow: 0; height: 20px; width: 20px;\"><\/div>\n<div style=\"width: 0; height: 0; border-top: 2px solid transparent; border-left: 6px solid #f4f4f4; border-bottom: 2px solid transparent; transform: translateX(16px) translateY(-4px) rotate(30deg);\"><\/div>\n<\/div>\n<div style=\"margin-left: auto;\">\n<div style=\"width: 0px; border-top: 8px solid #F4F4F4; border-right: 8px solid transparent; transform: translateY(16px);\"><\/div>\n<div style=\"background-color: #f4f4f4; flex-grow: 0; height: 12px; width: 16px; transform: translateY(-4px);\"><\/div>\n<div style=\"width: 0; height: 0; border-top: 8px solid #F4F4F4; border-left: 8px solid transparent; transform: translateY(-4px) translateX(8px);\"><\/div>\n<\/div>\n<\/div>\n<div style=\"display: flex; flex-direction: column; flex-grow: 1; justify-content: center; margin-bottom: 24px;\">\n<div style=\"background-color: #f4f4f4; border-radius: 4px; flex-grow: 0; height: 14px; margin-bottom: 6px; width: 224px;\"><\/div>\n<div style=\"background-color: #f4f4f4; border-radius: 4px; flex-grow: 0; height: 14px; width: 144px;\"><\/div>\n<\/div>\n<p>&nbsp;<\/p>\n<p style=\"color: #c9c8cd; font-family: Arial,sans-serif; font-size: 14px; line-height: 17px; margin-bottom: 0; margin-top: 8px; overflow: hidden; padding: 8px 0 7px; text-align: center; text-overflow: ellipsis; white-space: nowrap;\"><a style=\"color: #c9c8cd; font-family: Arial,sans-serif; font-size: 14px; font-style: normal; font-weight: normal; line-height: 17px; text-decoration: none;\" href=\"https:\/\/www.instagram.com\/p\/CkgdyttNKWt\/?utm_source=ig_embed&amp;utm_campaign=loading\" target=\"_blank\" rel=\"noopener\">A post shared by Bass Fiddler Jeremy (@bass_fiddler_jeremy)<\/a><\/p>\n<\/div>\n<\/blockquote>\n<p><script async src=\"\/\/www.instagram.com\/embed.js\"><\/script><\/p>\n<p>Collection relative \u00e0 la Gilde fond\u00e9e en 1381 et \u00e0 l&rsquo;histoire de l&rsquo;arbal\u00e8te.<\/p>\n<p><span class=\"closeup\">www.arbaletriers-saintgeorges.be<\/span><\/p>\n<h2><strong>3. Maison de l&rsquo;histoire europ\u00e9enne<\/strong><\/h2>\n<p>Dans ce mus\u00e9e, vous n&rsquo;apprendrez pas sur l&rsquo;histoire de chaque nation europ\u00e9enne, mais sur comment l&rsquo;histoire a fa\u00e7onn\u00e9 un sens de la m\u00e9moire europ\u00e9enne. . Comme dans la vie de chacun d&rsquo;entre nous, il existe des \u00e9v\u00e9nements dont nous voulons nous souvenir et d&rsquo;autres que nous pr\u00e9f\u00e9rons oublier<\/p>\n<p><a href=\"http:\/\/www.historia-europa.ep.eu\" target=\"_blank\" rel=\"noopener\">www.historia-europa.ep.eu<\/a><\/p>\n<h2><strong>4. Mus\u00e9e de la Banque Nationale de Belgique<\/strong><\/h2>\n<p>&nbsp;<\/p>\n<blockquote class=\"instagram-media\" style=\"background: #FFF; border: 0; border-radius: 3px; box-shadow: 0 0 1px 0 rgba(0,0,0,0.5),0 1px 10px 0 rgba(0,0,0,0.15); margin: 1px; max-width: 540px; min-width: 326px; padding: 0; width: calc(100% - 2px);\" data-instgrm-captioned=\"\" data-instgrm-permalink=\"https:\/\/www.instagram.com\/p\/CiLghzqK7pQ\/?utm_source=ig_embed&amp;utm_campaign=loading\" data-instgrm-version=\"14\">\n<div style=\"padding: 16px;\">\n<p>&nbsp;<\/p>\n<div style=\"display: flex; flex-direction: row; align-items: center;\">\n<div style=\"background-color: #f4f4f4; border-radius: 50%; flex-grow: 0; height: 40px; margin-right: 14px; width: 40px;\"><\/div>\n<div style=\"display: flex; flex-direction: column; flex-grow: 1; justify-content: center;\">\n<div style=\"background-color: #f4f4f4; border-radius: 4px; flex-grow: 0; height: 14px; margin-bottom: 6px; width: 100px;\"><\/div>\n<div style=\"background-color: #f4f4f4; border-radius: 4px; flex-grow: 0; height: 14px; width: 60px;\"><\/div>\n<\/div>\n<\/div>\n<div style=\"padding: 19% 0;\"><\/div>\n<div style=\"display: block; height: 50px; margin: 0 auto 12px; width: 50px;\"><\/div>\n<div style=\"padding-top: 8px;\">\n<div style=\"color: #3897f0; font-family: Arial,sans-serif; font-size: 14px; font-style: normal; font-weight: 550; line-height: 18px;\">View this post on Instagram<\/div>\n<\/div>\n<div style=\"padding: 12.5% 0;\"><\/div>\n<div style=\"display: flex; flex-direction: row; margin-bottom: 14px; align-items: center;\">\n<div>\n<div style=\"background-color: #f4f4f4; border-radius: 50%; height: 12.5px; width: 12.5px; transform: translateX(0px) translateY(7px);\"><\/div>\n<div style=\"background-color: #f4f4f4; height: 12.5px; transform: rotate(-45deg) translateX(3px) translateY(1px); width: 12.5px; flex-grow: 0; margin-right: 14px; margin-left: 2px;\"><\/div>\n<div style=\"background-color: #f4f4f4; border-radius: 50%; height: 12.5px; width: 12.5px; transform: translateX(9px) translateY(-18px);\"><\/div>\n<\/div>\n<div style=\"margin-left: 8px;\">\n<div style=\"background-color: #f4f4f4; border-radius: 50%; flex-grow: 0; height: 20px; width: 20px;\"><\/div>\n<div style=\"width: 0; height: 0; border-top: 2px solid transparent; border-left: 6px solid #f4f4f4; border-bottom: 2px solid transparent; transform: translateX(16px) translateY(-4px) rotate(30deg);\"><\/div>\n<\/div>\n<div style=\"margin-left: auto;\">\n<div style=\"width: 0px; border-top: 8px solid #F4F4F4; border-right: 8px solid transparent; transform: translateY(16px);\"><\/div>\n<div style=\"background-color: #f4f4f4; flex-grow: 0; height: 12px; width: 16px; transform: translateY(-4px);\"><\/div>\n<div style=\"width: 0; height: 0; border-top: 8px solid #F4F4F4; border-left: 8px solid transparent; transform: translateY(-4px) translateX(8px);\"><\/div>\n<\/div>\n<\/div>\n<div style=\"display: flex; flex-direction: column; flex-grow: 1; justify-content: center; margin-bottom: 24px;\">\n<div style=\"background-color: #f4f4f4; border-radius: 4px; flex-grow: 0; height: 14px; margin-bottom: 6px; width: 224px;\"><\/div>\n<div style=\"background-color: #f4f4f4; border-radius: 4px; flex-grow: 0; height: 14px; width: 144px;\"><\/div>\n<\/div>\n<p>&nbsp;<\/p>\n<p style=\"color: #c9c8cd; font-family: Arial,sans-serif; font-size: 14px; line-height: 17px; margin-bottom: 0; margin-top: 8px; overflow: hidden; padding: 8px 0 7px; text-align: center; text-overflow: ellipsis; white-space: nowrap;\"><a style=\"color: #c9c8cd; font-family: Arial,sans-serif; font-size: 14px; font-style: normal; font-weight: normal; line-height: 17px; text-decoration: none;\" href=\"https:\/\/www.instagram.com\/p\/CiLghzqK7pQ\/?utm_source=ig_embed&amp;utm_campaign=loading\" target=\"_blank\" rel=\"noopener\">A post shared by Melimelo_de_mots (@melimelo_fr)<\/a><\/p>\n<\/div>\n<\/blockquote>\n<p><script async src=\"\/\/www.instagram.com\/embed.js\"><\/script><\/p>\n<p>Ce mus\u00e9e existe depuis janvier 2018. Vous en apprendrez plus sur les moyens de paiements, les signes de s\u00e9curit\u00e9 des billets en euro et le r\u00f4le de la Banque nationale. Du lundi au vendredi de 9 \u00e0 17h<br \/>\n<a href=\"https:\/\/www.nbbmuseum.be\/fr\/preparez-votre-visite\/visite-libre\" target=\"_blank\" rel=\"noopener\">www.bnb.be<\/a><\/p>\n<h2><strong>5. Mus\u00e9e Maurice Careme\u00a0<\/strong><\/h2>\n<figure id=\"attachment_14172\" aria-describedby=\"caption-attachment-14172\" style=\"width: 640px\" class=\"wp-caption aligncenter\"><img decoding=\"async\" class=\"wp-image-14172 size-large\" title=\"Mus\u00e9e Maurice Car\u00e8me (c) Fin-de-si\u00e8cle Wikipedia \" src=\"https:\/\/www.insidebrussels.be\/V2\/wp-content\/uploads\/2023\/01\/Belgique_-_Bruxelles_-_Anderlecht_-_Musee_Maurice_Careme_-_2019-07-28_1-1024x768.jpg\" alt=\"Mus\u00e9e Maurice Car\u00e8me (c) Fin-de-si\u00e8cle Wikipedia \" width=\"640\" height=\"480\" srcset=\"https:\/\/www.insidebrussels.be\/V2\/wp-content\/uploads\/2023\/01\/Belgique_-_Bruxelles_-_Anderlecht_-_Musee_Maurice_Careme_-_2019-07-28_1-1024x768.jpg 1024w, https:\/\/www.insidebrussels.be\/V2\/wp-content\/uploads\/2023\/01\/Belgique_-_Bruxelles_-_Anderlecht_-_Musee_Maurice_Careme_-_2019-07-28_1-300x225.jpg 300w, https:\/\/www.insidebrussels.be\/V2\/wp-content\/uploads\/2023\/01\/Belgique_-_Bruxelles_-_Anderlecht_-_Musee_Maurice_Careme_-_2019-07-28_1-768x576.jpg 768w, https:\/\/www.insidebrussels.be\/V2\/wp-content\/uploads\/2023\/01\/Belgique_-_Bruxelles_-_Anderlecht_-_Musee_Maurice_Careme_-_2019-07-28_1-1536x1152.jpg 1536w, https:\/\/www.insidebrussels.be\/V2\/wp-content\/uploads\/2023\/01\/Belgique_-_Bruxelles_-_Anderlecht_-_Musee_Maurice_Careme_-_2019-07-28_1-2048x1536.jpg 2048w, https:\/\/www.insidebrussels.be\/V2\/wp-content\/uploads\/2023\/01\/Belgique_-_Bruxelles_-_Anderlecht_-_Musee_Maurice_Careme_-_2019-07-28_1-720x540.jpg 720w, https:\/\/www.insidebrussels.be\/V2\/wp-content\/uploads\/2023\/01\/Belgique_-_Bruxelles_-_Anderlecht_-_Musee_Maurice_Careme_-_2019-07-28_1-scaled.jpg 1078w\" sizes=\"(max-width: 640px) 100vw, 640px\" \/><figcaption id=\"caption-attachment-14172\" class=\"wp-caption-text\">Mus\u00e9e Maurice Car\u00e8me (c) Fin-de-si\u00e8cle Wikipedia , entr\u00e9e gratuite<\/figcaption><\/figure>\n<p>Maison dans laquelle a v\u00e9cu Maurice Car\u00eame \u00e0 Anderlecht. Plongez-vous dans l\u2019intimit\u00e9 de l\u2019\u00e9criture et d\u00e9couvrez l\u2019univers dans lequel le po\u00e8te a \u00e9crit ainsi que les lieux qui l\u2019ont inspir\u00e9. Visite gratuite sur rendez-vous.<br \/>\n<a href=\"https:\/\/www.insidebrussels.be\/V2\/bruxelles\/event-organizer\/beegroupe\/\" target=\"_blank\" rel=\"noopener\">www.mauricecareme.be<\/a><\/p>\n<h2><strong>6. Mus\u00e9e Constantin Meunier<\/strong><\/h2>\n<p>Connaissez vous Constantin Meunier (1831-1905): peintre et sculpteur? Venez d\u00e9couvrir la maison-atelier m\u00e9connue \u00e0 Ixelles. Vous y trouverez 150 \u0153uvres, parmi lesquelles des bronzes de toutes tailles. Ses cr\u00e9ations ont\u00a0 inspir\u00e9 par l\u2019\u00e9volution industrielle, politique et sociale de la Belgique \u00e0 la fin du XIX<sup>e<\/sup>\u00a0si\u00e8cle, donnent une vision r\u00e9aliste du monde du travail et de l\u2019industrie.<br \/>\n<a href=\"http:\/\/www.fine-arts-museum.be\" target=\"_blank\" rel=\"noopener\">www.fine-arts-museum.be<\/a><\/p>\n<h2><strong>7. Mus\u00e9e Antoine Wiertz<\/strong><\/h2>\n<figure id=\"attachment_14173\" aria-describedby=\"caption-attachment-14173\" style=\"width: 640px\" class=\"wp-caption aligncenter\"><img decoding=\"async\" class=\"wp-image-14173 size-large\" title=\"Mus\u00e9e Wiertz\" src=\"https:\/\/www.insidebrussels.be\/V2\/wp-content\/uploads\/2023\/01\/Musee-Wiertz-1-1024x705.png\" alt=\"Mus\u00e9e Wiertz\" width=\"640\" height=\"441\" srcset=\"https:\/\/www.insidebrussels.be\/V2\/wp-content\/uploads\/2023\/01\/Musee-Wiertz-1-1024x705.png 1024w, https:\/\/www.insidebrussels.be\/V2\/wp-content\/uploads\/2023\/01\/Musee-Wiertz-1-300x206.png 300w, https:\/\/www.insidebrussels.be\/V2\/wp-content\/uploads\/2023\/01\/Musee-Wiertz-1-768x529.png 768w, https:\/\/www.insidebrussels.be\/V2\/wp-content\/uploads\/2023\/01\/Musee-Wiertz-1-1536x1057.png 1536w, https:\/\/www.insidebrussels.be\/V2\/wp-content\/uploads\/2023\/01\/Musee-Wiertz-1.png 1078w\" sizes=\"(max-width: 640px) 100vw, 640px\" \/><figcaption id=\"caption-attachment-14173\" class=\"wp-caption-text\">Mus\u00e9e Wiertz &#8211; Gratuit tous les jours<\/figcaption><\/figure>\n<p>D\u00e9couvrez l\u2019univers de Antoine Wiertz (1806-1865): peintre, sculpteur et homme de lettres. L&rsquo;un des artistes \u00e0 la fois romantique et controvers\u00e9. Consid\u00e9r\u00e9 comme un visionnaire, il fit construire l\u2019impressionnant atelier en 1850, aux frais de l\u2019\u00c9tat belge. Vous avez surement d\u00e9j\u00e0 vu ses peintures monumentales. Elles ont inspir\u00e9 de grands ma\u00eetres du pass\u00e9 tels que Rubens, Michel-Ange ou Rapha\u00ebl.<br \/>\n<a href=\"http:\/\/www.fine-arts-museum.be\" target=\"_blank\" rel=\"noopener\">www.fine-arts-museum.be<\/a><\/p>\n<h2><strong>8. Mus\u00e9e d&rsquo;Anatomie et d&rsquo;Embryologie humaine\u00a0<\/strong><\/h2>\n<p>Situ\u00e9 sur le campus hospitalo-facultaire d\u2019Anderlecht, ce mus\u00e9e expose de multiples sp\u00e9cimens authentiques ayant trait \u00e0 l\u2019anatomie humaine (pi\u00e8ces conserv\u00e9es dans l\u2019alcool, mat\u00e9riel plastin\u00e9, pi\u00e8ces squelettiques), ainsi que des moulages, etc. Il illustre \u00e9galement le d\u00e9veloppement humain, par de nombreuses pi\u00e8ces f\u0153tales normales ou t\u00e9ratologiques, des moulages et des documents iconographiques. Une section est consacr\u00e9e aux pathologies osseuses et plusieurs vitrines \u00e9voquent l\u2019anatomie dentaire, l\u2019anatomie compar\u00e9e de l\u2019appareil masticateur et les anomalies dentaires.<\/p>\n<p><a href=\"https:\/\/www2.ulb.ac.be\/sites\/musees\/aeh\/presentation.html\" target=\"_blank\" rel=\"noopener\">https:\/\/www2.ulb.ac.be\/<\/a><\/p>\n","protected":false,"gt_translate_keys":[{"key":"rendered","format":"html"}]},"excerpt":{"rendered":"<p>Les bons plans pour visiter des mus\u00e9es \u00e0 Bruxelles gratuitement Si vous \u00eates accro de<\/p>\n","protected":false,"gt_translate_keys":[{"key":"rendered","format":"html"}]},"author":1,"featured_media":14173,"comment_status":"closed","ping_status":"closed","sticky":false,"template":"","format":"standard","meta":{"_lmt_disableupdate":"","_lmt_disable":"","footnotes":""},"categories":[503],"tags":[48],"class_list":["post-14170","post","type-post","status-publish","format-standard","has-post-thumbnail","hentry","category-musee-a-visiter-a-bruxelles-et-galleries","tag-gratuit"],"modified_by":"pierre","amp_enabled":true,"gt_translate_keys":[{"key":"link","format":"url"}],"_links":{"self":[{"href":"https:\/\/www.insidebrussels.be\/V2\/wp-json\/wp\/v2\/posts\/14170","targetHints":{"allow":["GET"]}}],"collection":[{"href":"https:\/\/www.insidebrussels.be\/V2\/wp-json\/wp\/v2\/posts"}],"about":[{"href":"https:\/\/www.insidebrussels.be\/V2\/wp-json\/wp\/v2\/types\/post"}],"author":[{"embeddable":true,"href":"https:\/\/www.insidebrussels.be\/V2\/wp-json\/wp\/v2\/users\/1"}],"replies":[{"embeddable":true,"href":"https:\/\/www.insidebrussels.be\/V2\/wp-json\/wp\/v2\/comments?post=14170"}],"version-history":[{"count":4,"href":"https:\/\/www.insidebrussels.be\/V2\/wp-json\/wp\/v2\/posts\/14170\/revisions"}],"predecessor-version":[{"id":16710,"href":"https:\/\/www.insidebrussels.be\/V2\/wp-json\/wp\/v2\/posts\/14170\/revisions\/16710"}],"wp:featuredmedia":[{"embeddable":true,"href":"https:\/\/www.insidebrussels.be\/V2\/wp-json\/wp\/v2\/media\/14173"}],"wp:attachment":[{"href":"https:\/\/www.insidebrussels.be\/V2\/wp-json\/wp\/v2\/media?parent=14170"}],"wp:term":[{"taxonomy":"category","embeddable":true,"href":"https:\/\/www.insidebrussels.be\/V2\/wp-json\/wp\/v2\/categories?post=14170"},{"taxonomy":"post_tag","embeddable":true,"href":"https:\/\/www.insidebrussels.be\/V2\/wp-json\/wp\/v2\/tags?post=14170"}],"curies":[{"name":"wp","href":"https:\/\/api.w.org\/{rel}","templated":true}]}}