{"id":14558,"date":"2023-05-24T22:57:08","date_gmt":"2023-05-24T20:57:08","guid":{"rendered":"https:\/\/www.insidebrussels.be\/V2\/?p=14558"},"modified":"2024-06-13T23:41:53","modified_gmt":"2024-06-13T21:41:53","slug":"comment-economiser-sur-les-factures-deau-et-electricite-a-bruxelles","status":"publish","type":"post","link":"https:\/\/www.insidebrussels.be\/V2\/bruxelles\/comment-economiser-sur-les-factures-deau-et-electricite-a-bruxelles\/","title":{"rendered":"Comment \u00e9conomiser sur les factures d&rsquo;eau et \u00e9lectricit\u00e9 \u00e0 Bruxelles?","gt_translate_keys":[{"key":"rendered","format":"text"}]},"content":{"rendered":"<div id=\"ez-toc-container\" class=\"ez-toc-v2_0_82_1 ez-toc-wrap-center counter-hierarchy ez-toc-counter ez-toc-custom ez-toc-container-direction\">\n<p class=\"ez-toc-title\" style=\"cursor:inherit\">\ud83d\udd25 Contenu de l&#039;article:<\/p>\n<label for=\"ez-toc-cssicon-toggle-item-69f31653aaf06\" class=\"ez-toc-cssicon-toggle-label\"><span class=\"ez-toc-cssicon\"><span class=\"eztoc-hide\" style=\"display:none;\">Toggle<\/span><span class=\"ez-toc-icon-toggle-span\"><svg style=\"fill: #000000;color:#000000\" xmlns=\"http:\/\/www.w3.org\/2000\/svg\" class=\"list-377408\" width=\"20px\" height=\"20px\" viewBox=\"0 0 24 24\" fill=\"none\"><path d=\"M6 6H4v2h2V6zm14 0H8v2h12V6zM4 11h2v2H4v-2zm16 0H8v2h12v-2zM4 16h2v2H4v-2zm16 0H8v2h12v-2z\" fill=\"currentColor\"><\/path><\/svg><svg style=\"fill: #000000;color:#000000\" class=\"arrow-unsorted-368013\" xmlns=\"http:\/\/www.w3.org\/2000\/svg\" width=\"10px\" height=\"10px\" viewBox=\"0 0 24 24\" version=\"1.2\" baseProfile=\"tiny\"><path d=\"M18.2 9.3l-6.2-6.3-6.2 6.3c-.2.2-.3.4-.3.7s.1.5.3.7c.2.2.4.3.7.3h11c.3 0 .5-.1.7-.3.2-.2.3-.5.3-.7s-.1-.5-.3-.7zM5.8 14.7l6.2 6.3 6.2-6.3c.2-.2.3-.5.3-.7s-.1-.5-.3-.7c-.2-.2-.4-.3-.7-.3h-11c-.3 0-.5.1-.7.3-.2.2-.3.5-.3.7s.1.5.3.7z\"\/><\/svg><\/span><\/span><\/label><input type=\"checkbox\"  id=\"ez-toc-cssicon-toggle-item-69f31653aaf06\"  aria-label=\"Toggle\" \/><nav><ul class='ez-toc-list ez-toc-list-level-1 ' ><li class='ez-toc-page-1 ez-toc-heading-level-2'><a class=\"ez-toc-link ez-toc-heading-1\" href=\"https:\/\/www.insidebrussels.be\/V2\/bruxelles\/comment-economiser-sur-les-factures-deau-et-electricite-a-bruxelles\/#Comment_economiser_sur_les_factures_deau_et_electricite_a_Bruxelles\" >Comment \u00e9conomiser sur les factures d\u2019eau et \u00e9lectricit\u00e9 \u00e0 Bruxelles ?<\/a><ul class='ez-toc-list-level-3' ><li class='ez-toc-heading-level-3'><a class=\"ez-toc-link ez-toc-heading-2\" href=\"https:\/\/www.insidebrussels.be\/V2\/bruxelles\/comment-economiser-sur-les-factures-deau-et-electricite-a-bruxelles\/#0_Le_premier_geste_a_adopter\" >0. Le premier geste \u00e0 adopter<\/a><\/li><li class='ez-toc-page-1 ez-toc-heading-level-3'><a class=\"ez-toc-link ez-toc-heading-3\" href=\"https:\/\/www.insidebrussels.be\/V2\/bruxelles\/comment-economiser-sur-les-factures-deau-et-electricite-a-bruxelles\/#1_Diminuer_mes_factures_denergie_sans_trop_debourser\" >1. Diminuer mes factures d\u2019\u00e9nergie sans trop d\u00e9bourser<\/a><ul class='ez-toc-list-level-4' ><li class='ez-toc-heading-level-4'><a class=\"ez-toc-link ez-toc-heading-4\" href=\"https:\/\/www.insidebrussels.be\/V2\/bruxelles\/comment-economiser-sur-les-factures-deau-et-electricite-a-bruxelles\/#11_Adopter_les_eco-gestes_sur_la_facture_deau\" >1.1 Adopter les \u00e9co-gestes sur la facture d\u2019eau<\/a><\/li><li class='ez-toc-page-1 ez-toc-heading-level-4'><a class=\"ez-toc-link ez-toc-heading-5\" href=\"https:\/\/www.insidebrussels.be\/V2\/bruxelles\/comment-economiser-sur-les-factures-deau-et-electricite-a-bruxelles\/#12_De_simples_gestes_pour_diminuer_ma_facture_de_gaz\" >1.2 De simples gestes pour diminuer ma facture de gaz<\/a><\/li><li class='ez-toc-page-1 ez-toc-heading-level-4'><a class=\"ez-toc-link ez-toc-heading-6\" href=\"https:\/\/www.insidebrussels.be\/V2\/bruxelles\/comment-economiser-sur-les-factures-deau-et-electricite-a-bruxelles\/#13_De_simples_gestes_pour_diminuer_ma_facture_delectricite\" >1.3 De simples gestes pour diminuer ma facture d\u2019\u00e9lectricit\u00e9<\/a><\/li><\/ul><\/li><li class='ez-toc-page-1 ez-toc-heading-level-3'><a class=\"ez-toc-link ez-toc-heading-7\" href=\"https:\/\/www.insidebrussels.be\/V2\/bruxelles\/comment-economiser-sur-les-factures-deau-et-electricite-a-bruxelles\/#2_Investir_pour_reduire_mes_depenses_energetiques\" >2. Investir pour r\u00e9duire mes d\u00e9penses \u00e9nerg\u00e9tiques<\/a><\/li><\/ul><\/li><\/ul><\/nav><\/div>\n\n<h2><span class=\"ez-toc-section\" id=\"Comment_economiser_sur_les_factures_deau_et_electricite_a_Bruxelles\"><\/span><b>Comment \u00e9conomiser sur les factures d\u2019eau et \u00e9lectricit\u00e9 \u00e0 Bruxelles ?<\/b><span class=\"ez-toc-section-end\"><\/span><\/h2>\n<p><span style=\"font-weight: 400;\">Avec l\u2019envol\u00e9e des prix, il n\u2019est <\/span><b>pas toujours \u00e9vident de garder ses factures sous contr\u00f4le.<\/b><span style=\"font-weight: 400;\">\u00a0 Les factures li\u00e9es \u00e0 la consommation <\/span><b>d\u2019\u00e9nergie<\/b><span style=\"font-weight: 400;\"> et <\/span><b>d\u2019eau<\/b><span style=\"font-weight: 400;\"> p\u00e8sent <\/span><b>de plus en plus lourd dans le budget des m\u00e9nages b<\/b><span style=\"font-weight: 400;\">ruxellois<\/span><span style=\"font-weight: 400;\">.<\/span><\/p>\n<p><span style=\"font-weight: 400;\">Beaucoup de nos lecteurs lisent avec attention leurs factures et \u00e9tudient dans les d\u00e9tails les diff\u00e9rents co\u00fbts afin de pouvoir <\/span><b>tenir \u00e0 l\u2019\u0153il l\u2019\u00e9volution<\/b><span style=\"font-weight: 400;\">.\u00a0Si vous \u00eates \u00e0 la recherche de <\/span><b>bonnes id\u00e9es pour r\u00e9duire vos factures<\/b><span style=\"font-weight: 400;\"> telles que Vivaqua, <\/span><a href=\"https:\/\/www.engie.be\/fr\/\"><span style=\"font-weight: 400;\">Engie<\/span><\/a><span style=\"font-weight: 400;\">,<\/span><span style=\"font-weight: 400;\"> etc., cet article devrait vous int\u00e9resser. Retrouvez ci-dessous <\/span><b>les gestes \u00e0 mettre en \u0153uvre pour vous aider. Nous avons recens\u00e9 3 types de gestes<\/b><\/p>\n<ul>\n<li style=\"font-weight: 400;\" aria-level=\"1\"><span style=\"font-weight: 400;\">Les gestes qui ne demandent <\/span><b>pas d\u2019investissements.\u00a0<\/b><\/li>\n<li style=\"font-weight: 400;\" aria-level=\"1\"><span style=\"font-weight: 400;\">Les gestes faciles \u00e0 adopter, <\/span><b>sans grand budget<\/b><span style=\"font-weight: 400;\"> pour faire baisser la facture<\/span><\/li>\n<li style=\"font-weight: 400;\" aria-level=\"1\"><span style=\"font-weight: 400;\">Les gestes qui demandent de <\/span><b>grands investissements pour r\u00e9duire drastiquement les factures<\/b><\/li>\n<\/ul>\n<p><span style=\"font-weight: 400;\">Dans cet article, nous ne traitons pas de sujets tels que comment r\u00e9duire votre facture d\u2019essence ou de diesel. Si cela vous int\u00e9resse, lisez<\/span> <span style=\"font-weight: 400;\">notre article sur <\/span><a href=\"https:\/\/www.insidebrussels.be\/V2\/bruxelles\/bruxelles-a-velo\/\"><span style=\"font-weight: 400;\">se d\u00e9placer \u00e0 v\u00e9lo \u00e0 Bruxelles.<\/span><\/a><\/p>\n<p><span style=\"font-weight: 400;\">Voici nos conseils pour pr\u00e9parer au mieux votre logement \u00e0 Bruxelles\u00a0:<\/span><\/p>\n<h3><span class=\"ez-toc-section\" id=\"0_Le_premier_geste_a_adopter\"><\/span><strong>0. Le premier geste \u00e0 adopter<\/strong><span class=\"ez-toc-section-end\"><\/span><\/h3>\n<p><span style=\"font-weight: 400;\">Il faut bien d\u00e9buter quelque part pour faire baisser vos factures d\u2019\u00e9nergie. La premi\u00e8re chose \u00e0 faire ne demande pas plus de 5 minutes par mois\u2026 <\/span><b>Relevez vos compteurs<\/b><span style=\"font-weight: 400;\">. Avez-vous une id\u00e9e de combien de m\u00b3<\/span> <a href=\"https:\/\/www.insidebrussels.be\/V2\/bruxelles\/les-restaurants-qui-proposent-de-leau-gratuite-a-bruxelles\/\"><span style=\"font-weight: 400;\">d\u2019<\/span><b>eau<\/b> <\/a><span style=\"font-weight: 400;\">vous consommez chaque ann\u00e9e ? Quelle est votre <\/span><b>consommation \u00e9lectrique<\/b><span style=\"font-weight: 400;\"> en k<\/span><span style=\"font-weight: 400;\">Wh<\/span><span style=\"font-weight: 400;\">\/annuelle ? Idem pour le <\/span><b>gaz.<\/b><span style=\"font-weight: 400;\"> Si vous n\u2019en avez aucune id\u00e9e\u2026 u<\/span><span style=\"font-weight: 400;\">n <\/span><span style=\"font-weight: 400;\">petit passage mensuel \u00e0 la cave ainsi qu\u2019un simple fichier Excel pourraient vous aider.<\/span><\/p>\n<p><span style=\"font-weight: 400;\">Une fois que vous aurez relev\u00e9 les compteurs, il vous sera <\/span><b>facile de savoir si vos factures sont \u00e9lev\u00e9es<\/b><span style=\"font-weight: 400;\"> parce que vous gaspillez de l\u2019\u00e9nergie ou non.<\/span><\/p>\n<h3><span class=\"ez-toc-section\" id=\"1_Diminuer_mes_factures_denergie_sans_trop_debourser\"><\/span><strong>1. Diminuer mes factures d\u2019\u00e9nergie sans trop d\u00e9bourser<\/strong><span class=\"ez-toc-section-end\"><\/span><\/h3>\n<p><span style=\"font-weight: 400;\">Si vous remarquez que votre consommation est trop \u00e9lev\u00e9e, il vous faut agir. Voici comment r\u00e9duire votre consommation d\u2019eau, d\u2019\u00e9lectricit\u00e9 et de gaz simplement. Le tout sans trop d\u00e9bourser.<\/span><\/p>\n<h4><span class=\"ez-toc-section\" id=\"11_Adopter_les_eco-gestes_sur_la_facture_deau\"><\/span><strong>1.1 Adopter les \u00e9co-gestes sur la facture d\u2019eau<\/strong><span class=\"ez-toc-section-end\"><\/span><\/h4>\n kevin Baquerizo on unsplash, economiser de l&rsquo;eau \u00e0 Bruxelles\n<p><span style=\"font-weight: 400;\">Vivaqua l\u2019a <\/span><a href=\"https:\/\/www.lavenir.net\/regions\/bruxelles\/2023\/02\/15\/laugmentation-du-prix-de-leau-de-145-validee-vivaqua-affiche-une-solvabilite-fragile-selon-brugel-AVYO4CALDVFXVKUXW3CJSTMQMM\/\"><span style=\"font-weight: 400;\">annonc\u00e9<\/span><\/a><span style=\"font-weight: 400;\">, l\u2019addition d&rsquo;eau sera sal\u00e9e pour certains\u2026 En 2023, les <\/span><b>tarifs<\/b><span style=\"font-weight: 400;\"> de l\u2019eau augmenteront \u00e0 Bruxelles de <\/span><b>14,5 %.<\/b><span style=\"font-weight: 400;\"> L\u2019ann\u00e9e prochaine, la hausse sera de <\/span><b>4,1 % en 2024<\/b><span style=\"font-weight: 400;\"> et finalement de <\/span><b>2 % en 2025 comme en 2026<\/b><span style=\"font-weight: 400;\">.<\/span><\/p>\n<p><span style=\"font-weight: 400;\">Il est donc important de trouver les bons gestes pour r\u00e9duire votre facture d\u2019eau. Vous souhaitez r\u00e9duire votre consommation sans d\u00e9bourser et tout en vous amusant, voici les \u00e9co-gestes au quotidien. Toute la famille b<\/span><span style=\"font-weight: 400;\">ruxelloise <\/span><span style=\"font-weight: 400;\">peut participer, voici les plus simples :<\/span><\/p>\n<ul>\n<li style=\"font-weight: 400;\" aria-level=\"1\"><span style=\"font-weight: 400;\">V\u00e9rifiez que vos<\/span><b> chasses d\u2019eau ne coulent pas<\/b><\/li>\n<li style=\"font-weight: 400;\" aria-level=\"1\"><span style=\"font-weight: 400;\">Prenez des <\/span><b>douches<\/b><span style=\"font-weight: 400;\"> \u00e0 la place de bains<\/span><\/li>\n<li style=\"font-weight: 400;\" aria-level=\"1\"><span style=\"font-weight: 400;\">Ne laissez pas <\/span><b>couler l\u2019eau inutilement<\/b><span style=\"font-weight: 400;\"> (par exemple quand vous faites la vaisselle)<\/span><\/li>\n<li style=\"font-weight: 400;\" aria-level=\"1\"><span style=\"font-weight: 400;\">Installez un <\/span><b>pommeau de douche qui consomme moins d\u2019eau<\/b><span style=\"font-weight: 400;\"> (certaines marques comme par exemple <\/span><a href=\"https:\/\/www.grohe.be\/fr_be\/\"><span style=\"font-weight: 400;\">GROHE<\/span><\/a><span style=\"font-weight: 400;\"> vendent des pommeaux de douche qui vous permettent d\u2019\u00e9conomiser jusqu\u2019\u00e0 50 %)<\/span><\/li>\n<li style=\"font-weight: 400;\" aria-level=\"1\"><span style=\"font-weight: 400;\">Utilisez la <\/span><b>chasse d\u2019eau \u00e9conomique<\/b><\/li>\n<li style=\"font-weight: 400;\" aria-level=\"1\"><b>Ne lavez plus votre voiture<\/b><span style=\"font-weight: 400;\"> \u00e0 l\u2019eau potable<\/span><\/li>\n<\/ul>\n<p><span style=\"font-weight: 400;\">Ne manquez pas la <\/span><a href=\"https:\/\/renolution.brussels\/fr\/aidesfinancieres\/k1-sanitaires-appareils-et-installation\"><span style=\"font-weight: 400;\">prime<\/span><\/a><span style=\"font-weight: 400;\"> R\u00e9nolution<\/span> <span style=\"font-weight: 400;\">pour les sanitaires, la fourniture et les travaux de placement ou de remplacement des appareils sanitaires \u00e0 Bruxelles (lavabo, lave-mains, douche, bain, \u00e9vier, wc, bidet). Pour avoir une belle r\u00e9duction sur votre nouvelle douche !<\/span><\/p>\n<h4><span class=\"ez-toc-section\" id=\"12_De_simples_gestes_pour_diminuer_ma_facture_de_gaz\"><\/span><strong>1.2 De simples gestes pour diminuer ma facture de gaz<\/strong><span class=\"ez-toc-section-end\"><\/span><\/h4>\n<figure id=\"attachment_14560\" aria-describedby=\"caption-attachment-14560\" style=\"width: 507px\" class=\"wp-caption aligncenter\"><img decoding=\"async\" class=\"wp-image-14560 \" title=\"Arthur Lambillotte on Unsplash Thermostat Intelligent\" src=\"https:\/\/www.insidebrussels.be\/V2\/wp-content\/uploads\/2023\/05\/arthur-lambillotte-YG19gb9jW0I-unsplash-1024x768.jpg\" alt=\"Arthur Lambillotte on Unsplash Thermostat Intelligent\" width=\"507\" height=\"380\" srcset=\"https:\/\/www.insidebrussels.be\/V2\/wp-content\/uploads\/2023\/05\/arthur-lambillotte-YG19gb9jW0I-unsplash-1024x768.jpg 1024w, https:\/\/www.insidebrussels.be\/V2\/wp-content\/uploads\/2023\/05\/arthur-lambillotte-YG19gb9jW0I-unsplash-300x225.jpg 300w, https:\/\/www.insidebrussels.be\/V2\/wp-content\/uploads\/2023\/05\/arthur-lambillotte-YG19gb9jW0I-unsplash-768x576.jpg 768w, https:\/\/www.insidebrussels.be\/V2\/wp-content\/uploads\/2023\/05\/arthur-lambillotte-YG19gb9jW0I-unsplash-1536x1152.jpg 1536w, https:\/\/www.insidebrussels.be\/V2\/wp-content\/uploads\/2023\/05\/arthur-lambillotte-YG19gb9jW0I-unsplash-2048x1536.jpg 2048w, https:\/\/www.insidebrussels.be\/V2\/wp-content\/uploads\/2023\/05\/arthur-lambillotte-YG19gb9jW0I-unsplash-720x540.jpg 720w, https:\/\/www.insidebrussels.be\/V2\/wp-content\/uploads\/2023\/05\/arthur-lambillotte-YG19gb9jW0I-unsplash-scaled.jpg 1078w\" sizes=\"(max-width: 507px) 100vw, 507px\" \/><figcaption id=\"caption-attachment-14560\" class=\"wp-caption-text\">Arthur Lambillotte on Unsplash Thermostat Intelligent<\/figcaption><\/figure>\n<p><span style=\"font-weight: 400;\">La facture de gaz vous p\u00e8se\u2026 De simples gestes peuvent vous aider\u00a0:<\/span><\/p>\n<ul>\n<li style=\"font-weight: 400;\" aria-level=\"1\"><span style=\"font-weight: 400;\">Diminuez le <\/span><b>thermostat de chauffage de 1\u00b0<\/b><\/li>\n<li style=\"font-weight: 400;\" aria-level=\"1\"><span style=\"font-weight: 400;\">Mettez <\/span><b>un pull<\/b><\/li>\n<li style=\"font-weight: 400;\" aria-level=\"1\"><b>Ne chauffez plus la nuit,<\/b><span style=\"font-weight: 400;\"> ou ramenez le thermostat par exemple \u00e0 16 degr\u00e9s<\/span><\/li>\n<li style=\"font-weight: 400;\" aria-level=\"1\"><b>Ne chauffez pas les fen\u00eatres ouvertes, <\/b><span style=\"font-weight: 400;\">a\u00e9rez moins longtemps<\/span><\/li>\n<li style=\"font-weight: 400;\" aria-level=\"1\"><b>Installez un thermostat intelligent<\/b><span style=\"font-weight: 400;\"> si vous n\u2019en poss\u00e9dez pas encore. Pour quelques centaines d\u2019euros, le thermostat ne chauffera plus s\u2019il d\u00e9tecte que vous \u00eates absent.<\/span><\/li>\n<li style=\"font-weight: 400;\" aria-level=\"1\"><span style=\"font-weight: 400;\">V\u00e9rifiez <\/span><b>les joints des fen\u00eatres<\/b><span style=\"font-weight: 400;\">. Parfois un simple petit courant d\u2019air refroidit toute votre pi\u00e8ce<\/span><\/li>\n<\/ul>\n<p><span style=\"font-weight: 400;\">Ne manquez pas <\/span><a href=\"https:\/\/renolution.brussels\/fr\/aidesfinancieres\/j6-chauffage-et-chauffe-eau-regulation-thermique\"><span style=\"font-weight: 400;\">la prime sur l\u2019installation d\u2019un nouveau thermostat.<\/span><\/a><span style=\"font-weight: 400;\"> Un thermostat intelligent pourrait vous permettre d\u2019\u00e9conomiser pas mal d\u2019argent en ne chauffant que le strict <\/span><span style=\"font-weight: 400;\">n\u00e9cessaire<\/span><span style=\"font-weight: 400;\"> dans votre logement Bruxellois.<\/span><\/p>\n<h4><span class=\"ez-toc-section\" id=\"13_De_simples_gestes_pour_diminuer_ma_facture_delectricite\"><\/span><strong>1.3 De simples gestes pour diminuer ma facture d\u2019\u00e9lectricit\u00e9<\/strong><span class=\"ez-toc-section-end\"><\/span><\/h4>\n<figure id=\"attachment_14559\" aria-describedby=\"caption-attachment-14559\" style=\"width: 430px\" class=\"wp-caption aligncenter\"><img decoding=\"async\" class=\"wp-image-14559 \" title=\"Diego PH on Unsplash, le premier geste \u00e0 adopter pour r\u00e9duire sa facture\" src=\"https:\/\/www.insidebrussels.be\/V2\/wp-content\/uploads\/2023\/05\/bulb-unsplash-1024x717.jpg\" alt=\"Diego PH on Unsplash, le premier geste \u00e0 adopter pour r\u00e9duire sa facture\" width=\"430\" height=\"301\" srcset=\"https:\/\/www.insidebrussels.be\/V2\/wp-content\/uploads\/2023\/05\/bulb-unsplash-1024x717.jpg 1024w, https:\/\/www.insidebrussels.be\/V2\/wp-content\/uploads\/2023\/05\/bulb-unsplash-300x210.jpg 300w, https:\/\/www.insidebrussels.be\/V2\/wp-content\/uploads\/2023\/05\/bulb-unsplash-768x538.jpg 768w, https:\/\/www.insidebrussels.be\/V2\/wp-content\/uploads\/2023\/05\/bulb-unsplash-scaled.jpg 1078w\" sizes=\"(max-width: 430px) 100vw, 430px\" \/><figcaption id=\"caption-attachment-14559\" class=\"wp-caption-text\">Diego PH on Unsplash, le premier geste \u00e0 adopter pour r\u00e9duire sa facture<\/figcaption><\/figure>\n<p><span style=\"font-weight: 400;\">Il est courant de conna\u00eetre le montant que vous payez chaque mois \u00e0 Engie, mais il est rare d\u2019avoir en t\u00eate le nombre de kW<\/span><span style=\"font-weight: 400;\">h <\/span><span style=\"font-weight: 400;\">que vous consommez. La premi\u00e8re chose \u00e0 faire est donc de prendre connaissance de votre consommation. Ensuite, voici les gestes \u00e0 adopter :<\/span><\/p>\n<ul>\n<li style=\"font-weight: 400;\" aria-level=\"1\"><span style=\"font-weight: 400;\">V\u00e9rifiez si un <\/span><b>changement de fournisseur d\u2019\u00e9nergie<\/b><span style=\"font-weight: 400;\"> peut vous faire gagner de l\u2019argent<\/span><\/li>\n<li style=\"font-weight: 400;\" aria-level=\"1\"><b>Eteignez\u00a0 la lumi\u00e8re<\/b><span style=\"font-weight: 400;\"> quand vous n\u2019\u00eates pas dans la pi\u00e8ce<\/span><\/li>\n<li style=\"font-weight: 400;\" aria-level=\"1\"><span style=\"font-weight: 400;\">Installez un <\/span><b>minuteur dans les cages d\u2019escalier<\/b><span style=\"font-weight: 400;\"> pour \u00e9teindre automatiquement les lumi\u00e8res<\/span><\/li>\n<li style=\"font-weight: 400;\" aria-level=\"1\"><span style=\"font-weight: 400;\">Changez vos <\/span><b>ampoules par des ampoules \u00e9conomiques<\/b><span style=\"font-weight: 400;\">. Vous \u00e9conomiserez parfois 50% de la consommation des ampoules.<\/span><\/li>\n<li style=\"font-weight: 400;\" aria-level=\"1\"><span style=\"font-weight: 400;\">\u00c9teignez\u00a0 les<\/span><b> appareils en veille<\/b><span style=\"font-weight: 400;\"> (ex: TV, ordinateur, chargeur de t\u00e9l\u00e9phone etc.)<\/span><\/li>\n<li style=\"font-weight: 400;\" aria-level=\"1\"><b>Moins de homeworking<\/b><span style=\"font-weight: 400;\"> si vous utilisez un PC<\/span><\/li>\n<\/ul>\n<h3><span class=\"ez-toc-section\" id=\"2_Investir_pour_reduire_mes_depenses_energetiques\"><\/span><strong>2. Investir pour r\u00e9duire mes d\u00e9penses \u00e9nerg\u00e9tiques<\/strong><span class=\"ez-toc-section-end\"><\/span><\/h3>\n<p><span style=\"font-weight: 400;\">Vous avez effectu\u00e9 tous les gestes ci-dessus et <\/span><b>vous souhaitez en faire plus<\/b><span style=\"font-weight: 400;\"> ? Vous avez plus de <\/span><b>budget<\/b><span style=\"font-weight: 400;\"> ? Cette partie devrait vous int\u00e9resser. La bonne nouvelle, est que <\/span><b>si vous habitez \u00e0 Bruxelles vous avez droit \u00e0 des primes<\/b><span style=\"font-weight: 400;\"> pour vous aider \u00e0 diminuer votre consommation. Vous ne r\u00eavez pas, <\/span><b>la r\u00e9gion de Bruxelles vous remboursera une partie de la facture !<\/b><\/p>\n<p><span style=\"font-weight: 400;\">Si votre b\u00e2timent est mal isol\u00e9, que votre chaudi\u00e8re est trop vieille\u2026 la performance du b\u00e2timent aura une incidence directe sur votre facture ainsi que sur votre confort.<\/span><\/p>\n<p><span style=\"font-weight: 400;\">Ne manquez pas de regarder le site Renolution.brussels qui est la nouvelle plateforme qui regroupe toutes les informations utiles \u00e0 l\u2019obtention des primes<\/span><\/p>\n<p><span style=\"font-weight: 400;\">Il existe des Primes pour tout type de b\u00e2timent (unifamiliaux, immeubles \u00e0 appartements, entreprises, commerces, \u2026)<\/span><\/p>\n<p><span style=\"font-weight: 400;\">Voici par exemple un tableau r\u00e9capitulatif des primes pour le chauffage :<\/span><\/p>\n<table>\n<tbody>\n<tr>\n<td rowspan=\"2\"><span style=\"font-weight: 400;\">\u00a0 \u00a0 \u00a0 \u00a0 \u00a0 \u00a0Type<\/span><\/td>\n<td rowspan=\"2\"><span style=\"font-weight: 400;\">\u00a0 \u00a0D\u00e9tails<\/span><\/td>\n<td colspan=\"3\"><span style=\"font-weight: 400;\">\u00a0 \u00a0 \u00a0 \u00a0 \u00a0 \u00a0 \u00a0 \u00a0 \u00a0 \u00a0Revenus<\/span><\/td>\n<\/tr>\n<tr>\n<td><span style=\"font-weight: 400;\">Cat. I<\/span><\/td>\n<td><span style=\"font-weight: 400;\">Cat. II<\/span><\/td>\n<td><span style=\"font-weight: 400;\">Cat. III<\/span><\/td>\n<\/tr>\n<tr>\n<td><span style=\"font-weight: 400;\">Pompe \u00e0 chaleur pour le chauffage<\/span><\/td>\n<td><span style=\"font-weight: 400;\">Air\/eau<\/span><\/td>\n<td><span style=\"font-weight: 400;\">4.500 \u20ac<\/span><\/td>\n<td><span style=\"font-weight: 400;\">4750 \u20ac<\/span><\/td>\n<td><span style=\"font-weight: 400;\">5.000 \u20ac<\/span><\/td>\n<\/tr>\n<tr>\n<td><span style=\"font-weight: 400;\">Pompe \u00e0 chaleur pour le chauffage<\/span><\/td>\n<td><span style=\"font-weight: 400;\">Eau\/eau ou G\u00e9othermie (sol\/eau)<\/span><\/td>\n<td><span style=\"font-weight: 400;\">5.800 \u20ac<\/span><\/td>\n<td><span style=\"font-weight: 400;\">6.150 \u20ac<\/span><\/td>\n<td><span style=\"font-weight: 400;\">6.500 \u20ac<\/span><\/td>\n<\/tr>\n<tr>\n<td><span style=\"font-weight: 400;\">Radiateurs basse temp\u00e9rature<\/span><\/td>\n<td><span style=\"font-weight: 400;\">\u2013<\/span><\/td>\n<td><span style=\"font-weight: 400;\">75 \u20ac par unit\u00e9<\/span><\/td>\n<td><span style=\"font-weight: 400;\">125 \u20ac par unit\u00e9<\/span><\/td>\n<td><span style=\"font-weight: 400;\">200 \u20ac par unit\u00e9<\/span><\/td>\n<\/tr>\n<tr>\n<td><span style=\"font-weight: 400;\">Installation de vannes thermostatiques<\/span><\/td>\n<td><span style=\"font-weight: 400;\">\u2013<\/span><\/td>\n<td><span style=\"font-weight: 400;\">15 \u20ac par pi\u00e8ce<\/span><\/td>\n<td><span style=\"font-weight: 400;\">25 \u20ac par pi\u00e8ce<\/span><\/td>\n<td><span style=\"font-weight: 400;\">40 \u20ac par pi\u00e8ce<\/span><\/td>\n<\/tr>\n<tr>\n<td><span style=\"font-weight: 400;\">Pose d\u2019un thermostat ou d\u2019un optimiseur<\/span><\/td>\n<td><span style=\"font-weight: 400;\">\u2013<\/span><\/td>\n<td><span style=\"font-weight: 400;\">40 \u20ac par pi\u00e8ce<\/span><\/td>\n<td><span style=\"font-weight: 400;\">70 \u20ac par pi\u00e8ce<\/span><\/td>\n<td><span style=\"font-weight: 400;\">100 \u20ac par pi\u00e8ce<\/span><\/td>\n<\/tr>\n<tr>\n<td><span style=\"font-weight: 400;\">Chauffe-eau solaire<\/span><\/td>\n<td><span style=\"font-weight: 400;\">minimum de 2 m\u00b2 de panneaux solaires<\/span><\/td>\n<td><span style=\"font-weight: 400;\">2.500 \u20ac<\/span><\/td>\n<td><span style=\"font-weight: 400;\">3.000 \u20ac<\/span><\/td>\n<td><span style=\"font-weight: 400;\">3.500 \u20ac<\/span><\/td>\n<\/tr>\n<tr>\n<td><span style=\"font-weight: 400;\">Chauffe-eau thermodynamique<\/span><\/td>\n<td><span style=\"font-weight: 400;\">\u2013<\/span><\/td>\n<td><span style=\"font-weight: 400;\">1.400 \u20ac<\/span><\/td>\n<td><span style=\"font-weight: 400;\">1.500 \u20ac<\/span><\/td>\n<td><span style=\"font-weight: 400;\">1.600 \u20ac<\/span><\/td>\n<\/tr>\n<\/tbody>\n<\/table>\n<p>&nbsp;<\/p>\n","protected":false,"gt_translate_keys":[{"key":"rendered","format":"html"}]},"excerpt":{"rendered":"<p>Comment \u00e9conomiser sur les factures d\u2019eau et \u00e9lectricit\u00e9 \u00e0 Bruxelles ? Avec l\u2019envol\u00e9e des prix,<\/p>\n","protected":false,"gt_translate_keys":[{"key":"rendered","format":"html"}]},"author":1,"featured_media":14561,"comment_status":"closed","ping_status":"closed","sticky":false,"template":"","format":"standard","meta":{"_lmt_disableupdate":"","_lmt_disable":"","footnotes":""},"categories":[99],"tags":[],"class_list":["post-14558","post","type-post","status-publish","format-standard","has-post-thumbnail","hentry","category-utile"],"modified_by":"pierre","amp_enabled":true,"gt_translate_keys":[{"key":"link","format":"url"}],"_links":{"self":[{"href":"https:\/\/www.insidebrussels.be\/V2\/wp-json\/wp\/v2\/posts\/14558","targetHints":{"allow":["GET"]}}],"collection":[{"href":"https:\/\/www.insidebrussels.be\/V2\/wp-json\/wp\/v2\/posts"}],"about":[{"href":"https:\/\/www.insidebrussels.be\/V2\/wp-json\/wp\/v2\/types\/post"}],"author":[{"embeddable":true,"href":"https:\/\/www.insidebrussels.be\/V2\/wp-json\/wp\/v2\/users\/1"}],"replies":[{"embeddable":true,"href":"https:\/\/www.insidebrussels.be\/V2\/wp-json\/wp\/v2\/comments?post=14558"}],"version-history":[{"count":13,"href":"https:\/\/www.insidebrussels.be\/V2\/wp-json\/wp\/v2\/posts\/14558\/revisions"}],"predecessor-version":[{"id":16563,"href":"https:\/\/www.insidebrussels.be\/V2\/wp-json\/wp\/v2\/posts\/14558\/revisions\/16563"}],"wp:featuredmedia":[{"embeddable":true,"href":"https:\/\/www.insidebrussels.be\/V2\/wp-json\/wp\/v2\/media\/14561"}],"wp:attachment":[{"href":"https:\/\/www.insidebrussels.be\/V2\/wp-json\/wp\/v2\/media?parent=14558"}],"wp:term":[{"taxonomy":"category","embeddable":true,"href":"https:\/\/www.insidebrussels.be\/V2\/wp-json\/wp\/v2\/categories?post=14558"},{"taxonomy":"post_tag","embeddable":true,"href":"https:\/\/www.insidebrussels.be\/V2\/wp-json\/wp\/v2\/tags?post=14558"}],"curies":[{"name":"wp","href":"https:\/\/api.w.org\/{rel}","templated":true}]}}