{"id":14721,"date":"2023-06-16T00:00:26","date_gmt":"2023-06-15T22:00:26","guid":{"rendered":"https:\/\/www.insidebrussels.be\/V2\/?p=14721"},"modified":"2024-06-17T23:18:16","modified_gmt":"2024-06-17T21:18:16","slug":"les-meilleurs-moyen-de-faire-du-tourisme-durable-a-bruxelles","status":"publish","type":"post","link":"https:\/\/www.insidebrussels.be\/V2\/bruxelles\/les-meilleurs-moyen-de-faire-du-tourisme-durable-a-bruxelles\/","title":{"rendered":"Les meilleurs moyen de faire du tourisme durable \u00e0 Bruxelles","gt_translate_keys":[{"key":"rendered","format":"text"}]},"content":{"rendered":"<h2><span class=\"ez-toc-section\" id=\"Decouvrez_le_tourisme_durable_a_Bruxelles_Une_ville_engagee_envers_un_avenir_responsable\"><\/span>D\u00e9couvrez le tourisme durable \u00e0 Bruxelles : Une ville engag\u00e9e envers un avenir responsable<span class=\"ez-toc-section-end\"><\/span><\/h2>\n<p>Bruxelles, la capitale de la Belgique, est bien plus qu&rsquo;une simple destination touristique. C&rsquo;est une ville qui s&rsquo;engage r\u00e9solument dans<strong> le tourisme durable.<\/strong> En mettant l&rsquo;accent sur la <strong>pr\u00e9servation de l&rsquo;environnement,<\/strong> la promotion de la<strong> culture locale<\/strong> et le <strong>soutien aux initiatives communautaires<\/strong>, Bruxelles se positionne comme une destination id\u00e9ale pour les voyageurs <strong>soucieux de leur empreinte \u00e9cologique.<\/strong> Dans cet article, nous allons explorer les diff\u00e9rentes facettes du tourisme durable \u00e0 Bruxelles et vous pr\u00e9senter des id\u00e9es pour profiter de cette ville magnifique de mani\u00e8re responsable.<\/p>\n<p>Si vous aussi vous vous pr\u00e9ocuper de vivre dans un monde de demain qui sent encore bon les plantes et o\u00f9 il fait bon de respirer, cet article est pour vous !<\/p>\n<blockquote><p>\ud83c\udf33\ud83c\udf4a\ud83c\udf4e\ud83c\udf52 Avant d&rsquo;aller plus loin, cet article devrait vous int\u00e9resser: <a href=\"https:\/\/www.insidebrussels.be\/V2\/bruxelles\/les-3-meilleurs-endroits-ou-cueillir-ses-fruits-et-legumes-pres-de-bruxelles\/\">Ceuillir les fruits et l\u00e9gumes vous-m\u00eame dans les vergers de Bruxelles<\/a><\/p><\/blockquote>\n<div id=\"ez-toc-container\" class=\"ez-toc-v2_0_82_1 ez-toc-wrap-center counter-hierarchy ez-toc-counter ez-toc-custom ez-toc-container-direction\">\n<p class=\"ez-toc-title\" style=\"cursor:inherit\">\ud83d\udd25 Contenu de l&#039;article:<\/p>\n<label for=\"ez-toc-cssicon-toggle-item-69f41c363bc3c\" class=\"ez-toc-cssicon-toggle-label\"><span class=\"ez-toc-cssicon\"><span class=\"eztoc-hide\" style=\"display:none;\">Toggle<\/span><span class=\"ez-toc-icon-toggle-span\"><svg style=\"fill: #000000;color:#000000\" xmlns=\"http:\/\/www.w3.org\/2000\/svg\" class=\"list-377408\" width=\"20px\" height=\"20px\" viewBox=\"0 0 24 24\" fill=\"none\"><path d=\"M6 6H4v2h2V6zm14 0H8v2h12V6zM4 11h2v2H4v-2zm16 0H8v2h12v-2zM4 16h2v2H4v-2zm16 0H8v2h12v-2z\" fill=\"currentColor\"><\/path><\/svg><svg style=\"fill: #000000;color:#000000\" class=\"arrow-unsorted-368013\" xmlns=\"http:\/\/www.w3.org\/2000\/svg\" width=\"10px\" height=\"10px\" viewBox=\"0 0 24 24\" version=\"1.2\" baseProfile=\"tiny\"><path d=\"M18.2 9.3l-6.2-6.3-6.2 6.3c-.2.2-.3.4-.3.7s.1.5.3.7c.2.2.4.3.7.3h11c.3 0 .5-.1.7-.3.2-.2.3-.5.3-.7s-.1-.5-.3-.7zM5.8 14.7l6.2 6.3 6.2-6.3c.2-.2.3-.5.3-.7s-.1-.5-.3-.7c-.2-.2-.4-.3-.7-.3h-11c-.3 0-.5.1-.7.3-.2.2-.3.5-.3.7s.1.5.3.7z\"\/><\/svg><\/span><\/span><\/label><input type=\"checkbox\"  id=\"ez-toc-cssicon-toggle-item-69f41c363bc3c\"  aria-label=\"Toggle\" \/><nav><ul class='ez-toc-list ez-toc-list-level-1 ' ><li class='ez-toc-page-1 ez-toc-heading-level-2'><a class=\"ez-toc-link ez-toc-heading-1\" href=\"https:\/\/www.insidebrussels.be\/V2\/bruxelles\/les-meilleurs-moyen-de-faire-du-tourisme-durable-a-bruxelles\/#Decouvrez_le_tourisme_durable_a_Bruxelles_Une_ville_engagee_envers_un_avenir_responsable\" >D\u00e9couvrez le tourisme durable \u00e0 Bruxelles : Une ville engag\u00e9e envers un avenir responsable<\/a><ul class='ez-toc-list-level-3' ><li class='ez-toc-heading-level-3'><a class=\"ez-toc-link ez-toc-heading-2\" href=\"https:\/\/www.insidebrussels.be\/V2\/bruxelles\/les-meilleurs-moyen-de-faire-du-tourisme-durable-a-bruxelles\/#1_Sensibilisation_a_lenvironnement\" >1. Sensibilisation \u00e0 l&rsquo;environnement<\/a><\/li><li class='ez-toc-page-1 ez-toc-heading-level-3'><a class=\"ez-toc-link ez-toc-heading-3\" href=\"https:\/\/www.insidebrussels.be\/V2\/bruxelles\/les-meilleurs-moyen-de-faire-du-tourisme-durable-a-bruxelles\/#2_Gastronomie_durable_facile_a_trouver_a_Bruxelles\" >2. Gastronomie durable, facile \u00e0 trouver \u00e0 Bruxelles<\/a><\/li><li class='ez-toc-page-1 ez-toc-heading-level-3'><a class=\"ez-toc-link ez-toc-heading-4\" href=\"https:\/\/www.insidebrussels.be\/V2\/bruxelles\/les-meilleurs-moyen-de-faire-du-tourisme-durable-a-bruxelles\/#3_Les_marches_locaux\" >3. Les march\u00e9s locaux<\/a><\/li><li class='ez-toc-page-1 ez-toc-heading-level-3'><a class=\"ez-toc-link ez-toc-heading-5\" href=\"https:\/\/www.insidebrussels.be\/V2\/bruxelles\/les-meilleurs-moyen-de-faire-du-tourisme-durable-a-bruxelles\/#4_Shopping_ethique_et_durable_a_Bruxelles\" >4. Shopping \u00e9thique et durable \u00e0 Bruxelles<\/a><\/li><li class='ez-toc-page-1 ez-toc-heading-level-3'><a class=\"ez-toc-link ez-toc-heading-6\" href=\"https:\/\/www.insidebrussels.be\/V2\/bruxelles\/les-meilleurs-moyen-de-faire-du-tourisme-durable-a-bruxelles\/#Conclusion\" >Conclusion<\/a><\/li><\/ul><\/li><\/ul><\/nav><\/div>\n\n<h3><span class=\"ez-toc-section\" id=\"1_Sensibilisation_a_lenvironnement\"><\/span>1. Sensibilisation \u00e0 l&rsquo;environnement<span class=\"ez-toc-section-end\"><\/span><\/h3>\n<figure id=\"attachment_14255\" aria-describedby=\"caption-attachment-14255\" style=\"width: 429px\" class=\"wp-caption aligncenter\"><img decoding=\"async\" class=\"wp-image-14255 \" title=\"Le Parc Josepha \u00e0 Schaerbeek (c) Alicia Abeloos Unsplash\" src=\"https:\/\/www.insidebrussels.be\/V2\/wp-content\/uploads\/2023\/02\/alicia-abeloos-Ly6Re8pxPEY-unsplash.jpg\" alt=\"Le Parc Josepha \u00e0 Schaerbeek (c) Alicia Abeloos Unsplash\" width=\"429\" height=\"572\" srcset=\"https:\/\/www.insidebrussels.be\/V2\/wp-content\/uploads\/2023\/02\/alicia-abeloos-Ly6Re8pxPEY-unsplash.jpg 640w, https:\/\/www.insidebrussels.be\/V2\/wp-content\/uploads\/2023\/02\/alicia-abeloos-Ly6Re8pxPEY-unsplash-225x300.jpg 225w, https:\/\/www.insidebrussels.be\/V2\/wp-content\/uploads\/2023\/02\/alicia-abeloos-Ly6Re8pxPEY-unsplash-450x600.jpg 450w\" sizes=\"(max-width: 429px) 100vw, 429px\" \/><figcaption id=\"caption-attachment-14255\" class=\"wp-caption-text\">Le Parc Josepha \u00e0 Schaerbeek (c) Alicia Abeloos Unsplash<\/figcaption><\/figure>\n<p>Bruxelles est fi\u00e8re de son engagement envers la durabilit\u00e9 environnementale. Les initiatives de sensibilisation, telles que des campagnes de <a href=\"https:\/\/www.insidebrussels.be\/V2\/bruxelles\/changement-sacs-poubelle-bruxelles-orange-obligatoire\/\"><strong>r\u00e9duction des d\u00e9chets<\/strong><\/a> et la promotion des modes de<a href=\"https:\/\/www.insidebrussels.be\/V2\/bruxelles\/les-5-meilleurs-moyen-de-se-deplacer-a-bruxelles\/\"><strong> transport durables<\/strong><\/a>, sont bien pr\u00e9sentes dans la ville. Profitez de votre visite pour d\u00e9couvrir les parcs et espaces verts de Bruxelles, o\u00f9 vous pourrez vous connecter avec la nature et appr\u00e9cier la beaut\u00e9 environnante.<\/p>\n<ul>\n<li><strong>Parc du Cinquantenaire<\/strong> : Situ\u00e9 dans le quartier europ\u00e9en, ce parc embl\u00e9matique de Bruxelles offre un espace verdoyant avec de vastes pelouses, des all\u00e9es bord\u00e9es d&rsquo;arbres et des fontaines majestueuses. Vous pourrez vous d\u00e9tendre, faire du jogging ou pique-niquer tout en profitant d&rsquo;une vue magnifique sur les arcades du cinquentenaire (Arc de Triomphe de Bruxelles) et les b\u00e2timents historiques qui l&rsquo;entourent.<\/li>\n<\/ul>\n<blockquote>\n<p style=\"text-align: left;\"><a href=\"https:\/\/www.insidebrussels.be\/V2\/bruxelles\/un-tour-enchanteur-au-parc-du-cinquantenaire-decouvrez-ses-zones-magiques-et-evenements-eblouissants\/\">Ne manquez pas notre article d\u00e9di\u00e9 au Parc<\/a><\/p>\n<\/blockquote>\n<figure id=\"attachment_14935\" aria-describedby=\"caption-attachment-14935\" style=\"width: 640px\" class=\"wp-caption aligncenter\"><img decoding=\"async\" class=\"wp-image-14935 size-large\" title=\"Parc cinquentenaire Couch\u00e9 de Soleil (c) Pierre Halleux\" src=\"https:\/\/www.insidebrussels.be\/V2\/wp-content\/uploads\/2023\/10\/F5C9F0E3-DE58-45A0-8BB6-BF375BBB4EC1-1024x768.jpeg\" alt=\"Parc cinquentenaire Couch\u00e9 de Soleil (c) Pierre Halleux\" width=\"640\" height=\"480\" srcset=\"https:\/\/www.insidebrussels.be\/V2\/wp-content\/uploads\/2023\/10\/F5C9F0E3-DE58-45A0-8BB6-BF375BBB4EC1-1024x768.jpeg 1024w, https:\/\/www.insidebrussels.be\/V2\/wp-content\/uploads\/2023\/10\/F5C9F0E3-DE58-45A0-8BB6-BF375BBB4EC1-300x225.jpeg 300w, https:\/\/www.insidebrussels.be\/V2\/wp-content\/uploads\/2023\/10\/F5C9F0E3-DE58-45A0-8BB6-BF375BBB4EC1-768x576.jpeg 768w, https:\/\/www.insidebrussels.be\/V2\/wp-content\/uploads\/2023\/10\/F5C9F0E3-DE58-45A0-8BB6-BF375BBB4EC1-1536x1152.jpeg 1536w, https:\/\/www.insidebrussels.be\/V2\/wp-content\/uploads\/2023\/10\/F5C9F0E3-DE58-45A0-8BB6-BF375BBB4EC1-2048x1536.jpeg 2048w, https:\/\/www.insidebrussels.be\/V2\/wp-content\/uploads\/2023\/10\/F5C9F0E3-DE58-45A0-8BB6-BF375BBB4EC1-720x540.jpeg 720w, https:\/\/www.insidebrussels.be\/V2\/wp-content\/uploads\/2023\/10\/F5C9F0E3-DE58-45A0-8BB6-BF375BBB4EC1-scaled.jpeg 1920w\" sizes=\"(max-width: 640px) 100vw, 640px\" \/><figcaption id=\"caption-attachment-14935\" class=\"wp-caption-text\">Parc cinquentenaire Couch\u00e9 de Soleil (c) Pierre Halleux<\/figcaption><\/figure>\n<ul>\n<li><a href=\"https:\/\/www.insidebrussels.be\/V2\/bruxelles\/event-venue\/bois-de-la-cambre\/\"><strong>Bois de la Cambre<\/strong><\/a> : Ce vaste parc bois\u00e9 est un v\u00e9ritable havre de paix en plein c\u0153ur de la ville. Avec ses \u00e9tendues de verdure, ses lacs, ses sentiers ombrag\u00e9s et m\u00eame une \u00eele artificielle, le Bois de la Cambre offre de nombreuses possibilit\u00e9s pour se d\u00e9tendre, faire du sport ou organiser un pique-nique en famille ou entre amis.<\/li>\n<li><strong>Parc de Bruxelles<\/strong> : \u00c9galement connu sous le nom de Parc Royal, ce parc historique est situ\u00e9 en face du Palais Royal de Bruxelles. Il offre de vastes espaces verts, des jardins soign\u00e9s, des statues et des fontaines. C&rsquo;est un endroit id\u00e9al pour une promenade tranquille, une s\u00e9ance de yoga en plein air ou simplement pour s&rsquo;asseoir et profiter de l&rsquo;atmosph\u00e8re sereine.<\/li>\n<li><strong>Parc L\u00e9opold<\/strong> : Situ\u00e9 dans le quartier europ\u00e9en, ce parc est entour\u00e9 de b\u00e2timents institutionnels et offre un cadre paisible pour se d\u00e9tendre. Vous y trouverez des pelouses bien entretenues, des arbres majestueux et des sentiers pour les promenades. C&rsquo;est un endroit populaire pour les habitants et les visiteurs qui cherchent \u00e0 \u00e9chapper \u00e0 l&rsquo;agitation de la ville.<\/li>\n<li><strong>Jardin Botanique de Bruxelles<\/strong> : Ce jardin botanique, situ\u00e9 pr\u00e8s du centre-ville, est un v\u00e9ritable paradis pour les amoureux des plantes. Vous pourrez vous promener parmi une vari\u00e9t\u00e9 de fleurs, <a href=\"https:\/\/www.insidebrussels.be\/V2\/bruxelles\/visiter-les-serres-royales-de-laeken-2019\/\">de plantes exotiques<\/a>, de serres magnifiques et m\u00eame un arboretum. C&rsquo;est un endroit id\u00e9al pour se reconnecter avec la nature et en apprendre davantage sur la biodiversit\u00e9.<\/li>\n<\/ul>\n<p>En explorant ces parcs et espaces verts de Bruxelles, vous pourrez vous ressourcer, profiter de la nature et appr\u00e9cier les efforts de la ville en mati\u00e8re de pr\u00e9servation de l&rsquo;environnement. N&rsquo;oubliez pas de respecter les r\u00e8gles locales, de jeter vos d\u00e9chets correctement et de profiter de ces espaces naturels de mani\u00e8re responsable<\/p>\n<h3><span class=\"ez-toc-section\" id=\"2_Gastronomie_durable_facile_a_trouver_a_Bruxelles\"><\/span>2. Gastronomie durable, facile \u00e0 trouver \u00e0 Bruxelles<span class=\"ez-toc-section-end\"><\/span><\/h3>\n<p>Bruxelles regorge de restaurants engag\u00e9s dans la valorisation des <strong>produits locaux et la promotion d&rsquo;options v\u00e9g\u00e9tariennes<\/strong>. Parmi les meilleurs \u00e9tablissements, citons Chyl, un caf\u00e9-restaurant proposant une cuisine cr\u00e9ative \u00e0 base de produits biologiques et locaux, et Peas, un restaurant v\u00e9g\u00e9tarien et vegan offrant une cuisine inventive \u00e0 base de l\u00e9gumes locaux et de saison. L&rsquo;Herboristerie est un autre restaurant \u00e0 d\u00e9couvrir, mettant <strong>en avant des plats belges traditionnels avec des options v\u00e9g\u00e9tariennes et v\u00e9g\u00e9taliennes.<\/strong> Pour une exp\u00e9rience gastronomique raffin\u00e9e, le Tournant offre un menu d\u00e9gustation mettant en valeur les produits locaux et les options v\u00e9g\u00e9tariennes. Les Filles propose quant \u00e0 lui une cuisine v\u00e9g\u00e9tarienne cr\u00e9ative \u00e0 base d&rsquo;ingr\u00e9dients locaux et de saison.<\/p>\n<figure id=\"attachment_2403\" aria-describedby=\"caption-attachment-2403\" style=\"width: 1078px\" class=\"wp-caption aligncenter\"><img decoding=\"async\" class=\"wp-image-2403 size-full\" title=\"Gastronomic Restaurant Brussels Unsplash (c) Romain Briaux\" src=\"https:\/\/www.insidebrussels.be\/V2\/wp-content\/uploads\/2015\/04\/IMG_7815.jpg\" alt=\"Restaurant Gastronomique \u00e0 Bruxelles (c) Photo Pierre Halleux\" width=\"1078\" height=\"809\" srcset=\"https:\/\/www.insidebrussels.be\/V2\/wp-content\/uploads\/2015\/04\/IMG_7815.jpg 1078w, https:\/\/www.insidebrussels.be\/V2\/wp-content\/uploads\/2015\/04\/IMG_7815-300x225.jpg 300w, https:\/\/www.insidebrussels.be\/V2\/wp-content\/uploads\/2015\/04\/IMG_7815-1024x768.jpg 1024w\" sizes=\"(max-width: 1078px) 100vw, 1078px\" \/><figcaption id=\"caption-attachment-2403\" class=\"wp-caption-text\">Restaurant Gastronomique \u00e0 Bruxelles (c) Photo Pierre Halleux<\/figcaption><\/figure>\n<p>La gastronomie bruxelloise est r\u00e9put\u00e9e pour ses plats d\u00e9licieux et ses sp\u00e9cialit\u00e9s locales. En plus de ses initiatives de tourisme durable, Bruxelles propose une sc\u00e8ne gastronomique florissante ax\u00e9e sur les produits locaux et les options v\u00e9g\u00e9tariennes. Diff\u00e9rents restaurant sortent du lots. Voici quelques-uns des meilleurs restaurants de la ville qui mettent en avant ces valeurs :<\/p>\n<ul>\n<li><strong>Chyl<\/strong> : Situ\u00e9 dans le quartier branch\u00e9 d&rsquo;Ixelles, Chyl est un caf\u00e9-restaurant engag\u00e9 dans le d\u00e9veloppement durable. Leur menu met en avant des produits biologiques, locaux et de saison. Vous pourrez d\u00e9guster des plats cr\u00e9atifs et savoureux, allant des options v\u00e9g\u00e9tariennes aux plats sans gluten, le tout dans une atmosph\u00e8re chaleureuse et \u00e9cologique.<\/li>\n<li><strong>Peas<\/strong> : Ce restaurant v\u00e9g\u00e9tarien et vegan situ\u00e9 dans le quartier Dansaert propose une cuisine inventive \u00e0 base de l\u00e9gumes locaux et de saison. Leur menu met en avant des plats color\u00e9s et d\u00e9licieux, tels que des buddha bowls, des burgers v\u00e9g\u00e9taliens et des desserts gourmands. Peas est le lieu id\u00e9al pour les amateurs de cuisine v\u00e9g\u00e9tarienne qui souhaitent d\u00e9couvrir de nouvelles saveurs.<\/li>\n<li><strong>L&rsquo;Herboristerie<\/strong> : Nich\u00e9 dans le quartier historique de Marolles, L&rsquo;Herboristerie est un restaurant qui privil\u00e9gie les produits bio et locaux. Leur menu est inspir\u00e9 de la cuisine belge traditionnelle et propose des options v\u00e9g\u00e9tariennes et v\u00e9g\u00e9taliennes. Vous pourrez savourer des plats tels que la carbonade flamande v\u00e9g\u00e9tarienne et les boulets \u00e0 la li\u00e9geoise, le tout pr\u00e9par\u00e9 avec des ingr\u00e9dients frais et de qualit\u00e9.<\/li>\n<li>Le <strong>Tournant<\/strong> : Ce restaurant situ\u00e9 dans le quartier Louise vous interpellera surement. Une fois le menu en main, vous appercevrez des plats aussi tentant les uns que les autres: \u00ab\u00a0<em>joue de boeuf \u00e0 <a href=\"https:\/\/www.insidebrussels.be\/V2\/bruxelles\/visiter-le-musee-schaerbeekois-de-la-biere\/\">l&rsquo;Orval<\/a><\/em>\u00ab\u00a0, \u00ab\u00a0Crumble aux fruits de Saison\u00a0\u00bb,\u00a0\u00bbRilette de Canard de la ferme de Beersel\u00a0\u00bb, \u00ab\u00a0Coucou de Maline \u00e0 la mangue s\u00e9ch\u00e9e\u00a0\u00bb&#8230;\u00a0 Vous l&rsquo;avez compris, ici on privil\u00e9gie <strong>les produits locaux et issu d&rsquo;une productions respectueuse de la terre<\/strong>.\u00a0 Amour des beaux produits et de plats mijot\u00e9s ce resto sans chichis est a d\u00e9couvrir au plus vite. Ici, le bien manger et le bien boire sont accessinbles \u00e0 tous les portefeuilles et tranches d\u2019\u00e2ge ( Le midi menu 2 services \u00e0 27 euros)\n<ul>\n<li>En 2019,\u00a0 prix Plaisir du <strong>Gault&amp;Millau, <\/strong><\/li>\n<li>2021 <strong>Bib Gourmand<\/strong>\u00a0 <em>\u00ab\u00a0excellent rapport qualit\u00e9\/prix\/plaisir\u00a0\u00bb<\/em><\/li>\n<\/ul>\n<\/li>\n<li><a href=\"https:\/\/www.insidebrussels.be\/V2\/bruxelles\/les-filles-rue-du-vieux-marche-bruxelles-lunch-brunch\/\"><strong>Les Filles<\/strong><\/a> : Situ\u00e9 dans le quartier Dansaert, Les Filles est un restaurant convivial et accueillant qui propose des <a href=\"https:\/\/www.insidebrussels.be\/V2\/bruxelles\/isaac-quels-sont-les-5-meilleurs-restaurants-bio-a-bruxelles\/\">plats \u00e0 base de produits locaux et de saison et BIO<\/a>. Leur menu change r\u00e9guli\u00e8rement en fonction des produits disponibles, garantissant une exp\u00e9rience culinaire fra\u00eeche et authentique. Vous pourrez d\u00e9guster des plats v\u00e9g\u00e9tariens cr\u00e9atifs et savoureux, accompagn\u00e9s d&rsquo;une s\u00e9lection de vins naturels.<\/li>\n<\/ul>\n<p>Ces restaurants offrent des <a href=\"https:\/\/www.insidebrussels.be\/V2\/bruxelles\/les-20-restaurants-gastronomiques-que-vous-devez-absolument-tester-a-bruxelles\/\">exp\u00e9riences gastronomiques uniques<\/a>, mettant en avant les produits locaux et les options v\u00e9g\u00e9tariennes. Que vous soyez v\u00e9g\u00e9tarien, v\u00e9g\u00e9talien ou simplement \u00e0 la recherche de plats sains et respectueux de l&rsquo;environnement, ces \u00e9tablissements sauront combler vos attentes avec des saveurs exquises et des ingr\u00e9dients soigneusement s\u00e9lectionn\u00e9s.<\/p>\n<h3><span class=\"ez-toc-section\" id=\"3_Les_marches_locaux\"><\/span>3. Les march\u00e9s locaux<span class=\"ez-toc-section-end\"><\/span><\/h3>\n<p>Pour soutenir le commerce local et adopter une approche durable, explorez les nombreux march\u00e9s de la ville o\u00f9 vous trouverez des produits frais, de saison et provenant directement des producteurs locaux.<\/p>\n<ul>\n<li><strong>March\u00e9 bio de Saint-Gilles <\/strong>: Situ\u00e9 sur la Place Van Meenen, ce march\u00e9 bio est une v\u00e9ritable c\u00e9l\u00e9bration des produits biologiques et \u00e9cologiques. Vous y trouverez des fruits et l\u00e9gumes frais, des produits laitiers, des pains artisanaux, ainsi que des produits d&rsquo;\u00e9picerie tels que des confitures, des miels et des huiles d&rsquo;olive bio.<\/li>\n<li><strong>March\u00e9 des Abattoirs<\/strong> : Ce march\u00e9 anim\u00e9 est situ\u00e9 \u00e0 Anderlecht et propose une vari\u00e9t\u00e9 de produits frais, de viandes et de poissons, ainsi que des stands de street food. Vous pourrez d\u00e9guster des plats locaux et internationaux tout en soutenant les producteurs locaux<\/li>\n<\/ul>\n<figure id=\"attachment_8610\" aria-describedby=\"caption-attachment-8610\" style=\"width: 640px\" class=\"wp-caption aligncenter\"><img decoding=\"async\" class=\"wp-image-8610 size-large\" title=\"(c) Pierre Halleux\" src=\"https:\/\/www.insidebrussels.be\/V2\/wp-content\/uploads\/2017\/06\/IMG_3087-1024x768.jpg\" alt=\"March\u00e9s des abattoir Anderlecht (c) Pierre Halleux\" width=\"640\" height=\"480\" srcset=\"https:\/\/www.insidebrussels.be\/V2\/wp-content\/uploads\/2017\/06\/IMG_3087-1024x768.jpg 1024w, https:\/\/www.insidebrussels.be\/V2\/wp-content\/uploads\/2017\/06\/IMG_3087-300x225.jpg 300w, https:\/\/www.insidebrussels.be\/V2\/wp-content\/uploads\/2017\/06\/IMG_3087-600x450.jpg 600w, https:\/\/www.insidebrussels.be\/V2\/wp-content\/uploads\/2017\/06\/IMG_3087.jpg 1920w\" sizes=\"(max-width: 640px) 100vw, 640px\" \/><figcaption id=\"caption-attachment-8610\" class=\"wp-caption-text\">March\u00e9s des abattoir Anderlecht (c) Pierre Halleux<\/figcaption><\/figure>\n<ul>\n<li><a href=\"https:\/\/www.insidebrussels.be\/V2\/bruxelles\/le-marche-bruxelles-midi\/\">March\u00e9 du Midi<\/a> : Ce march\u00e9 color\u00e9 se tient chaque dimanche matin pr\u00e8s de la Gare du Midi. Vous y trouverez une large s\u00e9lection de produits frais, des fruits et l\u00e9gumes aux fromages et aux fleurs. C&rsquo;est un endroit id\u00e9al pour go\u00fbter aux sp\u00e9cialit\u00e9s locales et d\u00e9couvrir la diversit\u00e9 culinaire de Bruxelles.<\/li>\n<\/ul>\n<figure id=\"attachment_2350\" aria-describedby=\"caption-attachment-2350\" style=\"width: 640px\" class=\"wp-caption aligncenter\"><img decoding=\"async\" class=\"wp-image-2350 size-large\" title=\"Acheter des fleurs sur le march\u00e9 de Bruxelles Midi (c) Photo Pierre Halleux\" src=\"https:\/\/www.insidebrussels.be\/V2\/wp-content\/uploads\/2013\/12\/IMG_2743-1024x768.jpg\" alt=\"Acheter des fleurs sur le march\u00e9 de Bruxelles Midi (c) Photo Pierre Halleux\" width=\"640\" height=\"480\" srcset=\"https:\/\/www.insidebrussels.be\/V2\/wp-content\/uploads\/2013\/12\/IMG_2743-1024x768.jpg 1024w, https:\/\/www.insidebrussels.be\/V2\/wp-content\/uploads\/2013\/12\/IMG_2743-300x225.jpg 300w, https:\/\/www.insidebrussels.be\/V2\/wp-content\/uploads\/2013\/12\/IMG_2743.jpg 1078w\" sizes=\"(max-width: 640px) 100vw, 640px\" \/><figcaption id=\"caption-attachment-2350\" class=\"wp-caption-text\">Acheter des fleurs sur le march\u00e9 de Bruxelles Midi (c) Photo Pierre Halleux<\/figcaption><\/figure>\n<ul>\n<li><strong>March\u00e9 du Chatelain<\/strong> : Situ\u00e9 dans le quartier chic d&rsquo;Ixelles, ce march\u00e9 est connu pour sa s\u00e9lection de produits frais, de sp\u00e9cialit\u00e9s locales et d&rsquo;artisans. Vous y trouverez des stands de fruits et l\u00e9gumes, de poissons, de viandes, de p\u00e2tisseries et m\u00eame de vins fins.<\/li>\n<li><strong>March\u00e9 Matong\u00e9<\/strong> : Ce march\u00e9 africain est situ\u00e9 dans le quartier Matong\u00e9, connu pour sa diversit\u00e9 culturelle. Vous pourrez y d\u00e9couvrir une vari\u00e9t\u00e9 de produits exotiques, des fruits et l\u00e9gumes tropicaux aux \u00e9pices et aux sp\u00e9cialit\u00e9s africaines.<\/li>\n<\/ul>\n<p>En visitant<a href=\"https:\/\/www.insidebrussels.be\/V2\/bruxelles\/quels-sont-les-meilleurs-marches-a-bruxelles\/\"> ces march\u00e9s locaux,<\/a> non seulement vous pourrez d\u00e9guster des produits frais et de qualit\u00e9, mais vous contribuerez \u00e9galement \u00e0 soutenir les producteurs locaux et \u00e0 promouvoir une alimentation durable \u00e0 Bruxelles.<\/p>\n<p>N&rsquo;h\u00e9sitez pas \u00e0 explorer ces march\u00e9s lors de votre visite \u00e0 Bruxelles pour d\u00e9couvrir la richesse de la gastronomie locale et soutenir les acteurs de la fili\u00e8re alimentaire durable<\/p>\n<h3><span class=\"ez-toc-section\" id=\"4_Shopping_ethique_et_durable_a_Bruxelles\"><\/span>4. Shopping \u00e9thique et durable \u00e0 Bruxelles<span class=\"ez-toc-section-end\"><\/span><\/h3>\n<p>Bruxelles est une destination id\u00e9ale pour les amateurs de shopping \u00e9thique. Des boutiques telles que Wonderloop, Supergreen Me, Foxhole, L&rsquo;Herbe Rouge et Les Recyclables proposent des v\u00eatements, des accessoires et des produits durables, \u00e9quitables et respectueux de l&rsquo;environnement. En privil\u00e9giant ces boutiques, vous contribuez \u00e0 promouvoir une mode plus durable et \u00e0 soutenir des initiatives \u00e9thiques dans l&rsquo;industrie de la mode.<\/p>\n<ul>\n<li><strong>Think Twice :<\/strong> Avec plusieurs succursales \u00e0 Bruxelles, Think Twice propose une large s\u00e9lection de v\u00eatements vintage et d&rsquo;occasion pour hommes et femmes. Vous y trouverez des v\u00eatements, des chaussures et des accessoires \u00e0 des prix abordables.<\/li>\n<li><strong>Gabriele Vintage<\/strong> : Situ\u00e9 dans le quartier branch\u00e9 de Saint-Gilles, Gabriele Vintage propose une s\u00e9lection soigneusement choisie de v\u00eatements vintage pour hommes et femmes. Vous y d\u00e9couvrirez des pi\u00e8ces uniques et originales allant des ann\u00e9es 1920 aux ann\u00e9es 1990.<\/li>\n<li><strong><a href=\"https:\/\/lesenfantsdedouard.com\/\" target=\"_blank\" rel=\"noopener\">Les Enfants d&rsquo;Edouard<\/a> :<\/strong> Sp\u00e9cialis\u00e9 dans la mode vintage haut de gamme, Les Enfants d&rsquo;Edouard offre une exp\u00e9rience de shopping unique. Vous y trouverez des v\u00eatements, des accessoires et des articles de luxe provenant de diff\u00e9rentes \u00e9poques.<\/li>\n<li><a href=\"http:\/\/www.supergreenme.be\/\" target=\"_blank\" rel=\"noopener\"><strong>Supergreen Me<\/strong><\/a> : Cette boutique \u00e9cologique, situ\u00e9e pr\u00e8s de la Grand-Place, propose une large gamme de produits durables pour la maison, les soins personnels et la mode. Vous y trouverez des articles fabriqu\u00e9s \u00e0 partir de mat\u00e9riaux recycl\u00e9s, biologiques ou naturels. Supergreen Me met l&rsquo;accent sur la qualit\u00e9, le style et l&rsquo;impact environnemental positif.<\/li>\n<li><strong>Foxhole<\/strong> : Nich\u00e9e dans le quartier Dansaert, Foxhole est une boutique de mode \u00e9thique qui propose des v\u00eatements pour hommes et femmes fabriqu\u00e9s \u00e0 partir de mat\u00e9riaux durables et \u00e9thiques. La boutique soutient des marques locales et internationales qui mettent l&rsquo;accent sur la transparence, le commerce \u00e9quitable et la r\u00e9duction de l&#8217;empreinte carbone. <a href=\"https:\/\/foursquare.com\/v\/foxhole-vintage-shop\/4e05bdf8483b98d417055c12\">Leur site ici<\/a><\/li>\n<li><strong>Kilo Shop<\/strong> Si vous \u00eates \u00e0 la recherche d&rsquo;une exp\u00e9rience unique de shopping \u00e9thique \u00e0 Bruxelles, ne manquez pas les boutiques de v\u00eatements vintage seconde main au kilo. Ces endroits uniques vous permettent de d\u00e9couvrir des tr\u00e9sors cach\u00e9s et de donner une nouvelle vie \u00e0 des v\u00eatements pr\u00e9aim\u00e9s. L&rsquo;un des incontournables est le magasin \u00ab\u00a0Kilo Shop\u00a0\u00bb situ\u00e9 dans le quartier anim\u00e9 de Marolles. Vous y trouverez une vaste s\u00e9lection de v\u00eatements vintage de qualit\u00e9, allant des robes aux vestes, en passant par les chemises et les accessoires, le tout vendu au poids. En fouillant parmi les racks remplis de v\u00eatements, vous pourriez d\u00e9nicher des pi\u00e8ces uniques, des articles de marque et des styles r\u00e9tro \u00e0 des prix abordables. C&rsquo;est une exp\u00e9rience de shopping \u00e9cologique et \u00e9conomique qui vous permet de participer \u00e0 la mode circulaire tout en ajoutant une touche de style vintage \u00e0 votre garde-robe.<\/li>\n<\/ul>\n<p>Ces adresses vous offriront une exp\u00e9rience de shopping \u00e9thique, o\u00f9 vous pourrez trouver des articles uniques, fabriqu\u00e9s de mani\u00e8re responsable et respectueuse de l&rsquo;environnement. En soutenant ces boutiques, vous contribuerez \u00e0 promouvoir une consommation plus consciente et durable, tout en d\u00e9couvrant des cr\u00e9ations uniques et engag\u00e9es.<\/p>\n<h3><span class=\"ez-toc-section\" id=\"Conclusion\"><\/span>Conclusion<span class=\"ez-toc-section-end\"><\/span><\/h3>\n<p>En adoptant un tourisme durable \u00e0 Bruxelles, vous contribuez \u00e0 pr\u00e9server l&rsquo;environnement, \u00e0 soutenir l&rsquo;\u00e9conomie locale et \u00e0 promouvoir des pratiques respectueuses. Profitez de cette ville captivante tout en \u00e9tant conscient de l&rsquo;impact de vos choix et en favorisant des exp\u00e9riences qui respectent la nature et la communaut\u00e9 locale.<\/p>\n","protected":false,"gt_translate_keys":[{"key":"rendered","format":"html"}]},"excerpt":{"rendered":"<p>D\u00e9couvrez le tourisme durable \u00e0 Bruxelles : Une ville engag\u00e9e envers un avenir responsable Bruxelles,<\/p>\n","protected":false,"gt_translate_keys":[{"key":"rendered","format":"html"}]},"author":1,"featured_media":14906,"comment_status":"closed","ping_status":"closed","sticky":false,"template":"","format":"standard","meta":{"_lmt_disableupdate":"no","_lmt_disable":"no","footnotes":""},"categories":[515,31],"tags":[278],"class_list":["post-14721","post","type-post","status-publish","format-standard","has-post-thumbnail","hentry","category-design-decoration-meubles","category-shopping","tag-best-of"],"modified_by":"pierre","amp_enabled":true,"gt_translate_keys":[{"key":"link","format":"url"}],"_links":{"self":[{"href":"https:\/\/www.insidebrussels.be\/V2\/wp-json\/wp\/v2\/posts\/14721","targetHints":{"allow":["GET"]}}],"collection":[{"href":"https:\/\/www.insidebrussels.be\/V2\/wp-json\/wp\/v2\/posts"}],"about":[{"href":"https:\/\/www.insidebrussels.be\/V2\/wp-json\/wp\/v2\/types\/post"}],"author":[{"embeddable":true,"href":"https:\/\/www.insidebrussels.be\/V2\/wp-json\/wp\/v2\/users\/1"}],"replies":[{"embeddable":true,"href":"https:\/\/www.insidebrussels.be\/V2\/wp-json\/wp\/v2\/comments?post=14721"}],"version-history":[{"count":7,"href":"https:\/\/www.insidebrussels.be\/V2\/wp-json\/wp\/v2\/posts\/14721\/revisions"}],"predecessor-version":[{"id":16646,"href":"https:\/\/www.insidebrussels.be\/V2\/wp-json\/wp\/v2\/posts\/14721\/revisions\/16646"}],"wp:featuredmedia":[{"embeddable":true,"href":"https:\/\/www.insidebrussels.be\/V2\/wp-json\/wp\/v2\/media\/14906"}],"wp:attachment":[{"href":"https:\/\/www.insidebrussels.be\/V2\/wp-json\/wp\/v2\/media?parent=14721"}],"wp:term":[{"taxonomy":"category","embeddable":true,"href":"https:\/\/www.insidebrussels.be\/V2\/wp-json\/wp\/v2\/categories?post=14721"},{"taxonomy":"post_tag","embeddable":true,"href":"https:\/\/www.insidebrussels.be\/V2\/wp-json\/wp\/v2\/tags?post=14721"}],"curies":[{"name":"wp","href":"https:\/\/api.w.org\/{rel}","templated":true}]}}