{"id":14753,"date":"2023-06-26T21:43:22","date_gmt":"2023-06-26T19:43:22","guid":{"rendered":"https:\/\/www.insidebrussels.be\/V2\/?p=14753"},"modified":"2023-10-17T00:22:43","modified_gmt":"2023-10-16T22:22:43","slug":"decouvrez-ces-concerts-insolites-a-la-bougie-dans-les-lieux-les-plus-emblematiques-de-bruxelles","status":"publish","type":"post","link":"https:\/\/www.insidebrussels.be\/V2\/bruxelles\/decouvrez-ces-concerts-insolites-a-la-bougie-dans-les-lieux-les-plus-emblematiques-de-bruxelles\/","title":{"rendered":"D\u00e9couvrez ces concerts insolites \u00e0 la bougie dans les lieux les plus embl\u00e9matiques de Bruxelles","gt_translate_keys":[{"key":"rendered","format":"text"}]},"content":{"rendered":"<h2>Candlelights, ces concerts insolites \u00e0 ne pas manquer<\/h2>\n<p><strong>Coldplay, Stromae, Vivaldi, Warner Bros<\/strong>\u00a0et <strong>Hans Zimmer<\/strong> n&rsquo;avaient pas encore de point commun. FeverUp en a cr\u00e9\u00e9 un ! Vous pouvez maintenant vous rem\u00e9morer leurs meilleurs morceaux lors des <strong>hommages \u00e0 ces artistes tout aussi iconiques les uns que les autres lors d&rsquo;un concert \u00e0 Bruxelles.\ud83c\udfbb<\/strong><\/p>\n<blockquote><p>\ud83c\udfab <strong><a href=\"http:\/\/fever.pxf.io\/g1A5kv\" target=\"_blank\" rel=\"noopener\">Voici la liste des prochains concerts Candlelights \u00e0 Bruxelles<\/a><\/strong><\/p><\/blockquote>\n<p>Ce n&rsquo;est pas lors de n&rsquo;importe concerts! Il s&rsquo;agit de la s\u00e9rie \u00ab\u00a0<strong>Candlelights<\/strong>\u00ab\u00a0, cet \u00e9v\u00e9nement qui a pris d\u2019assaut le monde du spectacle Bruxellois.\u00a0 Si vous recherchez une fa\u00e7on pour passer une soir\u00e9e en musique \u00e0 Bruxelles, et (re)d\u00e9couvrir les artites et musiques de films les plus mythique ne manquez pas Candlelight. Son large \u00e9ventail de styles musicaux, Candlelight ne serait que vous surprendre!<\/p>\n<p>Dans cet article, nous vous invitons \u00e0 plonger dans <strong>l&rsquo;enchantement de ces soir\u00e9es musicales exceptionnelles<\/strong> qui illuminent Bruxelles d&rsquo;une lueur intime et captivante.<\/p>\n<h3>Qu&rsquo;est-ce que Candlelights ?<\/h3>\n<p>Le mot \u00ab\u00a0<strong>Candlelight<\/strong>\u00a0\u00bb ne vous dit rien ? \ud83d\udd6f\ufe0f Sachez qu&rsquo;il s&rsquo;agit d&rsquo;<strong>un \u00e9v\u00e9nement musical plut\u00f4t unique qui enchante Bruxelles.<\/strong> En r\u00e9alit\u00e9, il s&rsquo;agit d&rsquo;une s\u00e9rie de <strong>concerts intimistes et captivants<\/strong> qui se d\u00e9roulent dans des lieux embl\u00e9matiques de la ville. Imaginez-vous \u00e0 <a href=\"https:\/\/www.insidebrussels.be\/V2\/bruxelles\/event-venue\/atomium\/\"><strong>l&rsquo;Atomium<\/strong> <\/a>ou encore au <strong>Concert Noble,<\/strong>une <strong>atmosph\u00e8re magique<\/strong> cr\u00e9\u00e9e gr\u00e2ce \u00e0 des centaines de bougies, cr\u00e9ant ainsi une ambiance chaleureuse et intime. Bref, l&rsquo;endroit parfait pour une <a href=\"https:\/\/www.insidebrussels.be\/V2\/bruxelles\/bruxelles-que-faire-en-couple\/\">soir\u00e9e romantique<\/a> ou relaxante.<\/p>\n<blockquote><p><a href=\"http:\/\/fever.pxf.io\/0Zxz3Y\" target=\"_blank\" rel=\"noopener\">Voir la liste des \u00e9v\u00e9nements qui ont lieu au concert Noble \u00e0 Bruxelles<\/a><\/p><\/blockquote>\n<p>Imaginez-vous dans la boule de l&rsquo;Atomium ci-dessous, un concert d&rsquo;hommage \u00e0 Coldplay, et des centaines de bougies qui pars\u00e8ment le sol.<\/p>\n<figure id=\"attachment_14641\" aria-describedby=\"caption-attachment-14641\" style=\"width: 640px\" class=\"wp-caption aligncenter\"><img decoding=\"async\" class=\"wp-image-14641 size-large\" title=\"Atomium Bruxelles (c) Pierre Halleuxa\" src=\"https:\/\/www.insidebrussels.be\/V2\/wp-content\/uploads\/2023\/06\/2FB28EEA-B342-48D0-9460-C3242D515D92-1024x1024.jpeg\" alt=\"Atomium Bruxelles (c) Pierre Halleuxa\" width=\"640\" height=\"640\" srcset=\"https:\/\/www.insidebrussels.be\/V2\/wp-content\/uploads\/2023\/06\/2FB28EEA-B342-48D0-9460-C3242D515D92-1024x1024.jpeg 1024w, https:\/\/www.insidebrussels.be\/V2\/wp-content\/uploads\/2023\/06\/2FB28EEA-B342-48D0-9460-C3242D515D92-300x300.jpeg 300w, https:\/\/www.insidebrussels.be\/V2\/wp-content\/uploads\/2023\/06\/2FB28EEA-B342-48D0-9460-C3242D515D92-150x150.jpeg 150w, https:\/\/www.insidebrussels.be\/V2\/wp-content\/uploads\/2023\/06\/2FB28EEA-B342-48D0-9460-C3242D515D92-768x768.jpeg 768w, https:\/\/www.insidebrussels.be\/V2\/wp-content\/uploads\/2023\/06\/2FB28EEA-B342-48D0-9460-C3242D515D92-1536x1536.jpeg 1536w, https:\/\/www.insidebrussels.be\/V2\/wp-content\/uploads\/2023\/06\/2FB28EEA-B342-48D0-9460-C3242D515D92-2048x2048.jpeg 2048w, https:\/\/www.insidebrussels.be\/V2\/wp-content\/uploads\/2023\/06\/2FB28EEA-B342-48D0-9460-C3242D515D92-scaled.jpeg 1078w\" sizes=\"(max-width: 640px) 100vw, 640px\" \/><figcaption id=\"caption-attachment-14641\" class=\"wp-caption-text\">Escalier d&rsquo;acc\u00e8s \u00e0 l&rsquo;Atomium Bruxelles (c) Pierre Halleux 2023<\/figcaption><\/figure>\n<h3>Quels sont les diff\u00e9rents sytles de musique lors de concerts Candlelights \u00e0 Bruxelles ?<\/h3>\n<p>le choix est vaste et relativement grand public : des chefs-d\u2019\u0153uvre de musique classique aux plus grands morceaux de jazz en passant par un hommage a\u0300 Queen, aux Beatles, des airs ce\u0301le\u0300bres d\u2019ope\u0301ra, des B.O. de films&#8230;<\/p>\n<p>Lors de ces soir\u00e9es, les spectateurs ont l&rsquo;occasion de red\u00e9couvrir les morceaux les plus embl\u00e9matiques d&rsquo;artistes renomm\u00e9s tels que <a href=\"http:\/\/fever.pxf.io\/9gMqdY\" target=\"_blank\" rel=\"noopener\"><strong>Coldplay<\/strong><\/a>, <a href=\"http:\/\/fever.pxf.io\/g1A5Xv\"><strong>Queen<\/strong><\/a>, <a href=\"http:\/\/fever.pxf.io\/ZQxEj0\" target=\"_blank\" rel=\"noopener\"><strong>Vivaldi<\/strong> <\/a>, <a href=\"http:\/\/fever.pxf.io\/QyNEdz\" target=\"_blank\" rel=\"noopener\"><strong>Warner Bros<\/strong><\/a> et <a href=\"https:\/\/feverup.com\/m\/130927\" target=\"_blank\" rel=\"noopener\"><strong>Hans Zimmer<\/strong> <\/a>. Que ce soit des chansons pop entra\u00eenantes, des m\u00e9lodies classiques envo\u00fbtantes ou des th\u00e8mes de films \u00e9poustouflants, <strong>la diversit\u00e9 des styles musicaux propos\u00e9s lors de Candlelight saura \u00e9merveiller l&rsquo;amateur de musique qui sommeille en vous<\/strong>.<\/p>\n<p>Cet \u00e9v\u00e9nement offre <strong>une exp\u00e9rience immersive<\/strong>, permettant aux spectateurs de se plonger dans la magie de la musique dans un cadre intime et spectaculaire. Que vous soyez un m\u00e9lomane passionn\u00e9 ou simplement en qu\u00eate d&rsquo;une soir\u00e9e musicale inoubliable \u00e0 Bruxelles, Candlelight saura vous transporter dans un monde sonore envo\u00fbtant.<\/p>\n<figure id=\"attachment_14756\" aria-describedby=\"caption-attachment-14756\" style=\"width: 640px\" class=\"wp-caption aligncenter\"><img decoding=\"async\" class=\"wp-image-14756 size-full\" title=\"Candlelight, concert \u00e0 la bougie comme \u00e0 Bruxelels (c) Photo T. Bormans \" src=\"https:\/\/www.insidebrussels.be\/V2\/wp-content\/uploads\/2023\/06\/thomas-bormans-b9b945s73XM-unsplash.jpg\" alt=\"Candlelight, concert \u00e0 la bougie comme \u00e0 Bruxelels (c) T.Bormans \" width=\"640\" height=\"427\" srcset=\"https:\/\/www.insidebrussels.be\/V2\/wp-content\/uploads\/2023\/06\/thomas-bormans-b9b945s73XM-unsplash.jpg 640w, https:\/\/www.insidebrussels.be\/V2\/wp-content\/uploads\/2023\/06\/thomas-bormans-b9b945s73XM-unsplash-300x200.jpg 300w\" sizes=\"(max-width: 640px) 100vw, 640px\" \/><figcaption id=\"caption-attachment-14756\" class=\"wp-caption-text\">Candlelight, concert \u00e0 la bougie comme \u00e0 Bruxelels (c) Photo T. Bormans<\/figcaption><\/figure>\n<h3>Quels sont les avis sur les Concert Candlelight ?<\/h3>\n<p>Sur internet, on retrouve des avis assez positifs. On peut lire sur FeverUp.com<\/p>\n<ul>\n<li>\ud83d\udcac Corinne H. \u2b50\u2b50\u2b50\u2b50\u2b50: \u00ab\u00a0Super bien organis\u00e9 et concert magique, un tr\u00e8s beau moment !\u00a0\u00bb<\/li>\n<li>\ud83d\udcac Luke B. \u2b50\u2b50\u2b50\u2b50\u2b50: \u00ab\u00a0Tout simplement excellent et magnifique, dans une ambiance spirituellement f\u00e9erique.\u00a0\u00bb<\/li>\n<li>\ud83d\udcac Alexia M. \u2b50\u2b50\u2b50\u2b50\u2b50 : \u00ab\u00a0Une parenth\u00e8se musicale sublime dans une ambiance intime et douce.\u00a0\u00bb<\/li>\n<\/ul>\n<p>InsideBrussels.be<\/p>\n<ul>\n<li style=\"list-style-type: none;\">\n<ul>\n<li>\ud83d\udcacPierre L.\u2b50\u2b50\u2b50\u2b50\u2b50: \u00ab\u00a0Quand j&rsquo;ai vu toutes les bougies et que le pianiste a commen\u00e9 \u00e0 jouer, j&rsquo;ai eu des frissons dans le dos. Je recommande vivement l&rsquo;exp\u00e9rience!\u00a0\u00bb<\/li>\n<\/ul>\n<\/li>\n<\/ul>\n<h3>Quelles sont les prochaines dates et horaires des concerts Candlelights \u00e0 Bruxelles?<\/h3>\n<p>Pour acheter vos billets en ligne, voir les places disponibles voici les liens des diff\u00e9rents \u00e9venements :<\/p>\n<ul>\n<li>\ud83d\udd6f\ufe0fCandlelight <a href=\"http:\/\/fever.pxf.io\/4PrMnG\" target=\"_blank\" rel=\"noopener\"><strong>Open Air Pop 2000<\/strong> : Gaga, Rihanna &amp; Beyonce<\/a> Juillet 7, 2023 22:30<\/li>\n<li>\ud83d\udd6f\ufe0fCandlelight <a href=\"https:\/\/feverup.com\/m\/130927\" target=\"_blank\" rel=\"noopener\">Open Air : Hommage \u00e0 <strong>Hans Zimmer<\/strong> <\/a>Juillet 8, 2023 22:30<\/li>\n<li>\ud83d\udd6f\ufe0fCandlelight <a href=\"http:\/\/fever.pxf.io\/m5X1yZ\" target=\"_blank\" rel=\"noopener\">Premium : Hommage \u00e0 <strong>Adele<\/strong> \u00e0 l&rsquo;Atomiu<\/a>m de Bruxelles Juillet 13, 2023 19:00<\/li>\n<li>\ud83d\udd6f\ufe0fCandlelight : <a href=\"http:\/\/fever.pxf.io\/QyNEdz\" target=\"_blank\" rel=\"noopener\">100 ans de <strong>Warner Bros<\/strong><\/a>. Juillet 14, 2023 19:00<\/li>\n<li>\ud83d\udd6f\ufe0fCandlelight : <a href=\"http:\/\/fever.pxf.io\/5gMz0D\" target=\"_blank\" rel=\"noopener\">Le meilleur de <strong>Zelda<\/strong><\/a> Juillet 28, 2023 18:30<\/li>\n<li>\ud83d\udd6f\ufe0fCandlelight : <a href=\"http:\/\/fever.pxf.io\/QyNEd9\" target=\"_blank\" rel=\"noopener\">Hommage \u00e0 <strong>Ludovico Einaudi<\/strong><\/a> Juillet 28, 2023 20:30<\/li>\n<li>\ud83d\udd6f\ufe0fCandlelight : <a href=\"http:\/\/fever.pxf.io\/9gMqdY\" target=\"_blank\" rel=\"noopener\">Imagine <strong>Dragons VS Coldplay<\/strong><\/a> Juillet 29, 2023 18:30<\/li>\n<li>\ud83d\udd6f\ufe0fCandlelight Musiques de Films : <a href=\"http:\/\/fever.pxf.io\/jrna6b\" target=\"_blank\" rel=\"noopener\"><strong>Hans Zimmer<\/strong><\/a> Juillet 29, 2023 20:30<\/li>\n<li>\ud83d\udd6f\ufe0fCandlelight Open Air : <a href=\"http:\/\/fever.pxf.io\/5gMz0o\" target=\"_blank\" rel=\"noopener\">Hommage \u00e0 <strong>Rihanna<\/strong><\/a> Ao\u00fbt 4, 2023 22:00<\/li>\n<li>\ud83d\udd6f\ufe0fCandlelight <a href=\"http:\/\/fever.pxf.io\/1rDzd6\" target=\"_blank\" rel=\"noopener\">Open Air Musiques de Films : <strong>Anneaux<\/strong> et <strong>Dragons <\/strong><\/a>Ao\u00fbt 5, 2023 22:00<\/li>\n<li>\ud83d\udd6f\ufe0fCandlelight Premium : <a href=\"http:\/\/fever.pxf.io\/ZQxEj0\" target=\"_blank\" rel=\"noopener\">Les 4 Saisons de <strong>Vivaldi<\/strong> \u00e0 <strong>l&rsquo;Atomium<\/strong><\/a> Ao\u00fbt 10, 2023 19:00<\/li>\n<li>\ud83d\udd6f\ufe0fCandlelight Premium : Un voyage musical \u00e0 <strong>l&rsquo;Atomium<\/strong> Ao\u00fbt 11, 2023 19:00<\/li>\n<li>\ud83d\udd6f\ufe0fCandlelight : <a href=\"http:\/\/fever.pxf.io\/g1A5Xv\">Hommage \u00e0 <strong>Queen<\/strong><\/a> Ao\u00fbt 25, 2023 18:30<\/li>\n<li>\ud83d\udd6f\ufe0fCandlelight Rock :<a href=\"http:\/\/fever.pxf.io\/XYLE3y\" target=\"_blank\" rel=\"noopener\"> <strong>AC\/DC, Pink Floyd &amp; Nirvana <\/strong><\/a>Ao\u00fbt 26, 2023 18:30<\/li>\n<li>\ud83d\udd6f\ufe0fCandlelight : <a href=\"http:\/\/fever.pxf.io\/zNeO9x\" target=\"_blank\" rel=\"noopener\">Hommage \u00e0 <strong>ABBA<\/strong><\/a> Ao\u00fbt 26, 2023 20:30<\/li>\n<\/ul>\n<blockquote><p><strong><a href=\"http:\/\/fever.pxf.io\/g1A5kv\" target=\"_blank\" rel=\"noopener\">Le concert que vous cherchez n&rsquo;est pas dans cette liste. Voici le programme complet.<\/a><\/strong><\/p><\/blockquote>\n<h3>Le mot de la fin sur cet \u00e9v\u00e9nements Candlelight \u00e0 Bruxelles<\/h3>\n<div class=\"flex-1 overflow-hidden\">\n<div class=\"react-scroll-to-bottom--css-uoxyj-79elbk h-full dark:bg-gray-800\">\n<div class=\"react-scroll-to-bottom--css-uoxyj-1n7m0yu\">\n<div class=\"flex flex-col text-sm dark:bg-gray-800\">\n<div class=\"group w-full text-gray-800 dark:text-gray-100 border-b border-black\/10 dark:border-gray-900\/50 bg-gray-50 dark:bg-[#444654]\">\n<div class=\"flex p-4 gap-4 text-base md:gap-6 md:max-w-2xl lg:max-w-[38rem] xl:max-w-3xl md:py-6 lg:px-0 m-auto\">\n<div class=\"relative flex w-[calc(100%-50px)] flex-col gap-1 md:gap-3 lg:w-[calc(100%-115px)]\">\n<div class=\"flex flex-grow flex-col gap-3\">\n<div class=\"min-h-[20px] flex items-start overflow-x-auto whitespace-pre-wrap break-words flex-col gap-4\">\n<div class=\"markdown prose w-full break-words dark:prose-invert light\">\n<p>Si vous ne devez retirn qu&rsquo;une seule chose,<\/p>\n<ul>\n<li>\ud83d\udd6f\ufe0fCandlelight Brussels propose <strong>des concerts \u00e0 la bougie<\/strong> qui vous procureront une <strong>exp\u00e9rience unique.<\/strong> Nous parlerons m\u00eame d&rsquo;une <strong>exp\u00e9rience multisensorielle<\/strong> et unique \u00e0 Bruxelles.<\/li>\n<li>\n<p class=\"LC20lb MBeuO DKV0Md\">\u2764\ufe0f L&rsquo;ambiance y est <strong>romantique,<\/strong> les <strong>bougies<\/strong> et la <strong>musique<\/strong> lors des \u00e9v\u00e9nements Candlelight Brussels y contribuent. <strong>L&rsquo;atmosph\u00e8re<\/strong> est <strong>relaxante.<\/strong><\/p>\n<\/li>\n<li>\ud83c\udfb5 Celle-ci conviendra parfaitement aux <strong>amateurs de musique,<\/strong> mais aussi \u00e0 ceux qui recherchent des \u00e9v\u00e9nements <strong>originaux, <a href=\"https:\/\/www.insidebrussels.be\/V2\/bruxelles\/les-endroits-caches-insolites-et-secrets-a-bruxelles\/\">insolites<\/a><\/strong> et <strong>sp\u00e9ciaux.<\/strong> Au programme, vous pourrez appr\u00e9cier non seulement de la musique <strong>classique,<\/strong> mais \u00e9galement des <strong>bandes originales de films<\/strong>, des musiques de <a href=\"https:\/\/www.insidebrussels.be\/V2\/bruxelles\/quels-sont-les-8-meilleurs-magasins-ou-acheter-des-bandes-dessinees-a-bruxelles\/\"><strong>mangas<\/strong> <\/a>et bien d&rsquo;autres encore.<\/li>\n<li>\ud83c\udfdb\ufe0f Des<strong> lieux <a href=\"https:\/\/www.insidebrussels.be\/V2\/bruxelles\/latomium\/\">embl\u00e9matiques<\/a> et mythiques \u00e0 Bruxelles<\/strong><\/li>\n<li>\ud83c\udfab Billets et r\u00e9servations, tout se r\u00e9serve en ligne!<\/li>\n<\/ul>\n<\/div>\n<\/div>\n<\/div>\n<div class=\"flex justify-between lg:block\"><\/div>\n<\/div>\n<\/div>\n<\/div>\n<\/div>\n<\/div>\n<\/div>\n<\/div>\n","protected":false,"gt_translate_keys":[{"key":"rendered","format":"html"}]},"excerpt":{"rendered":"<p>Candlelights, ces concerts insolites \u00e0 ne pas manquer Coldplay, Stromae, Vivaldi, Warner Bros\u00a0et Hans Zimmer<\/p>\n","protected":false,"gt_translate_keys":[{"key":"rendered","format":"html"}]},"author":1,"featured_media":14754,"comment_status":"closed","ping_status":"closed","sticky":false,"template":"","format":"standard","meta":{"_lmt_disableupdate":"","_lmt_disable":"","footnotes":""},"categories":[232],"tags":[58,101],"class_list":["post-14753","post","type-post","status-publish","format-standard","has-post-thumbnail","hentry","category-agenda-et-expo","tag-en-amoureux","tag-entre-filles"],"modified_by":"pierre","amp_enabled":true,"gt_translate_keys":[{"key":"link","format":"url"}],"_links":{"self":[{"href":"https:\/\/www.insidebrussels.be\/V2\/wp-json\/wp\/v2\/posts\/14753","targetHints":{"allow":["GET"]}}],"collection":[{"href":"https:\/\/www.insidebrussels.be\/V2\/wp-json\/wp\/v2\/posts"}],"about":[{"href":"https:\/\/www.insidebrussels.be\/V2\/wp-json\/wp\/v2\/types\/post"}],"author":[{"embeddable":true,"href":"https:\/\/www.insidebrussels.be\/V2\/wp-json\/wp\/v2\/users\/1"}],"replies":[{"embeddable":true,"href":"https:\/\/www.insidebrussels.be\/V2\/wp-json\/wp\/v2\/comments?post=14753"}],"version-history":[{"count":9,"href":"https:\/\/www.insidebrussels.be\/V2\/wp-json\/wp\/v2\/posts\/14753\/revisions"}],"predecessor-version":[{"id":15405,"href":"https:\/\/www.insidebrussels.be\/V2\/wp-json\/wp\/v2\/posts\/14753\/revisions\/15405"}],"wp:featuredmedia":[{"embeddable":true,"href":"https:\/\/www.insidebrussels.be\/V2\/wp-json\/wp\/v2\/media\/14754"}],"wp:attachment":[{"href":"https:\/\/www.insidebrussels.be\/V2\/wp-json\/wp\/v2\/media?parent=14753"}],"wp:term":[{"taxonomy":"category","embeddable":true,"href":"https:\/\/www.insidebrussels.be\/V2\/wp-json\/wp\/v2\/categories?post=14753"},{"taxonomy":"post_tag","embeddable":true,"href":"https:\/\/www.insidebrussels.be\/V2\/wp-json\/wp\/v2\/tags?post=14753"}],"curies":[{"name":"wp","href":"https:\/\/api.w.org\/{rel}","templated":true}]}}