{"id":1516,"date":"2013-07-18T20:05:01","date_gmt":"2013-07-18T18:05:01","guid":{"rendered":"http:\/\/www.insidebrussels.be\/V0\/?p=1516"},"modified":"2024-06-23T00:23:28","modified_gmt":"2024-06-22T22:23:28","slug":"les-restaurants-pas-chers-a-bruxelles","status":"publish","type":"post","link":"https:\/\/www.insidebrussels.be\/V2\/bruxelles\/les-restaurants-pas-chers-a-bruxelles\/","title":{"rendered":"Nos 5 bonnes adresses o\u00f9 manger pas cher \u00e0 Bruxelles","gt_translate_keys":[{"key":"rendered","format":"text"}]},"content":{"rendered":"\n<p>Qui a dit que manger bon \u00e0 Bruxelles \u00e9tait forc\u00e9ment cher ? La capitale regorge de <strong>bonnes adresses o\u00f9 l&rsquo;on peut se r\u00e9galer pour un budget tout \u00e0 fait raisonnable<\/strong>. Aujourd&rsquo;hui, je vous emm\u00e8ne \u00e0 la d\u00e9couverte de 5 restaurants o\u00f9 vous pourrez savourer un d\u00e9licieux repas pour moins de 15\u20ac. Bon app\u00e9tit!<\/p>\n\n\n\n<h2 class=\"wp-block-heading\">Bruxelles : Un festin pour moins de 15\u20ac ? C&rsquo;est possible !<\/h2>\n\n\n\n<p><strong>Marre des prix exorbitants et des restaurants qui profitent de leur r\u00e9putation ?<\/strong> Envie de d\u00e9couvrir des adresses authentiques o\u00f9 savourer une cuisine d\u00e9licieuse sans vous ruiner ?<\/p>\n\n\n\n<p>Alors, vous \u00eates au bon endroit !<\/p>\n\n\n\n<p>Aujourd&rsquo;hui, on vous emm\u00e8ne \u00e0 la d\u00e9couverte de <strong>nos adresses pr\u00e9f\u00e9r\u00e9es \u00e0 Bruxelles<\/strong> o\u00f9 vous pourrez vous r\u00e9galer pour moins de 15\u20ac.<\/p>\n\n\n\n<p><strong>Loin des clich\u00e9s touristiques et des pi\u00e8ges \u00e0 touristes<\/strong>, on vous propose une s\u00e9lection de restaurants qui ont su garder leur authenticit\u00e9 et leurs prix abordables au fil des ann\u00e9es.<\/p>\n\n\n\n<p><strong>Ces adresses ne sont nullement sponsoris\u00e9es<\/strong>, on vous parle librement de nos coups de c\u0153ur culinaires, test\u00e9s et approuv\u00e9s par des gourmands inv\u00e9t\u00e9r\u00e9s !<\/p>\n\n\n\n<p><strong>Pr\u00eats \u00e0 d\u00e9couvrir les tr\u00e9sors cach\u00e9s de la gastronomie bruxelloise ?<\/strong><\/p>\n\n\n\n<p><strong>C&rsquo;est parti !<\/strong><\/p>\n\n\n\n<h2 class=\"wp-block-heading\"><strong>1. Yamato<\/strong><\/h2>\n\n\n\n<p><\/p>\n\n\n\n<figure class=\"wp-block-gallery has-nested-images columns-default is-cropped wp-block-gallery-2 is-layout-flex wp-block-gallery-is-layout-flex\">\n<figure class=\"wp-block-image size-large\"><a href=\"https:\/\/www.insidebrussels.be\/V2\/wp-content\/uploads\/2024\/05\/72EA938A-2616-4D19-A958-CB8634C057CA.jpeg\"><img decoding=\"async\" width=\"1024\" height=\"768\" data-id=\"16372\" src=\"https:\/\/www.insidebrussels.be\/V2\/wp-content\/uploads\/2024\/05\/72EA938A-2616-4D19-A958-CB8634C057CA-1024x768.jpeg\" alt=\"Miso Ramen \u00e0 Bruxelles - Yamato (c) Piere Halleux\" class=\"wp-image-16372\" srcset=\"https:\/\/www.insidebrussels.be\/V2\/wp-content\/uploads\/2024\/05\/72EA938A-2616-4D19-A958-CB8634C057CA-1024x768.jpeg 1024w, https:\/\/www.insidebrussels.be\/V2\/wp-content\/uploads\/2024\/05\/72EA938A-2616-4D19-A958-CB8634C057CA-300x225.jpeg 300w, https:\/\/www.insidebrussels.be\/V2\/wp-content\/uploads\/2024\/05\/72EA938A-2616-4D19-A958-CB8634C057CA-768x576.jpeg 768w, https:\/\/www.insidebrussels.be\/V2\/wp-content\/uploads\/2024\/05\/72EA938A-2616-4D19-A958-CB8634C057CA-1536x1152.jpeg 1536w, https:\/\/www.insidebrussels.be\/V2\/wp-content\/uploads\/2024\/05\/72EA938A-2616-4D19-A958-CB8634C057CA-720x540.jpeg 720w, https:\/\/www.insidebrussels.be\/V2\/wp-content\/uploads\/2024\/05\/72EA938A-2616-4D19-A958-CB8634C057CA.jpeg 1920w\" sizes=\"(max-width: 1024px) 100vw, 1024px\" \/><\/a><figcaption class=\"wp-element-caption\">Ramen \u00e0 Bruxelles &#8211; Yamato (c) Piere Halleux<\/figcaption><\/figure>\n\n\n\n<figure class=\"wp-block-image size-large\"><a href=\"https:\/\/www.insidebrussels.be\/V2\/wp-content\/uploads\/2024\/05\/4B4D84F8-56C6-4C56-A4AE-E453560DE70B.jpeg\"><img decoding=\"async\" width=\"1024\" height=\"1024\" data-id=\"16224\" src=\"https:\/\/www.insidebrussels.be\/V2\/wp-content\/uploads\/2024\/05\/4B4D84F8-56C6-4C56-A4AE-E453560DE70B-1024x1024.jpeg\" alt=\"Miso Ramen de chez Yamato (c) PIerre Halleux\" class=\"wp-image-16224\" srcset=\"https:\/\/www.insidebrussels.be\/V2\/wp-content\/uploads\/2024\/05\/4B4D84F8-56C6-4C56-A4AE-E453560DE70B-1024x1024.jpeg 1024w, https:\/\/www.insidebrussels.be\/V2\/wp-content\/uploads\/2024\/05\/4B4D84F8-56C6-4C56-A4AE-E453560DE70B-300x300.jpeg 300w, https:\/\/www.insidebrussels.be\/V2\/wp-content\/uploads\/2024\/05\/4B4D84F8-56C6-4C56-A4AE-E453560DE70B-150x150.jpeg 150w, https:\/\/www.insidebrussels.be\/V2\/wp-content\/uploads\/2024\/05\/4B4D84F8-56C6-4C56-A4AE-E453560DE70B-768x768.jpeg 768w, https:\/\/www.insidebrussels.be\/V2\/wp-content\/uploads\/2024\/05\/4B4D84F8-56C6-4C56-A4AE-E453560DE70B-1536x1536.jpeg 1536w, https:\/\/www.insidebrussels.be\/V2\/wp-content\/uploads\/2024\/05\/4B4D84F8-56C6-4C56-A4AE-E453560DE70B.jpeg 1772w\" sizes=\"(max-width: 1024px) 100vw, 1024px\" \/><\/a><figcaption class=\"wp-element-caption\">Miso Ramen de chez Yamato (c) PIerre Halleux<\/figcaption><\/figure>\n\n\n\n<figure class=\"wp-block-image size-large\"><a href=\"https:\/\/www.insidebrussels.be\/V2\/wp-content\/uploads\/2024\/05\/E22C8606-4F14-42AB-BF97-5205C1094501.jpeg\"><img decoding=\"async\" width=\"768\" height=\"1024\" data-id=\"16209\" src=\"https:\/\/www.insidebrussels.be\/V2\/wp-content\/uploads\/2024\/05\/E22C8606-4F14-42AB-BF97-5205C1094501-768x1024.jpeg\" alt=\"Yamato Miso Ramen (c) Pierre Halleux\" class=\"wp-image-16209\" srcset=\"https:\/\/www.insidebrussels.be\/V2\/wp-content\/uploads\/2024\/05\/E22C8606-4F14-42AB-BF97-5205C1094501-768x1024.jpeg 768w, https:\/\/www.insidebrussels.be\/V2\/wp-content\/uploads\/2024\/05\/E22C8606-4F14-42AB-BF97-5205C1094501-225x300.jpeg 225w, https:\/\/www.insidebrussels.be\/V2\/wp-content\/uploads\/2024\/05\/E22C8606-4F14-42AB-BF97-5205C1094501-1152x1536.jpeg 1152w, https:\/\/www.insidebrussels.be\/V2\/wp-content\/uploads\/2024\/05\/E22C8606-4F14-42AB-BF97-5205C1094501-450x600.jpeg 450w, https:\/\/www.insidebrussels.be\/V2\/wp-content\/uploads\/2024\/05\/E22C8606-4F14-42AB-BF97-5205C1094501.jpeg 1440w\" sizes=\"(max-width: 768px) 100vw, 768px\" \/><\/a><figcaption class=\"wp-element-caption\">Yamato Miso Ramen (c) Pierre Halleux<\/figcaption><\/figure>\n\n\n\n<figure class=\"wp-block-image size-large\"><a href=\"https:\/\/www.insidebrussels.be\/V2\/wp-content\/uploads\/2024\/05\/3CD49C65-FBC6-4905-9A53-99DBFFF52658.jpeg\"><img decoding=\"async\" width=\"1024\" height=\"1024\" data-id=\"16192\" src=\"https:\/\/www.insidebrussels.be\/V2\/wp-content\/uploads\/2024\/05\/3CD49C65-FBC6-4905-9A53-99DBFFF52658-1024x1024.jpeg\" alt=\"Yamato Ramen Japonais (c) Pierre Halleux\" class=\"wp-image-16192\" srcset=\"https:\/\/www.insidebrussels.be\/V2\/wp-content\/uploads\/2024\/05\/3CD49C65-FBC6-4905-9A53-99DBFFF52658-1024x1024.jpeg 1024w, https:\/\/www.insidebrussels.be\/V2\/wp-content\/uploads\/2024\/05\/3CD49C65-FBC6-4905-9A53-99DBFFF52658-300x300.jpeg 300w, https:\/\/www.insidebrussels.be\/V2\/wp-content\/uploads\/2024\/05\/3CD49C65-FBC6-4905-9A53-99DBFFF52658-150x150.jpeg 150w, https:\/\/www.insidebrussels.be\/V2\/wp-content\/uploads\/2024\/05\/3CD49C65-FBC6-4905-9A53-99DBFFF52658-768x768.jpeg 768w, https:\/\/www.insidebrussels.be\/V2\/wp-content\/uploads\/2024\/05\/3CD49C65-FBC6-4905-9A53-99DBFFF52658-1536x1536.jpeg 1536w, https:\/\/www.insidebrussels.be\/V2\/wp-content\/uploads\/2024\/05\/3CD49C65-FBC6-4905-9A53-99DBFFF52658.jpeg 1920w\" sizes=\"(max-width: 1024px) 100vw, 1024px\" \/><\/a><figcaption class=\"wp-element-caption\">Yamato Ramen Japonais (c) Pierre Halleux<\/figcaption><\/figure>\n\n\n\n<figure class=\"wp-block-image size-large\"><a href=\"https:\/\/www.insidebrussels.be\/V2\/wp-content\/uploads\/2023\/10\/DE5CB28B-EA81-4117-BA6C-D1FB4564AECD-scaled.jpeg\"><img decoding=\"async\" width=\"1024\" height=\"768\" data-id=\"15055\" src=\"https:\/\/www.insidebrussels.be\/V2\/wp-content\/uploads\/2023\/10\/DE5CB28B-EA81-4117-BA6C-D1FB4564AECD-1024x768.jpeg\" alt=\"Yamato (c) Pierre Halleux\" class=\"wp-image-15055\" srcset=\"https:\/\/www.insidebrussels.be\/V2\/wp-content\/uploads\/2023\/10\/DE5CB28B-EA81-4117-BA6C-D1FB4564AECD-1024x768.jpeg 1024w, https:\/\/www.insidebrussels.be\/V2\/wp-content\/uploads\/2023\/10\/DE5CB28B-EA81-4117-BA6C-D1FB4564AECD-300x225.jpeg 300w, https:\/\/www.insidebrussels.be\/V2\/wp-content\/uploads\/2023\/10\/DE5CB28B-EA81-4117-BA6C-D1FB4564AECD-768x576.jpeg 768w, https:\/\/www.insidebrussels.be\/V2\/wp-content\/uploads\/2023\/10\/DE5CB28B-EA81-4117-BA6C-D1FB4564AECD-1536x1152.jpeg 1536w, https:\/\/www.insidebrussels.be\/V2\/wp-content\/uploads\/2023\/10\/DE5CB28B-EA81-4117-BA6C-D1FB4564AECD-2048x1536.jpeg 2048w, https:\/\/www.insidebrussels.be\/V2\/wp-content\/uploads\/2023\/10\/DE5CB28B-EA81-4117-BA6C-D1FB4564AECD-720x540.jpeg 720w, https:\/\/www.insidebrussels.be\/V2\/wp-content\/uploads\/2023\/10\/DE5CB28B-EA81-4117-BA6C-D1FB4564AECD-scaled.jpeg 1920w\" sizes=\"(max-width: 1024px) 100vw, 1024px\" \/><\/a><figcaption class=\"wp-element-caption\">Yamato (c) Pierre Halleux<\/figcaption><\/figure>\n\n\n\n<figure class=\"wp-block-image size-large\"><a href=\"https:\/\/www.insidebrussels.be\/V2\/wp-content\/uploads\/2023\/10\/94A56763-60D1-4ACB-B1DF-342EE2E2DF70.jpeg\"><img decoding=\"async\" width=\"1024\" height=\"1024\" data-id=\"15054\" src=\"https:\/\/www.insidebrussels.be\/V2\/wp-content\/uploads\/2023\/10\/94A56763-60D1-4ACB-B1DF-342EE2E2DF70-1024x1024.jpeg\" alt=\"Yamato (c) Pierre Halleux\" class=\"wp-image-15054\" srcset=\"https:\/\/www.insidebrussels.be\/V2\/wp-content\/uploads\/2023\/10\/94A56763-60D1-4ACB-B1DF-342EE2E2DF70-1024x1024.jpeg 1024w, https:\/\/www.insidebrussels.be\/V2\/wp-content\/uploads\/2023\/10\/94A56763-60D1-4ACB-B1DF-342EE2E2DF70-300x300.jpeg 300w, https:\/\/www.insidebrussels.be\/V2\/wp-content\/uploads\/2023\/10\/94A56763-60D1-4ACB-B1DF-342EE2E2DF70-150x150.jpeg 150w, https:\/\/www.insidebrussels.be\/V2\/wp-content\/uploads\/2023\/10\/94A56763-60D1-4ACB-B1DF-342EE2E2DF70-768x768.jpeg 768w, https:\/\/www.insidebrussels.be\/V2\/wp-content\/uploads\/2023\/10\/94A56763-60D1-4ACB-B1DF-342EE2E2DF70.jpeg 1080w\" sizes=\"(max-width: 1024px) 100vw, 1024px\" \/><\/a><figcaption class=\"wp-element-caption\">Yamato (c) Pierre Halleux<\/figcaption><\/figure>\n\n\n\n<figure class=\"wp-block-image size-large\"><a href=\"https:\/\/www.insidebrussels.be\/V2\/wp-content\/uploads\/2022\/12\/AA0D948D-F4E1-40A0-964C-4B4263DD88E4.jpeg\"><img decoding=\"async\" width=\"768\" height=\"1024\" data-id=\"13548\" src=\"https:\/\/www.insidebrussels.be\/V2\/wp-content\/uploads\/2022\/12\/AA0D948D-F4E1-40A0-964C-4B4263DD88E4-768x1024.jpeg\" alt=\"Mise Romen de Chez Yamato \u00e0 Ixelles (c) Photo Pierre Halleux\" class=\"wp-image-13548\" srcset=\"https:\/\/www.insidebrussels.be\/V2\/wp-content\/uploads\/2022\/12\/AA0D948D-F4E1-40A0-964C-4B4263DD88E4-768x1024.jpeg 768w, https:\/\/www.insidebrussels.be\/V2\/wp-content\/uploads\/2022\/12\/AA0D948D-F4E1-40A0-964C-4B4263DD88E4-1152x1536.jpeg 1152w, https:\/\/www.insidebrussels.be\/V2\/wp-content\/uploads\/2022\/12\/AA0D948D-F4E1-40A0-964C-4B4263DD88E4-1536x2048.jpeg 1536w\" sizes=\"(max-width: 768px) 100vw, 768px\" \/><\/a><figcaption class=\"wp-element-caption\">Mise Romen de Chez Yamato \u00e0 Ixelles (c) Photo Pierre Halleux<\/figcaption><\/figure>\n<\/figure>\n\n\n\n<p>Ce restaurant japonais d&rsquo;Ixelles est une v\u00e9ritable institution pour les amateurs de ramen. On y trouve des <strong>bouillons savoureux et des nouilles parfaitement cuites<\/strong>, le tout \u00e0 un prix tr\u00e8s abordable.<\/p>\n\n\n\n<p>Ce restaurant fait partie de <a href=\"https:\/\/www.insidebrussels.be\/V2\/bruxelles\/manger-un-bon-miso-ramen\/\">nos endroits pr\u00e9f\u00e9r\u00e9s o\u00f9 manger des soupes Miso Ramen \u00e0 Bruxelles.<\/a> \u00ab\u00a0<strong>Le meilleur ramen que j&rsquo;ai jamais mang\u00e9 en dehors du Japon !<\/strong>\u00a0\u00bb s&rsquo;exclame un client sur TripAdvisor. \u00ab\u00a0<strong>Un vrai r\u00e9gal pour les papilles gustatives<\/strong>\u00ab\u00a0, ajoute un autre.<\/p>\n\n\n\n<p>Le <strong>miso ramen<\/strong> est l&rsquo;un des plats les plus populaires du Yamato, et il tourne autour des 15\u20ac. C&rsquo;est un plat copieux et savoureux qui vous ravira \u00e0 coup s\u00fbr.<\/p>\n\n\n\n<ul class=\"wp-block-list\">\n<li>\u23f0<strong>Heures d&rsquo;ouverture:<\/strong>\n<ul class=\"wp-block-list\">\n<li>Mardi &#8211; Samedi : 12h00 &#8211; 14h30 &amp; 18h00 &#8211; 22h30<\/li>\n\n\n\n<li>Dimanche : 12h00 &#8211; 22h30<\/li>\n<\/ul>\n<\/li>\n\n\n\n<li>\ud83d\udccd<strong>Rue de l&rsquo;Enseignement 87<\/strong>, Ixelles<\/li>\n\n\n\n<li><strong>Prix:<\/strong> \u20ac<\/li>\n\n\n\n<li><strong><a href=\"https:\/\/www.facebook.com\/yamatobelgique\/?locale=fr_FR\" target=\"_blank\" rel=\"noreferrer noopener\">Site web<\/a><\/strong><\/li>\n<\/ul>\n\n\n\n<ul class=\"wp-block-list\">\n<li><\/li>\n<\/ul>\n\n\n\n<h2 class=\"wp-block-heading\"><strong>2. Knees to Chin<\/strong><\/h2>\n\n\n\n<figure class=\"wp-block-gallery has-nested-images columns-default is-cropped wp-block-gallery-3 is-layout-flex wp-block-gallery-is-layout-flex\">\n<figure class=\"wp-block-image size-large\"><a href=\"https:\/\/www.insidebrussels.be\/V2\/wp-content\/uploads\/2024\/05\/716794B4-698E-4E44-8D82-E55E5A039AB5.jpeg\"><img decoding=\"async\" width=\"1024\" height=\"1024\" data-id=\"16220\" src=\"https:\/\/www.insidebrussels.be\/V2\/wp-content\/uploads\/2024\/05\/716794B4-698E-4E44-8D82-E55E5A039AB5-1024x1024.jpeg\" alt=\"Knees to Chin Street food \u00e0 Bruxelles (c) Photo Pierre Halleux\" class=\"wp-image-16220\" srcset=\"https:\/\/www.insidebrussels.be\/V2\/wp-content\/uploads\/2024\/05\/716794B4-698E-4E44-8D82-E55E5A039AB5-1024x1024.jpeg 1024w, https:\/\/www.insidebrussels.be\/V2\/wp-content\/uploads\/2024\/05\/716794B4-698E-4E44-8D82-E55E5A039AB5-300x300.jpeg 300w, https:\/\/www.insidebrussels.be\/V2\/wp-content\/uploads\/2024\/05\/716794B4-698E-4E44-8D82-E55E5A039AB5-150x150.jpeg 150w, https:\/\/www.insidebrussels.be\/V2\/wp-content\/uploads\/2024\/05\/716794B4-698E-4E44-8D82-E55E5A039AB5-768x768.jpeg 768w, https:\/\/www.insidebrussels.be\/V2\/wp-content\/uploads\/2024\/05\/716794B4-698E-4E44-8D82-E55E5A039AB5.jpeg 1440w\" sizes=\"(max-width: 1024px) 100vw, 1024px\" \/><\/a><figcaption class=\"wp-element-caption\">Knees to Chin Street food \u00e0 Bruxelles (c) Photo Pierre Halleux<\/figcaption><\/figure>\n\n\n\n<figure class=\"wp-block-image size-large\"><a href=\"https:\/\/www.insidebrussels.be\/V2\/wp-content\/uploads\/2024\/05\/402F345A-00D8-4773-9850-11D9CBC92B95.jpeg\"><img decoding=\"async\" width=\"1024\" height=\"1024\" data-id=\"16219\" src=\"https:\/\/www.insidebrussels.be\/V2\/wp-content\/uploads\/2024\/05\/402F345A-00D8-4773-9850-11D9CBC92B95-1024x1024.jpeg\" alt=\"Knees to Chin Street food \u00e0 Bruxelles (c) Photo Pierre Halleux\" class=\"wp-image-16219\" srcset=\"https:\/\/www.insidebrussels.be\/V2\/wp-content\/uploads\/2024\/05\/402F345A-00D8-4773-9850-11D9CBC92B95-1024x1024.jpeg 1024w, https:\/\/www.insidebrussels.be\/V2\/wp-content\/uploads\/2024\/05\/402F345A-00D8-4773-9850-11D9CBC92B95-300x300.jpeg 300w, https:\/\/www.insidebrussels.be\/V2\/wp-content\/uploads\/2024\/05\/402F345A-00D8-4773-9850-11D9CBC92B95-150x150.jpeg 150w, https:\/\/www.insidebrussels.be\/V2\/wp-content\/uploads\/2024\/05\/402F345A-00D8-4773-9850-11D9CBC92B95-768x768.jpeg 768w, https:\/\/www.insidebrussels.be\/V2\/wp-content\/uploads\/2024\/05\/402F345A-00D8-4773-9850-11D9CBC92B95.jpeg 1440w\" sizes=\"(max-width: 1024px) 100vw, 1024px\" \/><\/a><figcaption class=\"wp-element-caption\">Knees to Chin Street food \u00e0 Bruxelles (c) Photo Pierre Halleux<\/figcaption><\/figure>\n\n\n\n<figure class=\"wp-block-image size-large\"><a href=\"https:\/\/www.insidebrussels.be\/V2\/wp-content\/uploads\/2024\/05\/DD91A437-3398-473B-BFC4-D7B6250E7463.jpeg\"><img decoding=\"async\" width=\"1024\" height=\"1024\" data-id=\"16217\" src=\"https:\/\/www.insidebrussels.be\/V2\/wp-content\/uploads\/2024\/05\/DD91A437-3398-473B-BFC4-D7B6250E7463-1024x1024.jpeg\" alt=\"Knees to Chin Street food \u00e0 Bruxelles (c) Photo Pierre Halleux\" class=\"wp-image-16217\" srcset=\"https:\/\/www.insidebrussels.be\/V2\/wp-content\/uploads\/2024\/05\/DD91A437-3398-473B-BFC4-D7B6250E7463-1024x1024.jpeg 1024w, https:\/\/www.insidebrussels.be\/V2\/wp-content\/uploads\/2024\/05\/DD91A437-3398-473B-BFC4-D7B6250E7463-300x300.jpeg 300w, https:\/\/www.insidebrussels.be\/V2\/wp-content\/uploads\/2024\/05\/DD91A437-3398-473B-BFC4-D7B6250E7463-150x150.jpeg 150w, https:\/\/www.insidebrussels.be\/V2\/wp-content\/uploads\/2024\/05\/DD91A437-3398-473B-BFC4-D7B6250E7463-768x768.jpeg 768w, https:\/\/www.insidebrussels.be\/V2\/wp-content\/uploads\/2024\/05\/DD91A437-3398-473B-BFC4-D7B6250E7463.jpeg 1440w\" sizes=\"(max-width: 1024px) 100vw, 1024px\" \/><\/a><figcaption class=\"wp-element-caption\">Knees to Chin Street food \u00e0 Bruxelles (c) Photo Pierre Halleux<\/figcaption><\/figure>\n<\/figure>\n\n\n\n<p>Avis aux amateurs de <strong>cuisine asiatique fusion<\/strong> ! Knees to Chin, situ\u00e9 \u00e0 Ixelles, propose un <strong>voyage gustatif unique<\/strong> \u00e0 travers les saveurs de l&rsquo;Asie. Ce que nous appr\u00e9cions ici, ce sont<strong> des plats frais &amp; savoureux qui sortent assez de l&rsquo;ordinaire<\/strong>\u00ab\u00a0. Vous pourrez y d\u00e9guster de <strong>d\u00e9licieux <\/strong><a href=\"https:\/\/www.marmiton.org\/recettes\/recette_rouleaux-de-printemps-simplifies_65222.aspx\" target=\"_blank\" rel=\"noreferrer noopener\"><strong>rouleaux de riz<\/strong> <\/a>garnis d&rsquo;ingr\u00e9dients frais et savoureux, ainsi que des <strong>plats de cuisine de rue<\/strong> inspir\u00e9s de diff\u00e9rentes r\u00e9gions d&rsquo;Asie. Le d\u00e9paysement <strong>culinaire est garranti. <\/strong>Chacun des rolls vient accompagn\u00e9 d&rsquo;une sauce sp\u00e9ciale.<\/p>\n\n\n\n<p><strong>On aime particuli\u00e8rement <\/strong>ces deux-ci :<\/p>\n\n\n\n<ul class=\"wp-block-list\">\n<li><strong>Crispy Bacon<\/strong>: Rouleau de riz fourr\u00e9 au bacon croustillant, poire, daikon marin\u00e9, persil frais, graines de moutarde marin\u00e9es et mayonnaise au wasabi. Le mariage du bacon fum\u00e9 et sucr\u00e9 de la poire est original et gourmand, relev\u00e9 par le piquant du daikon marin\u00e9, des graines de moutarde et de la mayonnaise au wasabi (5.9\u20ac).<\/li>\n\n\n\n<li><strong>Peking Duck<\/strong>: Rouleau de riz garni de canard laqu\u00e9, d&rsquo;ananas, de menthe fra\u00eeche, de persil frais, de cacahu\u00e8tes concass\u00e9es et de mayonnaise au miso. Cette composition revisit\u00e9e du canard laqu\u00e9 p\u00e9kinois est une explosion de saveurs et de textures, avec la douceur de l&rsquo;ananas et la fra\u00eecheur de la menthe qui contrebalancent parfaitement le gras du canard (5.9\u20ac).<\/li>\n<\/ul>\n\n\n\n<p><strong>En plus de ces deux d\u00e9licieux rouleaux, voici une autre option \u00e9conomique :<\/strong><\/p>\n\n\n\n<ul class=\"wp-block-list\">\n<li><strong>Combo Lunch<\/strong>: Ce menu comprend deux rouleaux de riz et un accompagnement au choix (bol de riz \u00e0 la sauce cacahu\u00e8te, salade de chou ou soupe miso) pour 14.9\u20ac. C&rsquo;est une option id\u00e9ale pour un repas copieux et savoureux \u00e0 un prix abordable.<\/li>\n<\/ul>\n\n\n\n<p><strong>Le prix des plats varie en fonction de votre choix<\/strong>, mais il est g\u00e9n\u00e9ralement <strong>compris entre 8\u20ac et 12\u20ac<\/strong>. Les deux rouleaux mentionn\u00e9s ci-dessus sont propos\u00e9s \u00e0 5.9\u20ac chacun et le Combo Lunch est \u00e0 14.9\u20ac.<\/p>\n\n\n\n<p><strong>Knees to Chin est une excellente option pour:<\/strong><\/p>\n\n\n\n<ul class=\"wp-block-list\">\n<li>Un repas entre amis ou en famille<\/li>\n\n\n\n<li>Un d\u00e9jeuner rapide et savoureux<\/li>\n\n\n\n<li>Un d\u00eener dans un cadre original<\/li>\n\n\n\n<li>D\u00e9guster des <a href=\"https:\/\/www.insidebrussels.be\/V2\/bruxelles\/magasins-et-supermarche-asiatiques-bruxelles\/\">saveurs d&rsquo;Asie <\/a>revisit\u00e9es<\/li>\n\n\n\n<li>Profiter d&rsquo;une ambiance conviviale<\/li>\n<\/ul>\n\n\n\n<ul class=\"wp-block-list\">\n<li>\u23f0<strong>Heures d&rsquo;ouverture:<\/strong>\n<ul class=\"wp-block-list\">\n<li>Mardi &#8211; Samedi : 12h00 &#8211; 14h30 &amp; 18h00 &#8211; 22h30<\/li>\n\n\n\n<li>Dimanche : 12h00 &#8211; 22h30<\/li>\n<\/ul>\n<\/li>\n\n\n\n<li>\ud83d\udccd<strong>Rue de l&rsquo;Enseignement 91<\/strong><\/li>\n\n\n\n<li><strong>Prix:<\/strong> \u20ac<\/li>\n\n\n\n<li><strong><a href=\"https:\/\/kneestochin.com\/menu\/\" target=\"_blank\" rel=\"noreferrer noopener\">Site web<\/a><\/strong><\/li>\n<\/ul>\n\n\n\n<ul class=\"wp-block-list\">\n<li><\/li>\n<\/ul>\n\n\n\n<h2 class=\"wp-block-heading\"><strong>3. Friterie Antoine<\/strong><\/h2>\n\n\n\n<figure class=\"wp-block-gallery has-nested-images columns-default is-cropped wp-block-gallery-4 is-layout-flex wp-block-gallery-is-layout-flex\">\n<figure class=\"wp-block-image size-large\"><a href=\"https:\/\/www.insidebrussels.be\/V2\/wp-content\/uploads\/2015\/04\/Screen-Shot-2016-11-03-at-20.50.58-e1499119487262.png\"><img decoding=\"async\" width=\"941\" height=\"449\" data-id=\"8280\" src=\"https:\/\/www.insidebrussels.be\/V2\/wp-content\/uploads\/2015\/04\/Screen-Shot-2016-11-03-at-20.50.58-e1499119487262.png\" alt=\"Meilleures frites place jourdan : Maison Antoine \u00e0 Bruxelles\" class=\"wp-image-8280\" srcset=\"https:\/\/www.insidebrussels.be\/V2\/wp-content\/uploads\/2015\/04\/Screen-Shot-2016-11-03-at-20.50.58-e1499119487262.png 941w, https:\/\/www.insidebrussels.be\/V2\/wp-content\/uploads\/2015\/04\/Screen-Shot-2016-11-03-at-20.50.58-e1499119487262-300x143.png 300w, https:\/\/www.insidebrussels.be\/V2\/wp-content\/uploads\/2015\/04\/Screen-Shot-2016-11-03-at-20.50.58-e1499119487262-600x286.png 600w, https:\/\/www.insidebrussels.be\/V2\/wp-content\/uploads\/2015\/04\/Screen-Shot-2016-11-03-at-20.50.58-e1499119487262-702x336.png 702w, https:\/\/www.insidebrussels.be\/V2\/wp-content\/uploads\/2015\/04\/Screen-Shot-2016-11-03-at-20.50.58-e1499119487262-768x366.png 768w\" sizes=\"(max-width: 941px) 100vw, 941px\" \/><\/a><figcaption class=\"wp-element-caption\">Meilleures frites place jourdan : Maison Antoine \u00e0 Bruxelles<\/figcaption><\/figure>\n\n\n\n<figure class=\"wp-block-image size-large\"><a href=\"https:\/\/www.insidebrussels.be\/V2\/wp-content\/uploads\/2015\/04\/Screen-Shot-2015-08-17-at-00.10.16.png\"><img decoding=\"async\" width=\"221\" height=\"144\" data-id=\"6670\" src=\"https:\/\/www.insidebrussels.be\/V2\/wp-content\/uploads\/2015\/04\/Screen-Shot-2015-08-17-at-00.10.16.png\" alt=\"Maison Antoine\" class=\"wp-image-6670\" srcset=\"https:\/\/www.insidebrussels.be\/V2\/wp-content\/uploads\/2015\/04\/Screen-Shot-2015-08-17-at-00.10.16.png 221w, https:\/\/www.insidebrussels.be\/V2\/wp-content\/uploads\/2015\/04\/Screen-Shot-2015-08-17-at-00.10.16-214x140.png 214w\" sizes=\"(max-width: 221px) 100vw, 221px\" \/><\/a><figcaption class=\"wp-element-caption\">Maison Antoine<\/figcaption><\/figure>\n\n\n\n<figure class=\"wp-block-image size-large\"><a href=\"https:\/\/www.insidebrussels.be\/V2\/wp-content\/uploads\/2020\/06\/\u201cGo\u00fbte-moi-\u00e7a-\u201d-5.jpg\"><img decoding=\"async\" width=\"702\" height=\"336\" data-id=\"10874\" src=\"https:\/\/www.insidebrussels.be\/V2\/wp-content\/uploads\/2020\/06\/\u201cGo\u00fbte-moi-\u00e7a-\u201d-5.jpg\" alt=\"mitrailette_belge frite\" class=\"wp-image-10874\" srcset=\"https:\/\/www.insidebrussels.be\/V2\/wp-content\/uploads\/2020\/06\/\u201cGo\u00fbte-moi-\u00e7a-\u201d-5.jpg 702w, https:\/\/www.insidebrussels.be\/V2\/wp-content\/uploads\/2020\/06\/\u201cGo\u00fbte-moi-\u00e7a-\u201d-5-300x144.jpg 300w\" sizes=\"(max-width: 702px) 100vw, 702px\" \/><\/a><figcaption class=\"wp-element-caption\">mitrailette_belge frite<\/figcaption><\/figure>\n<\/figure>\n\n\n\n<p>Envie d&rsquo;une pause gourmande sur le pouce ? Direction la Friterie Antoine ! Cette baraque \u00e0 frite fait partie de l&rsquo;une des <strong><a href=\"https:\/\/www.insidebrussels.be\/V2\/bruxelles\/les-meilleures-friteries-a-bruxelles-frites-belges\/\">meilleures frites de Bruxelles<\/a><\/strong> (selon nous), cuites dans de la graisse de b\u0153uf et servies avec une multitude de sauces.<\/p>\n\n\n\n<p>Si vous lisez les avis Facebook ou Google, vous ne pourrez manquer de lire \u00ab\u00a0<strong>Des frites croustillantes et savoureuses<\/strong>, comme on les aime !\u00a0\u00bb&#8230; \u00ab\u00a0<strong>Un vrai r\u00e9gal pour les papilles gustatives<\/strong>\u00ab\u00a0, ajoute un autre. Nous sommes totalement d&rsquo;accord! <\/p>\n\n\n\n<p><strong>Attention:<\/strong> Il n&rsquo;est pas possible de manger sur place \u00e0 la Friterie Antoine. Vous pouvez prendre vos frites \u00e0 emporter et les d\u00e9guster sur un des bancs de la place Poelaert ou dans un des nombreux caf\u00e9s qui s&rsquo;y trouvent.<\/p>\n\n\n\n<p>Si vous ne savez pas quelle sauce choisir consultez <a href=\"https:\/\/www.insidebrussels.be\/V2\/bruxelles\/quelles-est-la-meilleure-sauce-pour-les-frites-belge\/\">notre guide sp\u00e9cial sauce belge.<\/a><\/p>\n\n\n\n<ul class=\"wp-block-list\">\n<li><strong>Prix:<\/strong> \u20ac<\/li>\n\n\n\n<li>\u23f0 Lundi-Dimanche: 11H30 &#8211; 1H00<\/li>\n\n\n\n<li>\ud83d\udccd<strong>Rue Haute 363<\/strong><\/li>\n<\/ul>\n\n\n\n<h2 class=\"wp-block-heading\"><strong>4. Eccetera<\/strong><\/h2>\n\n\n\n<figure class=\"wp-block-gallery has-nested-images columns-default is-cropped wp-block-gallery-5 is-layout-flex wp-block-gallery-is-layout-flex\">\n<figure class=\"wp-block-image size-large\"><a href=\"https:\/\/www.insidebrussels.be\/V2\/wp-content\/uploads\/2023\/10\/7C007349-362D-4D80-8B93-3503D88AE124-scaled.jpeg\"><img decoding=\"async\" width=\"768\" height=\"1024\" data-id=\"15050\" src=\"https:\/\/www.insidebrussels.be\/V2\/wp-content\/uploads\/2023\/10\/7C007349-362D-4D80-8B93-3503D88AE124-768x1024.jpeg\" alt=\"Eccetera Italien Bruxelles (c) Pierre Halleux\" class=\"wp-image-15050\" srcset=\"https:\/\/www.insidebrussels.be\/V2\/wp-content\/uploads\/2023\/10\/7C007349-362D-4D80-8B93-3503D88AE124-768x1024.jpeg 768w, https:\/\/www.insidebrussels.be\/V2\/wp-content\/uploads\/2023\/10\/7C007349-362D-4D80-8B93-3503D88AE124-225x300.jpeg 225w, https:\/\/www.insidebrussels.be\/V2\/wp-content\/uploads\/2023\/10\/7C007349-362D-4D80-8B93-3503D88AE124-1152x1536.jpeg 1152w, https:\/\/www.insidebrussels.be\/V2\/wp-content\/uploads\/2023\/10\/7C007349-362D-4D80-8B93-3503D88AE124-1536x2048.jpeg 1536w, https:\/\/www.insidebrussels.be\/V2\/wp-content\/uploads\/2023\/10\/7C007349-362D-4D80-8B93-3503D88AE124-450x600.jpeg 450w, https:\/\/www.insidebrussels.be\/V2\/wp-content\/uploads\/2023\/10\/7C007349-362D-4D80-8B93-3503D88AE124-scaled.jpeg 1440w\" sizes=\"(max-width: 768px) 100vw, 768px\" \/><\/a><figcaption class=\"wp-element-caption\">Eccetera Italien Bruxelles (c) Pierre Halleux<\/figcaption><\/figure>\n\n\n\n<figure class=\"wp-block-image size-large\"><a href=\"https:\/\/www.insidebrussels.be\/V2\/wp-content\/uploads\/2015\/04\/E...ccetera-3-e1430422338292.jpg\"><img decoding=\"async\" width=\"1024\" height=\"608\" data-id=\"2437\" src=\"https:\/\/www.insidebrussels.be\/V2\/wp-content\/uploads\/2015\/04\/E...ccetera-3-e1430422338292-1024x608.jpg\" alt=\"E...ccetera restaurant Italien Bruxelles (c) Pierre Halleux\" class=\"wp-image-2437\" srcset=\"https:\/\/www.insidebrussels.be\/V2\/wp-content\/uploads\/2015\/04\/E...ccetera-3-e1430422338292-1024x608.jpg 1024w, https:\/\/www.insidebrussels.be\/V2\/wp-content\/uploads\/2015\/04\/E...ccetera-3-e1430422338292-300x178.jpg 300w, https:\/\/www.insidebrussels.be\/V2\/wp-content\/uploads\/2015\/04\/E...ccetera-3-e1430422338292.jpg 1078w\" sizes=\"(max-width: 1024px) 100vw, 1024px\" \/><\/a><figcaption class=\"wp-element-caption\">E&#8230;ccetera restaurant Italien Bruxelles, un plat \u00e0 moins de 15\u20ac  (c) Pierre Halleux<\/figcaption><\/figure>\n<\/figure>\n\n\n\n<p>Situ\u00e9 \u00e0 Etterbeek, ce restaurant propose une cuisine italienne authentique et savoureuse. Vous pourrez y d\u00e9guster des <strong>pizzas<\/strong>, des <strong>p\u00e2tes<\/strong>, des <strong>risottos<\/strong> et d&rsquo;autres sp\u00e9cialit\u00e9s pour un prix tr\u00e8s abordable.<\/p>\n\n\n\n<p>\u00ab\u00a0<strong>Un cadre chaleureux et une cuisine d\u00e9licieuse<\/strong>\u00ab\u00a0, commente un client sur Google. \u00ab\u00a0<strong>Un excellent rapport qualit\u00e9-prix<\/strong>\u00ab\u00a0, appr\u00e9cie un autre.<\/p>\n\n\n\n<ul class=\"wp-block-list\">\n<li>\u23f0<strong>Heures d&rsquo;ouverture:<\/strong>\n<ul class=\"wp-block-list\">\n<li>Lundi au vendrdi: 12h00 &#8211; 00h00<\/li>\n\n\n\n<li>Ferm\u00e9 le samedi &amp; dimanche<\/li>\n<\/ul>\n<\/li>\n\n\n\n<li>\ud83d\udccd<strong>Avenue Jules Malou 26<\/strong><\/li>\n<\/ul>\n\n\n\n<ul class=\"wp-block-list\">\n<li><\/li>\n<\/ul>\n\n\n\n<h2 class=\"wp-block-heading\"><strong>5. Nona<\/strong> M\u00e9rode<\/h2>\n\n\n\n<figure class=\"wp-block-gallery has-nested-images columns-default is-cropped wp-block-gallery-6 is-layout-flex wp-block-gallery-is-layout-flex\">\n<figure class=\"wp-block-image size-large\"><a href=\"https:\/\/www.insidebrussels.be\/V2\/wp-content\/uploads\/2024\/06\/C4F2A989-FDBB-4913-B91E-59755AAC86CC.jpeg\"><img decoding=\"async\" width=\"1024\" height=\"768\" data-id=\"16805\" src=\"https:\/\/www.insidebrussels.be\/V2\/wp-content\/uploads\/2024\/06\/C4F2A989-FDBB-4913-B91E-59755AAC86CC-1024x768.jpeg\" alt=\"Nona, de d\u00e9licieuses pizzas pr\u00e8s de M\u00e9rode (c) Photo Pierre Halleux\" class=\"wp-image-16805\" srcset=\"https:\/\/www.insidebrussels.be\/V2\/wp-content\/uploads\/2024\/06\/C4F2A989-FDBB-4913-B91E-59755AAC86CC-1024x768.jpeg 1024w, https:\/\/www.insidebrussels.be\/V2\/wp-content\/uploads\/2024\/06\/C4F2A989-FDBB-4913-B91E-59755AAC86CC-300x225.jpeg 300w, https:\/\/www.insidebrussels.be\/V2\/wp-content\/uploads\/2024\/06\/C4F2A989-FDBB-4913-B91E-59755AAC86CC-768x576.jpeg 768w, https:\/\/www.insidebrussels.be\/V2\/wp-content\/uploads\/2024\/06\/C4F2A989-FDBB-4913-B91E-59755AAC86CC-1536x1152.jpeg 1536w, https:\/\/www.insidebrussels.be\/V2\/wp-content\/uploads\/2024\/06\/C4F2A989-FDBB-4913-B91E-59755AAC86CC-720x540.jpeg 720w, https:\/\/www.insidebrussels.be\/V2\/wp-content\/uploads\/2024\/06\/C4F2A989-FDBB-4913-B91E-59755AAC86CC.jpeg 1920w\" sizes=\"(max-width: 1024px) 100vw, 1024px\" \/><\/a><figcaption class=\"wp-element-caption\">Nona, de d\u00e9licieuses pizzas pr\u00e8s de M\u00e9rode (c) Photo Pierre Halleux<\/figcaption><\/figure>\n\n\n\n<figure class=\"wp-block-image size-large\"><a href=\"https:\/\/www.insidebrussels.be\/V2\/wp-content\/uploads\/2024\/06\/2BBEBAD3-4E27-494B-86B7-FC646A0AD1F2.jpeg\"><img decoding=\"async\" width=\"1024\" height=\"1024\" data-id=\"16804\" src=\"https:\/\/www.insidebrussels.be\/V2\/wp-content\/uploads\/2024\/06\/2BBEBAD3-4E27-494B-86B7-FC646A0AD1F2-1024x1024.jpeg\" alt=\"Nona, le menu , de d\u00e9licieuses pizzas pr\u00e8s de M\u00e9rode (c) Photo Pierre Halleux\" class=\"wp-image-16804\" srcset=\"https:\/\/www.insidebrussels.be\/V2\/wp-content\/uploads\/2024\/06\/2BBEBAD3-4E27-494B-86B7-FC646A0AD1F2-1024x1024.jpeg 1024w, https:\/\/www.insidebrussels.be\/V2\/wp-content\/uploads\/2024\/06\/2BBEBAD3-4E27-494B-86B7-FC646A0AD1F2-300x300.jpeg 300w, https:\/\/www.insidebrussels.be\/V2\/wp-content\/uploads\/2024\/06\/2BBEBAD3-4E27-494B-86B7-FC646A0AD1F2-150x150.jpeg 150w, https:\/\/www.insidebrussels.be\/V2\/wp-content\/uploads\/2024\/06\/2BBEBAD3-4E27-494B-86B7-FC646A0AD1F2-768x768.jpeg 768w, https:\/\/www.insidebrussels.be\/V2\/wp-content\/uploads\/2024\/06\/2BBEBAD3-4E27-494B-86B7-FC646A0AD1F2-1536x1536.jpeg 1536w, https:\/\/www.insidebrussels.be\/V2\/wp-content\/uploads\/2024\/06\/2BBEBAD3-4E27-494B-86B7-FC646A0AD1F2.jpeg 1920w\" sizes=\"(max-width: 1024px) 100vw, 1024px\" \/><\/a><figcaption class=\"wp-element-caption\">Nona, le menu , de d\u00e9licieuses pizzas pr\u00e8s de M\u00e9rode (c) Photo Pierre Halleux<\/figcaption><\/figure>\n\n\n\n<figure class=\"wp-block-image size-large\"><a href=\"https:\/\/www.insidebrussels.be\/V2\/wp-content\/uploads\/2024\/06\/B3219B17-CCD1-4823-BDEE-E9523DA75EB5.jpeg\"><img decoding=\"async\" width=\"768\" height=\"1024\" data-id=\"16803\" src=\"https:\/\/www.insidebrussels.be\/V2\/wp-content\/uploads\/2024\/06\/B3219B17-CCD1-4823-BDEE-E9523DA75EB5-768x1024.jpeg\" alt=\"Nona, le menu , de d\u00e9licieuses pizzas pr\u00e8s de M\u00e9rode (c) Photo Pierre Halleux\" class=\"wp-image-16803\" srcset=\"https:\/\/www.insidebrussels.be\/V2\/wp-content\/uploads\/2024\/06\/B3219B17-CCD1-4823-BDEE-E9523DA75EB5-768x1024.jpeg 768w, https:\/\/www.insidebrussels.be\/V2\/wp-content\/uploads\/2024\/06\/B3219B17-CCD1-4823-BDEE-E9523DA75EB5-225x300.jpeg 225w, https:\/\/www.insidebrussels.be\/V2\/wp-content\/uploads\/2024\/06\/B3219B17-CCD1-4823-BDEE-E9523DA75EB5-1152x1536.jpeg 1152w, https:\/\/www.insidebrussels.be\/V2\/wp-content\/uploads\/2024\/06\/B3219B17-CCD1-4823-BDEE-E9523DA75EB5-450x600.jpeg 450w, https:\/\/www.insidebrussels.be\/V2\/wp-content\/uploads\/2024\/06\/B3219B17-CCD1-4823-BDEE-E9523DA75EB5.jpeg 1440w\" sizes=\"(max-width: 768px) 100vw, 768px\" \/><\/a><figcaption class=\"wp-element-caption\">Nona, le menu , de d\u00e9licieuses pizzas pr\u00e8s de M\u00e9rode (c) Photo Pierre Halleux<\/figcaption><\/figure>\n\n\n\n<figure class=\"wp-block-image size-large\"><a href=\"https:\/\/www.insidebrussels.be\/V2\/wp-content\/uploads\/2024\/06\/FC7EB351-0F61-420C-8B62-80664D755366.jpeg\"><img decoding=\"async\" width=\"1024\" height=\"768\" data-id=\"16802\" src=\"https:\/\/www.insidebrussels.be\/V2\/wp-content\/uploads\/2024\/06\/FC7EB351-0F61-420C-8B62-80664D755366-1024x768.jpeg\" alt=\"Nona , de d\u00e9licieuses pizzas pr\u00e8s de M\u00e9rode (c) Photo Pierre Halleux\" class=\"wp-image-16802\" srcset=\"https:\/\/www.insidebrussels.be\/V2\/wp-content\/uploads\/2024\/06\/FC7EB351-0F61-420C-8B62-80664D755366-1024x768.jpeg 1024w, https:\/\/www.insidebrussels.be\/V2\/wp-content\/uploads\/2024\/06\/FC7EB351-0F61-420C-8B62-80664D755366-300x225.jpeg 300w, https:\/\/www.insidebrussels.be\/V2\/wp-content\/uploads\/2024\/06\/FC7EB351-0F61-420C-8B62-80664D755366-768x576.jpeg 768w, https:\/\/www.insidebrussels.be\/V2\/wp-content\/uploads\/2024\/06\/FC7EB351-0F61-420C-8B62-80664D755366-1536x1152.jpeg 1536w, https:\/\/www.insidebrussels.be\/V2\/wp-content\/uploads\/2024\/06\/FC7EB351-0F61-420C-8B62-80664D755366-720x540.jpeg 720w, https:\/\/www.insidebrussels.be\/V2\/wp-content\/uploads\/2024\/06\/FC7EB351-0F61-420C-8B62-80664D755366.jpeg 1920w\" sizes=\"(max-width: 1024px) 100vw, 1024px\" \/><\/a><figcaption class=\"wp-element-caption\">Nona, de d\u00e9licieuses pizzas pr\u00e8s de M\u00e9rode (c) Photo Pierre Halleux<\/figcaption><\/figure>\n\n\n\n<figure class=\"wp-block-image size-large\"><a href=\"https:\/\/www.insidebrussels.be\/V2\/wp-content\/uploads\/2024\/06\/4210FEA2-C19E-411E-95C1-A5F6C75FB202.jpeg\"><img decoding=\"async\" width=\"1024\" height=\"1024\" data-id=\"16801\" src=\"https:\/\/www.insidebrussels.be\/V2\/wp-content\/uploads\/2024\/06\/4210FEA2-C19E-411E-95C1-A5F6C75FB202-1024x1024.jpeg\" alt=\"Nona, , de d\u00e9licieuses pizzas pr\u00e8s de M\u00e9rode (c) Photo Pierre Halleux\" class=\"wp-image-16801\" srcset=\"https:\/\/www.insidebrussels.be\/V2\/wp-content\/uploads\/2024\/06\/4210FEA2-C19E-411E-95C1-A5F6C75FB202-1024x1024.jpeg 1024w, https:\/\/www.insidebrussels.be\/V2\/wp-content\/uploads\/2024\/06\/4210FEA2-C19E-411E-95C1-A5F6C75FB202-300x300.jpeg 300w, https:\/\/www.insidebrussels.be\/V2\/wp-content\/uploads\/2024\/06\/4210FEA2-C19E-411E-95C1-A5F6C75FB202-150x150.jpeg 150w, https:\/\/www.insidebrussels.be\/V2\/wp-content\/uploads\/2024\/06\/4210FEA2-C19E-411E-95C1-A5F6C75FB202-768x768.jpeg 768w, https:\/\/www.insidebrussels.be\/V2\/wp-content\/uploads\/2024\/06\/4210FEA2-C19E-411E-95C1-A5F6C75FB202-1536x1536.jpeg 1536w, https:\/\/www.insidebrussels.be\/V2\/wp-content\/uploads\/2024\/06\/4210FEA2-C19E-411E-95C1-A5F6C75FB202.jpeg 1920w\" sizes=\"(max-width: 1024px) 100vw, 1024px\" \/><\/a><figcaption class=\"wp-element-caption\">Nona,  , de d\u00e9licieuses pizzas pr\u00e8s de M\u00e9rode (c) Photo Pierre Halleux<\/figcaption><\/figure>\n\n\n\n<figure class=\"wp-block-image size-large\"><a href=\"https:\/\/www.insidebrussels.be\/V2\/wp-content\/uploads\/2024\/06\/3E5EFBA7-AD9B-4AD8-95CA-9193A2DC7F0B.jpeg\"><img decoding=\"async\" width=\"1024\" height=\"768\" data-id=\"16800\" src=\"https:\/\/www.insidebrussels.be\/V2\/wp-content\/uploads\/2024\/06\/3E5EFBA7-AD9B-4AD8-95CA-9193A2DC7F0B-1024x768.jpeg\" alt=\"Nona, , de d\u00e9licieuses pizzas pr\u00e8s de M\u00e9rode (c) Photo Pierre Halleux\" class=\"wp-image-16800\" srcset=\"https:\/\/www.insidebrussels.be\/V2\/wp-content\/uploads\/2024\/06\/3E5EFBA7-AD9B-4AD8-95CA-9193A2DC7F0B-1024x768.jpeg 1024w, https:\/\/www.insidebrussels.be\/V2\/wp-content\/uploads\/2024\/06\/3E5EFBA7-AD9B-4AD8-95CA-9193A2DC7F0B-300x225.jpeg 300w, https:\/\/www.insidebrussels.be\/V2\/wp-content\/uploads\/2024\/06\/3E5EFBA7-AD9B-4AD8-95CA-9193A2DC7F0B-768x576.jpeg 768w, https:\/\/www.insidebrussels.be\/V2\/wp-content\/uploads\/2024\/06\/3E5EFBA7-AD9B-4AD8-95CA-9193A2DC7F0B-1536x1152.jpeg 1536w, https:\/\/www.insidebrussels.be\/V2\/wp-content\/uploads\/2024\/06\/3E5EFBA7-AD9B-4AD8-95CA-9193A2DC7F0B-720x540.jpeg 720w, https:\/\/www.insidebrussels.be\/V2\/wp-content\/uploads\/2024\/06\/3E5EFBA7-AD9B-4AD8-95CA-9193A2DC7F0B.jpeg 1920w\" sizes=\"(max-width: 1024px) 100vw, 1024px\" \/><\/a><figcaption class=\"wp-element-caption\">Nona,  , de d\u00e9licieuses pizzas pr\u00e8s de M\u00e9rode (c) Photo Pierre Halleux<\/figcaption><\/figure>\n<\/figure>\n\n\n\n<p>Situ\u00e9 \u00e0 Etterbeek, ce restaurant propose des pizzas et des p\u00e2tes fra\u00eeches pr\u00e9par\u00e9es avec des ingr\u00e9dients de qualit\u00e9. Vous pourrez y savourer une d\u00e9licieuse <strong>pizza Margherita<\/strong> pour un prix tout \u00e0 fait raisonnable.<\/p>\n\n\n\n<p>Les clients appr\u00e9cient \u00ab\u00a0<strong>des produits frais et une p\u00e2te cuite au feu de bois<\/strong>\u00ab\u00a0, et soulignent \u00ab\u00a0<strong>l&rsquo;ambiance chaleureuse et conviviale<\/strong>\u00a0\u00bb du restaurant. <a href=\"https:\/\/www.nonalife.com\/\" target=\"_blank\" rel=\"noreferrer noopener\">Nona \u00e0 M\u00e9rode<\/a><\/p>\n\n\n\n<p>Les points forts du restaurant Nona :<\/p>\n\n\n\n<ul class=\"wp-block-list\">\n<li><strong>Cuisine ouverte:<\/strong> Vous pouvez admirer les chefs en action et voir la pr\u00e9paration de vos plats frais.<\/li>\n\n\n\n<li><strong>Terrasse agr\u00e9able:<\/strong> Profitez d&rsquo;un repas en plein air sur la terrasse am\u00e9nag\u00e9e devant le restaurant, id\u00e9ale pour les beaux jours.<\/li>\n\n\n\n<li><strong>Option \u00e9conomique:<\/strong> Si votre budget est serr\u00e9, vous pouvez partager une pizza et profiter du coucher de soleil dans le <a href=\"https:\/\/www.insidebrussels.be\/V2\/?s=cinquentenaire\">parc du Cinquantenaire<\/a> situ\u00e9 \u00e0 proximit\u00e9.<\/li>\n<\/ul>\n\n\n\n<ul class=\"wp-block-list\">\n<li>\u23f0<strong>Heures d&rsquo;ouverture:<\/strong>\n<ul class=\"wp-block-list\">\n<li>Mardi &#8211; Vendredi : 12h00 &#8211; 14h30 &amp; 18h00 &#8211; 22h30<\/li>\n\n\n\n<li>Samedi : 12h00 &#8211; 22h30<\/li>\n\n\n\n<li>Dimanche : Ferm\u00e9<\/li>\n<\/ul>\n<\/li>\n\n\n\n<li>\ud83d\udccd <strong>Avenue de M\u00e9rode 30<\/strong><\/li>\n\n\n\n<li><strong>Prix:<\/strong> \u20ac<\/li>\n<\/ul>\n\n\n\n<p>Non fait partie de nos <a href=\"https:\/\/www.insidebrussels.be\/V2\/bruxelles\/meilleures-pizzerias-de-bruxelles\/\">Pizzas \u00e0 Bruxelles: 6 adresses qui vous feront vibrer les papilles !<\/a><\/p>\n\n\n\n<ul class=\"wp-block-list\"><\/ul>\n\n\n\n<h2 class=\"wp-block-heading\">Conclusion<\/h2>\n\n\n\n<p>J&rsquo;esp\u00e8re que cette s\u00e9lection de restaurants vous permettra de d\u00e9couvrir de nouvelles saveurs \u00e0 Bruxelles sans vous ruiner. Bon app\u00e9tit !<\/p>\n","protected":false,"gt_translate_keys":[{"key":"rendered","format":"html"}]},"excerpt":{"rendered":"<p>Qui a dit que manger bon \u00e0 Bruxelles \u00e9tait forc\u00e9ment cher ? La capitale regorge<\/p>\n","protected":false,"gt_translate_keys":[{"key":"rendered","format":"html"}]},"author":1,"featured_media":16780,"comment_status":"open","ping_status":"open","sticky":false,"template":"","format":"standard","meta":{"_lmt_disableupdate":"no","_lmt_disable":"","footnotes":""},"categories":[10],"tags":[5067],"class_list":["post-1516","post","type-post","status-publish","format-standard","has-post-thumbnail","hentry","category-manger-a-bruxelles","tag-best-of-restaurants"],"modified_by":"pierre","amp_enabled":true,"gt_translate_keys":[{"key":"link","format":"url"}],"_links":{"self":[{"href":"https:\/\/www.insidebrussels.be\/V2\/wp-json\/wp\/v2\/posts\/1516","targetHints":{"allow":["GET"]}}],"collection":[{"href":"https:\/\/www.insidebrussels.be\/V2\/wp-json\/wp\/v2\/posts"}],"about":[{"href":"https:\/\/www.insidebrussels.be\/V2\/wp-json\/wp\/v2\/types\/post"}],"author":[{"embeddable":true,"href":"https:\/\/www.insidebrussels.be\/V2\/wp-json\/wp\/v2\/users\/1"}],"replies":[{"embeddable":true,"href":"https:\/\/www.insidebrussels.be\/V2\/wp-json\/wp\/v2\/comments?post=1516"}],"version-history":[{"count":6,"href":"https:\/\/www.insidebrussels.be\/V2\/wp-json\/wp\/v2\/posts\/1516\/revisions"}],"predecessor-version":[{"id":16825,"href":"https:\/\/www.insidebrussels.be\/V2\/wp-json\/wp\/v2\/posts\/1516\/revisions\/16825"}],"wp:featuredmedia":[{"embeddable":true,"href":"https:\/\/www.insidebrussels.be\/V2\/wp-json\/wp\/v2\/media\/16780"}],"wp:attachment":[{"href":"https:\/\/www.insidebrussels.be\/V2\/wp-json\/wp\/v2\/media?parent=1516"}],"wp:term":[{"taxonomy":"category","embeddable":true,"href":"https:\/\/www.insidebrussels.be\/V2\/wp-json\/wp\/v2\/categories?post=1516"},{"taxonomy":"post_tag","embeddable":true,"href":"https:\/\/www.insidebrussels.be\/V2\/wp-json\/wp\/v2\/tags?post=1516"}],"curies":[{"name":"wp","href":"https:\/\/api.w.org\/{rel}","templated":true}]}}