{"id":15310,"date":"2023-10-13T23:12:01","date_gmt":"2023-10-13T21:12:01","guid":{"rendered":"https:\/\/www.insidebrussels.be\/V2\/?p=15310"},"modified":"2024-07-26T23:58:41","modified_gmt":"2024-07-26T21:58:41","slug":"communes-bruxelles","status":"publish","type":"post","link":"https:\/\/www.insidebrussels.be\/V2\/bruxelles\/communes-bruxelles\/","title":{"rendered":"Explorer Bruxelles : D\u00e9couverte des communes branch\u00e9es! \ud83d\udc8e\ud83c\udf0d","gt_translate_keys":[{"key":"rendered","format":"text"}]},"content":{"rendered":"<p><em><strong>\ud83c\udf1f Bruxelles est une mosa\u00efque de communes, chacune avec sa propre vibe et ses petits tr\u00e9sors. Suivez-moi pour une balade \u00e0 travers ces p\u00e9pites!<\/strong><\/em><\/p>\n<div id=\"ez-toc-container\" class=\"ez-toc-v2_0_82_1 ez-toc-wrap-center counter-hierarchy ez-toc-counter ez-toc-custom ez-toc-container-direction\">\n<p class=\"ez-toc-title\" style=\"cursor:inherit\">\ud83d\udd25 Contenu de l&#039;article:<\/p>\n<label for=\"ez-toc-cssicon-toggle-item-69f0df685456d\" class=\"ez-toc-cssicon-toggle-label\"><span class=\"ez-toc-cssicon\"><span class=\"eztoc-hide\" style=\"display:none;\">Toggle<\/span><span class=\"ez-toc-icon-toggle-span\"><svg style=\"fill: #000000;color:#000000\" xmlns=\"http:\/\/www.w3.org\/2000\/svg\" class=\"list-377408\" width=\"20px\" height=\"20px\" viewBox=\"0 0 24 24\" fill=\"none\"><path d=\"M6 6H4v2h2V6zm14 0H8v2h12V6zM4 11h2v2H4v-2zm16 0H8v2h12v-2zM4 16h2v2H4v-2zm16 0H8v2h12v-2z\" fill=\"currentColor\"><\/path><\/svg><svg style=\"fill: #000000;color:#000000\" class=\"arrow-unsorted-368013\" xmlns=\"http:\/\/www.w3.org\/2000\/svg\" width=\"10px\" height=\"10px\" viewBox=\"0 0 24 24\" version=\"1.2\" baseProfile=\"tiny\"><path d=\"M18.2 9.3l-6.2-6.3-6.2 6.3c-.2.2-.3.4-.3.7s.1.5.3.7c.2.2.4.3.7.3h11c.3 0 .5-.1.7-.3.2-.2.3-.5.3-.7s-.1-.5-.3-.7zM5.8 14.7l6.2 6.3 6.2-6.3c.2-.2.3-.5.3-.7s-.1-.5-.3-.7c-.2-.2-.4-.3-.7-.3h-11c-.3 0-.5.1-.7.3-.2.2-.3.5-.3.7s.1.5.3.7z\"\/><\/svg><\/span><\/span><\/label><input type=\"checkbox\"  id=\"ez-toc-cssicon-toggle-item-69f0df685456d\"  aria-label=\"Toggle\" \/><nav><ul class='ez-toc-list ez-toc-list-level-1 ' ><li class='ez-toc-page-1 ez-toc-heading-level-2'><a class=\"ez-toc-link ez-toc-heading-1\" href=\"https:\/\/www.insidebrussels.be\/V2\/bruxelles\/communes-bruxelles\/#Vous_avez_dit_19_communes\" >Vous avez dit 19 communes?!<\/a><\/li><li class='ez-toc-page-1 ez-toc-heading-level-2'><a class=\"ez-toc-link ez-toc-heading-2\" href=\"https:\/\/www.insidebrussels.be\/V2\/bruxelles\/communes-bruxelles\/#Ixelles_1050\" >Ixelles (1050)<\/a><\/li><li class='ez-toc-page-1 ez-toc-heading-level-2'><a class=\"ez-toc-link ez-toc-heading-3\" href=\"https:\/\/www.insidebrussels.be\/V2\/bruxelles\/communes-bruxelles\/#Saint-Gilles_1060\" >Saint-Gilles (1060)<\/a><\/li><li class='ez-toc-page-1 ez-toc-heading-level-2'><a class=\"ez-toc-link ez-toc-heading-4\" href=\"https:\/\/www.insidebrussels.be\/V2\/bruxelles\/communes-bruxelles\/#Uccle_1180\" >Uccle (1180)<\/a><\/li><li class='ez-toc-page-1 ez-toc-heading-level-2'><a class=\"ez-toc-link ez-toc-heading-5\" href=\"https:\/\/www.insidebrussels.be\/V2\/bruxelles\/communes-bruxelles\/#Molenbeek_1080\" >Molenbeek (1080)<\/a><\/li><li class='ez-toc-page-1 ez-toc-heading-level-2'><a class=\"ez-toc-link ez-toc-heading-6\" href=\"https:\/\/www.insidebrussels.be\/V2\/bruxelles\/communes-bruxelles\/#Schaerbeek_1030\" >Schaerbeek (1030)<\/a><\/li><li class='ez-toc-page-1 ez-toc-heading-level-2'><a class=\"ez-toc-link ez-toc-heading-7\" href=\"https:\/\/www.insidebrussels.be\/V2\/bruxelles\/communes-bruxelles\/#Laeken_1020\" >Laeken (1020)<\/a><\/li><li class='ez-toc-page-1 ez-toc-heading-level-2'><a class=\"ez-toc-link ez-toc-heading-8\" href=\"https:\/\/www.insidebrussels.be\/V2\/bruxelles\/communes-bruxelles\/#7_Auderghem_1160\" >7. Auderghem (1160)<\/a><\/li><li class='ez-toc-page-1 ez-toc-heading-level-2'><a class=\"ez-toc-link ez-toc-heading-9\" href=\"https:\/\/www.insidebrussels.be\/V2\/bruxelles\/communes-bruxelles\/#8_Anderlecht_1070\" >8. Anderlecht (1070)<\/a><\/li><li class='ez-toc-page-1 ez-toc-heading-level-2'><a class=\"ez-toc-link ez-toc-heading-10\" href=\"https:\/\/www.insidebrussels.be\/V2\/bruxelles\/communes-bruxelles\/#9_Berchem-Sainte-Agathe_1082\" >9. Berchem-Sainte-Agathe (1082)<\/a><\/li><li class='ez-toc-page-1 ez-toc-heading-level-2'><a class=\"ez-toc-link ez-toc-heading-11\" href=\"https:\/\/www.insidebrussels.be\/V2\/bruxelles\/communes-bruxelles\/#10_Bruxelles_1000\" >10. Bruxelles (1000)<\/a><\/li><li class='ez-toc-page-1 ez-toc-heading-level-2'><a class=\"ez-toc-link ez-toc-heading-12\" href=\"https:\/\/www.insidebrussels.be\/V2\/bruxelles\/communes-bruxelles\/#11_Etterbeek_1040\" >11. Etterbeek (1040)<\/a><\/li><li class='ez-toc-page-1 ez-toc-heading-level-2'><a class=\"ez-toc-link ez-toc-heading-13\" href=\"https:\/\/www.insidebrussels.be\/V2\/bruxelles\/communes-bruxelles\/#12_Evere_1140\" >12. Evere (1140)<\/a><\/li><li class='ez-toc-page-1 ez-toc-heading-level-2'><a class=\"ez-toc-link ez-toc-heading-14\" href=\"https:\/\/www.insidebrussels.be\/V2\/bruxelles\/communes-bruxelles\/#13_Forest_1190\" >13. Forest (1190)<\/a><\/li><li class='ez-toc-page-1 ez-toc-heading-level-2'><a class=\"ez-toc-link ez-toc-heading-15\" href=\"https:\/\/www.insidebrussels.be\/V2\/bruxelles\/communes-bruxelles\/#14_Ganshoren_1083\" >14. Ganshoren (1083)<\/a><\/li><li class='ez-toc-page-1 ez-toc-heading-level-2'><a class=\"ez-toc-link ez-toc-heading-16\" href=\"https:\/\/www.insidebrussels.be\/V2\/bruxelles\/communes-bruxelles\/#15_Jette_1090\" >15. Jette (1090)<\/a><\/li><li class='ez-toc-page-1 ez-toc-heading-level-2'><a class=\"ez-toc-link ez-toc-heading-17\" href=\"https:\/\/www.insidebrussels.be\/V2\/bruxelles\/communes-bruxelles\/#16_Koekelberg_1081\" >16. Koekelberg (1081)<\/a><\/li><li class='ez-toc-page-1 ez-toc-heading-level-2'><a class=\"ez-toc-link ez-toc-heading-18\" href=\"https:\/\/www.insidebrussels.be\/V2\/bruxelles\/communes-bruxelles\/#17_Watermael-Boitsfort_1170\" >17. Watermael-Boitsfort (1170)<\/a><\/li><li class='ez-toc-page-1 ez-toc-heading-level-2'><a class=\"ez-toc-link ez-toc-heading-19\" href=\"https:\/\/www.insidebrussels.be\/V2\/bruxelles\/communes-bruxelles\/#18_Woluwe-Saint-Pierre_1150\" >18. Woluwe-Saint-Pierre (1150)<\/a><\/li><li class='ez-toc-page-1 ez-toc-heading-level-2'><a class=\"ez-toc-link ez-toc-heading-20\" href=\"https:\/\/www.insidebrussels.be\/V2\/bruxelles\/communes-bruxelles\/#19_Woluwe-Saint-Lambert_1200\" >19. Woluwe-Saint-Lambert (1200)<\/a><\/li><\/ul><\/nav><\/div>\n\n<h2><span class=\"ez-toc-section\" id=\"Vous_avez_dit_19_communes\"><\/span>Vous avez dit 19 communes?!<span class=\"ez-toc-section-end\"><\/span><\/h2>\n<p>Lorsque les gens pensent \u00e0 Bruxelles, des images de la Grand-Place illumin\u00e9e, des gaufres saupoudr\u00e9es de sucre glace et du petit Manneken Pis font souvent surface. Pourtant, cette ville dynamique ne se r\u00e9sume pas \u00e0 ces seules ic\u00f4nes. Au c\u0153ur de la capitale europ\u00e9enne se trouve un patchwork fascinant de communes, chacune rayonnant d&rsquo;une personnalit\u00e9 distincte, refl\u00e9tant des si\u00e8cles d&rsquo;histoire, de culture et de transformations urbaines. Chaque commune est comme un petit monde en soi, offrant des tr\u00e9sors cach\u00e9s qui attendent d&rsquo;\u00eatre d\u00e9couverts par ceux qui osent sortir des sentiers battus. <a href=\"https:\/\/www.insidebrussels.be\/V2\/bruxelles\/quels-sont-les-meilleurs-marches-a-bruxelles\/\">Des march\u00e9s anim\u00e9s<\/a> d&rsquo;Ixelles aux ruelles tranquilles de Laeken, en passant par les splendeurs architecturales de Saint-Gilles, Bruxelles est une symphonie de diversit\u00e9 et de contraste. Si vous \u00eates pr\u00eat \u00e0 embarquer pour une aventure urbaine inoubliable, attachez vos ceintures, car nous sommes sur le point de plonger dans le c\u0153ur vibrant des communes de Bruxelles et de d\u00e9couvrir ce qui rend chacune d&rsquo;elles si sp\u00e9ciale.<\/p>\n<p>Embarquez dans cette aventure bruxelloise pour d\u00e9couvrir les diff\u00e9rentes facettes de la capitale. Chaque commune a sa propre essence, son charme unique, et une histoire \u00e0 raconter. Bonne exploration! \ud83d\udeb6\u200d\u2640\ufe0f\ud83c\udf0d\ud83d\udcf8<\/p>\n<ol>\n<li>\n<h2><span class=\"ez-toc-section\" id=\"Ixelles_1050\"><\/span><strong>Ixelles (1050)<\/strong><span class=\"ez-toc-section-end\"><\/span><\/h2>\n<ul>\n<li><strong>Superficie<\/strong> : 6,34 km\u00b2<\/li>\n<li><strong>Population<\/strong> : Environ 86,000 habitants<\/li>\n<li><strong>Site Officiel<\/strong> : <a href=\"http:\/\/www.ixelles.be\/\" target=\"_new\" rel=\"noopener\">www.ixelles.be<\/a><\/li>\n<li><strong>\u00c0 d\u00e9couvrir<\/strong> : Ixelles est un m\u00e9lange de cultures, d&rsquo;art et d&rsquo;histoire. De ses march\u00e9s vibrants \u00e0 Matong\u00e9 \u00e0 ses galeries d&rsquo;art le long de l&rsquo;Avenue Louise, chaque coin raconte une histoire. Les \u00e9tangs d&rsquo;Ixelles offrent un lieu de d\u00e9tente, id\u00e9al pour les pique-niques et les promenades.<\/li>\n<li><strong>Attraction principale<\/strong> : Les \u00e9tangs d&rsquo;Ixelles. <a href=\"https:\/\/www.insidebrussels.be\/V2\/bruxelles\/parc-de-labbaye-de-la-cambre-a-ixelles\/\">Abbaye de la cambre<\/a><\/li>\n<\/ul>\n<\/li>\n<\/ol>\n<figure id=\"attachment_14844\" aria-describedby=\"caption-attachment-14844\" style=\"width: 640px\" class=\"wp-caption aligncenter\"><img decoding=\"async\" class=\"wp-image-14844 size-large\" title=\"PLace Flagey \u00e0 Ixelles (c) Pierre Halleux\" src=\"https:\/\/www.insidebrussels.be\/V2\/wp-content\/uploads\/2023\/10\/4B1E54D6-AC70-431D-8424-C3ED5EB811B5-1024x768.jpeg\" alt=\"PLace Flagey \u00e0 Ixelles (c) Pierre Halleux\" width=\"640\" height=\"480\" srcset=\"https:\/\/www.insidebrussels.be\/V2\/wp-content\/uploads\/2023\/10\/4B1E54D6-AC70-431D-8424-C3ED5EB811B5-1024x768.jpeg 1024w, https:\/\/www.insidebrussels.be\/V2\/wp-content\/uploads\/2023\/10\/4B1E54D6-AC70-431D-8424-C3ED5EB811B5-300x225.jpeg 300w, https:\/\/www.insidebrussels.be\/V2\/wp-content\/uploads\/2023\/10\/4B1E54D6-AC70-431D-8424-C3ED5EB811B5-768x576.jpeg 768w, https:\/\/www.insidebrussels.be\/V2\/wp-content\/uploads\/2023\/10\/4B1E54D6-AC70-431D-8424-C3ED5EB811B5-1536x1152.jpeg 1536w, https:\/\/www.insidebrussels.be\/V2\/wp-content\/uploads\/2023\/10\/4B1E54D6-AC70-431D-8424-C3ED5EB811B5-2048x1536.jpeg 2048w, https:\/\/www.insidebrussels.be\/V2\/wp-content\/uploads\/2023\/10\/4B1E54D6-AC70-431D-8424-C3ED5EB811B5-720x540.jpeg 720w, https:\/\/www.insidebrussels.be\/V2\/wp-content\/uploads\/2023\/10\/4B1E54D6-AC70-431D-8424-C3ED5EB811B5-scaled.jpeg 1078w\" sizes=\"(max-width: 640px) 100vw, 640px\" \/><figcaption id=\"caption-attachment-14844\" class=\"wp-caption-text\">PLace Flagey \u00e0 Ixelles (c) Pierre Halleux<\/figcaption><\/figure>\n<ol>\n<li>\n<h2><span class=\"ez-toc-section\" id=\"Saint-Gilles_1060\"><\/span><strong>Saint-Gilles (1060)<\/strong><span class=\"ez-toc-section-end\"><\/span><\/h2>\n<ul>\n<li><strong>Superficie<\/strong> : 2,51 km\u00b2<\/li>\n<li><strong>Population<\/strong> : Environ 50,000 habitants<\/li>\n<li><strong>Site Officiel<\/strong> : <a href=\"http:\/\/www.stgilles.brussels\/\" target=\"_new\" rel=\"noopener\">www.stgilles.brussels<\/a><\/li>\n<li><strong>\u00c0 d\u00e9couvrir<\/strong> : Saint-Gilles est un v\u00e9ritable carrefour culturel. Ses rues regorgent de b\u00e2timents Art Nouveau, de petites boutiques ind\u00e9pendantes et de caf\u00e9s chaleureux. Le Parvis est le c\u0153ur battant du quartier, avec son march\u00e9 quotidien et sa vie nocturne anim\u00e9e.<\/li>\n<li><strong>Attraction principale<\/strong> : <a href=\"https:\/\/www.insidebrussels.be\/V2\/bruxelles\/les-endroits-caches-insolites-et-secrets-a-bruxelles\/\">Le Parvis de Saint-Gilles.<\/a><\/li>\n<\/ul>\n<\/li>\n<\/ol>\n<figure id=\"attachment_14257\" aria-describedby=\"caption-attachment-14257\" style=\"width: 640px\" class=\"wp-caption aligncenter\"><img decoding=\"async\" class=\"wp-image-14257 size-full\" title=\"Maison Communale de Saint-Gilles (c) David Edgar Wikipedia\" src=\"https:\/\/www.insidebrussels.be\/V2\/wp-content\/uploads\/2023\/02\/640px-StGillesTownHall.jpg\" alt=\"Maison Communale de Saint-Gilles (c) David Edgar Wikipedia\" width=\"640\" height=\"480\" srcset=\"https:\/\/www.insidebrussels.be\/V2\/wp-content\/uploads\/2023\/02\/640px-StGillesTownHall.jpg 640w, https:\/\/www.insidebrussels.be\/V2\/wp-content\/uploads\/2023\/02\/640px-StGillesTownHall-300x225.jpg 300w\" sizes=\"(max-width: 640px) 100vw, 640px\" \/><figcaption id=\"caption-attachment-14257\" class=\"wp-caption-text\">Maison Communale de Saint-Gilles (c) David Edgar Wikipedia<\/figcaption><\/figure>\n<ol>\n<li>\n<h2><span class=\"ez-toc-section\" id=\"Uccle_1180\"><\/span><strong>Uccle (1180)<\/strong><span class=\"ez-toc-section-end\"><\/span><\/h2>\n<ul>\n<li><strong>Superficie<\/strong> : 22,91 km\u00b2<\/li>\n<li><strong>Population<\/strong> : Environ 82,000 habitants<\/li>\n<li><strong>Site Officiel<\/strong> : <a href=\"http:\/\/www.uccle.be\/\" target=\"_new\" rel=\"noopener\">www.uccle.be<\/a><\/li>\n<li><strong>\u00c0 d\u00e9couvrir<\/strong> : Uccle est comme <a href=\"https:\/\/www.insidebrussels.be\/V2\/bruxelles\/les-meilleures-communes-ou-habiter-a-bruxelles\/\">un oasis de paix dans le brouhaha bruxellois.<\/a> C&rsquo;est un endroit o\u00f9 la nature rencontre la ville. Vous trouverez de vastes zones bois\u00e9es, des manoirs historiques, et m\u00eame un observatoire pour vous \u00e9merveiller devant les \u00e9toiles.<\/li>\n<li><strong>Attraction principale<\/strong> : La For\u00eat de Soignes.<\/li>\n<\/ul>\n<\/li>\n<\/ol>\n<figure id=\"attachment_8054\" aria-describedby=\"caption-attachment-8054\" style=\"width: 720px\" class=\"wp-caption aligncenter\"><img decoding=\"async\" class=\"size-full wp-image-8054\" src=\"https:\/\/www.insidebrussels.be\/V2\/wp-content\/uploads\/2016\/08\/Screen-Shot-2016-08-16-at-19.04.32.png\" alt=\"Uccle meilleur quartier Fran\u00e7ais (c) Wikipedia David Edgar\" width=\"720\" height=\"552\" srcset=\"https:\/\/www.insidebrussels.be\/V2\/wp-content\/uploads\/2016\/08\/Screen-Shot-2016-08-16-at-19.04.32.png 720w, https:\/\/www.insidebrussels.be\/V2\/wp-content\/uploads\/2016\/08\/Screen-Shot-2016-08-16-at-19.04.32-300x230.png 300w, https:\/\/www.insidebrussels.be\/V2\/wp-content\/uploads\/2016\/08\/Screen-Shot-2016-08-16-at-19.04.32-600x460.png 600w\" sizes=\"(max-width: 720px) 100vw, 720px\" \/><figcaption id=\"caption-attachment-8054\" class=\"wp-caption-text\">Uccle meilleur quartier Fran\u00e7ais (c) Wikipedia David Edgar<\/figcaption><\/figure>\n<ol>\n<li>\n<h2><span class=\"ez-toc-section\" id=\"Molenbeek_1080\"><\/span><strong>Molenbeek (1080)<\/strong><span class=\"ez-toc-section-end\"><\/span><\/h2>\n<ul>\n<li><strong>Superficie<\/strong> : 5,89 km\u00b2<\/li>\n<li><strong>Population<\/strong> : Environ 97,000 habitants<\/li>\n<li><strong>Site Officiel<\/strong> : <a href=\"http:\/\/www.molenbeek.irisnet.be\/\" target=\"_new\" rel=\"noopener\">www.molenbeek.irisnet.be<\/a><\/li>\n<li><strong>\u00c0 d\u00e9couvrir<\/strong> : Longtemps sous-estim\u00e9, Molenbeek est aujourd&rsquo;hui un centre d&rsquo;innovation et de cr\u00e9ativit\u00e9. Avec des espaces verts comme le Parc de la Fonderie et une sc\u00e8ne artistique en plein essor, c&rsquo;est un quartier qui a tant \u00e0 offrir.<\/li>\n<li><strong>Attraction principale<\/strong> : Le MIMA (Millennium Iconoclast Museum of Art).<\/li>\n<\/ul>\n<\/li>\n<li>\n<h2><span class=\"ez-toc-section\" id=\"Schaerbeek_1030\"><\/span><strong>Schaerbeek (1030)<\/strong><span class=\"ez-toc-section-end\"><\/span><\/h2>\n<ul>\n<li><strong>Superficie<\/strong> : 8,14 km\u00b2<\/li>\n<li><strong>Population<\/strong> : Environ 133,000 habitants<\/li>\n<li><strong>Site Officiel<\/strong> : <a href=\"http:\/\/www.schaerbeek.be\/\" target=\"_new\" rel=\"noopener\">www.schaerbeek.be<\/a><\/li>\n<li><strong>\u00c0 d\u00e9couvrir<\/strong> : Schaerbeek est un paradis pour les amoureux de la nature et de l&rsquo;architecture. Au printemps, les rues s&rsquo;\u00e9panouissent avec des cerisiers en fleurs, tandis que l&rsquo;Art D\u00e9co et l&rsquo;Art Nouveau dominent le paysage b\u00e2ti. Le quartier des artistes autour de la Place Colignon est un must!<\/li>\n<li><strong>Attraction principale<\/strong> : Le Parc Josaphat, <a href=\"https:\/\/www.insidebrussels.be\/V2\/bruxelles\/plongez-dans-lunivers-fascinant-du-rail-une-visite-guidee-au-musee-train-world\/\">Mus\u00e9e du Train<\/a><\/li>\n<\/ul>\n<\/li>\n<\/ol>\n<figure id=\"attachment_14382\" aria-describedby=\"caption-attachment-14382\" style=\"width: 640px\" class=\"wp-caption aligncenter\"><img decoding=\"async\" class=\"wp-image-14382 size-large\" src=\"https:\/\/www.insidebrussels.be\/V2\/wp-content\/uploads\/2023\/03\/Schaerbeek_station_DSCF0592-1024x711.jpg\" alt=\"Gare de Schaerbeek (c) Wikimedia Trougnouf (Benoit Brummer)\" width=\"640\" height=\"444\" srcset=\"https:\/\/www.insidebrussels.be\/V2\/wp-content\/uploads\/2023\/03\/Schaerbeek_station_DSCF0592-1024x711.jpg 1024w, https:\/\/www.insidebrussels.be\/V2\/wp-content\/uploads\/2023\/03\/Schaerbeek_station_DSCF0592-300x208.jpg 300w, https:\/\/www.insidebrussels.be\/V2\/wp-content\/uploads\/2023\/03\/Schaerbeek_station_DSCF0592-768x533.jpg 768w, https:\/\/www.insidebrussels.be\/V2\/wp-content\/uploads\/2023\/03\/Schaerbeek_station_DSCF0592-1536x1066.jpg 1536w, https:\/\/www.insidebrussels.be\/V2\/wp-content\/uploads\/2023\/03\/Schaerbeek_station_DSCF0592-2048x1421.jpg 2048w, https:\/\/www.insidebrussels.be\/V2\/wp-content\/uploads\/2023\/03\/Schaerbeek_station_DSCF0592-scaled.jpg 1078w\" sizes=\"(max-width: 640px) 100vw, 640px\" \/><figcaption id=\"caption-attachment-14382\" class=\"wp-caption-text\">Gare de Schaerbeek (c) Wikimedia Trougnouf (Benoit Brummer)<\/figcaption><\/figure>\n<ol>\n<li>\n<h2><span class=\"ez-toc-section\" id=\"Laeken_1020\"><\/span><strong>Laeken (1020)<\/strong><span class=\"ez-toc-section-end\"><\/span><\/h2>\n<ul>\n<li><strong>Superficie<\/strong> : 8,04 km\u00b2<\/li>\n<li><strong>Population<\/strong> : Environ 102,000 habitants<\/li>\n<li><strong>Site Officiel<\/strong> : www.laken.brussels<\/li>\n<li><strong>\u00c0 d\u00e9couvrir<\/strong> : Laeken, bien que faisant partie de la Ville de Bruxelles, a une atmosph\u00e8re distincte, m\u00ealant le royal et le populaire. Entre le Domaine Royal, les vastes parcs et jardins, et la diversit\u00e9 culturelle, c&rsquo;est un quartier riche en surprises.<\/li>\n<li><strong>Attraction principale<\/strong> : Les Serres Royales de Laeken.<\/li>\n<\/ul>\n<\/li>\n<\/ol>\n<figure id=\"attachment_9403\" aria-describedby=\"caption-attachment-9403\" style=\"width: 640px\" class=\"wp-caption aligncenter\"><img decoding=\"async\" class=\"wp-image-9403 size-large\" title=\"Serres Royales Laeken 2019 (c) no copyright wikipedia\" src=\"https:\/\/www.insidebrussels.be\/V2\/wp-content\/uploads\/2019\/04\/0_Serres_Royales_de_Laeken_1-1-683x1024.jpg\" alt=\"Serres Royales Laeken 2019 (c) no copyright wikipedia\" width=\"640\" height=\"960\" srcset=\"https:\/\/www.insidebrussels.be\/V2\/wp-content\/uploads\/2019\/04\/0_Serres_Royales_de_Laeken_1-1-683x1024.jpg 683w, https:\/\/www.insidebrussels.be\/V2\/wp-content\/uploads\/2019\/04\/0_Serres_Royales_de_Laeken_1-1-200x300.jpg 200w, https:\/\/www.insidebrussels.be\/V2\/wp-content\/uploads\/2019\/04\/0_Serres_Royales_de_Laeken_1-1-768x1152.jpg 768w\" sizes=\"(max-width: 640px) 100vw, 640px\" \/><figcaption id=\"caption-attachment-9403\" class=\"wp-caption-text\">Serres Royales Laeken 2019 (c) no copyright wikipedia<\/figcaption><\/figure>\n<p>&nbsp;<\/p>\n<h2><span class=\"ez-toc-section\" id=\"7_Auderghem_1160\"><\/span><strong>7. Auderghem (1160)<\/strong><span class=\"ez-toc-section-end\"><\/span><\/h2>\n<ul>\n<li><strong>Superficie<\/strong> : 9,03 km\u00b2<\/li>\n<li><strong>Population<\/strong> : Environ 33,000 habitants<\/li>\n<li><strong>\u00c0 d\u00e9couvrir<\/strong> : R\u00e9put\u00e9e pour son c\u00f4t\u00e9 verdoyant avec la For\u00eat de Soignes en son sein, Auderghem est le havre de paix pour ceux qui cherchent \u00e0 \u00e9chapper \u00e0 l&rsquo;agitation de la ville tout en restant en son c\u0153ur.<\/li>\n<li><strong>Attraction principale<\/strong> : Le Rouge-Clo\u00eetre, un ensemble monastique entour\u00e9 de nature.<\/li>\n<\/ul>\n<figure id=\"attachment_13063\" aria-describedby=\"caption-attachment-13063\" style=\"width: 640px\" class=\"wp-caption aligncenter\"><img decoding=\"async\" class=\"wp-image-13063 size-large\" src=\"https:\/\/www.insidebrussels.be\/V2\/wp-content\/uploads\/2022\/11\/rouge-cloitre-1024x719.jpg\" alt=\"Trail Rouge Cloitre Auderghem (c) photo Tijl Vereenooghe\" width=\"640\" height=\"449\" srcset=\"https:\/\/www.insidebrussels.be\/V2\/wp-content\/uploads\/2022\/11\/rouge-cloitre-1024x719.jpg 1024w, https:\/\/www.insidebrussels.be\/V2\/wp-content\/uploads\/2022\/11\/rouge-cloitre-300x211.jpg 300w, https:\/\/www.insidebrussels.be\/V2\/wp-content\/uploads\/2022\/11\/rouge-cloitre-768x539.jpg 768w, https:\/\/www.insidebrussels.be\/V2\/wp-content\/uploads\/2022\/11\/rouge-cloitre-scaled.jpg 1078w\" sizes=\"(max-width: 640px) 100vw, 640px\" \/><figcaption id=\"caption-attachment-13063\" class=\"wp-caption-text\">Trail Rouge Cloitre Auderghem (c) photo Tijl Vereenooghe<\/figcaption><\/figure>\n<h2><span class=\"ez-toc-section\" id=\"8_Anderlecht_1070\"><\/span><strong>8. Anderlecht (1070)<\/strong><span class=\"ez-toc-section-end\"><\/span><\/h2>\n<ul>\n<li><strong>Superficie<\/strong> : 17,74 km\u00b2<\/li>\n<li><strong>Population<\/strong> : Environ 118,000 habitants<\/li>\n<li><strong>\u00c0 d\u00e9couvrir<\/strong> : Une commune pleine d&rsquo;histoire avec la Maison d&rsquo;Erasme et le B\u00e9guinage. De plus, le Parc Astrid offre un espace vert au milieu du paysage urbain.<\/li>\n<li><strong>Attraction principale<\/strong> : La Coll\u00e9giale Saints-Pierre-et-Guidon.<\/li>\n<\/ul>\n<h2><span class=\"ez-toc-section\" id=\"9_Berchem-Sainte-Agathe_1082\"><\/span><strong>9. Berchem-Sainte-Agathe (1082)<\/strong><span class=\"ez-toc-section-end\"><\/span><\/h2>\n<ul>\n<li><strong>Superficie<\/strong> : 2,95 km\u00b2<\/li>\n<li><strong>Population<\/strong> : Environ 25,000 habitants<\/li>\n<li><strong>\u00c0 d\u00e9couvrir<\/strong> : Une petite commune avec un charme r\u00e9sidentiel, c&rsquo;est un endroit paisible avec des parcs tels que le Parc Pirsoul.<\/li>\n<li><strong>Attraction principale<\/strong> : L&rsquo;\u00e9glise Sainte-Agathe.<\/li>\n<\/ul>\n<h2><span class=\"ez-toc-section\" id=\"10_Bruxelles_1000\"><\/span><strong>10. Bruxelles (1000)<\/strong><span class=\"ez-toc-section-end\"><\/span><\/h2>\n<ul>\n<li><strong>Superficie<\/strong> : 32,61 km\u00b2 (pour la Ville de Bruxelles qui comprend plusieurs quartiers dont <a href=\"https:\/\/www.insidebrussels.be\/V2\/bruxelles\/visiter-les-serres-royales-de-laeken-2019\/\">Laeken<\/a>, Neder-Over-Heembeek, et Haren)<\/li>\n<li><strong>Population<\/strong> : Environ 185,000 habitants<\/li>\n<li><strong>\u00c0 d\u00e9couvrir<\/strong> : Au c\u0153ur de la ville, la commune de Bruxelles offre une richesse historique avec la Grand-Place, <a href=\"https:\/\/www.insidebrussels.be\/V2\/bruxelles\/event-venue\/atomium\/\">l&rsquo;Atomium<\/a> et d&rsquo;autres monuments embl\u00e9matiques.<\/li>\n<li><strong>Attraction principale<\/strong> : <a href=\"https:\/\/www.insidebrussels.be\/V2\/bruxelles\/visiter-la-grande-place-de-bruxelles-tourisme\/\">La Grand-Place<\/a>, patrimoine mondial de l&rsquo;UNESCO.<\/li>\n<\/ul>\n<figure id=\"attachment_14860\" aria-describedby=\"caption-attachment-14860\" style=\"width: 820px\" class=\"wp-caption aligncenter\"><img decoding=\"async\" class=\" wp-image-14860\" src=\"https:\/\/www.insidebrussels.be\/V2\/wp-content\/uploads\/2023\/10\/04ED4826-980F-45A0-8914-CE11B6126A0D-scaled.jpeg\" alt=\"Grand-PLace de Bruxelles (c) Pierre Halleux\" width=\"820\" height=\"820\" srcset=\"https:\/\/www.insidebrussels.be\/V2\/wp-content\/uploads\/2023\/10\/04ED4826-980F-45A0-8914-CE11B6126A0D-scaled.jpeg 1024w, https:\/\/www.insidebrussels.be\/V2\/wp-content\/uploads\/2023\/10\/04ED4826-980F-45A0-8914-CE11B6126A0D-300x300.jpeg 300w, https:\/\/www.insidebrussels.be\/V2\/wp-content\/uploads\/2023\/10\/04ED4826-980F-45A0-8914-CE11B6126A0D-150x150.jpeg 150w, https:\/\/www.insidebrussels.be\/V2\/wp-content\/uploads\/2023\/10\/04ED4826-980F-45A0-8914-CE11B6126A0D-768x768.jpeg 768w, https:\/\/www.insidebrussels.be\/V2\/wp-content\/uploads\/2023\/10\/04ED4826-980F-45A0-8914-CE11B6126A0D-1536x1536.jpeg 1536w, https:\/\/www.insidebrussels.be\/V2\/wp-content\/uploads\/2023\/10\/04ED4826-980F-45A0-8914-CE11B6126A0D-2048x2048.jpeg 2048w\" sizes=\"(max-width: 820px) 100vw, 820px\" \/><figcaption id=\"caption-attachment-14860\" class=\"wp-caption-text\">Grand-PLace de Bruxelles (c) Pierre Halleux<\/figcaption><\/figure>\n<h2><span class=\"ez-toc-section\" id=\"11_Etterbeek_1040\"><\/span><strong>11. Etterbeek (1040)<\/strong><span class=\"ez-toc-section-end\"><\/span><\/h2>\n<ul>\n<li><strong>Superficie<\/strong> : 3,15 km\u00b2<\/li>\n<li><strong>Population<\/strong> : Environ 47,000 habitants<\/li>\n<li><strong>\u00c0 d\u00e9couvrir<\/strong> : Etterbeek est une commune anim\u00e9e avec le Parc du Cinquantenaire comme joyau central, entour\u00e9 de mus\u00e9es et d&rsquo;une architecture majestueuse.<\/li>\n<li><strong>Attraction principale<\/strong> : Le Parc du Cinquantenaire.<\/li>\n<\/ul>\n<h2><span class=\"ez-toc-section\" id=\"12_Evere_1140\"><\/span><strong>12. Evere (1140)<\/strong><span class=\"ez-toc-section-end\"><\/span><\/h2>\n<ul>\n<li><strong>Superficie<\/strong> : 5,02 km\u00b2<\/li>\n<li><strong>Population<\/strong> : Environ 42,000 habitants<\/li>\n<li><strong>\u00c0 d\u00e9couvrir<\/strong> : Connue pour ses espaces verts, ses quartiers paisibles et son histoire a\u00e9ronautique.<\/li>\n<li><strong>Attraction principale<\/strong> : Le mus\u00e9e de l&rsquo;aviation au Bourget.<\/li>\n<\/ul>\n<h2><span class=\"ez-toc-section\" id=\"13_Forest_1190\"><\/span><strong>13. Forest (1190)<\/strong><span class=\"ez-toc-section-end\"><\/span><\/h2>\n<ul>\n<li><strong>Superficie<\/strong> : 6,25 km\u00b2<\/li>\n<li><strong>Population<\/strong> : Environ 56,000 habitants<\/li>\n<li><strong>\u00c0 d\u00e9couvrir<\/strong> : Forest offre une ambiance boh\u00e8me avec ses espaces verts et ses sites culturels comme le Wiels.<\/li>\n<li><strong>Attraction principale<\/strong> : Le Parc de Forest.<\/li>\n<\/ul>\n<figure id=\"attachment_13631\" aria-describedby=\"caption-attachment-13631\" style=\"width: 640px\" class=\"wp-caption aligncenter\"><img decoding=\"async\" class=\"size-full wp-image-13631\" src=\"https:\/\/www.insidebrussels.be\/V2\/wp-content\/uploads\/2022\/12\/80D13910-929D-46AE-8F64-7ED8C0CDF3F3.jpeg\" alt=\"Abbaye \u00e0 Bruxelles Forest (c) Photo PIerre Halleux\" width=\"640\" height=\"480\" srcset=\"https:\/\/www.insidebrussels.be\/V2\/wp-content\/uploads\/2022\/12\/80D13910-929D-46AE-8F64-7ED8C0CDF3F3.jpeg 640w, https:\/\/www.insidebrussels.be\/V2\/wp-content\/uploads\/2022\/12\/80D13910-929D-46AE-8F64-7ED8C0CDF3F3-300x225.jpeg 300w\" sizes=\"(max-width: 640px) 100vw, 640px\" \/><figcaption id=\"caption-attachment-13631\" class=\"wp-caption-text\">Abbaye \u00e0 Bruxelles Forest (c) Photo PIerre Halleux<\/figcaption><\/figure>\n<h2><span class=\"ez-toc-section\" id=\"14_Ganshoren_1083\"><\/span><strong>14. Ganshoren (1083)<\/strong><span class=\"ez-toc-section-end\"><\/span><\/h2>\n<ul>\n<li><strong>Superficie<\/strong> : 2,52 km\u00b2<\/li>\n<li><strong>Population<\/strong> : Environ 25,000 habitants<\/li>\n<li><strong>\u00c0 d\u00e9couvrir<\/strong> : Une commune r\u00e9sidentielle paisible avec des zones vertes et des espaces pour la famille.<\/li>\n<li><strong>Attraction principale<\/strong> : Le Parc \u00c9lisabeth.<\/li>\n<\/ul>\n<h2><span class=\"ez-toc-section\" id=\"15_Jette_1090\"><\/span><strong>15. Jette (1090)<\/strong><span class=\"ez-toc-section-end\"><\/span><\/h2>\n<ul>\n<li><strong>Superficie<\/strong> : 5 km\u00b2<\/li>\n<li><strong>Population<\/strong> : Environ 52,000 habitants<\/li>\n<li><strong>\u00c0 d\u00e9couvrir<\/strong> : Une harmonie entre urbanisation et nature avec le Parc Roi Baudouin et des quartiers r\u00e9sidentiels charmants.<\/li>\n<li><strong>Attraction principale<\/strong> : La Maison du Peuple de Jette.<\/li>\n<\/ul>\n<p>&nbsp;<\/p>\n<figure id=\"attachment_13168\" aria-describedby=\"caption-attachment-13168\" style=\"width: 800px\" class=\"wp-caption aligncenter\"><img decoding=\"async\" class=\"size-full wp-image-13168\" src=\"https:\/\/www.insidebrussels.be\/V2\/wp-content\/uploads\/2022\/11\/800px-Jette_voormalig_gemeentehuis_27-04-2013.jpg\" alt=\"Que faire \u00e0 Jette (c) Photo Paul Hermans sur Wikipedia\" width=\"800\" height=\"450\" srcset=\"https:\/\/www.insidebrussels.be\/V2\/wp-content\/uploads\/2022\/11\/800px-Jette_voormalig_gemeentehuis_27-04-2013.jpg 800w, https:\/\/www.insidebrussels.be\/V2\/wp-content\/uploads\/2022\/11\/800px-Jette_voormalig_gemeentehuis_27-04-2013-300x169.jpg 300w, https:\/\/www.insidebrussels.be\/V2\/wp-content\/uploads\/2022\/11\/800px-Jette_voormalig_gemeentehuis_27-04-2013-768x432.jpg 768w\" sizes=\"(max-width: 800px) 100vw, 800px\" \/><figcaption id=\"caption-attachment-13168\" class=\"wp-caption-text\">Que faire \u00e0 Jette (c) Photo Paul Hermans sur Wikipedia<\/figcaption><\/figure>\n<h2><span class=\"ez-toc-section\" id=\"16_Koekelberg_1081\"><\/span><strong>16. Koekelberg (1081)<\/strong><span class=\"ez-toc-section-end\"><\/span><\/h2>\n<ul>\n<li><strong>Superficie<\/strong> : 1,17 km\u00b2<\/li>\n<li><strong>Population<\/strong> : Environ 22,000 habitants<\/li>\n<li><strong>\u00c0 d\u00e9couvrir<\/strong> : Principalement connue pour la Basilique du Sacr\u00e9-C\u0153ur, l&rsquo;une des plus grandes \u00e9glises du monde.<\/li>\n<li><strong>Attraction principale<\/strong> : La Basilique du Sacr\u00e9-C\u0153ur.<\/li>\n<\/ul>\n<figure id=\"attachment_14262\" aria-describedby=\"caption-attachment-14262\" style=\"width: 768px\" class=\"wp-caption aligncenter\"><img decoding=\"async\" class=\"size-full wp-image-14262\" src=\"https:\/\/www.insidebrussels.be\/V2\/wp-content\/uploads\/2023\/02\/vasily-malygin-UrS_23AohI0-unsplash-scaled.jpg\" alt=\"Koekelberg (c) Vasily Malygin Unsplash\" width=\"768\" height=\"1024\" srcset=\"https:\/\/www.insidebrussels.be\/V2\/wp-content\/uploads\/2023\/02\/vasily-malygin-UrS_23AohI0-unsplash-scaled.jpg 768w, https:\/\/www.insidebrussels.be\/V2\/wp-content\/uploads\/2023\/02\/vasily-malygin-UrS_23AohI0-unsplash-225x300.jpg 225w, https:\/\/www.insidebrussels.be\/V2\/wp-content\/uploads\/2023\/02\/vasily-malygin-UrS_23AohI0-unsplash-1152x1536.jpg 1152w, https:\/\/www.insidebrussels.be\/V2\/wp-content\/uploads\/2023\/02\/vasily-malygin-UrS_23AohI0-unsplash-1536x2048.jpg 1536w, https:\/\/www.insidebrussels.be\/V2\/wp-content\/uploads\/2023\/02\/vasily-malygin-UrS_23AohI0-unsplash-450x600.jpg 450w\" sizes=\"(max-width: 768px) 100vw, 768px\" \/><figcaption id=\"caption-attachment-14262\" class=\"wp-caption-text\">Koekelberg (c) Vasily Malygin Unsplash<\/figcaption><\/figure>\n<h2><span class=\"ez-toc-section\" id=\"17_Watermael-Boitsfort_1170\"><\/span><strong>17. Watermael-Boitsfort (1170)<\/strong><span class=\"ez-toc-section-end\"><\/span><\/h2>\n<ul>\n<li><strong>Superficie<\/strong> : 12,93 km\u00b2<\/li>\n<li><strong>Population<\/strong> : Environ 25,000 habitants<\/li>\n<li><strong>\u00c0 d\u00e9couvrir<\/strong> : La nature pr\u00e9domine avec la For\u00eat de Soignes, les \u00e9tangs et une ambiance villageoise.<\/li>\n<li><strong>Attraction principale<\/strong> : La Place Keym.<\/li>\n<\/ul>\n<figure id=\"attachment_14260\" aria-describedby=\"caption-attachment-14260\" style=\"width: 640px\" class=\"wp-caption aligncenter\"><img decoding=\"async\" class=\"size-full wp-image-14260\" src=\"https:\/\/www.insidebrussels.be\/V2\/wp-content\/uploads\/2023\/02\/vince-gx-hH6JJcCjFQo-unsplash.jpg\" alt=\"Watermael Boitfort (c) Vince Gx Unsplash\" width=\"640\" height=\"960\" srcset=\"https:\/\/www.insidebrussels.be\/V2\/wp-content\/uploads\/2023\/02\/vince-gx-hH6JJcCjFQo-unsplash.jpg 640w, https:\/\/www.insidebrussels.be\/V2\/wp-content\/uploads\/2023\/02\/vince-gx-hH6JJcCjFQo-unsplash-200x300.jpg 200w\" sizes=\"(max-width: 640px) 100vw, 640px\" \/><figcaption id=\"caption-attachment-14260\" class=\"wp-caption-text\">Watermael Boitfort (c) Vince Gx Unsplash<\/figcaption><\/figure>\n<h2><span class=\"ez-toc-section\" id=\"18_Woluwe-Saint-Pierre_1150\"><\/span><strong>18. Woluwe-Saint-Pierre (1150)<\/strong><span class=\"ez-toc-section-end\"><\/span><\/h2>\n<ul>\n<li><strong>Superficie<\/strong> : 8,85 km\u00b2<\/li>\n<li><strong>Population<\/strong> : Environ 41,000 habitants<\/li>\n<li><strong>\u00c0 d\u00e9couvrir<\/strong> : Quartier r\u00e9sidentiel \u00e9l\u00e9gant avec de beaux parcs et une richesse culturelle.<\/li>\n<li><strong>Attraction principale<\/strong> : Le parc de Woluwe.<\/li>\n<\/ul>\n<p>&nbsp;<\/p>\n<h2><span class=\"ez-toc-section\" id=\"19_Woluwe-Saint-Lambert_1200\"><\/span><strong>19. Woluwe-Saint-Lambert (1200)<\/strong><span class=\"ez-toc-section-end\"><\/span><\/h2>\n<ul>\n<li><strong>Superficie<\/strong> : 7,22 km\u00b2<\/li>\n<li><strong>Population<\/strong> : Environ 55,000 habitants<\/li>\n<li><strong>\u00c0 d\u00e9couvrir<\/strong> : Connue pour ses espaces verts, ses centres commerciaux modernes et son patrimoine historique, cette commune est un m\u00e9lange parfait de l&rsquo;ancien et du nouveau.<\/li>\n<li><strong>Attraction principale<\/strong> : Le parc Malou., <a href=\"https:\/\/www.insidebrussels.be\/V2\/bruxelles\/un-tour-enchanteur-au-parc-du-cinquantenaire-decouvrez-ses-zones-magiques-et-evenements-eblouissants\/\">Parc du Cinquentenaire<\/a><\/li>\n<\/ul>\n<figure id=\"attachment_15252\" aria-describedby=\"caption-attachment-15252\" style=\"width: 847px\" class=\"wp-caption aligncenter\"><img decoding=\"async\" class=\" wp-image-15252\" src=\"https:\/\/www.insidebrussels.be\/V2\/wp-content\/uploads\/2023\/10\/Parc_du_Cinquantenaire_30-05-06-wikipedia.jpg\" alt=\"Parc du Cinquentenaire Wikipedia (c) Ben2\" width=\"847\" height=\"635\" srcset=\"https:\/\/www.insidebrussels.be\/V2\/wp-content\/uploads\/2023\/10\/Parc_du_Cinquantenaire_30-05-06-wikipedia.jpg 1920w, https:\/\/www.insidebrussels.be\/V2\/wp-content\/uploads\/2023\/10\/Parc_du_Cinquantenaire_30-05-06-wikipedia-300x225.jpg 300w, https:\/\/www.insidebrussels.be\/V2\/wp-content\/uploads\/2023\/10\/Parc_du_Cinquantenaire_30-05-06-wikipedia-1024x768.jpg 1024w, https:\/\/www.insidebrussels.be\/V2\/wp-content\/uploads\/2023\/10\/Parc_du_Cinquantenaire_30-05-06-wikipedia-768x576.jpg 768w, https:\/\/www.insidebrussels.be\/V2\/wp-content\/uploads\/2023\/10\/Parc_du_Cinquantenaire_30-05-06-wikipedia-1536x1152.jpg 1536w, https:\/\/www.insidebrussels.be\/V2\/wp-content\/uploads\/2023\/10\/Parc_du_Cinquantenaire_30-05-06-wikipedia-720x540.jpg 720w\" sizes=\"(max-width: 847px) 100vw, 847px\" \/><figcaption id=\"caption-attachment-15252\" class=\"wp-caption-text\">Parc du Cinquentenaire Wikipedia (c) Ben2<\/figcaption><\/figure>\n","protected":false,"gt_translate_keys":[{"key":"rendered","format":"html"}]},"excerpt":{"rendered":"<p>\ud83c\udf1f Bruxelles est une mosa\u00efque de communes, chacune avec sa propre vibe et ses petits<\/p>\n","protected":false,"gt_translate_keys":[{"key":"rendered","format":"html"}]},"author":1,"featured_media":15104,"comment_status":"closed","ping_status":"closed","sticky":false,"template":"","format":"standard","meta":{"_lmt_disableupdate":"no","_lmt_disable":"no","footnotes":""},"categories":[1],"tags":[],"class_list":["post-15310","post","type-post","status-publish","format-standard","has-post-thumbnail","hentry","category-uncategorised"],"modified_by":"pierre","amp_enabled":true,"gt_translate_keys":[{"key":"link","format":"url"}],"_links":{"self":[{"href":"https:\/\/www.insidebrussels.be\/V2\/wp-json\/wp\/v2\/posts\/15310","targetHints":{"allow":["GET"]}}],"collection":[{"href":"https:\/\/www.insidebrussels.be\/V2\/wp-json\/wp\/v2\/posts"}],"about":[{"href":"https:\/\/www.insidebrussels.be\/V2\/wp-json\/wp\/v2\/types\/post"}],"author":[{"embeddable":true,"href":"https:\/\/www.insidebrussels.be\/V2\/wp-json\/wp\/v2\/users\/1"}],"replies":[{"embeddable":true,"href":"https:\/\/www.insidebrussels.be\/V2\/wp-json\/wp\/v2\/comments?post=15310"}],"version-history":[{"count":4,"href":"https:\/\/www.insidebrussels.be\/V2\/wp-json\/wp\/v2\/posts\/15310\/revisions"}],"predecessor-version":[{"id":17206,"href":"https:\/\/www.insidebrussels.be\/V2\/wp-json\/wp\/v2\/posts\/15310\/revisions\/17206"}],"wp:featuredmedia":[{"embeddable":true,"href":"https:\/\/www.insidebrussels.be\/V2\/wp-json\/wp\/v2\/media\/15104"}],"wp:attachment":[{"href":"https:\/\/www.insidebrussels.be\/V2\/wp-json\/wp\/v2\/media?parent=15310"}],"wp:term":[{"taxonomy":"category","embeddable":true,"href":"https:\/\/www.insidebrussels.be\/V2\/wp-json\/wp\/v2\/categories?post=15310"},{"taxonomy":"post_tag","embeddable":true,"href":"https:\/\/www.insidebrussels.be\/V2\/wp-json\/wp\/v2\/tags?post=15310"}],"curies":[{"name":"wp","href":"https:\/\/api.w.org\/{rel}","templated":true}]}}