{"id":15417,"date":"2023-10-21T00:01:40","date_gmt":"2023-10-20T22:01:40","guid":{"rendered":"https:\/\/www.insidebrussels.be\/V2\/?p=15417"},"modified":"2024-10-29T13:59:25","modified_gmt":"2024-10-29T12:59:25","slug":"bubble-planet-bruxelles","status":"publish","type":"post","link":"https:\/\/www.insidebrussels.be\/V2\/bruxelles\/bubble-planet-bruxelles\/","title":{"rendered":"Plong\u00e9e Magique \u00e0 Bubble Planet : Un Voyage Sensoriel \u00e0 Bruxelles","gt_translate_keys":[{"key":"rendered","format":"text"}]},"content":{"rendered":"\n<p>\ud83c\udf1f Si vous \u00eates comme moi, toujours \u00e0 la recherche de la prochaine p\u00e9pite \u00e0 d\u00e9couvrir en Belgique et expo \u00e0 Bruxelles, alors j&rsquo;ai exactement ce qu&rsquo;il vous faut. Laissez-moi vous emmener dans <strong>un voyage f\u00e9erique au c\u0153ur de Bruxelles<\/strong> : j&rsquo;ai eu la chance de visiter le \u00ab\u00a0<strong><a href=\"https:\/\/fever.pxf.io\/c\/2920905\/1396783\/16345?prodsku=119964&amp;u=https%3A%2F%2Ffeverup.com%2Fm%2F119964&amp;intsrc=PUI2_10347\">Bubble Planet<\/a>\u00ab\u00a0<\/strong>, et croyez-moi, \u00e7a vaut le d\u00e9tour ! Pr\u00e9parez-vous \u00e0 plonger dans <strong>un monde p\u00e9tillant qui \u00e9veillera votre \u00e2me d&rsquo;enfant.<\/strong> C&rsquo;est parti pour une aventure hors du commun ! \u2728\ud83c\udf88<\/p>\n\n\n\n<p>Dans cet article nous vous partageons et r\u00e9sumons l&rsquo;exp\u00e9rience! <div id=\"ez-toc-container\" class=\"ez-toc-v2_0_82_1 ez-toc-wrap-center counter-hierarchy ez-toc-counter ez-toc-custom ez-toc-container-direction\">\n<p class=\"ez-toc-title\" style=\"cursor:inherit\">\ud83d\udd25 Contenu de l&#039;article:<\/p>\n<label for=\"ez-toc-cssicon-toggle-item-69f0df68d84d7\" class=\"ez-toc-cssicon-toggle-label\"><span class=\"ez-toc-cssicon\"><span class=\"eztoc-hide\" style=\"display:none;\">Toggle<\/span><span class=\"ez-toc-icon-toggle-span\"><svg style=\"fill: #000000;color:#000000\" xmlns=\"http:\/\/www.w3.org\/2000\/svg\" class=\"list-377408\" width=\"20px\" height=\"20px\" viewBox=\"0 0 24 24\" fill=\"none\"><path d=\"M6 6H4v2h2V6zm14 0H8v2h12V6zM4 11h2v2H4v-2zm16 0H8v2h12v-2zM4 16h2v2H4v-2zm16 0H8v2h12v-2z\" fill=\"currentColor\"><\/path><\/svg><svg style=\"fill: #000000;color:#000000\" class=\"arrow-unsorted-368013\" xmlns=\"http:\/\/www.w3.org\/2000\/svg\" width=\"10px\" height=\"10px\" viewBox=\"0 0 24 24\" version=\"1.2\" baseProfile=\"tiny\"><path d=\"M18.2 9.3l-6.2-6.3-6.2 6.3c-.2.2-.3.4-.3.7s.1.5.3.7c.2.2.4.3.7.3h11c.3 0 .5-.1.7-.3.2-.2.3-.5.3-.7s-.1-.5-.3-.7zM5.8 14.7l6.2 6.3 6.2-6.3c.2-.2.3-.5.3-.7s-.1-.5-.3-.7c-.2-.2-.4-.3-.7-.3h-11c-.3 0-.5.1-.7.3-.2.2-.3.5-.3.7s.1.5.3.7z\"\/><\/svg><\/span><\/span><\/label><input type=\"checkbox\"  id=\"ez-toc-cssicon-toggle-item-69f0df68d84d7\"  aria-label=\"Toggle\" \/><nav><ul class='ez-toc-list ez-toc-list-level-1 ' ><li class='ez-toc-page-1 ez-toc-heading-level-2'><a class=\"ez-toc-link ez-toc-heading-1\" href=\"https:\/\/www.insidebrussels.be\/V2\/bruxelles\/bubble-planet-bruxelles\/#%C2%AB_Bruxelles_Bubble_Planet_%C2%BB_cest_quoi_et_pour_quoi\" >\u00ab\u00a0Bruxelles Bubble Planet \u00a0\u00bb c&rsquo;est quoi et pour quoi ?<\/a><\/li><li class='ez-toc-page-1 ez-toc-heading-level-2'><a class=\"ez-toc-link ez-toc-heading-2\" href=\"https:\/\/www.insidebrussels.be\/V2\/bruxelles\/bubble-planet-bruxelles\/#Video_de_Bubble_Planet_Bruxelles\" >Video de Bubble Planet Bruxelles<\/a><\/li><li class='ez-toc-page-1 ez-toc-heading-level-2'><a class=\"ez-toc-link ez-toc-heading-3\" href=\"https:\/\/www.insidebrussels.be\/V2\/bruxelles\/bubble-planet-bruxelles\/#Les_differentes_zones_de_lexposition_Bubble_Planet\" >Les diff\u00e9rentes zones de l&rsquo;exposition Bubble Planet<\/a><\/li><li class='ez-toc-page-1 ez-toc-heading-level-2'><a class=\"ez-toc-link ez-toc-heading-4\" href=\"https:\/\/www.insidebrussels.be\/V2\/bruxelles\/bubble-planet-bruxelles\/#Photos_de_levenements\" >Photos de l&rsquo;\u00e9v\u00e9nements<\/a><\/li><li class='ez-toc-page-1 ez-toc-heading-level-2'><a class=\"ez-toc-link ez-toc-heading-5\" href=\"https:\/\/www.insidebrussels.be\/V2\/bruxelles\/bubble-planet-bruxelles\/#Lexperience_en_resume\" >L&rsquo;exp\u00e9rience en r\u00e9sum\u00e9<\/a><\/li><li class='ez-toc-page-1 ez-toc-heading-level-2'><a class=\"ez-toc-link ez-toc-heading-6\" href=\"https:\/\/www.insidebrussels.be\/V2\/bruxelles\/bubble-planet-bruxelles\/#%F0%9F%93%8C_INFOS_PRATIQUES\" >\ud83d\udccc INFOS PRATIQUES<\/a><\/li><\/ul><\/nav><\/div>\n<\/p>\n\n\n\n<h2 class=\"wp-block-heading\"><span class=\"ez-toc-section\" id=\"%C2%AB_Bruxelles_Bubble_Planet_%C2%BB_cest_quoi_et_pour_quoi\"><\/span>\u00ab\u00a0Bruxelles Bubble Planet \u00a0\u00bb c&rsquo;est quoi et pour quoi ?<span class=\"ez-toc-section-end\"><\/span><\/h2>\n\n\n\n<figure class=\"wp-block-image size-full\"><a href=\"https:\/\/www.insidebrussels.be\/V2\/wp-content\/uploads\/2024\/10\/12ce4e10-e09e-4780-bd2e-8b1001bacc71.jpeg\"><img decoding=\"async\" width=\"1024\" height=\"768\" src=\"https:\/\/www.insidebrussels.be\/V2\/wp-content\/uploads\/2024\/10\/12ce4e10-e09e-4780-bd2e-8b1001bacc71.jpeg\" alt=\"\" class=\"wp-image-17348\" srcset=\"https:\/\/www.insidebrussels.be\/V2\/wp-content\/uploads\/2024\/10\/12ce4e10-e09e-4780-bd2e-8b1001bacc71.jpeg 1024w, https:\/\/www.insidebrussels.be\/V2\/wp-content\/uploads\/2024\/10\/12ce4e10-e09e-4780-bd2e-8b1001bacc71-300x225.jpeg 300w, https:\/\/www.insidebrussels.be\/V2\/wp-content\/uploads\/2024\/10\/12ce4e10-e09e-4780-bd2e-8b1001bacc71-768x576.jpeg 768w, https:\/\/www.insidebrussels.be\/V2\/wp-content\/uploads\/2024\/10\/12ce4e10-e09e-4780-bd2e-8b1001bacc71-720x540.jpeg 720w\" sizes=\"(max-width: 1024px) 100vw, 1024px\" \/><\/a><\/figure>\n\n\n\n<p>Perch\u00e9 au sein du mythique <strong>Tour &amp; Taxis<\/strong>, ce lieu est une invitation \u00e0 l&rsquo;\u00e9merveillement. \u00ab\u00a0Bubble Planet\u00a0\u00bb vous promet une <strong>exp\u00e9rience immersive <\/strong>\u00e0 nulle autre pareille, et je peux vous assurer que ce n&rsquo;est pas qu&rsquo;un effet de bulle ! Plus de 10 espaces, tous aussi \u00e9blouissants les uns que les autres, vous attendent pour chatouiller vos sens. \ud83c\udf0c<\/p>\n\n\n\n<p>Et si vous h\u00e9sitez encore, sachez que les retours sont plus qu&rsquo;\u00e9logieux avec une note globale de 4,5\/5 sur le site officiel!<\/p>\n\n\n\n<blockquote class=\"wp-block-quote is-layout-flow wp-block-quote-is-layout-flow\">\n<p><a href=\"https:\/\/fever.pxf.io\/c\/2920905\/1396783\/16345?prodsku=119964&amp;u=https%3A%2F%2Ffeverup.com%2Fm%2F119964&amp;intsrc=PUI2_10347\"><strong>\ud83d\udca1 <\/strong><\/a> <a href=\"https:\/\/fever.pxf.io\/c\/2920905\/1396783\/16345?prodsku=119964&amp;u=https%3A%2F%2Ffeverup.com%2Fm%2F119964&amp;intsrc=PUI2_10347\"><strong>En savoir plus sur le site officiel <\/strong><\/a><\/p>\n<\/blockquote>\n\n\n\n<p>Que vous cherchiez \u00e0 retomber en enfance, \u00e0 immortaliser des moments amusant dans la salle des selfies ou \u00e0 vivre une aventure en r\u00e9alit\u00e9 virtuelle, tout est l\u00e0 pour vous \u00e9blouir.<\/p>\n\n\n\n<p>C\u00f4t\u00e9 pratique, ouvert presque tous les jours, avec des tarifs vraiment raisonnables, sans oublier des petites offres promo bien sympathiques (par exemple si vous optez pour le train pour vous y rendre). Et puis, pour les fans d&rsquo;Instagram ou Tiktok comme moi, je vous garantis des story \u00e0 tomber ! \ud83d\udcf8<\/p>\n\n\n\n<p>En somme, \u00ab\u00a0Bubble Planet Bruxelles\u00a0\u00bb, c&rsquo;est LE spot \u00e0 ne pas rater si vous voulez vous \u00e9vader dans une bulle de f\u00e9\u00e9rie, en plein c\u0153ur de notre Bruxelles bien-aim\u00e9e. <strong>Pour les petits et les grands rest\u00e9s petits <\/strong>\ud83d\ude09\ud83c\udf88<\/p>\n\n\n\n<p><\/p>\n\n\n\n<figure class=\"wp-block-gallery has-nested-images columns-default is-cropped wp-block-gallery-2 is-layout-flex wp-block-gallery-is-layout-flex\">\n<figure class=\"wp-block-image size-large\"><a href=\"https:\/\/www.insidebrussels.be\/V2\/wp-content\/uploads\/2024\/10\/b5e2c9c6-6d9a-447b-bcc0-bebaa8a4ef39.jpeg\"><img decoding=\"async\" width=\"1024\" height=\"768\" data-id=\"17347\" src=\"https:\/\/www.insidebrussels.be\/V2\/wp-content\/uploads\/2024\/10\/b5e2c9c6-6d9a-447b-bcc0-bebaa8a4ef39.jpeg\" alt=\"Bubble Planet (c) M. Ludo 2024\" class=\"wp-image-17347\" srcset=\"https:\/\/www.insidebrussels.be\/V2\/wp-content\/uploads\/2024\/10\/b5e2c9c6-6d9a-447b-bcc0-bebaa8a4ef39.jpeg 1024w, https:\/\/www.insidebrussels.be\/V2\/wp-content\/uploads\/2024\/10\/b5e2c9c6-6d9a-447b-bcc0-bebaa8a4ef39-300x225.jpeg 300w, https:\/\/www.insidebrussels.be\/V2\/wp-content\/uploads\/2024\/10\/b5e2c9c6-6d9a-447b-bcc0-bebaa8a4ef39-768x576.jpeg 768w, https:\/\/www.insidebrussels.be\/V2\/wp-content\/uploads\/2024\/10\/b5e2c9c6-6d9a-447b-bcc0-bebaa8a4ef39-720x540.jpeg 720w\" sizes=\"(max-width: 1024px) 100vw, 1024px\" \/><\/a><figcaption class=\"wp-element-caption\">Bubble Planet (c) M. Ludo 2024<\/figcaption><\/figure>\n\n\n\n<figure class=\"wp-block-image size-large\"><a href=\"https:\/\/www.insidebrussels.be\/V2\/wp-content\/uploads\/2024\/10\/1d619dc7-fb12-4c33-82d5-fe198b62f400.jpeg\"><img decoding=\"async\" width=\"1024\" height=\"768\" data-id=\"17346\" src=\"https:\/\/www.insidebrussels.be\/V2\/wp-content\/uploads\/2024\/10\/1d619dc7-fb12-4c33-82d5-fe198b62f400.jpeg\" alt=\"Bubble Planet (c) M. Ludo 2024\" class=\"wp-image-17346\" srcset=\"https:\/\/www.insidebrussels.be\/V2\/wp-content\/uploads\/2024\/10\/1d619dc7-fb12-4c33-82d5-fe198b62f400.jpeg 1024w, https:\/\/www.insidebrussels.be\/V2\/wp-content\/uploads\/2024\/10\/1d619dc7-fb12-4c33-82d5-fe198b62f400-300x225.jpeg 300w, https:\/\/www.insidebrussels.be\/V2\/wp-content\/uploads\/2024\/10\/1d619dc7-fb12-4c33-82d5-fe198b62f400-768x576.jpeg 768w, https:\/\/www.insidebrussels.be\/V2\/wp-content\/uploads\/2024\/10\/1d619dc7-fb12-4c33-82d5-fe198b62f400-720x540.jpeg 720w\" sizes=\"(max-width: 1024px) 100vw, 1024px\" \/><\/a><figcaption class=\"wp-element-caption\">Bubble Planet (c) M. Ludo 2024<\/figcaption><\/figure>\n\n\n\n<figure class=\"wp-block-image size-large\"><a href=\"https:\/\/www.insidebrussels.be\/V2\/wp-content\/uploads\/2024\/10\/20675d85-c889-4626-8e50-a800881f483f.jpeg\"><img decoding=\"async\" width=\"768\" height=\"1024\" data-id=\"17345\" src=\"https:\/\/www.insidebrussels.be\/V2\/wp-content\/uploads\/2024\/10\/20675d85-c889-4626-8e50-a800881f483f.jpeg\" alt=\"\" class=\"wp-image-17345\" srcset=\"https:\/\/www.insidebrussels.be\/V2\/wp-content\/uploads\/2024\/10\/20675d85-c889-4626-8e50-a800881f483f.jpeg 768w, https:\/\/www.insidebrussels.be\/V2\/wp-content\/uploads\/2024\/10\/20675d85-c889-4626-8e50-a800881f483f-225x300.jpeg 225w, https:\/\/www.insidebrussels.be\/V2\/wp-content\/uploads\/2024\/10\/20675d85-c889-4626-8e50-a800881f483f-450x600.jpeg 450w\" sizes=\"(max-width: 768px) 100vw, 768px\" \/><\/a><figcaption class=\"wp-element-caption\">Bubble Planet (c) M. Ludo 2024<\/figcaption><\/figure>\n<\/figure>\n\n\n\n<p><blockquote>\n<p><a href=\"https:\/\/fever.pxf.io\/c\/2920905\/1396783\/16345?prodsku=119964&amp;u=https%3A%2F%2Ffeverup.com%2Fm%2F119964&amp;intsrc=PUI2_10347\"><strong>\ud83d\udca1 \ud83c\udf9f\ufe0f<\/strong><\/a> <a href=\"https:\/\/fever.pxf.io\/c\/2920905\/1396783\/16345?prodsku=119964&amp;u=https%3A%2F%2Ffeverup.com%2Fm%2F119964&amp;intsrc=PUI2_10347\"><strong>Convaincu? Voir les disponibilit\u00e9 sur le site officiel <\/strong><\/a><\/p>\n<\/blockquote><\/p>\n\n\n\n<h2 class=\"wp-block-heading\"><span class=\"ez-toc-section\" id=\"Video_de_Bubble_Planet_Bruxelles\"><\/span>Video de Bubble Planet Bruxelles<span class=\"ez-toc-section-end\"><\/span><\/h2>\n\n\n\n<p><iframe title=\"YouTube video player\" src=\"https:\/\/www.youtube.com\/embed\/81JjiuHKoOk?si=3UvQ6F__ZszCmWIH&amp;controls=0\" width=\"100%\" frameborder=\"0\" allowfullscreen=\"allowfullscreen\"><\/iframe><\/p>\n\n\n\n<h2 class=\"wp-block-heading\"><span class=\"ez-toc-section\" id=\"Les_differentes_zones_de_lexposition_Bubble_Planet\"><\/span>Les diff\u00e9rentes zones de l&rsquo;exposition Bubble Planet<span class=\"ez-toc-section-end\"><\/span><\/h2>\n\n\n\n<figure class=\"wp-block-image aligncenter size-large\"><a href=\"https:\/\/www.insidebrussels.be\/V2\/wp-content\/uploads\/2023\/10\/map-bubble-planet.jpg\"><img decoding=\"async\" width=\"1024\" height=\"604\" class=\"wp-image-15411 aligncenter\" src=\"https:\/\/www.insidebrussels.be\/V2\/wp-content\/uploads\/2023\/10\/map-bubble-planet-1024x604.jpg\" alt=\"Plan de L'exposition Bubble Planet (c) https:\/\/bubble-planet.com\/brussels\/\" srcset=\"https:\/\/www.insidebrussels.be\/V2\/wp-content\/uploads\/2023\/10\/map-bubble-planet-1024x604.jpg 1024w, https:\/\/www.insidebrussels.be\/V2\/wp-content\/uploads\/2023\/10\/map-bubble-planet-300x177.jpg 300w, https:\/\/www.insidebrussels.be\/V2\/wp-content\/uploads\/2023\/10\/map-bubble-planet-768x453.jpg 768w, https:\/\/www.insidebrussels.be\/V2\/wp-content\/uploads\/2023\/10\/map-bubble-planet.jpg 1294w\" sizes=\"(max-width: 1024px) 100vw, 1024px\" \/><\/a>\r\n<figcaption class=\"wp-element-caption\">Plan de L&rsquo;exposition Bubble Planet (c) https:\/\/bubble-planet.com\/brussels\/<\/figcaption>\r\n<\/figure>\n\n\n\n<p>Si vous vous demandez quelles salles se cachent \u00e0 l&rsquo;int\u00e9rieur, voici le plan de l&rsquo;expo:<\/p>\n\n\n\n<ol class=\"wp-block-list\">\r\n<li style=\"list-style-type: none;\">\r\n<ol>\n\n<li><strong>L&rsquo;ESCAPADE EN BALLON<\/strong> \ud83c\udf88: Embarquez pour une aventure sensationnelle dans les airs avec la derni\u00e8re technologie de r\u00e9alit\u00e9 virtuelle. C&rsquo;est comme voler sans quitter le sol !<\/li>\r\n<\/ol>\r\n<\/li>\r\n<\/ol>\n\n\r\n\r\n\n<ol>\r\n<li style=\"list-style-type: none;\">\r\n<ol>\r\n<li><strong>LA SELFIE ROOM<\/strong> \ud83d\udcf8: Si tu veux \u00e9pater tes followers, c&rsquo;est l&rsquo;endroit r\u00eav\u00e9 ! Les lumi\u00e8res, les d\u00e9cors&#8230; Tout est fait pour que ton selfie soit au top.<\/li>\r\n<\/ol>\r\n<\/li>\r\n<\/ol>\n\n\r\n\r\n\n<ol>\r\n<li style=\"list-style-type: none;\">\r\n<ol>\r\n<li><strong>LA PI\u00c8CE INFINIE<\/strong> \ud83d\udd2e: Une pi\u00e8ce qui joue avec ta perception. Tu te perdras dans les reflets et les lumi\u00e8res. Une exp\u00e9rience vraiment magique !<\/li>\r\n<\/ol>\r\n<\/li>\r\n<\/ol>\n\n\r\n\r\n\n<ol>\r\n<li style=\"list-style-type: none;\">\r\n<ol>\r\n<li><strong>LE PORTAIL AUX BULLES<\/strong> \ud83c\udf00: Un spectacle futuriste o\u00f9 les bulles sont les stars. Et devine quoi? C&rsquo;est un robot qui est aux commandes ! Futuriste, n&rsquo;est-ce pas?<\/li>\r\n<\/ol>\r\n<\/li>\r\n<\/ol>\n\n\r\n\r\n\n<ol>\r\n<li style=\"list-style-type: none;\">\r\n<ol>\r\n<li><strong>BUBBLE EFFECT<\/strong> \ud83c\udf0c: Un voyage sensoriel entour\u00e9 de bulles \u00e9normes. Tu te sentiras comme dans un r\u00eave \u00e9veill\u00e9.<\/li>\r\n<\/ol>\r\n<\/li>\r\n<\/ol>\n\n\r\n\r\n\n<ol>\r\n<li style=\"list-style-type: none;\">\r\n<ol>\r\n<li><strong>LE SALON DE R\u00c9ALIT\u00c9 VIRTUELLE<\/strong> \ud83c\udf0c: Embarque pour une plan\u00e8te \u00e9tonnante peupl\u00e9e de bulles enchant\u00e9es. Un autre niveau de r\u00e9alit\u00e9 virtuelle !<\/li>\r\n<\/ol>\r\n<\/li>\r\n<\/ol>\n\n\r\n\r\n\n<ol>\r\n<li style=\"list-style-type: none;\">\r\n<ol>\r\n<li><strong>BOUTIQUE INTERACTIVE<\/strong> \ud83d\udecd: N&rsquo;oublie pas de ramener un souvenir ! Et bien s\u00fbr, il y a des coins photos pour immortaliser ta visite.<\/li>\r\n<\/ol>\r\n<\/li>\r\n<\/ol>\n\n\r\n\r\n\n<ol>\r\n<li style=\"list-style-type: none;\">\r\n<ol>\r\n<li><strong>LA GALERIE AUX BULLES G\u00c9ANTES<\/strong> \ud83c\udf89: Imagine-toi \u00e0 l&rsquo;int\u00e9rieur d&rsquo;une \u00e9norme bulle. Un monde p\u00e9tillant t&rsquo;attend.<\/li>\r\n<\/ol>\r\n<\/li>\r\n<\/ol>\n\n\r\n\r\n\n<ol>\r\n<li style=\"list-style-type: none;\">\r\n<ol>\r\n<li><strong>LE HALL AUX LEDS<\/strong> \ud83d\udc20: Un plongeon sous l&rsquo;oc\u00e9an \u00e0 la d\u00e9couverte de cr\u00e9atures lumineuses. C&rsquo;est comme une plong\u00e9e nocturne, sans te mouiller !<\/li>\r\n<\/ol>\r\n<\/li>\r\n<\/ol>\n\n\r\n\r\n\n<ol>\r\n<li style=\"list-style-type: none;\">\r\n<ol>\r\n<li><strong>LE CIEL NUAGEUX<\/strong> \u2601\ufe0f: Envie de d\u00e9tente ? Repose-toi sur des nuages gonflables tout en admirant des animations apaisantes.<\/li>\r\n<\/ol>\r\n<\/li>\r\n<\/ol>\n\n\r\n\r\n\n<ol>\r\n<li style=\"list-style-type: none;\">\r\n<ol>\r\n<li><strong>L&rsquo;OC\u00c9AN AUX BULLES<\/strong> \ud83c\udf0a: Plonge dans un oc\u00e9an de ballons. Une exp\u00e9rience immersive \u00e0 ne pas manquer.<\/li>\r\n<\/ol>\r\n<\/li>\r\n<\/ol>\n\n\r\n\r\n\n<ol>\r\n<li style=\"list-style-type: none;\">\r\n<ol>\r\n<li><strong>LE BAIN MOUSSANT<\/strong> \ud83d\udec1: Ressens-toi comme un enfant dans cette piscine g\u00e9ante remplie de boules. Un pur moment de bonheur !<\/li>\r\n<\/ol>\r\n<\/li>\r\n<\/ol>\n\n\n\n\n<p>N&rsquo;h\u00e9site pas \u00e0 partager ton aventure sur les r\u00e9seaux sociaux avec le hashtag #BubblePlanet ! \ud83c\udf0d\u2728<\/p>\n\n\n\n<h2 class=\"wp-block-heading\"><span class=\"ez-toc-section\" id=\"Photos_de_levenements\"><\/span>Photos de l&rsquo;\u00e9v\u00e9nements<span class=\"ez-toc-section-end\"><\/span><\/h2>\n\n\n\n<blockquote class=\"instagram-media\" style=\"background: #FFF; border: 0; border-radius: 3px; box-shadow: 0 0 1px 0 rgba(0,0,0,0.5),0 1px 10px 0 rgba(0,0,0,0.15); margin: 1px; max-width: 540px; min-width: 326px; padding: 0; width: calc(100% - 2px);\" data-instgrm-captioned=\"\" data-instgrm-permalink=\"https:\/\/www.instagram.com\/reel\/Cw2FoYXtQU5\/?utm_source=ig_embed&amp;utm_campaign=loading\" data-instgrm-version=\"14\">\r\n<div style=\"padding: 16px;\">\u00a0\r\n<div style=\"display: flex; flex-direction: row; align-items: center;\">\r\n<div style=\"background-color: #f4f4f4; border-radius: 50%; flex-grow: 0; height: 40px; margin-right: 14px; width: 40px;\">\u00a0<\/div>\r\n<div style=\"display: flex; flex-direction: column; flex-grow: 1; justify-content: center;\">\r\n<div style=\"background-color: #f4f4f4; border-radius: 4px; flex-grow: 0; height: 14px; margin-bottom: 6px; width: 100px;\">\u00a0<\/div>\r\n<div style=\"background-color: #f4f4f4; border-radius: 4px; flex-grow: 0; height: 14px; width: 60px;\">\u00a0<\/div>\r\n<\/div>\r\n<\/div>\r\n<div style=\"padding: 19% 0;\">\u00a0<\/div>\r\n<div style=\"display: block; height: 50px; margin: 0 auto 12px; width: 50px;\">\u00a0<\/div>\r\n<div style=\"padding-top: 8px;\">\r\n<div style=\"color: #3897f0; font-family: Arial,sans-serif; font-size: 14px; font-style: normal; font-weight: 550; line-height: 18px;\">View this post on Instagram<\/div>\r\n<\/div>\r\n<div style=\"padding: 12.5% 0;\">\u00a0<\/div>\r\n<div style=\"display: flex; flex-direction: row; margin-bottom: 14px; align-items: center;\">\r\n<div>\r\n<div style=\"background-color: #f4f4f4; border-radius: 50%; height: 12.5px; width: 12.5px; transform: translateX(0px) translateY(7px);\">\u00a0<\/div>\r\n<div style=\"background-color: #f4f4f4; height: 12.5px; transform: rotate(-45deg) translateX(3px) translateY(1px); width: 12.5px; flex-grow: 0; margin-right: 14px; margin-left: 2px;\">\u00a0<\/div>\r\n<div style=\"background-color: #f4f4f4; border-radius: 50%; height: 12.5px; width: 12.5px; transform: translateX(9px) translateY(-18px);\">\u00a0<\/div>\r\n<\/div>\r\n<div style=\"margin-left: 8px;\">\r\n<div style=\"background-color: #f4f4f4; border-radius: 50%; flex-grow: 0; height: 20px; width: 20px;\">\u00a0<\/div>\r\n<div style=\"width: 0; height: 0; border-top: 2px solid transparent; border-left: 6px solid #f4f4f4; border-bottom: 2px solid transparent; transform: translateX(16px) translateY(-4px) rotate(30deg);\">\u00a0<\/div>\r\n<\/div>\r\n<div style=\"margin-left: auto;\">\r\n<div style=\"width: 0px; border-top: 8px solid #F4F4F4; border-right: 8px solid transparent; transform: translateY(16px);\">\u00a0<\/div>\r\n<div style=\"background-color: #f4f4f4; flex-grow: 0; height: 12px; width: 16px; transform: translateY(-4px);\">\u00a0<\/div>\r\n<div style=\"width: 0; height: 0; border-top: 8px solid #F4F4F4; border-left: 8px solid transparent; transform: translateY(-4px) translateX(8px);\">\u00a0<\/div>\r\n<\/div>\r\n<\/div>\r\n<div style=\"display: flex; flex-direction: column; flex-grow: 1; justify-content: center; margin-bottom: 24px;\">\r\n<div style=\"background-color: #f4f4f4; border-radius: 4px; flex-grow: 0; height: 14px; margin-bottom: 6px; width: 224px;\">\u00a0<\/div>\r\n<div style=\"background-color: #f4f4f4; border-radius: 4px; flex-grow: 0; height: 14px; width: 144px;\">\u00a0<\/div>\r\n<\/div>\r\n\u00a0\r\n<p style=\"color: #c9c8cd; font-family: Arial,sans-serif; font-size: 14px; line-height: 17px; margin-bottom: 0; margin-top: 8px; overflow: hidden; padding: 8px 0 7px; text-align: center; text-overflow: ellipsis; white-space: nowrap;\"><a style=\"color: #c9c8cd; font-family: Arial,sans-serif; font-size: 14px; font-style: normal; font-weight: normal; line-height: 17px; text-decoration: none;\" href=\"https:\/\/www.instagram.com\/reel\/Cw2FoYXtQU5\/?utm_source=ig_embed&amp;utm_campaign=loading\" target=\"_blank\" rel=\"noopener\">A post shared by Bruxelles Secr\u00e8te (@bruxelles_secrete_)<\/a><\/p>\r\n<\/div>\r\n<\/blockquote>\r\n<p><script async src=\"\/\/www.instagram.com\/embed.js\"><\/script><\/p>\n\n\n\n<h2 class=\"wp-block-heading\"><span class=\"ez-toc-section\" id=\"Lexperience_en_resume\"><\/span>L&rsquo;exp\u00e9rience en r\u00e9sum\u00e9<span class=\"ez-toc-section-end\"><\/span><\/h2>\n\n\n\n<ul class=\"wp-block-list\">\r\n<li style=\"list-style-type: none;\">\r\n<ul>\n\n<li>\ud83c\udf0d Plongez dans un univers f\u00e9\u00e9rique, vibrant de couleurs et de bulles.<\/li>\r\n<\/ul>\r\n<\/li>\r\n<\/ul>\n\n\r\n\r\n\n<ul>\r\n<li style=\"list-style-type: none;\">\r\n<ul>\r\n<li>\ud83d\udcad Naviguez entre diverses bulles et immergez-vous dans des d\u00e9cors dignes d&rsquo;un songe.<\/li>\r\n<\/ul>\r\n<\/li>\r\n<\/ul>\n\n\r\n\r\n\n<ul>\r\n<li style=\"list-style-type: none;\">\r\n<ul>\r\n<li>\ud83d\udeaa Parcourez les 10 salles th\u00e9matiques, chacune avec sa propre magie.<\/li>\r\n<\/ul>\r\n<\/li>\r\n<\/ul>\n\n\r\n\r\n\n<ul>\r\n<li style=\"list-style-type: none;\">\r\n<ul>\r\n<li>\ud83c\udfa8 Laissez-vous transporter par des mises en sc\u00e8ne \u00e9blouissantes qui chatouilleront tous vos sens.<\/li>\r\n<\/ul>\r\n<\/li>\r\n<\/ul>\n\n\r\n\r\n\n<ul>\r\n<li style=\"list-style-type: none;\">\r\n<ul>\r\n<li>\ud83c\udfae Vivez un voyage sensoriel gr\u00e2ce \u00e0 la pointe de la technologie en r\u00e9alit\u00e9 virtuelle, simulations et jeux d&rsquo;illusions.<\/li>\r\n<\/ul>\r\n<\/li>\r\n<\/ul>\n\n\n\n\n<h2 class=\"wp-block-heading\"><span class=\"ez-toc-section\" id=\"%F0%9F%93%8C_INFOS_PRATIQUES\"><\/span>\ud83d\udccc <strong>INFOS PRATIQUES<\/strong><span class=\"ez-toc-section-end\"><\/span><\/h2>\n\n\n\n<p>\ud83d\udcc5 <strong>Date<\/strong> :Depuis juillet 2023<\/p>\n\n\n\n<p>\u23f0 <strong>Horaires<\/strong> :<\/p>\n\n\n\n<ul class=\"wp-block-list\">\r\n<li style=\"list-style-type: none;\">\r\n<ul>\n\n<li>\ud83d\udd39 Du lundi au jeudi : 10h-19h30 (\ud83d\udeab18h)<\/li>\r\n<\/ul>\r\n<\/li>\r\n<\/ul>\n\n\r\n\r\n\n<ul>\r\n<li style=\"list-style-type: none;\">\r\n<ul>\r\n<li>\ud83d\udd39 Les vendredis : 10h-20h30 (\ud83d\udeab19h)<\/li>\r\n<\/ul>\r\n<\/li>\r\n<\/ul>\n\n\r\n\r\n\n<ul>\r\n<li style=\"list-style-type: none;\">\r\n<ul>\r\n<li>\ud83d\udd39 Les samedis : 9h-20h30 (\ud83d\udeab19h)<\/li>\r\n<\/ul>\r\n<\/li>\r\n<\/ul>\n\n\r\n\r\n\n<ul>\r\n<li style=\"list-style-type: none;\">\r\n<ul>\r\n<li>\ud83d\udd39 Les dimanches : 9h-18h30 (\ud83d\udeab17h)<\/li>\r\n<\/ul>\r\n<\/li>\r\n<\/ul>\n\n\n\n\n<p>\u23f3 <strong>Dur\u00e9e<\/strong> : 60-90 minutes\u231b<\/p>\n\n\n\n<p>\ud83d\udccd <strong>Lieu<\/strong> : Tour &amp; Taxis, Bruxelles\ud83c\udfe2 Rue Picard 7\/11 (Via Gare Maritime) Bruxelles Belgique 1000<\/p>\n\n\n\n<p>\ud83d\ude97 <strong>Parking<\/strong> : Parklane &#8211; Rue Picard 13<\/p>\n\n\n\n<p>\ud83d\ude87 <strong>M\u00e9tro 6<\/strong> : Direction Roi Baudouin.<\/p>\n\n\n\n<p>\ud83d\udc65 <strong>\u00c2ge requis<\/strong> : Tous \u00e2ges. Enfants jusqu&rsquo;\u00e0 4 ans : \ud83c\udd93<\/p>\n\n\n\n<p>\ud83d\udcb6 <strong>Prix<\/strong> :<\/p>\n\n\n\n<ul class=\"wp-block-list\">\r\n<li style=\"list-style-type: none;\">\r\n<ul>\n\n<li>Enfant 3-: Gratuit<\/li>\r\n<\/ul>\r\n<\/li>\r\n<\/ul>\n\n\r\n\r\n\n<ul>\r\n<li style=\"list-style-type: none;\">\r\n<ul>\r\n<li>Enfant 4+: 11,90\u20ac\ud83d\udcb8<\/li>\r\n<\/ul>\r\n<\/li>\r\n<\/ul>\n\n\r\n\r\n\n<ul>\r\n<li style=\"list-style-type: none;\">\r\n<ul>\r\n<li>Adulte : 14,90\u20ac\ud83d\udcb8<\/li>\r\n<li><a href=\"https:\/\/fever.pxf.io\/c\/2920905\/1396783\/16345?prodsku=119964&amp;u=https%3A%2F%2Ffeverup.com%2Fm%2F119964&amp;intsrc=PUI2_10347\"><strong>\ud83c\udf9f\ufe0f<\/strong><\/a> <a href=\"https:\/\/fever.pxf.io\/c\/2920905\/1396783\/16345?prodsku=119964&amp;u=https%3A%2F%2Ffeverup.com%2Fm%2F119964&amp;intsrc=PUI2_10347\"><strong>Voir les billets\u00a0 sur le site officiel <\/strong><\/a><\/li>\r\n<\/ul>\r\n<\/li>\r\n<\/ul>\n\n\n\n\n<p>\u267f <strong>Accessibilit\u00e9<\/strong> : Facile pour tous. Voir FAQ pour + d&rsquo;infos\ud83d\udd0d<\/p>\n","protected":false,"gt_translate_keys":[{"key":"rendered","format":"html"}]},"excerpt":{"rendered":"<p>\ud83c\udf1f Si vous \u00eates comme moi, toujours \u00e0 la recherche de la prochaine p\u00e9pite \u00e0<\/p>\n","protected":false,"gt_translate_keys":[{"key":"rendered","format":"html"}]},"author":1,"featured_media":15418,"comment_status":"closed","ping_status":"closed","sticky":false,"template":"","format":"standard","meta":{"_lmt_disableupdate":"no","_lmt_disable":"no","footnotes":""},"categories":[232,511],"tags":[49,891,254],"class_list":["post-15417","post","type-post","status-publish","format-standard","has-post-thumbnail","hentry","category-agenda-et-expo","category-exposition","tag-activites-avec-enfants","tag-exposition-immersive","tag-tour-et-taxi"],"modified_by":"pierre","amp_enabled":true,"gt_translate_keys":[{"key":"link","format":"url"}],"_links":{"self":[{"href":"https:\/\/www.insidebrussels.be\/V2\/wp-json\/wp\/v2\/posts\/15417","targetHints":{"allow":["GET"]}}],"collection":[{"href":"https:\/\/www.insidebrussels.be\/V2\/wp-json\/wp\/v2\/posts"}],"about":[{"href":"https:\/\/www.insidebrussels.be\/V2\/wp-json\/wp\/v2\/types\/post"}],"author":[{"embeddable":true,"href":"https:\/\/www.insidebrussels.be\/V2\/wp-json\/wp\/v2\/users\/1"}],"replies":[{"embeddable":true,"href":"https:\/\/www.insidebrussels.be\/V2\/wp-json\/wp\/v2\/comments?post=15417"}],"version-history":[{"count":4,"href":"https:\/\/www.insidebrussels.be\/V2\/wp-json\/wp\/v2\/posts\/15417\/revisions"}],"predecessor-version":[{"id":17350,"href":"https:\/\/www.insidebrussels.be\/V2\/wp-json\/wp\/v2\/posts\/15417\/revisions\/17350"}],"wp:featuredmedia":[{"embeddable":true,"href":"https:\/\/www.insidebrussels.be\/V2\/wp-json\/wp\/v2\/media\/15418"}],"wp:attachment":[{"href":"https:\/\/www.insidebrussels.be\/V2\/wp-json\/wp\/v2\/media?parent=15417"}],"wp:term":[{"taxonomy":"category","embeddable":true,"href":"https:\/\/www.insidebrussels.be\/V2\/wp-json\/wp\/v2\/categories?post=15417"},{"taxonomy":"post_tag","embeddable":true,"href":"https:\/\/www.insidebrussels.be\/V2\/wp-json\/wp\/v2\/tags?post=15417"}],"curies":[{"name":"wp","href":"https:\/\/api.w.org\/{rel}","templated":true}]}}