{"id":15428,"date":"2023-10-26T00:18:09","date_gmt":"2023-10-25T22:18:09","guid":{"rendered":"https:\/\/www.insidebrussels.be\/V2\/?p=15428"},"modified":"2026-04-20T23:21:19","modified_gmt":"2026-04-20T21:21:19","slug":"les-10-meilleures-choses-a-faire-dans-le-commune-ixelles","status":"publish","type":"post","link":"https:\/\/www.insidebrussels.be\/V2\/bruxelles\/les-10-meilleures-choses-a-faire-dans-le-commune-ixelles\/","title":{"rendered":"Les 10 meilleures choses \u00e0 faire dans le commune Ixelles","gt_translate_keys":[{"key":"rendered","format":"text"}]},"content":{"rendered":"<p><strong>\u00a0Si vous \u00eates \u00e0 Bruxelles et que vous cherchez l&rsquo;endroit id\u00e9al pour vous immerger dans le charme authentique de la capitale, ne cherchez pas plus loin qu&rsquo;Ixelles. Dans cet article, Llaissez-moi vous guider \u00e0 travers ses rues anim\u00e9es et ses spots incontournables. Partons \u00e0 \u00c0 la d\u00e9couverte d&rsquo;Ixelles : Le c\u0153ur vibrant de Bruxelles<\/strong><\/p>\n<div id=\"ez-toc-container\" class=\"ez-toc-v2_0_82_1 ez-toc-wrap-center counter-hierarchy ez-toc-counter ez-toc-custom ez-toc-container-direction\">\n<p class=\"ez-toc-title\" style=\"cursor:inherit\">\ud83d\udd25 Contenu de l&#039;article:<\/p>\n<label for=\"ez-toc-cssicon-toggle-item-69f41edfccb78\" class=\"ez-toc-cssicon-toggle-label\"><span class=\"ez-toc-cssicon\"><span class=\"eztoc-hide\" style=\"display:none;\">Toggle<\/span><span class=\"ez-toc-icon-toggle-span\"><svg style=\"fill: #000000;color:#000000\" xmlns=\"http:\/\/www.w3.org\/2000\/svg\" class=\"list-377408\" width=\"20px\" height=\"20px\" viewBox=\"0 0 24 24\" fill=\"none\"><path d=\"M6 6H4v2h2V6zm14 0H8v2h12V6zM4 11h2v2H4v-2zm16 0H8v2h12v-2zM4 16h2v2H4v-2zm16 0H8v2h12v-2z\" fill=\"currentColor\"><\/path><\/svg><svg style=\"fill: #000000;color:#000000\" class=\"arrow-unsorted-368013\" xmlns=\"http:\/\/www.w3.org\/2000\/svg\" width=\"10px\" height=\"10px\" viewBox=\"0 0 24 24\" version=\"1.2\" baseProfile=\"tiny\"><path d=\"M18.2 9.3l-6.2-6.3-6.2 6.3c-.2.2-.3.4-.3.7s.1.5.3.7c.2.2.4.3.7.3h11c.3 0 .5-.1.7-.3.2-.2.3-.5.3-.7s-.1-.5-.3-.7zM5.8 14.7l6.2 6.3 6.2-6.3c.2-.2.3-.5.3-.7s-.1-.5-.3-.7c-.2-.2-.4-.3-.7-.3h-11c-.3 0-.5.1-.7.3-.2.2-.3.5-.3.7s.1.5.3.7z\"\/><\/svg><\/span><\/span><\/label><input type=\"checkbox\"  id=\"ez-toc-cssicon-toggle-item-69f41edfccb78\"  aria-label=\"Toggle\" \/><nav><ul class='ez-toc-list ez-toc-list-level-1 ' ><li class='ez-toc-page-1 ez-toc-heading-level-2'><a class=\"ez-toc-link ez-toc-heading-1\" href=\"https:\/\/www.insidebrussels.be\/V2\/bruxelles\/les-10-meilleures-choses-a-faire-dans-le-commune-ixelles\/#Ixelles_Un_melange_de_cultures_et_dart\" >Ixelles : Un m\u00e9lange de cultures et d&rsquo;art<\/a><ul class='ez-toc-list-level-3' ><li class='ez-toc-heading-level-3'><a class=\"ez-toc-link ez-toc-heading-2\" href=\"https:\/\/www.insidebrussels.be\/V2\/bruxelles\/les-10-meilleures-choses-a-faire-dans-le-commune-ixelles\/#1_Emerveillez-vous_dans_le_Musee_Magritte\" >1. Emerveillez-vous dans le Mus\u00e9e Magritte<\/a><\/li><li class='ez-toc-page-1 ez-toc-heading-level-3'><a class=\"ez-toc-link ez-toc-heading-3\" href=\"https:\/\/www.insidebrussels.be\/V2\/bruxelles\/les-10-meilleures-choses-a-faire-dans-le-commune-ixelles\/#2_Une_bouffee_dair_en_ville_dans_le_Parc_Tenbosch\" >2. Une bouff\u00e9e d&rsquo;air en ville dans le Parc Tenbosch<\/a><\/li><li class='ez-toc-page-1 ez-toc-heading-level-3'><a class=\"ez-toc-link ez-toc-heading-4\" href=\"https:\/\/www.insidebrussels.be\/V2\/bruxelles\/les-10-meilleures-choses-a-faire-dans-le-commune-ixelles\/#3_Inspirez-vous_dans_le_Musee_Horta\" >3. Inspirez-vous dans le Mus\u00e9e Horta<\/a><\/li><li class='ez-toc-page-1 ez-toc-heading-level-3'><a class=\"ez-toc-link ez-toc-heading-5\" href=\"https:\/\/www.insidebrussels.be\/V2\/bruxelles\/les-10-meilleures-choses-a-faire-dans-le-commune-ixelles\/#4_Voyagez_a_traver_le_temps_dans_lAbbaye_de_la_Cambre_%E2%9B%AA%F0%9F%8C%BF\" >4. Voyagez \u00e0 traver le temps dans l&rsquo;Abbaye de la Cambre \u26ea\ud83c\udf3f:<\/a><\/li><li class='ez-toc-page-1 ez-toc-heading-level-3'><a class=\"ez-toc-link ez-toc-heading-6\" href=\"https:\/\/www.insidebrussels.be\/V2\/bruxelles\/les-10-meilleures-choses-a-faire-dans-le-commune-ixelles\/#5_Tester_la_gastronomie_a_Ixelles\" >5. Tester la gastronomie \u00e0 Ixelles :<\/a><\/li><li class='ez-toc-page-1 ez-toc-heading-level-3'><a class=\"ez-toc-link ez-toc-heading-7\" href=\"https:\/\/www.insidebrussels.be\/V2\/bruxelles\/les-10-meilleures-choses-a-faire-dans-le-commune-ixelles\/#6_Prennez_un_brunch_ou_un_verre_sur_la_Place_Flagey_%F0%9F%A6%86%F0%9F%8E%B6\" >6. Prennez un brunch ou un verre sur la Place Flagey \ud83e\udd86\ud83c\udfb6<\/a><\/li><li class='ez-toc-page-1 ez-toc-heading-level-3'><a class=\"ez-toc-link ez-toc-heading-8\" href=\"https:\/\/www.insidebrussels.be\/V2\/bruxelles\/les-10-meilleures-choses-a-faire-dans-le-commune-ixelles\/#7_Donnez_rendez-vous_a_vos_amis_sur_le_Marche_du_Chatelain_%F0%9F%8D%85%F0%9F%A7%80\" >7. Donnez rendez-vous \u00e0 vos amis sur le March\u00e9 du Ch\u00e2telain \ud83c\udf45\ud83e\uddc0:<\/a><\/li><li class='ez-toc-page-1 ez-toc-heading-level-3'><a class=\"ez-toc-link ez-toc-heading-9\" href=\"https:\/\/www.insidebrussels.be\/V2\/bruxelles\/les-10-meilleures-choses-a-faire-dans-le-commune-ixelles\/#8_Theatre_de_lAtelier_%F0%9F%8E%AD\" >8. Th\u00e9\u00e2tre de l&rsquo;Atelier \ud83c\udfad:<\/a><\/li><li class='ez-toc-page-1 ez-toc-heading-level-3'><a class=\"ez-toc-link ez-toc-heading-10\" href=\"https:\/\/www.insidebrussels.be\/V2\/bruxelles\/les-10-meilleures-choses-a-faire-dans-le-commune-ixelles\/#9_La_Brasserie_Verschueren_%F0%9F%8D%BA\" >9. La Brasserie Verschueren \ud83c\udf7a:<\/a><\/li><li class='ez-toc-page-1 ez-toc-heading-level-3'><a class=\"ez-toc-link ez-toc-heading-11\" href=\"https:\/\/www.insidebrussels.be\/V2\/bruxelles\/les-10-meilleures-choses-a-faire-dans-le-commune-ixelles\/#10_Le_bois_de_la_Cambre%F0%9F%8C%B3%F0%9F%8D%82\" >10. Le bois de la Cambre\ud83c\udf33\ud83c\udf42:<\/a><\/li><\/ul><\/li><li class='ez-toc-page-1 ez-toc-heading-level-2'><a class=\"ez-toc-link ez-toc-heading-12\" href=\"https:\/\/www.insidebrussels.be\/V2\/bruxelles\/les-10-meilleures-choses-a-faire-dans-le-commune-ixelles\/#Quelques_petits_conseils_avant_daller_a_Ixelles%F0%9F%93%9D\" >Quelques petits conseils avant d&rsquo;aller \u00e0 Ixelles\ud83d\udcdd<\/a><\/li><li class='ez-toc-page-1 ez-toc-heading-level-2'><a class=\"ez-toc-link ez-toc-heading-13\" href=\"https:\/\/www.insidebrussels.be\/V2\/bruxelles\/les-10-meilleures-choses-a-faire-dans-le-commune-ixelles\/#Pour_aller_plus_loin_et_visiter_dautres_communes_de_Bruxelles\" >Pour aller plus loin et visiter d&rsquo;autres communes de Bruxelles:<\/a><\/li><\/ul><\/nav><\/div>\n\n<h2><span class=\"ez-toc-section\" id=\"Ixelles_Un_melange_de_cultures_et_dart\"><\/span>Ixelles : Un m\u00e9lange de cultures et d&rsquo;art<span class=\"ez-toc-section-end\"><\/span><\/h2>\n<p>Ce quartier, nich\u00e9 au sud du centre-ville bruxellois, est le reflet parfait de ce que Bruxelles a de meilleur \u00e0 offrir : un m\u00e9lange cosmopolite et multiculturel, avec un penchant certain pour l&rsquo;art et la mode. \ud83c\udfa8<\/p>\n<h3><span class=\"ez-toc-section\" id=\"1_Emerveillez-vous_dans_le_Musee_Magritte\"><\/span>1. Emerveillez-vous dans le Mus\u00e9e Magritte<span class=\"ez-toc-section-end\"><\/span><\/h3>\n<figure id=\"attachment_14717\" aria-describedby=\"caption-attachment-14717\" style=\"width: 1078px\" class=\"wp-caption aligncenter\"><img decoding=\"async\" class=\"size-full wp-image-14717\" src=\"https:\/\/www.insidebrussels.be\/V2\/wp-content\/uploads\/2016\/03\/natalia-trofimova-eZOgsW-UZN0-unsplash-scaled.jpg\" alt=\"Mus\u00e9e Magritte \u00e0 Bruxelles (c) photo Natalia Trofimova unsplash\" width=\"1078\" height=\"867\" srcset=\"https:\/\/www.insidebrussels.be\/V2\/wp-content\/uploads\/2016\/03\/natalia-trofimova-eZOgsW-UZN0-unsplash-scaled.jpg 1078w, https:\/\/www.insidebrussels.be\/V2\/wp-content\/uploads\/2016\/03\/natalia-trofimova-eZOgsW-UZN0-unsplash-300x241.jpg 300w, https:\/\/www.insidebrussels.be\/V2\/wp-content\/uploads\/2016\/03\/natalia-trofimova-eZOgsW-UZN0-unsplash-1024x824.jpg 1024w, https:\/\/www.insidebrussels.be\/V2\/wp-content\/uploads\/2016\/03\/natalia-trofimova-eZOgsW-UZN0-unsplash-768x618.jpg 768w, https:\/\/www.insidebrussels.be\/V2\/wp-content\/uploads\/2016\/03\/natalia-trofimova-eZOgsW-UZN0-unsplash-1536x1236.jpg 1536w, https:\/\/www.insidebrussels.be\/V2\/wp-content\/uploads\/2016\/03\/natalia-trofimova-eZOgsW-UZN0-unsplash-2048x1648.jpg 2048w\" sizes=\"(max-width: 1078px) 100vw, 1078px\" \/><figcaption id=\"caption-attachment-14717\" class=\"wp-caption-text\">Mus\u00e9e Magritte \u00e0 Bruxelles (c) photo Natalia Trofimova unsplash<\/figcaption><\/figure>\n<p>Un incontournable pour tous les amoureux de l&rsquo;art surr\u00e9aliste. Plongez dans l&rsquo;univers mystique de Ren\u00e9 Magritte et d\u00e9couvrez sa vision unique du monde \u00e0 travers ses \u0153uvres embl\u00e9matiques.<br \/>[<a href=\"https:\/\/www.insidebrussels.be\/V2\/bruxelles\/le-musee-magritte-a-la-decouverte-dun-artiste-de-renom\/\">En savoir plus sur le Mus\u00e9e Magritte<\/a> ]<\/p>\n<h3><span class=\"ez-toc-section\" id=\"2_Une_bouffee_dair_en_ville_dans_le_Parc_Tenbosch\"><\/span>2. Une bouff\u00e9e d&rsquo;air en ville dans le Parc Tenbosch<span class=\"ez-toc-section-end\"><\/span><\/h3>\n<figure id=\"attachment_15429\" aria-describedby=\"caption-attachment-15429\" style=\"width: 640px\" class=\"wp-caption aligncenter\"><img decoding=\"async\" class=\"wp-image-15429 size-large\" title=\"Parc Tenbosch \u00e0 Ixelles, (c) Wikipedia GdML.\" src=\"https:\/\/www.insidebrussels.be\/V2\/wp-content\/uploads\/2023\/10\/Parc_Tenbosch4-1024x768.jpg\" alt=\"Parc Tenbosch \u00e0 Ixelles, (c) Wikipedia GdML.\" width=\"640\" height=\"480\" srcset=\"https:\/\/www.insidebrussels.be\/V2\/wp-content\/uploads\/2023\/10\/Parc_Tenbosch4-1024x768.jpg 1024w, https:\/\/www.insidebrussels.be\/V2\/wp-content\/uploads\/2023\/10\/Parc_Tenbosch4-300x225.jpg 300w, https:\/\/www.insidebrussels.be\/V2\/wp-content\/uploads\/2023\/10\/Parc_Tenbosch4-768x576.jpg 768w, https:\/\/www.insidebrussels.be\/V2\/wp-content\/uploads\/2023\/10\/Parc_Tenbosch4-1536x1152.jpg 1536w, https:\/\/www.insidebrussels.be\/V2\/wp-content\/uploads\/2023\/10\/Parc_Tenbosch4-720x540.jpg 720w, https:\/\/www.insidebrussels.be\/V2\/wp-content\/uploads\/2023\/10\/Parc_Tenbosch4.jpg 1920w\" sizes=\"(max-width: 640px) 100vw, 640px\" \/><figcaption id=\"caption-attachment-15429\" class=\"wp-caption-text\">Parc Tenbosch \u00e0 Ixelles, (c) Wikipedia GdML.<\/figcaption><\/figure>\n<p>Une bouff\u00e9e d&rsquo;air frais au c\u0153ur de la ville. C&rsquo;est le coin id\u00e9al pour un pique-nique ou une petite pause nature. Avec son jardin botanique, son \u00e9tang paisible et m\u00eame un petit zoo, c&rsquo;est un v\u00e9ritable havre de paix.<br \/>[<a href=\"https:\/\/gardens.brussels\/fr\/espaces-verts\/parc-tenbosch\" target=\"_blank\" rel=\"noopener\">En savoir plus sur le Parc Tenbosch<\/a>]<\/p>\n<h3><span class=\"ez-toc-section\" id=\"3_Inspirez-vous_dans_le_Musee_Horta\"><\/span>3. Inspirez-vous dans le Mus\u00e9e Horta<span class=\"ez-toc-section-end\"><\/span><\/h3>\n<figure id=\"attachment_15430\" aria-describedby=\"caption-attachment-15430\" style=\"width: 728px\" class=\"wp-caption aligncenter\"><img decoding=\"async\" class=\"size-full wp-image-15430\" src=\"https:\/\/www.insidebrussels.be\/V2\/wp-content\/uploads\/2023\/10\/musee-horta-Paul-Louis.jpg\" alt=\"Musee Horta \u00e0 Ixelles (c) Wikipedia Paul Louis\" width=\"728\" height=\"900\" srcset=\"https:\/\/www.insidebrussels.be\/V2\/wp-content\/uploads\/2023\/10\/musee-horta-Paul-Louis.jpg 728w, https:\/\/www.insidebrussels.be\/V2\/wp-content\/uploads\/2023\/10\/musee-horta-Paul-Louis-243x300.jpg 243w\" sizes=\"(max-width: 728px) 100vw, 728px\" \/><figcaption id=\"caption-attachment-15430\" class=\"wp-caption-text\">Musee Horta \u00e0 Ixelles (c) Wikipedia Paul Louis<\/figcaption><\/figure>\n<p>Si l&rsquo;Art nouveau vous passionne, vous ne pouvez pas manquer la Maison Horta, chef-d&rsquo;\u0153uvre de l&rsquo;architecte Victor Horta.<a href=\"https:\/\/www.insidebrussels.be\/V2\/bruxelles\/tag\/horta\/\">\u00b5<\/a><\/p>\n<blockquote>\n<p><strong><a href=\"https:\/\/www.insidebrussels.be\/V2\/bruxelles\/tag\/horta\/\"> L&rsquo;architecture vous int\u00e9resse,jeterr un\u0153ill \u00e0 nos articles sur Horta<\/a><\/strong><br \/><a href=\"https:\/\/www.insidebrussels.be\/V2\/bruxelles\/decouvrez-lart-de-bruxelles-sans-vous-ruiner-tout-sur-le-pass-musee\/\">[Plus d&rsquo;infos sur le Mus\u00e9e Horta<\/a>](<a href=\"http:\/\/monument.heritage.brussels\" target=\"_blank\" rel=\"noopener\">monument.heritage.brussels)<\/a><\/p>\n<\/blockquote>\n<h3><span class=\"ez-toc-section\" id=\"4_Voyagez_a_traver_le_temps_dans_lAbbaye_de_la_Cambre_%E2%9B%AA%F0%9F%8C%BF\"><\/span>4. Voyagez \u00e0 traver le temps dans l&rsquo;Abbaye de la Cambre \u26ea\ud83c\udf3f:<span class=\"ez-toc-section-end\"><\/span><\/h3>\n<figure id=\"attachment_13551\" aria-describedby=\"caption-attachment-13551\" style=\"width: 902px\" class=\"wp-caption aligncenter\"><img decoding=\"async\" class=\" wp-image-13551\" src=\"https:\/\/www.insidebrussels.be\/V2\/wp-content\/uploads\/2022\/12\/05B09449-A956-45EB-819C-7C60F202622E-scaled.jpeg\" alt=\"Parc de la Cambre (c) Photo Pierre Halleux\" width=\"902\" height=\"677\" srcset=\"https:\/\/www.insidebrussels.be\/V2\/wp-content\/uploads\/2022\/12\/05B09449-A956-45EB-819C-7C60F202622E-scaled.jpeg 1078w, https:\/\/www.insidebrussels.be\/V2\/wp-content\/uploads\/2022\/12\/05B09449-A956-45EB-819C-7C60F202622E-300x225.jpeg 300w, https:\/\/www.insidebrussels.be\/V2\/wp-content\/uploads\/2022\/12\/05B09449-A956-45EB-819C-7C60F202622E-1024x768.jpeg 1024w, https:\/\/www.insidebrussels.be\/V2\/wp-content\/uploads\/2022\/12\/05B09449-A956-45EB-819C-7C60F202622E-768x576.jpeg 768w, https:\/\/www.insidebrussels.be\/V2\/wp-content\/uploads\/2022\/12\/05B09449-A956-45EB-819C-7C60F202622E-1536x1152.jpeg 1536w, https:\/\/www.insidebrussels.be\/V2\/wp-content\/uploads\/2022\/12\/05B09449-A956-45EB-819C-7C60F202622E-2048x1536.jpeg 2048w, https:\/\/www.insidebrussels.be\/V2\/wp-content\/uploads\/2022\/12\/05B09449-A956-45EB-819C-7C60F202622E-720x540.jpeg 720w\" sizes=\"(max-width: 902px) 100vw, 902px\" \/><figcaption id=\"caption-attachment-13551\" class=\"wp-caption-text\">Parc de la Cambre (c) Photo Pierre Halleux<\/figcaption><\/figure>\n<p>Nich\u00e9e au c\u0153ur d&rsquo;Ixelles, l&rsquo;Abbaye de la Cambre est <strong>un joyau historique et architectural<\/strong>. Fond\u00e9e au XIIIe si\u00e8cle, cette ancienne abbaye cistercienne est aujourd&rsquo;hui un site class\u00e9. Le parc qui entoure l&rsquo;abbaye est un \u00e9crin de verdure paisible, parfait pour une promenade ou un moment de r\u00e9flexion. L&rsquo;abbaye elle-m\u00eame est un exemple impressionnant d&rsquo;architecture gothique. Elle accueille \u00e9galement l&rsquo;\u00c9cole nationale sup\u00e9rieure des Arts visuels, une institution renomm\u00e9e. Si vous avez la chance, ne manquez pas d&rsquo;assister \u00e0 l&rsquo;une des nombreuses expositions ou \u00e9v\u00e9nements culturels qui y sont r\u00e9guli\u00e8rement organis\u00e9s.<\/p>\n<p><a href=\"https:\/\/www.insidebrussels.be\/V2\/bruxelles\/parc-de-labbaye-de-la-cambre-a-ixelles\/\">L&rsquo;Abbaye de la Cambre<\/a> est un lieu o\u00f9 histoire, art et nature se c\u00f4toient harmonieusement. \ud83c\udf43\ud83c\udfa8\ud83d\udcdc<\/p>\n<h3><span class=\"ez-toc-section\" id=\"5_Tester_la_gastronomie_a_Ixelles\"><\/span>5. Tester la gastronomie \u00e0 Ixelles :<span class=\"ez-toc-section-end\"><\/span><\/h3>\n<figure id=\"attachment_9057\" aria-describedby=\"caption-attachment-9057\" style=\"width: 742px\" class=\"wp-caption aligncenter\"><img decoding=\"async\" class=\" wp-image-9057\" src=\"https:\/\/www.insidebrussels.be\/V2\/wp-content\/uploads\/2018\/11\/46743462_10155094309647609_4322490425685311488_o.jpg\" alt=\"Old Boy Rue tenbosch Resto au Chatelain (Ixelles)\" width=\"742\" height=\"742\" srcset=\"https:\/\/www.insidebrussels.be\/V2\/wp-content\/uploads\/2018\/11\/46743462_10155094309647609_4322490425685311488_o.jpg 1024w, https:\/\/www.insidebrussels.be\/V2\/wp-content\/uploads\/2018\/11\/46743462_10155094309647609_4322490425685311488_o-150x150.jpg 150w, https:\/\/www.insidebrussels.be\/V2\/wp-content\/uploads\/2018\/11\/46743462_10155094309647609_4322490425685311488_o-300x300.jpg 300w, https:\/\/www.insidebrussels.be\/V2\/wp-content\/uploads\/2018\/11\/46743462_10155094309647609_4322490425685311488_o-768x768.jpg 768w\" sizes=\"(max-width: 742px) 100vw, 742px\" \/><figcaption id=\"caption-attachment-9057\" class=\"wp-caption-text\">Old Boy Rue tenbosch Resto au Chatelain (Ixelles)<\/figcaption><\/figure>\n<p>La cerise sur le g\u00e2teau ! D\u00e9gustez des plats d\u00e9licats et raffin\u00e9s dans les nombreux restaurants gastronomiques du quartier.<\/p>\n<blockquote>\n<p><strong><a href=\"https:\/\/www.insidebrussels.be\/V2\/bruxelles\/les-20-restaurants-gastronomiques-que-vous-devez-absolument-tester-a-bruxelles\/\">Consulter notre article sur les meilleurs restaurants gastronomiques \u00e0 Bruxelles<\/a><\/strong><\/p>\n<\/blockquote>\n<h3><span class=\"ez-toc-section\" id=\"6_Prennez_un_brunch_ou_un_verre_sur_la_Place_Flagey_%F0%9F%A6%86%F0%9F%8E%B6\"><\/span><strong>6. Prennez un brunch ou un verre sur la Place Flagey<\/strong> \ud83e\udd86\ud83c\udfb6<span class=\"ez-toc-section-end\"><\/span><\/h3>\n<figure id=\"attachment_14844\" aria-describedby=\"caption-attachment-14844\" style=\"width: 895px\" class=\"wp-caption aligncenter\"><img decoding=\"async\" class=\" wp-image-14844\" src=\"https:\/\/www.insidebrussels.be\/V2\/wp-content\/uploads\/2023\/10\/4B1E54D6-AC70-431D-8424-C3ED5EB811B5-scaled.jpeg\" alt=\"PLace Flagey \u00e0 Ixelles (c) Pierre Halleux\" width=\"895\" height=\"672\" srcset=\"https:\/\/www.insidebrussels.be\/V2\/wp-content\/uploads\/2023\/10\/4B1E54D6-AC70-431D-8424-C3ED5EB811B5-scaled.jpeg 1078w, https:\/\/www.insidebrussels.be\/V2\/wp-content\/uploads\/2023\/10\/4B1E54D6-AC70-431D-8424-C3ED5EB811B5-300x225.jpeg 300w, https:\/\/www.insidebrussels.be\/V2\/wp-content\/uploads\/2023\/10\/4B1E54D6-AC70-431D-8424-C3ED5EB811B5-1024x768.jpeg 1024w, https:\/\/www.insidebrussels.be\/V2\/wp-content\/uploads\/2023\/10\/4B1E54D6-AC70-431D-8424-C3ED5EB811B5-768x576.jpeg 768w, https:\/\/www.insidebrussels.be\/V2\/wp-content\/uploads\/2023\/10\/4B1E54D6-AC70-431D-8424-C3ED5EB811B5-1536x1152.jpeg 1536w, https:\/\/www.insidebrussels.be\/V2\/wp-content\/uploads\/2023\/10\/4B1E54D6-AC70-431D-8424-C3ED5EB811B5-2048x1536.jpeg 2048w, https:\/\/www.insidebrussels.be\/V2\/wp-content\/uploads\/2023\/10\/4B1E54D6-AC70-431D-8424-C3ED5EB811B5-720x540.jpeg 720w\" sizes=\"(max-width: 895px) 100vw, 895px\" \/><figcaption id=\"caption-attachment-14844\" class=\"wp-caption-text\">PLace Flagey \u00e0 Ixelles (c) Pierre Halleux<\/figcaption><\/figure>\n<p>Ces \u00e9tangs pittoresques autour de la place Flagey sont l&rsquo;endroit id\u00e9al pour une promenade relaxante. Vous pourrez y observer la faune locale et appr\u00e9cier l&rsquo;atmosph\u00e8re paisible du quartier.<\/p>\n<p>Connue pour son b\u00e2timent embl\u00e9matique, la \u00ab\u00a0Maison de la Radio\u00a0\u00bb, cette place anim\u00e9e est un carrefour culturel \u00e0 Bruxelles. Avec ses nombreux bars, restaurants et son march\u00e9 du week-end, elle attire aussi bien les locaux que les touristes. La Place Flagey est \u00e9galement r\u00e9put\u00e9e pour son Studio Flagey, o\u00f9 se d\u00e9roulent r\u00e9guli\u00e8rement des concerts, des films et d&rsquo;autres \u00e9v\u00e9nements culturels. Juste \u00e0 c\u00f4t\u00e9, vous trouverez les \u00c9tangs d&rsquo;Ixelles, un endroit parfait pour une promenade d\u00e9tente apr\u00e8s avoir profit\u00e9 de l&rsquo;ambiance vibrante de la place.<\/p>\n<h3><span class=\"ez-toc-section\" id=\"7_Donnez_rendez-vous_a_vos_amis_sur_le_Marche_du_Chatelain_%F0%9F%8D%85%F0%9F%A7%80\"><\/span><strong>7. Donnez rendez-vous \u00e0 vos amis sur le March\u00e9 du Ch\u00e2telain<\/strong> \ud83c\udf45\ud83e\uddc0:<span class=\"ez-toc-section-end\"><\/span><\/h3>\n<p>Tous les mercredis apr\u00e8s-midi, rendez-vous dans ce march\u00e9 local pour d\u00e9guster des produits frais et r\u00e9gionaux. Apr\u00e8s vos achats, installez-vous \u00e0 une terrasse pour profiter de l&rsquo;ambiance conviviale.<\/p>\n<h3><span class=\"ez-toc-section\" id=\"8_Theatre_de_lAtelier_%F0%9F%8E%AD\"><\/span><strong>8. Th\u00e9\u00e2tre de l&rsquo;Atelier<\/strong> \ud83c\udfad:<span class=\"ez-toc-section-end\"><\/span><\/h3>\n<p>Pour les amateurs d&rsquo;arts vivants, ce petit th\u00e9\u00e2tre offre une programmation vari\u00e9e allant du th\u00e9\u00e2tre classique aux pi\u00e8ces contemporaines.<\/p>\n<h3><span class=\"ez-toc-section\" id=\"9_La_Brasserie_Verschueren_%F0%9F%8D%BA\"><\/span><strong>9. La Brasserie Verschueren<\/strong> \ud83c\udf7a:<span class=\"ez-toc-section-end\"><\/span><\/h3>\n<p>Un incontournable pour les amateurs de bi\u00e8res belges. Installez-vous et d\u00e9gustez une bonne bi\u00e8re locale tout en appr\u00e9ciant le charme d&rsquo;un \u00e9tablissement typiquement bruxellois.<\/p>\n<h3><span class=\"ez-toc-section\" id=\"10_Le_bois_de_la_Cambre%F0%9F%8C%B3%F0%9F%8D%82\"><\/span><strong>10. Le bois de la Cambre<\/strong>\ud83c\udf33\ud83c\udf42:<span class=\"ez-toc-section-end\"><\/span><\/h3>\n<figure id=\"attachment_8653\" aria-describedby=\"caption-attachment-8653\" style=\"width: 800px\" class=\"wp-caption aligncenter\"><img decoding=\"async\" class=\"size-full wp-image-8653\" src=\"https:\/\/www.insidebrussels.be\/V2\/wp-content\/uploads\/2017\/06\/IMG_3707-e1498261474199.jpg\" alt=\"Le bois de la cambre \u00e0 Ixelles (c) Pierre Halleux\" width=\"800\" height=\"600\" \/><figcaption id=\"caption-attachment-8653\" class=\"wp-caption-text\">Le bois de la cambre \u00e0 Ixelles (c) Pierre Halleux<\/figcaption><\/figure>\n<p>Situ\u00e9 \u00e0 la lisi\u00e8re de la For\u00eat de Soignes, le Bois de la Cambre est le poumon vert d&rsquo;Ixelles. Id\u00e9al pour une sortie en famille, un jogging matinal ou simplement pour se d\u00e9tendre au bord de son lac. En \u00e9t\u00e9, vous pouvez m\u00eame louer des barques pour naviguer sur l&rsquo;eau. Il y a aussi plusieurs terrasses et caf\u00e9s pittoresques o\u00f9 vous pouvez profiter d&rsquo;une boisson rafra\u00eechissante tout en admirant la nature environnante.<\/p>\n<blockquote>\n<p><a href=\"https:\/\/www.insidebrussels.be\/V2\/bruxelles\/event-venue\/bois-de-la-cambre\/\">Jetter un oeil \u00e0 notre article d\u00e9di\u00e9 au bois de la Cambre \u00e0 Ixelles.<\/a><\/p>\n<\/blockquote>\n<h2><span class=\"ez-toc-section\" id=\"Quelques_petits_conseils_avant_daller_a_Ixelles%F0%9F%93%9D\"><\/span>Quelques petits conseils avant d&rsquo;aller \u00e0 Ixelles\ud83d\udcdd<span class=\"ez-toc-section-end\"><\/span><\/h2>\n<p>&#8211; **Le week-end \u00e0 Ixelles** : C&rsquo;est le moment id\u00e9al pour explorer, avec une ambiance bouillonnante et de nombreux \u00e9v\u00e9nements en cours.<br \/>&#8211; **Se balader \u00e0 pied** : N&rsquo;oubliez pas vos chaussures les plus confortables, car le meilleur moyen de d\u00e9couvrir Ixelles est \u00e0 pied.<br \/>&#8211; **Un brin de fran\u00e7ais** : Un \u00ab\u00a0merci\u00a0\u00bb, un \u00ab\u00a0bonjour\u00a0\u00bb et peut-\u00eatre m\u00eame un \u00ab\u00a0bi\u00e8re, s&rsquo;il vous pla\u00eet\u00a0\u00bb en fran\u00e7ais ne peuvent que rendre votre exp\u00e9rience plus agr\u00e9able !<\/p>\n<p>En bref, Ixelles est bien plus qu&rsquo;un quartier de Bruxelles : c&rsquo;est une exp\u00e9rience en soi. Un v\u00e9ritable bijou o\u00f9 culture, gastronomie et vie nocturne se rencontrent. Alors, pr\u00eats pour l&rsquo;aventure ? \ud83c\udf1f\ud83c\udf7b\ud83c\udf6b<\/p>\n<h2><span class=\"ez-toc-section\" id=\"Pour_aller_plus_loin_et_visiter_dautres_communes_de_Bruxelles\"><\/span><strong>Pour aller plus loin et visiter d&rsquo;autres communes de Bruxelles:<\/strong><span class=\"ez-toc-section-end\"><\/span><\/h2>\n<ul>\n<li><a href=\"https:\/\/www.insidebrussels.be\/V2\/bruxelles\/isaac-que-faire-a-jette\/\">Que faire \u00e0 Jette?<\/a><\/li>\n<li><a href=\"https:\/\/www.insidebrussels.be\/V2\/bruxelles\/les-meilleures-communes-ou-habiter-a-bruxelles\/\">Les communes o\u00f9 habiter Bruxelles<\/a><\/li>\n<li><a href=\"https:\/\/www.insidebrussels.be\/V2\/bruxelles\/vivre-a-etterbeek-ixelles-ou-saint-gilles-comparatif-pour-les-stagiaires\/\">Habiter \u00e0 Ixelles &#8211; trouver un logement<\/a><\/li>\n<\/ul>\n\n\n<p><\/p>\n","protected":false,"gt_translate_keys":[{"key":"rendered","format":"html"}]},"excerpt":{"rendered":"<p>\u00a0Si vous \u00eates \u00e0 Bruxelles et que vous cherchez l&rsquo;endroit id\u00e9al pour vous immerger dans<\/p>\n","protected":false,"gt_translate_keys":[{"key":"rendered","format":"html"}]},"author":1,"featured_media":14253,"comment_status":"closed","ping_status":"closed","sticky":false,"template":"","format":"standard","meta":{"_lmt_disableupdate":"","_lmt_disable":"","footnotes":""},"categories":[497],"tags":[278,9258],"class_list":["post-15428","post","type-post","status-publish","format-standard","has-post-thumbnail","hentry","category-tourisme-a-bruxelles","tag-best-of","tag-flagey"],"modified_by":"pierre","amp_enabled":true,"gt_translate_keys":[{"key":"link","format":"url"}],"_links":{"self":[{"href":"https:\/\/www.insidebrussels.be\/V2\/wp-json\/wp\/v2\/posts\/15428","targetHints":{"allow":["GET"]}}],"collection":[{"href":"https:\/\/www.insidebrussels.be\/V2\/wp-json\/wp\/v2\/posts"}],"about":[{"href":"https:\/\/www.insidebrussels.be\/V2\/wp-json\/wp\/v2\/types\/post"}],"author":[{"embeddable":true,"href":"https:\/\/www.insidebrussels.be\/V2\/wp-json\/wp\/v2\/users\/1"}],"replies":[{"embeddable":true,"href":"https:\/\/www.insidebrussels.be\/V2\/wp-json\/wp\/v2\/comments?post=15428"}],"version-history":[{"count":3,"href":"https:\/\/www.insidebrussels.be\/V2\/wp-json\/wp\/v2\/posts\/15428\/revisions"}],"predecessor-version":[{"id":18313,"href":"https:\/\/www.insidebrussels.be\/V2\/wp-json\/wp\/v2\/posts\/15428\/revisions\/18313"}],"wp:featuredmedia":[{"embeddable":true,"href":"https:\/\/www.insidebrussels.be\/V2\/wp-json\/wp\/v2\/media\/14253"}],"wp:attachment":[{"href":"https:\/\/www.insidebrussels.be\/V2\/wp-json\/wp\/v2\/media?parent=15428"}],"wp:term":[{"taxonomy":"category","embeddable":true,"href":"https:\/\/www.insidebrussels.be\/V2\/wp-json\/wp\/v2\/categories?post=15428"},{"taxonomy":"post_tag","embeddable":true,"href":"https:\/\/www.insidebrussels.be\/V2\/wp-json\/wp\/v2\/tags?post=15428"}],"curies":[{"name":"wp","href":"https:\/\/api.w.org\/{rel}","templated":true}]}}