{"id":15680,"date":"2024-03-03T19:37:06","date_gmt":"2024-03-03T18:37:06","guid":{"rendered":"https:\/\/www.insidebrussels.be\/V2\/?p=15680"},"modified":"2024-06-17T22:31:44","modified_gmt":"2024-06-17T20:31:44","slug":"ou-aller-se-promener-a-bruxelles","status":"publish","type":"post","link":"https:\/\/www.insidebrussels.be\/V2\/bruxelles\/ou-aller-se-promener-a-bruxelles\/","title":{"rendered":"O\u00f9 aller se promener \u00e0 Bruxelles?","gt_translate_keys":[{"key":"rendered","format":"text"}]},"content":{"rendered":"\n<p>Bienvenue \u00e0 Bruxelles, la capitale o\u00f9 la nature se m\u00eale harmonieusement \u00e0 l&rsquo;urbanit\u00e9 ! Si vous cherchez \u00e0 vous \u00e9chapper du tumulte de la ville tout en restant au c\u0153ur de l&rsquo;action, vous \u00eates au bon endroit. Suivez le guide pour une balade \u00e0 travers les joyaux verts de la capitale belge, o\u00f9 chaque coin r\u00e9v\u00e8le une nouvelle facette de la biodiversit\u00e9 bruxelloise. \ud83d\udeb6\u200d\u2642\ufe0f\ud83c\udf3f<\/p>\n\n\n\n<div id=\"ez-toc-container\" class=\"ez-toc-v2_0_82_1 ez-toc-wrap-center counter-hierarchy ez-toc-counter ez-toc-custom ez-toc-container-direction\">\n<p class=\"ez-toc-title\" style=\"cursor:inherit\">\ud83d\udd25 Contenu de l&#039;article:<\/p>\n<label for=\"ez-toc-cssicon-toggle-item-69f42e8c9c931\" class=\"ez-toc-cssicon-toggle-label\"><span class=\"ez-toc-cssicon\"><span class=\"eztoc-hide\" style=\"display:none;\">Toggle<\/span><span class=\"ez-toc-icon-toggle-span\"><svg style=\"fill: #000000;color:#000000\" xmlns=\"http:\/\/www.w3.org\/2000\/svg\" class=\"list-377408\" width=\"20px\" height=\"20px\" viewBox=\"0 0 24 24\" fill=\"none\"><path d=\"M6 6H4v2h2V6zm14 0H8v2h12V6zM4 11h2v2H4v-2zm16 0H8v2h12v-2zM4 16h2v2H4v-2zm16 0H8v2h12v-2z\" fill=\"currentColor\"><\/path><\/svg><svg style=\"fill: #000000;color:#000000\" class=\"arrow-unsorted-368013\" xmlns=\"http:\/\/www.w3.org\/2000\/svg\" width=\"10px\" height=\"10px\" viewBox=\"0 0 24 24\" version=\"1.2\" baseProfile=\"tiny\"><path d=\"M18.2 9.3l-6.2-6.3-6.2 6.3c-.2.2-.3.4-.3.7s.1.5.3.7c.2.2.4.3.7.3h11c.3 0 .5-.1.7-.3.2-.2.3-.5.3-.7s-.1-.5-.3-.7zM5.8 14.7l6.2 6.3 6.2-6.3c.2-.2.3-.5.3-.7s-.1-.5-.3-.7c-.2-.2-.4-.3-.7-.3h-11c-.3 0-.5.1-.7.3-.2.2-.3.5-.3.7s.1.5.3.7z\"\/><\/svg><\/span><\/span><\/label><input type=\"checkbox\"  id=\"ez-toc-cssicon-toggle-item-69f42e8c9c931\"  aria-label=\"Toggle\" \/><nav><ul class='ez-toc-list ez-toc-list-level-1 ' ><li class='ez-toc-page-1 ez-toc-heading-level-2'><a class=\"ez-toc-link ez-toc-heading-1\" href=\"https:\/\/www.insidebrussels.be\/V2\/bruxelles\/ou-aller-se-promener-a-bruxelles\/#1_Le_Jardin_du_Fleuriste_%E2%80%93_Un_Havre_de_Fleurs_%F0%9F%8C%B7%F0%9F%8C%BF\" >1. Le Jardin du Fleuriste &#8211; Un Havre de Fleurs \ud83c\udf37\ud83c\udf3f<\/a><\/li><li class='ez-toc-page-1 ez-toc-heading-level-2'><a class=\"ez-toc-link ez-toc-heading-2\" href=\"https:\/\/www.insidebrussels.be\/V2\/bruxelles\/ou-aller-se-promener-a-bruxelles\/#2_Le_Parc_Sobieski_%E2%80%93_Un_Jardin_Royal_%F0%9F%8D%8E%F0%9F%91%91\" >2. Le Parc Sobieski &#8211; Un Jardin Royal \ud83c\udf4e\ud83d\udc51<\/a><\/li><li class='ez-toc-page-1 ez-toc-heading-level-2'><a class=\"ez-toc-link ez-toc-heading-3\" href=\"https:\/\/www.insidebrussels.be\/V2\/bruxelles\/ou-aller-se-promener-a-bruxelles\/#3_Le_Bois_des_Capucins_%E2%80%93_Balade_en_Foret_%F0%9F%8C%B2%F0%9F%9A%B6%E2%80%8D%E2%99%80%EF%B8%8F\" >3. Le Bois des Capucins &#8211; Balade en For\u00eat \ud83c\udf32\ud83d\udeb6\u200d\u2640\ufe0f<\/a><\/li><li class='ez-toc-page-1 ez-toc-heading-level-2'><a class=\"ez-toc-link ez-toc-heading-4\" href=\"https:\/\/www.insidebrussels.be\/V2\/bruxelles\/ou-aller-se-promener-a-bruxelles\/#4_Le_Parc_du_Cinquantenaire_%E2%80%93_Un_Oasis_Urbain_%F0%9F%8F%9B%EF%B8%8F%F0%9F%8C%B8\" >4. Le Parc du Cinquantenaire &#8211; Un Oasis Urbain \ud83c\udfdb\ufe0f\ud83c\udf38<\/a><\/li><li class='ez-toc-page-1 ez-toc-heading-level-2'><a class=\"ez-toc-link ez-toc-heading-5\" href=\"https:\/\/www.insidebrussels.be\/V2\/bruxelles\/ou-aller-se-promener-a-bruxelles\/#5_Le_Domaine_du_Rouge-Cloitre_%E2%80%93_Un_Refuge_Naturel_%F0%9F%8C%85%F0%9F%A6%86\" >5. Le Domaine du Rouge-Clo\u00eetre &#8211; Un Refuge Naturel \ud83c\udf05\ud83e\udd86<\/a><\/li><li class='ez-toc-page-1 ez-toc-heading-level-2'><a class=\"ez-toc-link ez-toc-heading-6\" href=\"https:\/\/www.insidebrussels.be\/V2\/bruxelles\/ou-aller-se-promener-a-bruxelles\/#6_Le_Scheutbos_%E2%80%93_Nature_Sauvage_a_Molenbeek-Saint-Jean_%F0%9F%8C%B2%F0%9F%90%84\" >6. Le Scheutbos &#8211; Nature Sauvage \u00e0 Molenbeek-Saint-Jean \ud83c\udf32\ud83d\udc04<\/a><\/li><\/ul><\/nav><\/div>\n<h2 class=\"wp-block-heading\"><span class=\"ez-toc-section\" id=\"1_Le_Jardin_du_Fleuriste_%E2%80%93_Un_Havre_de_Fleurs_%F0%9F%8C%B7%F0%9F%8C%BF\"><\/span><strong>1. Le Jardin du Fleuriste &#8211; Un Havre de Fleurs \ud83c\udf37\ud83c\udf3f<\/strong><span class=\"ez-toc-section-end\"><\/span><\/h2>\n\n\n\n<figure class=\"wp-block-image size-large\"><a href=\"https:\/\/www.insidebrussels.be\/V2\/wp-content\/uploads\/2024\/03\/Tuinen_van_de_bloemist-panorama.jpg\"><img decoding=\"async\" width=\"1024\" height=\"768\" src=\"https:\/\/www.insidebrussels.be\/V2\/wp-content\/uploads\/2024\/03\/Tuinen_van_de_bloemist-panorama-1024x768.jpg\" alt=\"\" class=\"wp-image-15682\" srcset=\"https:\/\/www.insidebrussels.be\/V2\/wp-content\/uploads\/2024\/03\/Tuinen_van_de_bloemist-panorama-1024x768.jpg 1024w, https:\/\/www.insidebrussels.be\/V2\/wp-content\/uploads\/2024\/03\/Tuinen_van_de_bloemist-panorama-300x225.jpg 300w, https:\/\/www.insidebrussels.be\/V2\/wp-content\/uploads\/2024\/03\/Tuinen_van_de_bloemist-panorama-768x576.jpg 768w, https:\/\/www.insidebrussels.be\/V2\/wp-content\/uploads\/2024\/03\/Tuinen_van_de_bloemist-panorama-1536x1152.jpg 1536w, https:\/\/www.insidebrussels.be\/V2\/wp-content\/uploads\/2024\/03\/Tuinen_van_de_bloemist-panorama-720x540.jpg 720w, https:\/\/www.insidebrussels.be\/V2\/wp-content\/uploads\/2024\/03\/Tuinen_van_de_bloemist-panorama.jpg 1920w\" sizes=\"(max-width: 1024px) 100vw, 1024px\" \/><\/a><\/figure>\n\n\n\n<p>Situ\u00e9 au c\u0153ur de Bruxelles, le Jardin du Fleuriste est un v\u00e9ritable havre de paix pour les amateurs de botanique. Avec ses parterres color\u00e9s et ses sentiers ombrag\u00e9s, c&rsquo;est l&rsquo;endroit id\u00e9al pour une promenade romantique ou une pause relaxante au milieu des fleurs. Laissez-vous enchanter par la beaut\u00e9 de ce jardin secret au c\u0153ur de la ville. \ud83c\udf38\ud83c\udf43<\/p>\n\n\n\n<p>Loin des sentiers battus, le Scheutbos offre une escapade en pleine nature \u00e0 Molenbeek-Saint-Jean. \u00c9tendu sur 50 hectares, ce site bois\u00e9 regorge de surprises, des zones mar\u00e9cageuses aux chemins sinueux, en passant par quelques vaches rustiques de race Galloway. C&rsquo;est Bruxelles comme vous ne l&rsquo;avez jamais vue, une v\u00e9ritable oasis de calme et de <a href=\"https:\/\/fr.wikipedia.org\/wiki\/Jardins_du_Fleuriste_du_Stuyvenberg\" target=\"_blank\" rel=\"noreferrer noopener nofollow\">biodiversit\u00e9<\/a>. \ud83e\udd8b\ud83c\udf33<\/p>\n\n\n\n<h2 class=\"wp-block-heading\"><span class=\"ez-toc-section\" id=\"2_Le_Parc_Sobieski_%E2%80%93_Un_Jardin_Royal_%F0%9F%8D%8E%F0%9F%91%91\"><\/span><strong>2. Le Parc Sobieski &#8211; Un Jardin Royal \ud83c\udf4e\ud83d\udc51<\/strong><span class=\"ez-toc-section-end\"><\/span><\/h2>\n\n\n\n<iframe loading=\"lazy\" width=\"560\" height=\"315\" src=\"https:\/\/www.youtube.com\/embed\/S7egI1WQeCo?si=VRDzzchAh30Zq3VA\" title=\"YouTube video player\" frameborder=\"0\" allow=\"accelerometer; autoplay; clipboard-write; encrypted-media; gyroscope; picture-in-picture; web-share\" allowfullscreen><\/iframe>\n\n\n\n<p>Le Parc Sobieski, autrefois r\u00e9serv\u00e9 \u00e0 la royaut\u00e9, est d\u00e9sormais un havre de paix accessible \u00e0 tous. Initi\u00e9 par le roi L\u00e9opold II pour embellir les abords de son palais, ce parc enchanteur est d\u00e9sormais ouvert au public. Fl\u00e2nez parmi les arbres centenaires et d\u00e9couvrez l&rsquo;histoire qui se cache derri\u00e8re chaque recoin de ce lieu embl\u00e9matique.<a href=\"https:\/\/fr.wikipedia.org\/wiki\/Parc_Sobieski\" target=\"_blank\" rel=\"noreferrer noopener nofollow\"> Une v\u00e9ritable escapade royale<\/a> au c\u0153ur de Bruxelles ! \ud83c\udff0\ud83c\udf33<\/p>\n\n\n\n<h2 class=\"wp-block-heading\"><span class=\"ez-toc-section\" id=\"3_Le_Bois_des_Capucins_%E2%80%93_Balade_en_Foret_%F0%9F%8C%B2%F0%9F%9A%B6%E2%80%8D%E2%99%80%EF%B8%8F\"><\/span><strong>3. Le Bois des Capucins &#8211; Balade en For\u00eat \ud83c\udf32\ud83d\udeb6\u200d\u2640\ufe0f<\/strong><span class=\"ez-toc-section-end\"><\/span><\/h2>\n\n\n\n<figure class=\"wp-block-image size-large\"><a href=\"https:\/\/www.insidebrussels.be\/V2\/wp-content\/uploads\/2024\/03\/Sentier_en_foret_de_Soignes.jpg\"><img decoding=\"async\" width=\"1024\" height=\"638\" src=\"https:\/\/www.insidebrussels.be\/V2\/wp-content\/uploads\/2024\/03\/Sentier_en_foret_de_Soignes-1024x638.jpg\" alt=\"\" class=\"wp-image-15683\" srcset=\"https:\/\/www.insidebrussels.be\/V2\/wp-content\/uploads\/2024\/03\/Sentier_en_foret_de_Soignes-1024x638.jpg 1024w, https:\/\/www.insidebrussels.be\/V2\/wp-content\/uploads\/2024\/03\/Sentier_en_foret_de_Soignes-300x187.jpg 300w, https:\/\/www.insidebrussels.be\/V2\/wp-content\/uploads\/2024\/03\/Sentier_en_foret_de_Soignes-768x478.jpg 768w, https:\/\/www.insidebrussels.be\/V2\/wp-content\/uploads\/2024\/03\/Sentier_en_foret_de_Soignes-1536x957.jpg 1536w, https:\/\/www.insidebrussels.be\/V2\/wp-content\/uploads\/2024\/03\/Sentier_en_foret_de_Soignes.jpg 1872w\" sizes=\"(max-width: 1024px) 100vw, 1024px\" \/><\/a><figcaption class=\"wp-element-caption\">Se promener au Bois de Capucins (c) Wikipedia GdML<\/figcaption><\/figure>\n\n\n\n<p>Nich\u00e9 dans le prolongement nord-est de la For\u00eat de Soignes, <a href=\"https:\/\/fr.wikipedia.org\/wiki\/Fichier:Bois_des_Capucins_(Tervuren).jpg\" target=\"_blank\" rel=\"noreferrer noopener nofollow\">le Bois des Capucins<\/a> est un v\u00e9ritable paradis pour les amoureux de la nature. Avec ses 100 hectares de verdure et ses 460 esp\u00e8ces d&rsquo;arbres, c&rsquo;est le lieu id\u00e9al pour une promenade en famille ou une randonn\u00e9e en solitaire. L&rsquo;Arboretum abrite des tr\u00e9sors botaniques du monde entier, offrant une v\u00e9ritable le\u00e7on d&rsquo;histoire naturelle en plein c\u0153ur de Bruxelles. \ud83c\udf43\ud83c\udf0d<\/p>\n\n\n\n<h2 class=\"wp-block-heading\"><span class=\"ez-toc-section\" id=\"4_Le_Parc_du_Cinquantenaire_%E2%80%93_Un_Oasis_Urbain_%F0%9F%8F%9B%EF%B8%8F%F0%9F%8C%B8\"><\/span><strong>4. Le Parc du Cinquantenaire &#8211; Un Oasis Urbain \ud83c\udfdb\ufe0f\ud83c\udf38<\/strong><span class=\"ez-toc-section-end\"><\/span><\/h2>\n\n\n\n<figure class=\"wp-block-gallery has-nested-images columns-default is-cropped wp-block-gallery-2 is-layout-flex wp-block-gallery-is-layout-flex\">\n<figure class=\"wp-block-image size-large\"><a href=\"https:\/\/www.insidebrussels.be\/V2\/wp-content\/uploads\/2024\/06\/CB485C60-96A6-4DE4-9150-4A293B28FCFE.jpeg\"><img decoding=\"async\" width=\"768\" height=\"1024\" data-id=\"16622\" src=\"https:\/\/www.insidebrussels.be\/V2\/wp-content\/uploads\/2024\/06\/CB485C60-96A6-4DE4-9150-4A293B28FCFE-768x1024.jpeg\" alt=\"Parc du Cinquentenaire (c) Pierre Halleux\" class=\"wp-image-16622\" srcset=\"https:\/\/www.insidebrussels.be\/V2\/wp-content\/uploads\/2024\/06\/CB485C60-96A6-4DE4-9150-4A293B28FCFE-768x1024.jpeg 768w, https:\/\/www.insidebrussels.be\/V2\/wp-content\/uploads\/2024\/06\/CB485C60-96A6-4DE4-9150-4A293B28FCFE-225x300.jpeg 225w, https:\/\/www.insidebrussels.be\/V2\/wp-content\/uploads\/2024\/06\/CB485C60-96A6-4DE4-9150-4A293B28FCFE-1152x1536.jpeg 1152w, https:\/\/www.insidebrussels.be\/V2\/wp-content\/uploads\/2024\/06\/CB485C60-96A6-4DE4-9150-4A293B28FCFE-450x600.jpeg 450w, https:\/\/www.insidebrussels.be\/V2\/wp-content\/uploads\/2024\/06\/CB485C60-96A6-4DE4-9150-4A293B28FCFE.jpeg 1440w\" sizes=\"(max-width: 768px) 100vw, 768px\" \/><\/a><figcaption class=\"wp-element-caption\">Parc du Cinquentenaire (c) Pierre Halleux<\/figcaption><\/figure>\n\n\n\n<figure class=\"wp-block-image size-large\" id=\"Parc-du-Cinquentenaire-Gallerie-Photo\"><a href=\"https:\/\/www.insidebrussels.be\/V2\/wp-content\/uploads\/2024\/06\/213C826F-698E-4A77-90E1-5FB3B3DD442F.jpeg\"><img decoding=\"async\" width=\"768\" height=\"1024\" data-id=\"16616\" src=\"https:\/\/www.insidebrussels.be\/V2\/wp-content\/uploads\/2024\/06\/213C826F-698E-4A77-90E1-5FB3B3DD442F-768x1024.jpeg\" alt=\"Parc du Cinquentenaire (c) Hortense B\" class=\"wp-image-16616\" title=\"Parc du Cinquentenaire Gallerie Photo\" srcset=\"https:\/\/www.insidebrussels.be\/V2\/wp-content\/uploads\/2024\/06\/213C826F-698E-4A77-90E1-5FB3B3DD442F-768x1024.jpeg 768w, https:\/\/www.insidebrussels.be\/V2\/wp-content\/uploads\/2024\/06\/213C826F-698E-4A77-90E1-5FB3B3DD442F-225x300.jpeg 225w, https:\/\/www.insidebrussels.be\/V2\/wp-content\/uploads\/2024\/06\/213C826F-698E-4A77-90E1-5FB3B3DD442F-1152x1536.jpeg 1152w, https:\/\/www.insidebrussels.be\/V2\/wp-content\/uploads\/2024\/06\/213C826F-698E-4A77-90E1-5FB3B3DD442F-450x600.jpeg 450w, https:\/\/www.insidebrussels.be\/V2\/wp-content\/uploads\/2024\/06\/213C826F-698E-4A77-90E1-5FB3B3DD442F.jpeg 1440w\" sizes=\"(max-width: 768px) 100vw, 768px\" \/><\/a><figcaption class=\"wp-element-caption\">Parc du Cinquentenaire (c) Hortense B<\/figcaption><\/figure>\n\n\n\n<figure class=\"wp-block-image size-large\"><a href=\"https:\/\/www.insidebrussels.be\/V2\/wp-content\/uploads\/2024\/06\/DD14D8F1-2DBE-4BC4-AB71-A1780F98C0DD.jpeg\"><img decoding=\"async\" width=\"577\" height=\"1024\" data-id=\"16614\" src=\"https:\/\/www.insidebrussels.be\/V2\/wp-content\/uploads\/2024\/06\/DD14D8F1-2DBE-4BC4-AB71-A1780F98C0DD-577x1024.jpeg\" alt=\"Parc du Cinquentenaire (c) Pierre Halleux\" class=\"wp-image-16614\" srcset=\"https:\/\/www.insidebrussels.be\/V2\/wp-content\/uploads\/2024\/06\/DD14D8F1-2DBE-4BC4-AB71-A1780F98C0DD-577x1024.jpeg 577w, https:\/\/www.insidebrussels.be\/V2\/wp-content\/uploads\/2024\/06\/DD14D8F1-2DBE-4BC4-AB71-A1780F98C0DD-169x300.jpeg 169w, https:\/\/www.insidebrussels.be\/V2\/wp-content\/uploads\/2024\/06\/DD14D8F1-2DBE-4BC4-AB71-A1780F98C0DD-768x1362.jpeg 768w, https:\/\/www.insidebrussels.be\/V2\/wp-content\/uploads\/2024\/06\/DD14D8F1-2DBE-4BC4-AB71-A1780F98C0DD-866x1536.jpeg 866w, https:\/\/www.insidebrussels.be\/V2\/wp-content\/uploads\/2024\/06\/DD14D8F1-2DBE-4BC4-AB71-A1780F98C0DD.jpeg 902w\" sizes=\"(max-width: 577px) 100vw, 577px\" \/><\/a><figcaption class=\"wp-element-caption\">Parc du Cinquentenaire (c) Pierre Halleux<\/figcaption><\/figure>\n\n\n\n<figure class=\"wp-block-image size-large\"><a href=\"https:\/\/www.insidebrussels.be\/V2\/wp-content\/uploads\/2023\/10\/plan-du-parc-du-cinquentenaire.jpg\"><img decoding=\"async\" width=\"620\" height=\"1024\" data-id=\"15255\" src=\"https:\/\/www.insidebrussels.be\/V2\/wp-content\/uploads\/2023\/10\/plan-du-parc-du-cinquentenaire-620x1024.jpg\" alt=\"Plan du Parc du Cinquentenaire (c) https:\/\/gardens.brussels\/\" class=\"wp-image-15255\" srcset=\"https:\/\/www.insidebrussels.be\/V2\/wp-content\/uploads\/2023\/10\/plan-du-parc-du-cinquentenaire-620x1024.jpg 620w, https:\/\/www.insidebrussels.be\/V2\/wp-content\/uploads\/2023\/10\/plan-du-parc-du-cinquentenaire-182x300.jpg 182w, https:\/\/www.insidebrussels.be\/V2\/wp-content\/uploads\/2023\/10\/plan-du-parc-du-cinquentenaire.jpg 717w\" sizes=\"(max-width: 620px) 100vw, 620px\" \/><\/a><figcaption class=\"wp-element-caption\">Plan du Parc du Cinquentenaire (c) https:\/\/gardens.brussels\/<\/figcaption><\/figure>\n\n\n\n<figure class=\"wp-block-image size-large\"><a href=\"https:\/\/www.insidebrussels.be\/V2\/wp-content\/uploads\/2023\/10\/0BD315CE-6669-4AC5-8C73-3D486E68E511-scaled.jpeg\"><img decoding=\"async\" width=\"1024\" height=\"1024\" data-id=\"14936\" src=\"https:\/\/www.insidebrussels.be\/V2\/wp-content\/uploads\/2023\/10\/0BD315CE-6669-4AC5-8C73-3D486E68E511-1024x1024.jpeg\" alt=\"Parc cinquentenaire Couch\u00e9 de Soleil (c) Pierre Halleux\" class=\"wp-image-14936\" srcset=\"https:\/\/www.insidebrussels.be\/V2\/wp-content\/uploads\/2023\/10\/0BD315CE-6669-4AC5-8C73-3D486E68E511-1024x1024.jpeg 1024w, https:\/\/www.insidebrussels.be\/V2\/wp-content\/uploads\/2023\/10\/0BD315CE-6669-4AC5-8C73-3D486E68E511-300x300.jpeg 300w, https:\/\/www.insidebrussels.be\/V2\/wp-content\/uploads\/2023\/10\/0BD315CE-6669-4AC5-8C73-3D486E68E511-150x150.jpeg 150w, https:\/\/www.insidebrussels.be\/V2\/wp-content\/uploads\/2023\/10\/0BD315CE-6669-4AC5-8C73-3D486E68E511-768x768.jpeg 768w, https:\/\/www.insidebrussels.be\/V2\/wp-content\/uploads\/2023\/10\/0BD315CE-6669-4AC5-8C73-3D486E68E511-1536x1536.jpeg 1536w, https:\/\/www.insidebrussels.be\/V2\/wp-content\/uploads\/2023\/10\/0BD315CE-6669-4AC5-8C73-3D486E68E511-2048x2048.jpeg 2048w, https:\/\/www.insidebrussels.be\/V2\/wp-content\/uploads\/2023\/10\/0BD315CE-6669-4AC5-8C73-3D486E68E511-scaled.jpeg 1920w\" sizes=\"(max-width: 1024px) 100vw, 1024px\" \/><\/a><figcaption class=\"wp-element-caption\">Parc cinquentenaire Couch\u00e9 de Soleil (c) Pierre Halleux<\/figcaption><\/figure>\n\n\n\n<figure class=\"wp-block-image size-large\"><a href=\"https:\/\/www.insidebrussels.be\/V2\/wp-content\/uploads\/2023\/06\/B5EAE61B-F85D-4159-B691-F681FD92A482-scaled.jpeg\"><img decoding=\"async\" width=\"1024\" height=\"768\" data-id=\"14631\" src=\"https:\/\/www.insidebrussels.be\/V2\/wp-content\/uploads\/2023\/06\/B5EAE61B-F85D-4159-B691-F681FD92A482-1024x768.jpeg\" alt=\"Autoworld dans le parc du cinquentenaire (c) Photo Pierre HALLEUX\" class=\"wp-image-14631\" srcset=\"https:\/\/www.insidebrussels.be\/V2\/wp-content\/uploads\/2023\/06\/B5EAE61B-F85D-4159-B691-F681FD92A482-1024x768.jpeg 1024w, https:\/\/www.insidebrussels.be\/V2\/wp-content\/uploads\/2023\/06\/B5EAE61B-F85D-4159-B691-F681FD92A482-300x225.jpeg 300w, https:\/\/www.insidebrussels.be\/V2\/wp-content\/uploads\/2023\/06\/B5EAE61B-F85D-4159-B691-F681FD92A482-768x576.jpeg 768w, https:\/\/www.insidebrussels.be\/V2\/wp-content\/uploads\/2023\/06\/B5EAE61B-F85D-4159-B691-F681FD92A482-1536x1152.jpeg 1536w, https:\/\/www.insidebrussels.be\/V2\/wp-content\/uploads\/2023\/06\/B5EAE61B-F85D-4159-B691-F681FD92A482-2048x1536.jpeg 2048w, https:\/\/www.insidebrussels.be\/V2\/wp-content\/uploads\/2023\/06\/B5EAE61B-F85D-4159-B691-F681FD92A482-scaled.jpeg 1078w\" sizes=\"(max-width: 1024px) 100vw, 1024px\" \/><\/a><figcaption class=\"wp-element-caption\"> Autoworld dans le parc du cinquentenaire (c) Photo Pierre HALLEUX<\/figcaption><\/figure>\n\n\n\n<figure class=\"wp-block-image size-large\"><a href=\"https:\/\/www.insidebrussels.be\/V2\/wp-content\/uploads\/2023\/10\/B86A2907-329F-4FC2-95D5-41131BE67889-scaled.jpeg\"><img decoding=\"async\" width=\"1024\" height=\"768\" data-id=\"14938\" src=\"https:\/\/www.insidebrussels.be\/V2\/wp-content\/uploads\/2023\/10\/B86A2907-329F-4FC2-95D5-41131BE67889-1024x768.jpeg\" alt=\"Mus\u00e9e de la guerre Parc cinquentenaire (c) Pierre Halleux\" class=\"wp-image-14938\" srcset=\"https:\/\/www.insidebrussels.be\/V2\/wp-content\/uploads\/2023\/10\/B86A2907-329F-4FC2-95D5-41131BE67889-1024x768.jpeg 1024w, https:\/\/www.insidebrussels.be\/V2\/wp-content\/uploads\/2023\/10\/B86A2907-329F-4FC2-95D5-41131BE67889-300x225.jpeg 300w, https:\/\/www.insidebrussels.be\/V2\/wp-content\/uploads\/2023\/10\/B86A2907-329F-4FC2-95D5-41131BE67889-768x576.jpeg 768w, https:\/\/www.insidebrussels.be\/V2\/wp-content\/uploads\/2023\/10\/B86A2907-329F-4FC2-95D5-41131BE67889-1536x1152.jpeg 1536w, https:\/\/www.insidebrussels.be\/V2\/wp-content\/uploads\/2023\/10\/B86A2907-329F-4FC2-95D5-41131BE67889-2048x1536.jpeg 2048w, https:\/\/www.insidebrussels.be\/V2\/wp-content\/uploads\/2023\/10\/B86A2907-329F-4FC2-95D5-41131BE67889-720x540.jpeg 720w, https:\/\/www.insidebrussels.be\/V2\/wp-content\/uploads\/2023\/10\/B86A2907-329F-4FC2-95D5-41131BE67889-scaled.jpeg 1920w\" sizes=\"(max-width: 1024px) 100vw, 1024px\" \/><\/a><figcaption class=\"wp-element-caption\">Mus\u00e9e de la guerre Parc cinquentenaire (c) Pierre Halleux<\/figcaption><\/figure>\n\n\n\n<figure class=\"wp-block-image size-large\"><a href=\"https:\/\/www.insidebrussels.be\/V2\/wp-content\/uploads\/2023\/10\/CE36F9DC-B492-4425-88CE-48A7A83899EB-scaled.jpeg\"><img decoding=\"async\" width=\"1024\" height=\"768\" data-id=\"14913\" src=\"https:\/\/www.insidebrussels.be\/V2\/wp-content\/uploads\/2023\/10\/CE36F9DC-B492-4425-88CE-48A7A83899EB-1024x768.jpeg\" alt=\"Pleine de Jeux du Parc du Cinquentenaire (c) Photo Pierre Halleux\" class=\"wp-image-14913\" srcset=\"https:\/\/www.insidebrussels.be\/V2\/wp-content\/uploads\/2023\/10\/CE36F9DC-B492-4425-88CE-48A7A83899EB-1024x768.jpeg 1024w, https:\/\/www.insidebrussels.be\/V2\/wp-content\/uploads\/2023\/10\/CE36F9DC-B492-4425-88CE-48A7A83899EB-300x225.jpeg 300w, https:\/\/www.insidebrussels.be\/V2\/wp-content\/uploads\/2023\/10\/CE36F9DC-B492-4425-88CE-48A7A83899EB-768x576.jpeg 768w, https:\/\/www.insidebrussels.be\/V2\/wp-content\/uploads\/2023\/10\/CE36F9DC-B492-4425-88CE-48A7A83899EB-1536x1152.jpeg 1536w, https:\/\/www.insidebrussels.be\/V2\/wp-content\/uploads\/2023\/10\/CE36F9DC-B492-4425-88CE-48A7A83899EB-2048x1536.jpeg 2048w, https:\/\/www.insidebrussels.be\/V2\/wp-content\/uploads\/2023\/10\/CE36F9DC-B492-4425-88CE-48A7A83899EB-720x540.jpeg 720w, https:\/\/www.insidebrussels.be\/V2\/wp-content\/uploads\/2023\/10\/CE36F9DC-B492-4425-88CE-48A7A83899EB-scaled.jpeg 1078w\" sizes=\"(max-width: 1024px) 100vw, 1024px\" \/><\/a><figcaption class=\"wp-element-caption\">Pleine de Jeux du Parc du Cinquentenaire (c) Photo Pierre Halleux<\/figcaption><\/figure>\n<\/figure>\n\n\n\n<figure class=\"wp-block-image size-large\"><a href=\"https:\/\/www.insidebrussels.be\/V2\/wp-content\/uploads\/2023\/10\/F5C9F0E3-DE58-45A0-8BB6-BF375BBB4EC1-scaled.jpeg\"><img decoding=\"async\" width=\"1024\" height=\"768\" src=\"https:\/\/www.insidebrussels.be\/V2\/wp-content\/uploads\/2023\/10\/F5C9F0E3-DE58-45A0-8BB6-BF375BBB4EC1-1024x768.jpeg\" alt=\"Parc cinquentenaire Couch\u00e9 de Soleil (c) Pierre Halleux\" class=\"wp-image-14935\" srcset=\"https:\/\/www.insidebrussels.be\/V2\/wp-content\/uploads\/2023\/10\/F5C9F0E3-DE58-45A0-8BB6-BF375BBB4EC1-1024x768.jpeg 1024w, https:\/\/www.insidebrussels.be\/V2\/wp-content\/uploads\/2023\/10\/F5C9F0E3-DE58-45A0-8BB6-BF375BBB4EC1-300x225.jpeg 300w, https:\/\/www.insidebrussels.be\/V2\/wp-content\/uploads\/2023\/10\/F5C9F0E3-DE58-45A0-8BB6-BF375BBB4EC1-768x576.jpeg 768w, https:\/\/www.insidebrussels.be\/V2\/wp-content\/uploads\/2023\/10\/F5C9F0E3-DE58-45A0-8BB6-BF375BBB4EC1-1536x1152.jpeg 1536w, https:\/\/www.insidebrussels.be\/V2\/wp-content\/uploads\/2023\/10\/F5C9F0E3-DE58-45A0-8BB6-BF375BBB4EC1-2048x1536.jpeg 2048w, https:\/\/www.insidebrussels.be\/V2\/wp-content\/uploads\/2023\/10\/F5C9F0E3-DE58-45A0-8BB6-BF375BBB4EC1-720x540.jpeg 720w, https:\/\/www.insidebrussels.be\/V2\/wp-content\/uploads\/2023\/10\/F5C9F0E3-DE58-45A0-8BB6-BF375BBB4EC1-scaled.jpeg 1920w\" sizes=\"(max-width: 1024px) 100vw, 1024px\" \/><\/a><figcaption class=\"wp-element-caption\">Parc cinquentenaire Couch\u00e9 de Soleil (c) Pierre Halleux<\/figcaption><\/figure>\n\n\n\n<p>Situ\u00e9 \u00e0 proximit\u00e9 du quartier europ\u00e9en, le <a href=\"https:\/\/www.insidebrussels.be\/V2\/bruxelles\/communes-bruxelles\/\">Parc du Cinquantenaire <\/a>est un incontournable pour les amateurs de promenades urbaines. Avec ses 35 hectares de verdure, ses mus\u00e9es renomm\u00e9s et ses c\u00e9l\u00e8bres Arcades, c&rsquo;est le lieu id\u00e9al pour une journ\u00e9e de d\u00e9tente en plein air. Admirez les monuments historiques et laissez-vous s\u00e9duire par la beaut\u00e9 intemporelle de ce parc embl\u00e9matique. \ud83c\udf3a\ud83c\udff0<\/p>\n\n\n\n<blockquote class=\"wp-block-quote is-layout-flow wp-block-quote-is-layout-flow\">\n<p>Ne manquez pas <em><a href=\"https:\/\/www.insidebrussels.be\/V2\/bruxelles\/visiter-bruxelles-en-un-jours-cest-possible\/\">notre balade \u00e0 pied de Bruxelles qui d\u00e9marre du 50aire.<\/a><\/em><\/p>\n<\/blockquote>\n\n\n\n<h2 class=\"wp-block-heading\"><span class=\"ez-toc-section\" id=\"5_Le_Domaine_du_Rouge-Cloitre_%E2%80%93_Un_Refuge_Naturel_%F0%9F%8C%85%F0%9F%A6%86\"><\/span><strong>5. Le Domaine du Rouge-Clo\u00eetre &#8211; Un Refuge Naturel \ud83c\udf05\ud83e\udd86<\/strong><span class=\"ez-toc-section-end\"><\/span><\/h2>\n\n\n\n<figure class=\"wp-block-image size-large\"><a href=\"https:\/\/www.insidebrussels.be\/V2\/wp-content\/uploads\/2022\/11\/rouge-cloitre-scaled.jpg\"><img decoding=\"async\" width=\"1024\" height=\"719\" src=\"https:\/\/www.insidebrussels.be\/V2\/wp-content\/uploads\/2022\/11\/rouge-cloitre-1024x719.jpg\" alt=\"Trail Rouge Cloitre Auderghem (c) photo Tijl Vereenooghe\" class=\"wp-image-13063\" srcset=\"https:\/\/www.insidebrussels.be\/V2\/wp-content\/uploads\/2022\/11\/rouge-cloitre-1024x719.jpg 1024w, https:\/\/www.insidebrussels.be\/V2\/wp-content\/uploads\/2022\/11\/rouge-cloitre-300x211.jpg 300w, https:\/\/www.insidebrussels.be\/V2\/wp-content\/uploads\/2022\/11\/rouge-cloitre-768x539.jpg 768w, https:\/\/www.insidebrussels.be\/V2\/wp-content\/uploads\/2022\/11\/rouge-cloitre-scaled.jpg 1078w\" sizes=\"(max-width: 1024px) 100vw, 1024px\" \/><\/a><figcaption class=\"wp-element-caption\">Trail Rouge Cloitre Auderghem (c) photo Tijl Vereenooghe<\/figcaption><\/figure>\n\n\n\n<p>Pour une escapade hors du temps, direction le Domaine du Rouge-Clo\u00eetre. Nich\u00e9 \u00e0 l&rsquo;entr\u00e9e de Bruxelles, ce havre de paix abrite une ancienne abbaye et des \u00e9tangs qui attirent une faune et une flore exceptionnelles. Class\u00e9 comme r\u00e9serve naturelle, ce lieu offre une v\u00e9ritable bouff\u00e9e d&rsquo;air frais \u00e0 tous les amoureux de la nature. Prenez le temps de vous perdre dans ses sentiers ombrag\u00e9s et laissez-vous envo\u00fbter par la magie du Rouge-Clo\u00eetre. \ud83c\udf05\ud83e\udda2<\/p>\n\n\n\n<h2 class=\"wp-block-heading\"><span class=\"ez-toc-section\" id=\"6_Le_Scheutbos_%E2%80%93_Nature_Sauvage_a_Molenbeek-Saint-Jean_%F0%9F%8C%B2%F0%9F%90%84\"><\/span><strong>6. Le Scheutbos &#8211; Nature Sauvage \u00e0 Molenbeek-Saint-Jean \ud83c\udf32\ud83d\udc04<\/strong><span class=\"ez-toc-section-end\"><\/span><\/h2>\n\n\n\n<p>Bruxelles regorge de tr\u00e9sors cach\u00e9s qui n&rsquo;attendent que d&rsquo;\u00eatre d\u00e9couverts. Alors enfilez vos chaussures de marche, pr\u00e9parez votre appareil photo et partez \u00e0 l&rsquo;aventure \u00e0 travers les espaces verts de la capitale belge ! \ud83d\udcf8\ud83c\udf3f<\/p>\n","protected":false,"gt_translate_keys":[{"key":"rendered","format":"html"}]},"excerpt":{"rendered":"<p>Bienvenue \u00e0 Bruxelles, la capitale o\u00f9 la nature se m\u00eale harmonieusement \u00e0 l&rsquo;urbanit\u00e9 ! Si<\/p>\n","protected":false,"gt_translate_keys":[{"key":"rendered","format":"html"}]},"author":1,"featured_media":15682,"comment_status":"closed","ping_status":"closed","sticky":false,"template":"","format":"standard","meta":{"_lmt_disableupdate":"","_lmt_disable":"","footnotes":""},"categories":[505],"tags":[49,58],"class_list":["post-15680","post","type-post","status-publish","format-standard","has-post-thumbnail","hentry","category-nature-parc-jardin-vert-bruxelles","tag-activites-avec-enfants","tag-en-amoureux"],"modified_by":"pierre","amp_enabled":true,"gt_translate_keys":[{"key":"link","format":"url"}],"_links":{"self":[{"href":"https:\/\/www.insidebrussels.be\/V2\/wp-json\/wp\/v2\/posts\/15680","targetHints":{"allow":["GET"]}}],"collection":[{"href":"https:\/\/www.insidebrussels.be\/V2\/wp-json\/wp\/v2\/posts"}],"about":[{"href":"https:\/\/www.insidebrussels.be\/V2\/wp-json\/wp\/v2\/types\/post"}],"author":[{"embeddable":true,"href":"https:\/\/www.insidebrussels.be\/V2\/wp-json\/wp\/v2\/users\/1"}],"replies":[{"embeddable":true,"href":"https:\/\/www.insidebrussels.be\/V2\/wp-json\/wp\/v2\/comments?post=15680"}],"version-history":[{"count":3,"href":"https:\/\/www.insidebrussels.be\/V2\/wp-json\/wp\/v2\/posts\/15680\/revisions"}],"predecessor-version":[{"id":16631,"href":"https:\/\/www.insidebrussels.be\/V2\/wp-json\/wp\/v2\/posts\/15680\/revisions\/16631"}],"wp:featuredmedia":[{"embeddable":true,"href":"https:\/\/www.insidebrussels.be\/V2\/wp-json\/wp\/v2\/media\/15682"}],"wp:attachment":[{"href":"https:\/\/www.insidebrussels.be\/V2\/wp-json\/wp\/v2\/media?parent=15680"}],"wp:term":[{"taxonomy":"category","embeddable":true,"href":"https:\/\/www.insidebrussels.be\/V2\/wp-json\/wp\/v2\/categories?post=15680"},{"taxonomy":"post_tag","embeddable":true,"href":"https:\/\/www.insidebrussels.be\/V2\/wp-json\/wp\/v2\/tags?post=15680"}],"curies":[{"name":"wp","href":"https:\/\/api.w.org\/{rel}","templated":true}]}}