{"id":15716,"date":"2024-04-12T23:13:53","date_gmt":"2024-04-12T21:13:53","guid":{"rendered":"https:\/\/www.insidebrussels.be\/V2\/?p=15716"},"modified":"2024-04-12T23:19:09","modified_gmt":"2024-04-12T21:19:09","slug":"la-fete-des-voisins-2024","status":"publish","type":"post","link":"https:\/\/www.insidebrussels.be\/V2\/bruxelles\/la-fete-des-voisins-2024\/","title":{"rendered":"La f\u00eate des voisins 2024","gt_translate_keys":[{"key":"rendered","format":"text"}]},"content":{"rendered":"\n<p><br>\ud83c\udf89 L&rsquo;excitation est palpable dans les rues de Bruxelles alors que le printemps bat son plein et que les habitants se pr\u00e9parent pour l&rsquo;\u00e9v\u00e9nement le plus attendu de l&rsquo;ann\u00e9e : <strong>la F\u00eate des Voisins 2024 <\/strong>! Depuis ses modestes d\u00e9buts en 1999, cette c\u00e9l\u00e9bration de la convivialit\u00e9 et de la solidarit\u00e9 entre voisins a conquis les c\u0153urs \u00e0 travers le monde, et la capitale belge ne fait pas exception. Plongeons ensemble dans l&rsquo;histoire de cette tradition bien-aim\u00e9e et d\u00e9couvrons ce qui nous attend pour cette \u00e9dition sp\u00e9ciale !<\/p>\n\n\n\n<h2 class=\"wp-block-heading\"><strong>Histoire de la F\u00eate des Voisins : Un Lien Social Tiss\u00e9 depuis 1999<\/strong><\/h2>\n\n\n\n<p>Depuis<strong> ses modestes d\u00e9buts en 1999<\/strong>, la F\u00eate des Voisins, autrefois appel\u00e9e \u00ab\u00a0Immeubles en F\u00eate\u00a0\u00bb, a \u00e9volu\u00e9 pour devenir un ph\u00e9nom\u00e8ne mondial c\u00e9l\u00e9brant la convivialit\u00e9 et la solidarit\u00e9 entre voisins. Initialement lanc\u00e9e en France par Atanase P\u00e9rifan et l&rsquo;Association \u00ab\u00a0Paris d&rsquo;amis\u00a0\u00bb, cette initiative visait \u00e0 combattre l&rsquo;isolement et \u00e0 renforcer les liens de proximit\u00e9. Aujourd&rsquo;hui, elle r\u00e9unit des millions de personnes dans plus de 42 pays \u00e0 travers le monde\ud83c\udf0d.<\/p>\n\n\n\n<h2 class=\"wp-block-heading\"><strong>Quand aura lieu la F\u00eate des Voisins \u00e0 Bruxelles ?<\/strong><\/h2>\n\n\n\n<p>Cette ann\u00e9e, la F\u00eate des Voisins \u00e0 Bruxelles est pr\u00e9vue pour<strong> le vendredi 31 mai 2024.<\/strong> Les habitants de <a href=\"https:\/\/www.insidebrussels.be\/V2\/bruxelles\/les-meilleures-communes-ou-habiter-a-bruxelles\/\">toutes les communes bruxelloises<\/a>, qu&rsquo;il s&rsquo;agisse d&rsquo;Anderlecht, de Schaerbeek, d&rsquo;Ixelles ou de Saint-Gilles, auront l&rsquo;occasion de se r\u00e9unir pour partager un moment de convivialit\u00e9 et de rapprochement.<\/p>\n\n\n\n<h2 class=\"wp-block-heading\"><strong>Participer \u00e0 la F\u00eate des Voisins \u00e0 Bruxelles : Comment s&rsquo;impliquer ?<\/strong><\/h2>\n\n\n\n<p>Les r\u00e9sidents bruxellois d\u00e9sireux de participer \u00e0 la F\u00eate des Voisins peuvent se joindre \u00e0 l&rsquo;\u00e9v\u00e9nement en affichant l&rsquo;affiche officielle dans leur immeuble ou sur leur fa\u00e7ade. De plus, ils peuvent distribuer des invitations \u00e0 leurs voisins pour les convier \u00e0 partager ce moment de convivialit\u00e9. Cette ann\u00e9e, que vous habitiez \u00e0 Uccle, \u00e0 Etterbeek, \u00e0 Forest ou \u00e0 Woluwe-Saint-Pierre, rejoignez vos voisins pour c\u00e9l\u00e9brer cette journ\u00e9e sp\u00e9ciale.<\/p>\n\n\n\n<blockquote class=\"wp-block-quote is-layout-flow wp-block-quote-is-layout-flow\">\n<p><a href=\"https:\/\/berchem.brussels\/wp-content\/uploads\/2024\/03\/Formulaire-dinscription-fete-des-voisins-2024-FR.pdf\" target=\"_blank\" rel=\"noreferrer noopener nofollow\">Voici le formulaire d&rsquo;inscription pour la f\u00eate des voisins 2024<\/a><\/p>\n<\/blockquote>\n\n\n\n<h2 class=\"wp-block-heading\"><strong>F\u00eate des Voisins \u00e0 Bruxelles : Une Tradition en Plein Essor<\/strong><\/h2>\n\n\n\n<p>Au fil des ann\u00e9es, la F\u00eate des Voisins \u00e0 Bruxelles a gagn\u00e9 en popularit\u00e9, rassemblant des communaut\u00e9s diverses autour de valeurs de partage et de solidarit\u00e9. Que vous soyez un habitant de la Ville de Bruxelles, de Jette, de Molenbeek-Saint-Jean ou de Watermael-Boitsfort, cette journ\u00e9e offre l&rsquo;occasion id\u00e9ale de tisser des liens avec vos voisins et de <a href=\"https:\/\/www.insidebrussels.be\/V2\/bruxelles\/rencontrer-gens-a-bruxelles\/\">d\u00e9couvrir la richesse de votre quartier et les locaux qui y habitent<\/a>.<\/p>\n\n\n\n<figure class=\"wp-block-image size-large\"><a href=\"https:\/\/www.insidebrussels.be\/V2\/wp-content\/uploads\/2024\/04\/434655792_407191955279792_6847151537797470752_n.jpg\"><img decoding=\"async\" width=\"1024\" height=\"1024\" src=\"https:\/\/www.insidebrussels.be\/V2\/wp-content\/uploads\/2024\/04\/434655792_407191955279792_6847151537797470752_n-1024x1024.jpg\" alt=\"F\u00eate des voisins \u00e0 Bruxelle (c) F\u00eate des voisins sur Facebook\" class=\"wp-image-15720\" srcset=\"https:\/\/www.insidebrussels.be\/V2\/wp-content\/uploads\/2024\/04\/434655792_407191955279792_6847151537797470752_n-1024x1024.jpg 1024w, https:\/\/www.insidebrussels.be\/V2\/wp-content\/uploads\/2024\/04\/434655792_407191955279792_6847151537797470752_n-300x300.jpg 300w, https:\/\/www.insidebrussels.be\/V2\/wp-content\/uploads\/2024\/04\/434655792_407191955279792_6847151537797470752_n-150x150.jpg 150w, https:\/\/www.insidebrussels.be\/V2\/wp-content\/uploads\/2024\/04\/434655792_407191955279792_6847151537797470752_n-768x768.jpg 768w, https:\/\/www.insidebrussels.be\/V2\/wp-content\/uploads\/2024\/04\/434655792_407191955279792_6847151537797470752_n.jpg 1500w\" sizes=\"(max-width: 1024px) 100vw, 1024px\" \/><\/a><\/figure>\n\n\n\n<h2 class=\"wp-block-heading\"><strong>Conseils pour une F\u00eate des Voisins R\u00e9ussie \u00e0 Bruxelles<\/strong><\/h2>\n\n\n\n<p>Pour garantir le succ\u00e8s de votre F\u00eate des Voisins \u00e0 Bruxelles, quelques conseils simples peuvent \u00eatre utiles. Assurez-vous de <strong>planifier \u00e0 l&rsquo;avance en organisant des activit\u00e9s amusantes <\/strong>et en pr\u00e9voyant <strong>suffisamment de nourriture et de boissons <\/strong>pour tous les participants. De plus, n&rsquo;oubliez pas <strong>d&rsquo;inclure des voisins de tous les \u00e2ges<\/strong> et de toutes les cultures pour une c\u00e9l\u00e9bration v\u00e9ritablement inclusive.<\/p>\n\n\n\n<h2 class=\"wp-block-heading\"><strong>Rejoignez-nous pour la F\u00eate des Voisins \u00e0 Bruxelles !<\/strong><\/h2>\n\n\n\n<p>En conclusion, la F\u00eate des Voisins \u00e0 Bruxelles est une occasion unique de renforcer les liens de voisinage et de promouvoir la convivialit\u00e9 au sein de votre communaut\u00e9. Que vous soyez un habitant de Bruxelles-Ville, de Ganshoren, d&rsquo;Auderghem ou de Koekelberg, ne manquez pas cette opportunit\u00e9 de <strong>c\u00e9l\u00e9brer ensemble et de cr\u00e9er des souvenirs durables avec vos voisins. <\/strong>Au plaisir de vous retrouver autour d&rsquo;un verre le 31 mai prochain ! \ud83e\udd42<\/p>\n\n\n\n<h2 class=\"wp-block-heading\">Un aper\u00e7u de la f\u00eate des voisins pr\u00e9c\u00e9dentes <\/h2>\n\n\n\n<iframe loading=\"lazy\" width=\"560\" height=\"315\" src=\"https:\/\/www.youtube.com\/embed\/cfHc0RBNXAQ?si=55NHuBu8NwYe6_P3\" title=\"YouTube video player\" frameborder=\"0\" allow=\"accelerometer; autoplay; clipboard-write; encrypted-media; gyroscope; picture-in-picture; web-share\" referrerpolicy=\"strict-origin-when-cross-origin\" allowfullscreen><\/iframe>\n\n\n\n<p><a href=\"https:\/\/lafetedesvoisins.be\/\" target=\"_blank\" rel=\"noreferrer noopener nofollow\">En savoir plus sur le site officiel.<\/a><\/p>\n","protected":false,"gt_translate_keys":[{"key":"rendered","format":"html"}]},"excerpt":{"rendered":"<p>\ud83c\udf89 L&rsquo;excitation est palpable dans les rues de Bruxelles alors que le printemps bat son<\/p>\n","protected":false,"gt_translate_keys":[{"key":"rendered","format":"html"}]},"author":1,"featured_media":15721,"comment_status":"closed","ping_status":"closed","sticky":false,"template":"","format":"standard","meta":{"_lmt_disableupdate":"","_lmt_disable":"","footnotes":""},"categories":[232,892],"tags":[],"class_list":["post-15716","post","type-post","status-publish","format-standard","has-post-thumbnail","hentry","category-agenda-et-expo","category-evenement"],"modified_by":"pierre","amp_enabled":true,"gt_translate_keys":[{"key":"link","format":"url"}],"_links":{"self":[{"href":"https:\/\/www.insidebrussels.be\/V2\/wp-json\/wp\/v2\/posts\/15716","targetHints":{"allow":["GET"]}}],"collection":[{"href":"https:\/\/www.insidebrussels.be\/V2\/wp-json\/wp\/v2\/posts"}],"about":[{"href":"https:\/\/www.insidebrussels.be\/V2\/wp-json\/wp\/v2\/types\/post"}],"author":[{"embeddable":true,"href":"https:\/\/www.insidebrussels.be\/V2\/wp-json\/wp\/v2\/users\/1"}],"replies":[{"embeddable":true,"href":"https:\/\/www.insidebrussels.be\/V2\/wp-json\/wp\/v2\/comments?post=15716"}],"version-history":[{"count":4,"href":"https:\/\/www.insidebrussels.be\/V2\/wp-json\/wp\/v2\/posts\/15716\/revisions"}],"predecessor-version":[{"id":15728,"href":"https:\/\/www.insidebrussels.be\/V2\/wp-json\/wp\/v2\/posts\/15716\/revisions\/15728"}],"wp:featuredmedia":[{"embeddable":true,"href":"https:\/\/www.insidebrussels.be\/V2\/wp-json\/wp\/v2\/media\/15721"}],"wp:attachment":[{"href":"https:\/\/www.insidebrussels.be\/V2\/wp-json\/wp\/v2\/media?parent=15716"}],"wp:term":[{"taxonomy":"category","embeddable":true,"href":"https:\/\/www.insidebrussels.be\/V2\/wp-json\/wp\/v2\/categories?post=15716"},{"taxonomy":"post_tag","embeddable":true,"href":"https:\/\/www.insidebrussels.be\/V2\/wp-json\/wp\/v2\/tags?post=15716"}],"curies":[{"name":"wp","href":"https:\/\/api.w.org\/{rel}","templated":true}]}}