{"id":15843,"date":"2024-04-30T22:41:03","date_gmt":"2024-04-30T20:41:03","guid":{"rendered":"https:\/\/www.insidebrussels.be\/V2\/?p=15843"},"modified":"2024-06-18T22:41:58","modified_gmt":"2024-06-18T20:41:58","slug":"%f0%9f%8e%a8-explorez-les-nocturnes-2024-un-festival-de-decouverte-artistique","status":"publish","type":"post","link":"https:\/\/www.insidebrussels.be\/V2\/bruxelles\/%f0%9f%8e%a8-explorez-les-nocturnes-2024-un-festival-de-decouverte-artistique\/","title":{"rendered":"\ud83c\udfa8 Explorez les Nocturnes 2024 : Un Festival de D\u00e9couverte Artistique !","gt_translate_keys":[{"key":"rendered","format":"text"}]},"content":{"rendered":"\n<p>Plongez dans l&rsquo;univers captivant des Nocturnes 2024, un festival artistique unique en son genre \u00e0 Bruxelles ! Chaque jeudi, du 11 avril au 23 mai, de 17h00 \u00e0 22h00, laissez-vous s\u00e9duire par la magie des mus\u00e9es bruxellois qui ouvrent leurs portes. Avec des visites guid\u00e9es, des ateliers artistiques et un acc\u00e8s exclusif aux coulisses, d\u00e9couvrez les tr\u00e9sors culturels de la ville sous un nouvel \u00e9clairage. \ud83c\udf03\u2728<\/p>\n\n\n\n<h2 class=\"wp-block-heading\"><strong>\ud83c\udfdb\ufe0f Parcourez une Vari\u00e9t\u00e9 de Mus\u00e9es Exceptionnels<\/strong><\/h2>\n\n\n\n<p>Plongez-vous dans l&rsquo;art et la culture en explorant les collections de 42 lieux embl\u00e9matiques de Bruxelles, comprenant de 6 \u00e0 8 mus\u00e9es par soir\u00e9e. D\u00e9couvrez des tr\u00e9sors artistiques, des expositions passionnantes et des activit\u00e9s en plein air, le tout \u00e0 un prix abordable : seulement 6\u20ac par mus\u00e9e (3\u20ac pour les moins de 26 ans). Ne manquez pas cette opportunit\u00e9 unique de vous immerger dans la richesse culturelle de la capitale belge ! \ud83d\uddbc\ufe0f\ud83d\udd0d<\/p>\n\n\n\n<h2 class=\"wp-block-heading\"><strong>\ud83d\udcb0 Tarifs et Offres Sp\u00e9ciales<\/strong><\/h2>\n\n\n\n<ul class=\"wp-block-list\">\n<li><strong>Tarifs Standards<\/strong> : 6\u20ac par mus\u00e9e pour les adultes.<\/li>\n\n\n\n<li><strong>Moins de 26 ans<\/strong> : Tarif r\u00e9duit \u00e0 3\u20ac par mus\u00e9e.<\/li>\n\n\n\n<li><strong>Enfants de moins de 13 ans<\/strong> : Entr\u00e9e gratuite.<\/li>\n\n\n\n<li><strong>Art Nouveau Pass<\/strong> : Entr\u00e9e gratuite pour les d\u00e9tenteurs d&rsquo;un Art Nouveau Pass valide dans certains mus\u00e9es participants. Achetez votre pass pour b\u00e9n\u00e9ficier de cette offre exclusive.<\/li>\n\n\n\n<li><strong>Article 27<\/strong> : Les b\u00e9n\u00e9ficiaires de tickets Article 27 peuvent utiliser leur ticket en cours de validit\u00e9 + 1,25\u20ac dans certains mus\u00e9es participants.<\/li>\n\n\n\n<li><strong>Paspartoe<\/strong> : Les d\u00e9tenteurs d&rsquo;une carte Paspartoe b\u00e9n\u00e9ficient de l&rsquo;entr\u00e9e \u00e0 2\u20ac dans certains mus\u00e9es participants.<\/li>\n<\/ul>\n\n\n\n<h2 class=\"wp-block-heading\"><strong>\ud83c\udfdb\ufe0f Mus\u00e9es Participants<\/strong><\/h2>\n\n\n\n<p><\/p>\n\n\n\n<figure class=\"wp-block-image size-large\"><a href=\"https:\/\/www.insidebrussels.be\/V2\/wp-content\/uploads\/2024\/06\/38FEEC66-82B8-4AD7-AB55-C15545C1910D.jpeg\"><img decoding=\"async\" width=\"1024\" height=\"768\" src=\"https:\/\/www.insidebrussels.be\/V2\/wp-content\/uploads\/2024\/06\/38FEEC66-82B8-4AD7-AB55-C15545C1910D-1024x768.jpeg\" alt=\"La maison Cauchie (c) PIerre Halleux\" class=\"wp-image-16680\" srcset=\"https:\/\/www.insidebrussels.be\/V2\/wp-content\/uploads\/2024\/06\/38FEEC66-82B8-4AD7-AB55-C15545C1910D-1024x768.jpeg 1024w, https:\/\/www.insidebrussels.be\/V2\/wp-content\/uploads\/2024\/06\/38FEEC66-82B8-4AD7-AB55-C15545C1910D-300x225.jpeg 300w, https:\/\/www.insidebrussels.be\/V2\/wp-content\/uploads\/2024\/06\/38FEEC66-82B8-4AD7-AB55-C15545C1910D-768x576.jpeg 768w, https:\/\/www.insidebrussels.be\/V2\/wp-content\/uploads\/2024\/06\/38FEEC66-82B8-4AD7-AB55-C15545C1910D-1536x1152.jpeg 1536w, https:\/\/www.insidebrussels.be\/V2\/wp-content\/uploads\/2024\/06\/38FEEC66-82B8-4AD7-AB55-C15545C1910D-720x540.jpeg 720w, https:\/\/www.insidebrussels.be\/V2\/wp-content\/uploads\/2024\/06\/38FEEC66-82B8-4AD7-AB55-C15545C1910D.jpeg 1920w\" sizes=\"(max-width: 1024px) 100vw, 1024px\" \/><\/a><figcaption class=\"wp-element-caption\">La maison Cauchie (c) PIerre Halleux<\/figcaption><\/figure>\n\n\n\n<ul class=\"wp-block-list\">\n<li>ARTE-FAC -Jardin des plantes m\u00e9dicinales Paul Moens<\/li>\n\n\n\n<li>Belgian Beer World<\/li>\n\n\n\n<li><a href=\"https:\/\/www.insidebrussels.be\/V2\/bruxelles\/centre-bande-dessinee-bruxelles-musee\/\">Centre Belge de la Bande Dessin\u00e9e<\/a><\/li>\n\n\n\n<li><a href=\"https:\/\/www.insidebrussels.be\/V2\/bruxelles\/isaac-tout-savoir-sur-le-musee-chocolat-bruxelles\/\">Choco Story Brussels<\/a><\/li>\n\n\n\n<li>CINEMATEK<\/li>\n\n\n\n<li>Design Museum Brussels<\/li>\n\n\n\n<li>Expo Josef Hoffmann -Mus\u00e9e Art &amp; Histoire<\/li>\n\n\n\n<li>FeliXart &amp; Eco Museum<\/li>\n\n\n\n<li><a href=\"https:\/\/www.insidebrussels.be\/V2\/bruxelles\/exposition-chun-kwang-young-a-la-villa-empain-23-avril-27-novembre-2022\/\">Fondation Boghossian \u2013 Villa Empain<\/a><\/li>\n\n\n\n<li>Fondation CAB<\/li>\n\n\n\n<li>Fraternelle des Agents Parachutistes 1940-45<\/li>\n\n\n\n<li>GardeRobe MannekenPis<\/li>\n\n\n\n<li>Institut des Sciences Naturelles<\/li>\n\n\n\n<li>Jardin botanique de Meise<\/li>\n\n\n\n<li>KBR<\/li>\n\n\n\n<li>La Fonderie \u2013 Mus\u00e9e Bruxellois des Industries et du Travail<\/li>\n\n\n\n<li>La Maison des Arts<\/li>\n\n\n\n<li>Lab\u2022An x H\u00f4tel Van Eetvelde<\/li>\n\n\n\n<li>MAF \u2013 Mus\u00e9e d\u2019Art Fantastique<\/li>\n\n\n\n<li><a href=\"https:\/\/www.insidebrussels.be\/V2\/bruxelles\/la-maison-autrique\/\">Maison Autrique<\/a><\/li>\n\n\n\n<li>Maison Cauchie<\/li>\n\n\n\n<li>Maison d\u2019\u00c9rasme &amp; B\u00e9guinage d\u2019Anderlecht<\/li>\n\n\n\n<li>Maison du Roi \u2013 Mus\u00e9e de la Ville de Bruxelles<\/li>\n\n\n\n<li>Maison Hannon<\/li>\n\n\n\n<li>MEM \u2013 Mus\u00e9e de l\u2019Erotisme et de la Mythologie<\/li>\n\n\n\n<li>Mus\u00e9e belge de Radiologie<\/li>\n\n\n\n<li>Mus\u00e9e Charlier<\/li>\n\n\n\n<li>Mus\u00e9e d\u2019Art Religieux Moderne \u2013 Basilique de Koekelberg<\/li>\n\n\n\n<li>Mus\u00e9e d\u2019Art Spontan\u00e9<\/li>\n\n\n\n<li>Mus\u00e9e de la Banque nationale de Belgique<\/li>\n\n\n\n<li><a href=\"https:\/\/www.insidebrussels.be\/V2\/bruxelles\/visiter-le-musee-schaerbeekois-de-la-biere\/\">Mus\u00e9e de la Bi\u00e8re Schaerbeekois<\/a><\/li>\n\n\n\n<li>Mus\u00e9e de la M\u00e9decine<\/li>\n\n\n\n<li>Mus\u00e9e des \u00c9gouts<\/li>\n\n\n\n<li>Mus\u00e9e des Soeurs noires \u2013 Basilique de Koekelberg<\/li>\n\n\n\n<li>Mus\u00e9e Juif de Belgique<\/li>\n\n\n\n<li>Mus\u00e9e Maurice Car\u00eame<\/li>\n\n\n\n<li>Mus\u00e9e Royal de l\u2019Arm\u00e9e<\/li>\n\n\n\n<li><a href=\"https:\/\/www.insidebrussels.be\/V2\/bruxelles\/coudenberg-histoire-plan-et-astuces-visite\/\">Palais du Coudenberg<\/a><\/li>\n\n\n\n<li>Pavillon des Passions humaines -Mus\u00e9e Art &amp; Histoire<\/li>\n\n\n\n<li>Plan\u00e9tarium de Bruxelles<\/li>\n\n\n\n<li>ULB \u2013 Exp\u00e9rimentarium de chimie<\/li>\n\n\n\n<li>ULB \u2013 Exp\u00e9rimentarium de physique<\/li>\n\n\n\n<li>ULB \u2013 Mus\u00e9e des plantes m\u00e9dicinales et de la pharmacie<\/li>\n\n\n\n<li>WIELS<\/li>\n<\/ul>\n\n\n\n<p><strong>\ud83c\udf9f\ufe0f Acheter un Ticket et R\u00e9server<\/strong><\/p>\n\n\n\n<p>Achetez votre ticket d&rsquo;entr\u00e9e Nocturnes sur le site internet <a href=\"http:\/\/nocturnes.brussels\" target=\"_blank\" rel=\"noreferrer noopener nofollow\">nocturnes.brussels<\/a> ou directement au mus\u00e9e de votre choix le soir-m\u00eame. Assurez-vous de r\u00e9server votre place pour les activit\u00e9s n\u00e9cessitant une r\u00e9servation, en consultant la page de chaque mus\u00e9e participant.<\/p>\n\n\n\n<p><\/p>\n\n\n\n<p>Explorez les tr\u00e9sors culturels de Bruxelles lors des Nocturnes 2024 et plongez dans une aventure artistique inoubliable ! \ud83c\udfa8\ud83c\udf1f<\/p>\n\n\n\n<p><a href=\"https:\/\/www.insidebrussels.be\/V2\/bruxelles\/que-faire-a-bruxelles-en-mai-2024\/\">A la recherche de plus d&rsquo;id\u00e9es ? Voici que faire \u00e0 Bruxelles en Mai 2024<\/a><\/p>\n","protected":false,"gt_translate_keys":[{"key":"rendered","format":"html"}]},"excerpt":{"rendered":"<p>Plongez dans l&rsquo;univers captivant des Nocturnes 2024, un festival artistique unique en son genre \u00e0<\/p>\n","protected":false,"gt_translate_keys":[{"key":"rendered","format":"html"}]},"author":1,"featured_media":15845,"comment_status":"closed","ping_status":"closed","sticky":false,"template":"","format":"standard","meta":{"_lmt_disableupdate":"","_lmt_disable":"","footnotes":""},"categories":[232,892,511],"tags":[],"class_list":["post-15843","post","type-post","status-publish","format-standard","has-post-thumbnail","hentry","category-agenda-et-expo","category-evenement","category-exposition"],"modified_by":"pierre","amp_enabled":true,"gt_translate_keys":[{"key":"link","format":"url"}],"_links":{"self":[{"href":"https:\/\/www.insidebrussels.be\/V2\/wp-json\/wp\/v2\/posts\/15843","targetHints":{"allow":["GET"]}}],"collection":[{"href":"https:\/\/www.insidebrussels.be\/V2\/wp-json\/wp\/v2\/posts"}],"about":[{"href":"https:\/\/www.insidebrussels.be\/V2\/wp-json\/wp\/v2\/types\/post"}],"author":[{"embeddable":true,"href":"https:\/\/www.insidebrussels.be\/V2\/wp-json\/wp\/v2\/users\/1"}],"replies":[{"embeddable":true,"href":"https:\/\/www.insidebrussels.be\/V2\/wp-json\/wp\/v2\/comments?post=15843"}],"version-history":[{"count":4,"href":"https:\/\/www.insidebrussels.be\/V2\/wp-json\/wp\/v2\/posts\/15843\/revisions"}],"predecessor-version":[{"id":16682,"href":"https:\/\/www.insidebrussels.be\/V2\/wp-json\/wp\/v2\/posts\/15843\/revisions\/16682"}],"wp:featuredmedia":[{"embeddable":true,"href":"https:\/\/www.insidebrussels.be\/V2\/wp-json\/wp\/v2\/media\/15845"}],"wp:attachment":[{"href":"https:\/\/www.insidebrussels.be\/V2\/wp-json\/wp\/v2\/media?parent=15843"}],"wp:term":[{"taxonomy":"category","embeddable":true,"href":"https:\/\/www.insidebrussels.be\/V2\/wp-json\/wp\/v2\/categories?post=15843"},{"taxonomy":"post_tag","embeddable":true,"href":"https:\/\/www.insidebrussels.be\/V2\/wp-json\/wp\/v2\/tags?post=15843"}],"curies":[{"name":"wp","href":"https:\/\/api.w.org\/{rel}","templated":true}]}}