{"id":15874,"date":"2024-04-30T23:15:00","date_gmt":"2024-04-30T21:15:00","guid":{"rendered":"https:\/\/www.insidebrussels.be\/V2\/?p=15874"},"modified":"2024-04-30T23:17:04","modified_gmt":"2024-04-30T21:17:04","slug":"celebrez-le-35e-anniversaire-de-la-region-de-bruxelles-capitale","status":"publish","type":"post","link":"https:\/\/www.insidebrussels.be\/V2\/bruxelles\/celebrez-le-35e-anniversaire-de-la-region-de-bruxelles-capitale\/","title":{"rendered":"F\u00eate de l&rsquo;IRIS 2024: Un \u00e9v\u00e9nement gratuit \u00e0 Bruxelles-Capitale !","gt_translate_keys":[{"key":"rendered","format":"text"}]},"content":{"rendered":"\n<p>La F\u00eate de l\u2019Iris, un \u00e9v\u00e9nement incontournable \u00e0 Bruxelles, revient cette ann\u00e9e pour c\u00e9l\u00e9brer le 35e anniversaire de la R\u00e9gion de Bruxelles-Capitale. Du samedi 4 au dimanche 5 mai 2024, la capitale vibrera au rythme de cette f\u00eate embl\u00e9matique.<\/p>\n\n\n\n<div class=\"wp-block-buttons is-layout-flex wp-block-buttons-is-layout-flex\">\n<div class=\"wp-block-button\"><a class=\"wp-block-button__link wp-element-button\" href=\"https:\/\/www.insidebrussels.be\/V2\/bruxelles\/que-faire-a-bruxelles-en-mai-2024\/\">Voir les top \u00e9v\u00e9nements \u00e0 faire \u00e0 Bruxelles en Mai 2024<\/a><\/div>\n<\/div>\n\n\n\n<h2 class=\"wp-block-heading\"><strong>D\u00e9couvrez les Administrations Bruxelloises au Public Village<\/strong><\/h2>\n\n\n\n<p>Au c\u0153ur de l&rsquo;\u00e9v\u00e9nement, le Public Village accueillera diff\u00e9rentes administrations bruxelloises pour vous faire d\u00e9couvrir leurs projets et leur travail quotidien. Bruxelles Finances et Budget vous invitera \u00e0 g\u00e9rer le budget comme un vrai ministre des Finances, tandis que Bruxelles ConnectIT vous pr\u00e9sentera son service des Archives et le programme Brussels Youth to Digital. Brussels International vous d\u00e9voilera une carte interactive de tous ses investissements sur Bruxelles, et Equal.brussels viendra \u00e0 votre rencontre pour parler d\u2019\u00e9galit\u00e9 des chances. Enfin, Bruxelles Mobilit\u00e9 vous fera d\u00e9couvrir ses missions pour am\u00e9liorer votre quotidien sur la route.<\/p>\n\n\n\n<h2 class=\"wp-block-heading\"><strong>Animations Gratuites dans Toute la Ville<\/strong><\/h2>\n\n\n\n<p>Vous pourrez \u00e9galement profiter de nombreuses animations gratuites dans diff\u00e9rents endroits de la ville. Le samedi 4 mai, la F\u00eate de l\u2019Iris sera c\u00e9l\u00e9br\u00e9e dans les communes de Schaerbeek, Evere et Saint-Josse-ten-Noode, avec des activit\u00e9s pour toute la famille. Le soir, la Place des Palais se transformera en piste de danse pour l&rsquo;Iris Tipik Electro Night, avec des DJ sets d&rsquo;artistes belges et fran\u00e7ais.<\/p>\n\n\n<div class=\"wp-block-image\">\n<figure class=\"aligncenter size-full\"><a href=\"https:\/\/www.insidebrussels.be\/V2\/wp-content\/uploads\/2024\/04\/electro-night.jpg\"><img decoding=\"async\" width=\"517\" height=\"715\" src=\"https:\/\/www.insidebrussels.be\/V2\/wp-content\/uploads\/2024\/04\/electro-night.jpg\" alt=\"\" class=\"wp-image-15877\" srcset=\"https:\/\/www.insidebrussels.be\/V2\/wp-content\/uploads\/2024\/04\/electro-night.jpg 517w, https:\/\/www.insidebrussels.be\/V2\/wp-content\/uploads\/2024\/04\/electro-night-217x300.jpg 217w\" sizes=\"(max-width: 517px) 100vw, 517px\" \/><\/a><figcaption class=\"wp-element-caption\">F\u00eate de l&rsquo;Iris (c) <a href=\"https:\/\/www.visit.brussels\/content\/dam\/visitbrussels\/pdf-brochures\/IRIS_Brochure.pdf\">IRIS_Brochure.pdf (visit.brussels)<\/a><\/figcaption><\/figure><\/div>\n\n\n<h2 class=\"wp-block-heading\"><strong>Une Journ\u00e9e de D\u00e9couverte et de Festivit\u00e9s le Dimanche<\/strong><\/h2>\n\n\n\n<p>Le dimanche 5 mai, la journ\u00e9e portes ouvertes \u00ab\u00a0L\u2019avocat au c\u0153ur de la cit\u00e9\u00a0\u00bb vous permettra de d\u00e9couvrir le r\u00f4le de l\u2019avocat dans la soci\u00e9t\u00e9, tandis que la F\u00eate au Parlement bruxellois proposera des animations et des concerts tout au long de la journ\u00e9e. En parall\u00e8le, le Parc de Bruxelles accueillera des spectacles de cirque, du th\u00e9\u00e2tre de rue, de la danse et bien d&rsquo;autres performances cr\u00e9atives.<\/p>\n\n\n\n<figure class=\"wp-block-image size-full\"><a href=\"https:\/\/www.insidebrussels.be\/V2\/wp-content\/uploads\/2024\/04\/programme.jpg\"><img decoding=\"async\" width=\"938\" height=\"708\" src=\"https:\/\/www.insidebrussels.be\/V2\/wp-content\/uploads\/2024\/04\/programme.jpg\" alt=\"\" class=\"wp-image-15876\" srcset=\"https:\/\/www.insidebrussels.be\/V2\/wp-content\/uploads\/2024\/04\/programme.jpg 938w, https:\/\/www.insidebrussels.be\/V2\/wp-content\/uploads\/2024\/04\/programme-300x226.jpg 300w, https:\/\/www.insidebrussels.be\/V2\/wp-content\/uploads\/2024\/04\/programme-768x580.jpg 768w\" sizes=\"(max-width: 938px) 100vw, 938px\" \/><\/a><figcaption class=\"wp-element-caption\">F\u00eate de l&rsquo;Iris (c) <a href=\"https:\/\/www.visit.brussels\/content\/dam\/visitbrussels\/pdf-brochures\/IRIS_Brochure.pdf\">IRIS_Brochure.pdf (visit.brussels)<\/a><\/figcaption><\/figure>\n\n\n\n<h2 class=\"wp-block-heading\"><strong>Informations Pratiques<\/strong><\/h2>\n\n\n\n<ul class=\"wp-block-list\">\n<li><strong>Acc\u00e8s :<\/strong> Le festival se tient en grande partie dans le secteur de la Place des Palais et du Parc de Bruxelles. M\u00e9tro lignes 1 et 5 arr\u00eat Parc &#8211; Tram lignes 92 et 94 arr\u00eat Royale &#8211; Bus lignes 27, 38, 71 et 95 arr\u00eat Royale.<\/li>\n\n\n\n<li><strong>Horaires :<\/strong> Samedi 4 et dimanche 5 mai 2024 aux heures des diff\u00e9rents \u00e9v\u00e9nements propos\u00e9s.<\/li>\n\n\n\n<li><strong>Tarifs :<\/strong> L&rsquo;acc\u00e8s \u00e0 la F\u00eate de l&rsquo;Iris est gratuit !<\/li>\n<\/ul>\n","protected":false,"gt_translate_keys":[{"key":"rendered","format":"html"}]},"excerpt":{"rendered":"<p>La F\u00eate de l\u2019Iris, un \u00e9v\u00e9nement incontournable \u00e0 Bruxelles, revient cette ann\u00e9e pour c\u00e9l\u00e9brer le<\/p>\n","protected":false,"gt_translate_keys":[{"key":"rendered","format":"html"}]},"author":1,"featured_media":15808,"comment_status":"closed","ping_status":"closed","sticky":false,"template":"","format":"standard","meta":{"_lmt_disableupdate":"","_lmt_disable":"","footnotes":""},"categories":[232,892,526,1],"tags":[48],"class_list":["post-15874","post","type-post","status-publish","format-standard","has-post-thumbnail","hentry","category-agenda-et-expo","category-evenement","category-festival-musique","category-uncategorised","tag-gratuit"],"modified_by":"pierre","amp_enabled":true,"gt_translate_keys":[{"key":"link","format":"url"}],"_links":{"self":[{"href":"https:\/\/www.insidebrussels.be\/V2\/wp-json\/wp\/v2\/posts\/15874","targetHints":{"allow":["GET"]}}],"collection":[{"href":"https:\/\/www.insidebrussels.be\/V2\/wp-json\/wp\/v2\/posts"}],"about":[{"href":"https:\/\/www.insidebrussels.be\/V2\/wp-json\/wp\/v2\/types\/post"}],"author":[{"embeddable":true,"href":"https:\/\/www.insidebrussels.be\/V2\/wp-json\/wp\/v2\/users\/1"}],"replies":[{"embeddable":true,"href":"https:\/\/www.insidebrussels.be\/V2\/wp-json\/wp\/v2\/comments?post=15874"}],"version-history":[{"count":3,"href":"https:\/\/www.insidebrussels.be\/V2\/wp-json\/wp\/v2\/posts\/15874\/revisions"}],"predecessor-version":[{"id":15883,"href":"https:\/\/www.insidebrussels.be\/V2\/wp-json\/wp\/v2\/posts\/15874\/revisions\/15883"}],"wp:featuredmedia":[{"embeddable":true,"href":"https:\/\/www.insidebrussels.be\/V2\/wp-json\/wp\/v2\/media\/15808"}],"wp:attachment":[{"href":"https:\/\/www.insidebrussels.be\/V2\/wp-json\/wp\/v2\/media?parent=15874"}],"wp:term":[{"taxonomy":"category","embeddable":true,"href":"https:\/\/www.insidebrussels.be\/V2\/wp-json\/wp\/v2\/categories?post=15874"},{"taxonomy":"post_tag","embeddable":true,"href":"https:\/\/www.insidebrussels.be\/V2\/wp-json\/wp\/v2\/tags?post=15874"}],"curies":[{"name":"wp","href":"https:\/\/api.w.org\/{rel}","templated":true}]}}