{"id":16404,"date":"2024-05-29T16:16:30","date_gmt":"2024-05-29T14:16:30","guid":{"rendered":"https:\/\/www.insidebrussels.be\/V2\/?p=16404"},"modified":"2024-07-07T01:07:36","modified_gmt":"2024-07-06T23:07:36","slug":"on-a-teste-kapa-la-boulangerie","status":"publish","type":"post","link":"https:\/\/www.insidebrussels.be\/V2\/bruxelles\/on-a-teste-kapa-la-boulangerie\/","title":{"rendered":"On a test\u00e9: KAPA, la boulangerie \u00e0 l&rsquo;inspiration grecque","gt_translate_keys":[{"key":"rendered","format":"text"}]},"content":{"rendered":"\n<p>Dans cet article, d\u00e9couvrez Kapa, une boulangerie situ\u00e9e \u00e0 Schaerbeek, offrant une fusion de classiques et d&rsquo;originalit\u00e9s comme des cookies au matcha, des croissants \u00e0 la pistache, des sp\u00e9cialit\u00e9s grecques, et des options vegan. Apprenez pourquoi nous adorons leurs d\u00e9licieux sandwichs, leur caf\u00e9 de sp\u00e9cialit\u00e9, et leurs boissons au matcha, le tout dans une ambiance conviviale.<\/p>\n\n\n\n<h2 class=\"wp-block-heading\"><strong>Vous avez dit KAPA<\/strong> ?<\/h2>\n\n\n\n<p>\u00c0 Schaerbeek, non loin de la Place des Chasseurs Ardennais, une nouvelle adresse gourmande a vu le jour : Kapa. Cette boulangerie, discr\u00e8tement ouverte en 2023 mois, est d\u00e9j\u00e0 un coup de c\u0153ur\ud83d\udc99 On y retrouve les <strong>classiques d&rsquo;<a href=\"https:\/\/www.insidebrussels.be\/V2\/bruxelles\/ou-acheter-du-bon-pain-a-bruxelles-les-5-meilleures-boulangeries\/\">une boulangerie traditionnelle<\/a>,<\/strong> mais aussi des <strong>cr\u00e9ations originales<\/strong> comme des <strong>cinamon buns<\/strong>, <strong>pain aux figues<\/strong> des <strong>cr\u00e9ations feuillet\u00e9e feta \u00e9pinard<\/strong>, <strong>croissants aux amandes<\/strong> . Les sp\u00e9cialit\u00e9s grecques, comme le chiken pie et autres cr\u00e9ations y ajoutent une touche authentique. Pour accompagner ces d\u00e9lices, on adore leur s\u00e9lection de caf\u00e9s de sp\u00e9cialit\u00e9, notamment le <strong><a href=\"https:\/\/www.youtube.com\/watch?time_continue=1&amp;v=dOxSfGcAQNk&amp;embeds_referring_euri=https%3A%2F%2Fwww.bing.com%2F&amp;embeds_referring_origin=https%3A%2F%2Fwww.bing.com&amp;source_ve_path=MjM4NTE&amp;feature=emb_title\">Freddo Espresso<\/a><\/strong>, un double expresso refroidi servi sur glace, tout droit venu de Gr\u00e8ce.<\/p>\n\n\n\n<figure class=\"wp-block-gallery has-nested-images columns-default is-cropped wp-block-gallery-2 is-layout-flex wp-block-gallery-is-layout-flex\">\n<figure class=\"wp-block-image size-large\"><a href=\"https:\/\/www.insidebrussels.be\/V2\/wp-content\/uploads\/2024\/05\/E801999F-6B11-4E2C-A341-01BC09BD4E78.jpeg\"><img decoding=\"async\" width=\"1024\" height=\"768\" data-id=\"16395\" src=\"https:\/\/www.insidebrussels.be\/V2\/wp-content\/uploads\/2024\/05\/E801999F-6B11-4E2C-A341-01BC09BD4E78-1024x768.jpeg\" alt=\"Vi\u00e9noiseries de chez KAPA Speciality Coffee \u00e0 Schaerbeek (c) Photo Pierre Halleux\" class=\"wp-image-16395\" srcset=\"https:\/\/www.insidebrussels.be\/V2\/wp-content\/uploads\/2024\/05\/E801999F-6B11-4E2C-A341-01BC09BD4E78-1024x768.jpeg 1024w, https:\/\/www.insidebrussels.be\/V2\/wp-content\/uploads\/2024\/05\/E801999F-6B11-4E2C-A341-01BC09BD4E78-300x225.jpeg 300w, https:\/\/www.insidebrussels.be\/V2\/wp-content\/uploads\/2024\/05\/E801999F-6B11-4E2C-A341-01BC09BD4E78-768x576.jpeg 768w, https:\/\/www.insidebrussels.be\/V2\/wp-content\/uploads\/2024\/05\/E801999F-6B11-4E2C-A341-01BC09BD4E78-1536x1152.jpeg 1536w, https:\/\/www.insidebrussels.be\/V2\/wp-content\/uploads\/2024\/05\/E801999F-6B11-4E2C-A341-01BC09BD4E78-720x540.jpeg 720w, https:\/\/www.insidebrussels.be\/V2\/wp-content\/uploads\/2024\/05\/E801999F-6B11-4E2C-A341-01BC09BD4E78.jpeg 1920w\" sizes=\"(max-width: 1024px) 100vw, 1024px\" \/><\/a><figcaption class=\"wp-element-caption\">Vi\u00e9noiseries  de chez KAPA Speciality Coffee \u00e0 Schaerbeek (c) Photo Pierre Halleux<\/figcaption><\/figure>\n\n\n\n<figure class=\"wp-block-image size-large\"><a href=\"https:\/\/www.insidebrussels.be\/V2\/wp-content\/uploads\/2024\/05\/185F2F3A-1FC0-420D-BDE8-41DD12CBA72A.jpeg\"><img decoding=\"async\" width=\"1024\" height=\"768\" data-id=\"16396\" src=\"https:\/\/www.insidebrussels.be\/V2\/wp-content\/uploads\/2024\/05\/185F2F3A-1FC0-420D-BDE8-41DD12CBA72A-1024x768.jpeg\" alt=\"Cinnamon Bun de chez KAPA Speciality Coffee \u00e0 Schaerbeek (c) Photo Pierre Halleux\" class=\"wp-image-16396\" srcset=\"https:\/\/www.insidebrussels.be\/V2\/wp-content\/uploads\/2024\/05\/185F2F3A-1FC0-420D-BDE8-41DD12CBA72A-1024x768.jpeg 1024w, https:\/\/www.insidebrussels.be\/V2\/wp-content\/uploads\/2024\/05\/185F2F3A-1FC0-420D-BDE8-41DD12CBA72A-300x225.jpeg 300w, https:\/\/www.insidebrussels.be\/V2\/wp-content\/uploads\/2024\/05\/185F2F3A-1FC0-420D-BDE8-41DD12CBA72A-768x576.jpeg 768w, https:\/\/www.insidebrussels.be\/V2\/wp-content\/uploads\/2024\/05\/185F2F3A-1FC0-420D-BDE8-41DD12CBA72A-1536x1152.jpeg 1536w, https:\/\/www.insidebrussels.be\/V2\/wp-content\/uploads\/2024\/05\/185F2F3A-1FC0-420D-BDE8-41DD12CBA72A-720x540.jpeg 720w, https:\/\/www.insidebrussels.be\/V2\/wp-content\/uploads\/2024\/05\/185F2F3A-1FC0-420D-BDE8-41DD12CBA72A.jpeg 1920w\" sizes=\"(max-width: 1024px) 100vw, 1024px\" \/><\/a><figcaption class=\"wp-element-caption\">Cinnamon Bun de chez KAPA Speciality Coffee \u00e0 Schaerbeek (c) Photo Pierre Halleux<\/figcaption><\/figure>\n\n\n\n<figure class=\"wp-block-image size-large\"><a href=\"https:\/\/www.insidebrussels.be\/V2\/wp-content\/uploads\/2024\/05\/F0DE50E8-9C08-4A0E-88FF-60B78EE1433C.jpeg\"><img decoding=\"async\" width=\"1024\" height=\"768\" data-id=\"16399\" src=\"https:\/\/www.insidebrussels.be\/V2\/wp-content\/uploads\/2024\/05\/F0DE50E8-9C08-4A0E-88FF-60B78EE1433C-1024x768.jpeg\" alt=\"Vitrine de chez KAPA Speciality Coffee \u00e0 Schaerbeek (c) Photo Pierre Halleux\" class=\"wp-image-16399\" srcset=\"https:\/\/www.insidebrussels.be\/V2\/wp-content\/uploads\/2024\/05\/F0DE50E8-9C08-4A0E-88FF-60B78EE1433C-1024x768.jpeg 1024w, https:\/\/www.insidebrussels.be\/V2\/wp-content\/uploads\/2024\/05\/F0DE50E8-9C08-4A0E-88FF-60B78EE1433C-300x225.jpeg 300w, https:\/\/www.insidebrussels.be\/V2\/wp-content\/uploads\/2024\/05\/F0DE50E8-9C08-4A0E-88FF-60B78EE1433C-768x576.jpeg 768w, https:\/\/www.insidebrussels.be\/V2\/wp-content\/uploads\/2024\/05\/F0DE50E8-9C08-4A0E-88FF-60B78EE1433C-1536x1152.jpeg 1536w, https:\/\/www.insidebrussels.be\/V2\/wp-content\/uploads\/2024\/05\/F0DE50E8-9C08-4A0E-88FF-60B78EE1433C-720x540.jpeg 720w, https:\/\/www.insidebrussels.be\/V2\/wp-content\/uploads\/2024\/05\/F0DE50E8-9C08-4A0E-88FF-60B78EE1433C.jpeg 1920w\" sizes=\"(max-width: 1024px) 100vw, 1024px\" \/><\/a><figcaption class=\"wp-element-caption\">Vitrine de chez KAPA Speciality Coffee \u00e0 Schaerbeek (c) Photo Pierre Halleux<\/figcaption><\/figure>\n\n\n\n<figure class=\"wp-block-image size-large\"><a href=\"https:\/\/www.insidebrussels.be\/V2\/wp-content\/uploads\/2024\/05\/71450AA5-B42F-4614-86BE-6DC1D2C4132D.jpeg\"><img decoding=\"async\" width=\"768\" height=\"1024\" data-id=\"16398\" src=\"https:\/\/www.insidebrussels.be\/V2\/wp-content\/uploads\/2024\/05\/71450AA5-B42F-4614-86BE-6DC1D2C4132D-768x1024.jpeg\" alt=\"Menu de chez KAPA Speciality Coffee \u00e0 Schaerbeek (c) Photo Pierre Halleux\" class=\"wp-image-16398\" srcset=\"https:\/\/www.insidebrussels.be\/V2\/wp-content\/uploads\/2024\/05\/71450AA5-B42F-4614-86BE-6DC1D2C4132D-768x1024.jpeg 768w, https:\/\/www.insidebrussels.be\/V2\/wp-content\/uploads\/2024\/05\/71450AA5-B42F-4614-86BE-6DC1D2C4132D-225x300.jpeg 225w, https:\/\/www.insidebrussels.be\/V2\/wp-content\/uploads\/2024\/05\/71450AA5-B42F-4614-86BE-6DC1D2C4132D-1152x1536.jpeg 1152w, https:\/\/www.insidebrussels.be\/V2\/wp-content\/uploads\/2024\/05\/71450AA5-B42F-4614-86BE-6DC1D2C4132D-450x600.jpeg 450w, https:\/\/www.insidebrussels.be\/V2\/wp-content\/uploads\/2024\/05\/71450AA5-B42F-4614-86BE-6DC1D2C4132D.jpeg 1440w\" sizes=\"(max-width: 768px) 100vw, 768px\" \/><\/a><figcaption class=\"wp-element-caption\">Menu de chez KAPA Speciality Coffee \u00e0 Schaerbeek (c) Photo Pierre Halleux<\/figcaption><\/figure>\n<\/figure>\n\n\n\n<h2 class=\"wp-block-heading\">Et pour le lunch?<\/h2>\n\n\n\n<p>\u00c0 midi, laissez-vous tenter par une s\u00e9lections de sandwiches tel qu&rsquo;avec  de la mozzarella, mortadelle et pomodoro, ou un club avec tortilla et patatas, parfaits pour un repas sur le pouce. Les jours de grande chaleur, leur jus d&rsquo;orange press\u00e9 est une vraie b\u00e9n\u00e9diction. Ce qui nous s\u00e9duit encore plus, c&rsquo;est leur joli assortiment vegan et v\u00e9g\u00e9tarien, avec des options comme le cake vegan au peanut butter et chocolat. On aime aussi l<strong>eurs d\u00e9licieux cinnamon rolls <\/strong>et <strong>craquelins<\/strong>. Pour les amateurs de boissons v\u00e9g\u00e9tales et de <strong>matcha<\/strong>, Kapa propose \u00e9galement une belle vari\u00e9t\u00e9 de lait v\u00e9g\u00e9taux et de boissons au matcha.<\/p>\n\n\n\n<h2 class=\"wp-block-heading\">KAPA en photos<\/h2>\n\n\n\n<p>Nous n&rsquo;avons pas pu nous emp\u00e9cher d&rsquo;imortaliser notre passage pour se rappeller quel sera la prochaine chose que nous go\u00fbterons.<\/p>\n\n\n\n<figure class=\"wp-block-gallery has-nested-images columns-default is-cropped wp-block-gallery-3 is-layout-flex wp-block-gallery-is-layout-flex\">\n<figure class=\"wp-block-image size-large\"><a href=\"https:\/\/www.insidebrussels.be\/V2\/wp-content\/uploads\/2024\/05\/95B6E978-FC3A-4E2C-8383-1A7C92F0B49B.jpeg\"><img decoding=\"async\" width=\"1024\" height=\"768\" data-id=\"16400\" src=\"https:\/\/www.insidebrussels.be\/V2\/wp-content\/uploads\/2024\/05\/95B6E978-FC3A-4E2C-8383-1A7C92F0B49B-1024x768.jpeg\" alt=\"Pains de chez KAPA Speciality Coffee \u00e0 Schaerbeek (c) Photo Pierre Halleux\" class=\"wp-image-16400\" srcset=\"https:\/\/www.insidebrussels.be\/V2\/wp-content\/uploads\/2024\/05\/95B6E978-FC3A-4E2C-8383-1A7C92F0B49B-1024x768.jpeg 1024w, https:\/\/www.insidebrussels.be\/V2\/wp-content\/uploads\/2024\/05\/95B6E978-FC3A-4E2C-8383-1A7C92F0B49B-300x225.jpeg 300w, https:\/\/www.insidebrussels.be\/V2\/wp-content\/uploads\/2024\/05\/95B6E978-FC3A-4E2C-8383-1A7C92F0B49B-768x576.jpeg 768w, https:\/\/www.insidebrussels.be\/V2\/wp-content\/uploads\/2024\/05\/95B6E978-FC3A-4E2C-8383-1A7C92F0B49B-1536x1152.jpeg 1536w, https:\/\/www.insidebrussels.be\/V2\/wp-content\/uploads\/2024\/05\/95B6E978-FC3A-4E2C-8383-1A7C92F0B49B-720x540.jpeg 720w, https:\/\/www.insidebrussels.be\/V2\/wp-content\/uploads\/2024\/05\/95B6E978-FC3A-4E2C-8383-1A7C92F0B49B.jpeg 1920w\" sizes=\"(max-width: 1024px) 100vw, 1024px\" \/><\/a><figcaption class=\"wp-element-caption\">Pains de chez KAPA Speciality Coffee \u00e0 Schaerbeek (c) Photo Pierre Halleux<\/figcaption><\/figure>\n\n\n\n<figure class=\"wp-block-image size-large\"><a href=\"https:\/\/www.insidebrussels.be\/V2\/wp-content\/uploads\/2024\/05\/F0DE50E8-9C08-4A0E-88FF-60B78EE1433C.jpeg\"><img decoding=\"async\" width=\"1024\" height=\"768\" data-id=\"16399\" src=\"https:\/\/www.insidebrussels.be\/V2\/wp-content\/uploads\/2024\/05\/F0DE50E8-9C08-4A0E-88FF-60B78EE1433C-1024x768.jpeg\" alt=\"Vitrine de chez KAPA Speciality Coffee \u00e0 Schaerbeek (c) Photo Pierre Halleux\" class=\"wp-image-16399\" srcset=\"https:\/\/www.insidebrussels.be\/V2\/wp-content\/uploads\/2024\/05\/F0DE50E8-9C08-4A0E-88FF-60B78EE1433C-1024x768.jpeg 1024w, https:\/\/www.insidebrussels.be\/V2\/wp-content\/uploads\/2024\/05\/F0DE50E8-9C08-4A0E-88FF-60B78EE1433C-300x225.jpeg 300w, https:\/\/www.insidebrussels.be\/V2\/wp-content\/uploads\/2024\/05\/F0DE50E8-9C08-4A0E-88FF-60B78EE1433C-768x576.jpeg 768w, https:\/\/www.insidebrussels.be\/V2\/wp-content\/uploads\/2024\/05\/F0DE50E8-9C08-4A0E-88FF-60B78EE1433C-1536x1152.jpeg 1536w, https:\/\/www.insidebrussels.be\/V2\/wp-content\/uploads\/2024\/05\/F0DE50E8-9C08-4A0E-88FF-60B78EE1433C-720x540.jpeg 720w, https:\/\/www.insidebrussels.be\/V2\/wp-content\/uploads\/2024\/05\/F0DE50E8-9C08-4A0E-88FF-60B78EE1433C.jpeg 1920w\" sizes=\"(max-width: 1024px) 100vw, 1024px\" \/><\/a><figcaption class=\"wp-element-caption\">Vitrine de chez KAPA Speciality Coffee \u00e0 Schaerbeek (c) Photo Pierre Halleux<\/figcaption><\/figure>\n\n\n\n<figure class=\"wp-block-image size-large\"><a href=\"https:\/\/www.insidebrussels.be\/V2\/wp-content\/uploads\/2024\/05\/71450AA5-B42F-4614-86BE-6DC1D2C4132D.jpeg\"><img decoding=\"async\" width=\"768\" height=\"1024\" data-id=\"16398\" src=\"https:\/\/www.insidebrussels.be\/V2\/wp-content\/uploads\/2024\/05\/71450AA5-B42F-4614-86BE-6DC1D2C4132D-768x1024.jpeg\" alt=\"Menu de chez KAPA Speciality Coffee \u00e0 Schaerbeek (c) Photo Pierre Halleux\" class=\"wp-image-16398\" srcset=\"https:\/\/www.insidebrussels.be\/V2\/wp-content\/uploads\/2024\/05\/71450AA5-B42F-4614-86BE-6DC1D2C4132D-768x1024.jpeg 768w, https:\/\/www.insidebrussels.be\/V2\/wp-content\/uploads\/2024\/05\/71450AA5-B42F-4614-86BE-6DC1D2C4132D-225x300.jpeg 225w, https:\/\/www.insidebrussels.be\/V2\/wp-content\/uploads\/2024\/05\/71450AA5-B42F-4614-86BE-6DC1D2C4132D-1152x1536.jpeg 1152w, https:\/\/www.insidebrussels.be\/V2\/wp-content\/uploads\/2024\/05\/71450AA5-B42F-4614-86BE-6DC1D2C4132D-450x600.jpeg 450w, https:\/\/www.insidebrussels.be\/V2\/wp-content\/uploads\/2024\/05\/71450AA5-B42F-4614-86BE-6DC1D2C4132D.jpeg 1440w\" sizes=\"(max-width: 768px) 100vw, 768px\" \/><\/a><figcaption class=\"wp-element-caption\">Menu de chez KAPA Speciality Coffee \u00e0 Schaerbeek (c) Photo Pierre Halleux<\/figcaption><\/figure>\n\n\n\n<figure class=\"wp-block-image size-large\"><a href=\"https:\/\/www.insidebrussels.be\/V2\/wp-content\/uploads\/2024\/05\/4EB20BCF-1E5E-465A-A924-FEA4C40A46A2.jpeg\"><img decoding=\"async\" width=\"1024\" height=\"768\" data-id=\"16397\" src=\"https:\/\/www.insidebrussels.be\/V2\/wp-content\/uploads\/2024\/05\/4EB20BCF-1E5E-465A-A924-FEA4C40A46A2-1024x768.jpeg\" alt=\"Laits V\u00e9g\u00e9tals de chez KAPA Speciality Coffee \u00e0 Schaerbeek (c) Photo Pierre Halleux\" class=\"wp-image-16397\" srcset=\"https:\/\/www.insidebrussels.be\/V2\/wp-content\/uploads\/2024\/05\/4EB20BCF-1E5E-465A-A924-FEA4C40A46A2-1024x768.jpeg 1024w, https:\/\/www.insidebrussels.be\/V2\/wp-content\/uploads\/2024\/05\/4EB20BCF-1E5E-465A-A924-FEA4C40A46A2-300x225.jpeg 300w, https:\/\/www.insidebrussels.be\/V2\/wp-content\/uploads\/2024\/05\/4EB20BCF-1E5E-465A-A924-FEA4C40A46A2-768x576.jpeg 768w, https:\/\/www.insidebrussels.be\/V2\/wp-content\/uploads\/2024\/05\/4EB20BCF-1E5E-465A-A924-FEA4C40A46A2-1536x1152.jpeg 1536w, https:\/\/www.insidebrussels.be\/V2\/wp-content\/uploads\/2024\/05\/4EB20BCF-1E5E-465A-A924-FEA4C40A46A2-720x540.jpeg 720w, https:\/\/www.insidebrussels.be\/V2\/wp-content\/uploads\/2024\/05\/4EB20BCF-1E5E-465A-A924-FEA4C40A46A2.jpeg 1920w\" sizes=\"(max-width: 1024px) 100vw, 1024px\" \/><\/a><figcaption class=\"wp-element-caption\">Laits V\u00e9g\u00e9tals de chez KAPA Speciality Coffee \u00e0 Schaerbeek (c) Photo Pierre Halleux<\/figcaption><\/figure>\n\n\n\n<figure class=\"wp-block-image size-large\"><a href=\"https:\/\/www.insidebrussels.be\/V2\/wp-content\/uploads\/2024\/05\/E801999F-6B11-4E2C-A341-01BC09BD4E78.jpeg\"><img decoding=\"async\" width=\"1024\" height=\"768\" data-id=\"16395\" src=\"https:\/\/www.insidebrussels.be\/V2\/wp-content\/uploads\/2024\/05\/E801999F-6B11-4E2C-A341-01BC09BD4E78-1024x768.jpeg\" alt=\"Vi\u00e9noiseries de chez KAPA Speciality Coffee \u00e0 Schaerbeek (c) Photo Pierre Halleux\" class=\"wp-image-16395\" srcset=\"https:\/\/www.insidebrussels.be\/V2\/wp-content\/uploads\/2024\/05\/E801999F-6B11-4E2C-A341-01BC09BD4E78-1024x768.jpeg 1024w, https:\/\/www.insidebrussels.be\/V2\/wp-content\/uploads\/2024\/05\/E801999F-6B11-4E2C-A341-01BC09BD4E78-300x225.jpeg 300w, https:\/\/www.insidebrussels.be\/V2\/wp-content\/uploads\/2024\/05\/E801999F-6B11-4E2C-A341-01BC09BD4E78-768x576.jpeg 768w, https:\/\/www.insidebrussels.be\/V2\/wp-content\/uploads\/2024\/05\/E801999F-6B11-4E2C-A341-01BC09BD4E78-1536x1152.jpeg 1536w, https:\/\/www.insidebrussels.be\/V2\/wp-content\/uploads\/2024\/05\/E801999F-6B11-4E2C-A341-01BC09BD4E78-720x540.jpeg 720w, https:\/\/www.insidebrussels.be\/V2\/wp-content\/uploads\/2024\/05\/E801999F-6B11-4E2C-A341-01BC09BD4E78.jpeg 1920w\" sizes=\"(max-width: 1024px) 100vw, 1024px\" \/><\/a><figcaption class=\"wp-element-caption\">Vi\u00e9noiseries  de chez KAPA Speciality Coffee \u00e0 Schaerbeek (c) Photo Pierre Halleux<\/figcaption><\/figure>\n\n\n\n<figure class=\"wp-block-image size-large\"><a href=\"https:\/\/www.insidebrussels.be\/V2\/wp-content\/uploads\/2024\/05\/DF361413-C810-40E1-83F0-2929B79465A4.jpeg\"><img decoding=\"async\" width=\"768\" height=\"1024\" data-id=\"16393\" src=\"https:\/\/www.insidebrussels.be\/V2\/wp-content\/uploads\/2024\/05\/DF361413-C810-40E1-83F0-2929B79465A4-768x1024.jpeg\" alt=\"Martcha Latte de chez KAPA Speciality Coffee \u00e0 Schaerbeek (c) Photo Pierre Halleux\" class=\"wp-image-16393\" srcset=\"https:\/\/www.insidebrussels.be\/V2\/wp-content\/uploads\/2024\/05\/DF361413-C810-40E1-83F0-2929B79465A4-768x1024.jpeg 768w, https:\/\/www.insidebrussels.be\/V2\/wp-content\/uploads\/2024\/05\/DF361413-C810-40E1-83F0-2929B79465A4-225x300.jpeg 225w, https:\/\/www.insidebrussels.be\/V2\/wp-content\/uploads\/2024\/05\/DF361413-C810-40E1-83F0-2929B79465A4-1152x1536.jpeg 1152w, https:\/\/www.insidebrussels.be\/V2\/wp-content\/uploads\/2024\/05\/DF361413-C810-40E1-83F0-2929B79465A4-450x600.jpeg 450w, https:\/\/www.insidebrussels.be\/V2\/wp-content\/uploads\/2024\/05\/DF361413-C810-40E1-83F0-2929B79465A4.jpeg 1440w\" sizes=\"(max-width: 768px) 100vw, 768px\" \/><\/a><figcaption class=\"wp-element-caption\">Martcha Latte de chez KAPA Speciality Coffee \u00e0 Schaerbeek (c) Photo Pierre Halleux<\/figcaption><\/figure>\n\n\n\n<figure class=\"wp-block-image size-large\"><a href=\"https:\/\/www.insidebrussels.be\/V2\/wp-content\/uploads\/2024\/05\/BF882E91-7310-4A62-8D66-12DEEC1F8937.jpeg\"><img decoding=\"async\" width=\"1024\" height=\"768\" data-id=\"16392\" src=\"https:\/\/www.insidebrussels.be\/V2\/wp-content\/uploads\/2024\/05\/BF882E91-7310-4A62-8D66-12DEEC1F8937-1024x768.jpeg\" alt=\"Cinamon Roll de chez KAPA Speciality Coffee \u00e0 Schaerbeek (c) Photo Pierre Halleux\" class=\"wp-image-16392\" srcset=\"https:\/\/www.insidebrussels.be\/V2\/wp-content\/uploads\/2024\/05\/BF882E91-7310-4A62-8D66-12DEEC1F8937-1024x768.jpeg 1024w, https:\/\/www.insidebrussels.be\/V2\/wp-content\/uploads\/2024\/05\/BF882E91-7310-4A62-8D66-12DEEC1F8937-300x225.jpeg 300w, https:\/\/www.insidebrussels.be\/V2\/wp-content\/uploads\/2024\/05\/BF882E91-7310-4A62-8D66-12DEEC1F8937-768x576.jpeg 768w, https:\/\/www.insidebrussels.be\/V2\/wp-content\/uploads\/2024\/05\/BF882E91-7310-4A62-8D66-12DEEC1F8937-1536x1152.jpeg 1536w, https:\/\/www.insidebrussels.be\/V2\/wp-content\/uploads\/2024\/05\/BF882E91-7310-4A62-8D66-12DEEC1F8937-720x540.jpeg 720w, https:\/\/www.insidebrussels.be\/V2\/wp-content\/uploads\/2024\/05\/BF882E91-7310-4A62-8D66-12DEEC1F8937.jpeg 1920w\" sizes=\"(max-width: 1024px) 100vw, 1024px\" \/><\/a><figcaption class=\"wp-element-caption\">Cinamon Roll de chez KAPA Speciality Coffee \u00e0 Schaerbeek (c) Photo Pierre Halleux<\/figcaption><\/figure>\n\n\n\n<figure class=\"wp-block-image size-large\"><a href=\"https:\/\/www.insidebrussels.be\/V2\/wp-content\/uploads\/2024\/05\/74DB6667-CD4B-4C81-A966-7D2B02986EF6.jpeg\"><img decoding=\"async\" width=\"768\" height=\"1024\" data-id=\"16391\" src=\"https:\/\/www.insidebrussels.be\/V2\/wp-content\/uploads\/2024\/05\/74DB6667-CD4B-4C81-A966-7D2B02986EF6-768x1024.jpeg\" alt=\"Cinamon Roll de chez KAPA Speciality Coffee \u00e0 Schaerbeek (c) Photo Pierre Halleux\" class=\"wp-image-16391\" srcset=\"https:\/\/www.insidebrussels.be\/V2\/wp-content\/uploads\/2024\/05\/74DB6667-CD4B-4C81-A966-7D2B02986EF6-768x1024.jpeg 768w, https:\/\/www.insidebrussels.be\/V2\/wp-content\/uploads\/2024\/05\/74DB6667-CD4B-4C81-A966-7D2B02986EF6-225x300.jpeg 225w, https:\/\/www.insidebrussels.be\/V2\/wp-content\/uploads\/2024\/05\/74DB6667-CD4B-4C81-A966-7D2B02986EF6-1152x1536.jpeg 1152w, https:\/\/www.insidebrussels.be\/V2\/wp-content\/uploads\/2024\/05\/74DB6667-CD4B-4C81-A966-7D2B02986EF6-450x600.jpeg 450w, https:\/\/www.insidebrussels.be\/V2\/wp-content\/uploads\/2024\/05\/74DB6667-CD4B-4C81-A966-7D2B02986EF6.jpeg 1440w\" sizes=\"(max-width: 768px) 100vw, 768px\" \/><\/a><figcaption class=\"wp-element-caption\">Cinamon Roll de chez KAPA Speciality Coffee \u00e0 Schaerbeek (c) Photo Pierre Halleux<\/figcaption><\/figure>\n<\/figure>\n\n\n\n<p>\ud83d\udccd <strong>Adresse :<\/strong> Avenue de Roodebeek 1, 1030 Schaerbeek<br>\ud83d\udce7 <strong>Contact :<\/strong> @kapacafe.be<\/p>\n\n\n\n<h2 class=\"wp-block-heading\">Notre avis sur \u00ab\u00a0KAPA\u00a0\u00bb<\/h2>\n\n\n\n<p>Pourquoi on aime Kapa ? Parce qu&rsquo;ils allient tradition et originalit\u00e9 avec des options gourmandes pour tous, et qu&rsquo;on s&rsquo;y sent toujours bien accueilli avec un bon caf\u00e9 ou une boisson au matcha \u00e0 la main. \u2615\ud83c\udf6a\ud83d\udc9a Dommage cependant qu&rsquo;il n&rsquo;y ait rien pour s&rsquo;assoir. Il y a uniquement un bar pour s&rsquo;atabler debout sans chaises hautes. Notre portefeuille et balance regrettent le jour o\u00f9 j&rsquo;ai d\u00e9couvert ce petit bijou du quartier, pourtant nous y reviendrons volontiers pour go\u00fbter leurs autres d\u00e9lices sucr\u00e9s et chercher du bon pain<\/p>\n","protected":false,"gt_translate_keys":[{"key":"rendered","format":"html"}]},"excerpt":{"rendered":"<p>Dans cet article, d\u00e9couvrez Kapa, une boulangerie situ\u00e9e \u00e0 Schaerbeek, offrant une fusion de classiques<\/p>\n","protected":false,"gt_translate_keys":[{"key":"rendered","format":"html"}]},"author":1,"featured_media":16396,"comment_status":"closed","ping_status":"closed","sticky":false,"template":"","format":"standard","meta":{"_lmt_disableupdate":"","_lmt_disable":"","footnotes":""},"categories":[517,10],"tags":[47,4977],"class_list":["post-16404","post","type-post","status-publish","format-standard","has-post-thumbnail","hentry","category-magasin-bouche","category-manger-a-bruxelles","tag-a-faire-le-dimanche","tag-nous-avons-teste"],"modified_by":"pierre","amp_enabled":true,"gt_translate_keys":[{"key":"link","format":"url"}],"_links":{"self":[{"href":"https:\/\/www.insidebrussels.be\/V2\/wp-json\/wp\/v2\/posts\/16404","targetHints":{"allow":["GET"]}}],"collection":[{"href":"https:\/\/www.insidebrussels.be\/V2\/wp-json\/wp\/v2\/posts"}],"about":[{"href":"https:\/\/www.insidebrussels.be\/V2\/wp-json\/wp\/v2\/types\/post"}],"author":[{"embeddable":true,"href":"https:\/\/www.insidebrussels.be\/V2\/wp-json\/wp\/v2\/users\/1"}],"replies":[{"embeddable":true,"href":"https:\/\/www.insidebrussels.be\/V2\/wp-json\/wp\/v2\/comments?post=16404"}],"version-history":[{"count":5,"href":"https:\/\/www.insidebrussels.be\/V2\/wp-json\/wp\/v2\/posts\/16404\/revisions"}],"predecessor-version":[{"id":17110,"href":"https:\/\/www.insidebrussels.be\/V2\/wp-json\/wp\/v2\/posts\/16404\/revisions\/17110"}],"wp:featuredmedia":[{"embeddable":true,"href":"https:\/\/www.insidebrussels.be\/V2\/wp-json\/wp\/v2\/media\/16396"}],"wp:attachment":[{"href":"https:\/\/www.insidebrussels.be\/V2\/wp-json\/wp\/v2\/media?parent=16404"}],"wp:term":[{"taxonomy":"category","embeddable":true,"href":"https:\/\/www.insidebrussels.be\/V2\/wp-json\/wp\/v2\/categories?post=16404"},{"taxonomy":"post_tag","embeddable":true,"href":"https:\/\/www.insidebrussels.be\/V2\/wp-json\/wp\/v2\/tags?post=16404"}],"curies":[{"name":"wp","href":"https:\/\/api.w.org\/{rel}","templated":true}]}}