{"id":16580,"date":"2024-06-14T23:08:17","date_gmt":"2024-06-14T21:08:17","guid":{"rendered":"https:\/\/www.insidebrussels.be\/V2\/?p=16580"},"modified":"2024-07-07T01:05:03","modified_gmt":"2024-07-06T23:05:03","slug":"on-a-teste-chez-felix-un-winebar-a-schaerbeek","status":"publish","type":"post","link":"https:\/\/www.insidebrussels.be\/V2\/bruxelles\/on-a-teste-chez-felix-un-winebar-a-schaerbeek\/","title":{"rendered":"On a test\u00e9: Chez F\u00e9lix, un winebar \u00e0 schaerbeek","gt_translate_keys":[{"key":"rendered","format":"text"}]},"content":{"rendered":"\n<p><strong>\u00c0 la recherche d&rsquo;un endroit sympa pour un afterwork \u00e0 Schaerbeek avec une terrasse pour quand il fait beau ? Ne cherchez plus !<\/strong> J&rsquo;ai test\u00e9 pour vous Chez F\u00e9lix, un bar \u00e0 vins et tapas situ\u00e9 \u00e0 Schaerbeek \u00e0 deux pas de chez <a href=\"https:\/\/www.insidebrussels.be\/V2\/bruxelles\/on-a-teste-yoka-tomo-un-izakaya-a-schaerbeek\/\">YokaTomo<\/a> que nous avions test\u00e9 r\u00e9c\u00e9mment&#8230;. et j&rsquo;ai ador\u00e9 ! Je vous parle dans cet article de cet endroit mangifique.<\/p>\n\n\n\n<h2 class=\"wp-block-heading\">Notre TikTok review sur F\u00e9lix<\/h2>\n\n\n\n<figure class=\"wp-block-video\"><video controls src=\"https:\/\/www.insidebrussels.be\/V2\/wp-content\/uploads\/2024\/06\/IMG_7006.mov\"><\/video><figcaption class=\"wp-element-caption\">Chez F\u00e9lix avis lors de notre visite (c) Pierre Halleux <a href=\"https:\/\/www.tiktok.com\/@insidebrussels.be\" target=\"_blank\" rel=\"noreferrer noopener\">TikTok InsideBrussels.be<\/a><\/figcaption><\/figure>\n\n\n\n\n\n<h2 class=\"wp-block-heading\">L&rsquo;ambiance ?<\/h2>\n\n\n\n<h2 class=\"wp-block-heading\">Chez F\u00e9lix : Un bar \u00e0 vins et tapas pour toutes les occasions<\/h2>\n\n\n\n<p>Que ce soit pour un <strong>afterwork d\u00e9contract\u00e9 entre coll\u00e8gues<\/strong>, un <strong>d\u00eener entre amis<\/strong> ou <a href=\"https:\/\/www.insidebrussels.be\/V2\/bruxelles\/tag\/en-amoureux\/\">une soir\u00e9e en <strong>t\u00eate-\u00e0-t\u00eate<\/strong><\/a>, Chez F\u00e9lix est l&rsquo;endroit id\u00e9al pour se d\u00e9tendre et profiter d&rsquo;une <strong>ambiance conviviale<\/strong>. L&rsquo;atmosph\u00e8re y est <strong>chaleureuse et accueillante,<\/strong> parfaite pour se retrouver et partager un bon moment. Que vous ayez envie de picorer quelques petites assiettes ou de savourer un plat complet, la carte propose un large choix d&rsquo;options pour satisfaire tous les app\u00e9tits. Attention, dedans c&rsquo;est petit et un peu bruyant parfois, mais cosy. En \u00e9t\u00e9, une chouette terrasse prend tout son sens. <\/p>\n\n\n\n<h2 class=\"wp-block-heading\">On a mang\u00e9 quoi ?<\/h2>\n\n\n\n<div class=\"wp-block-columns is-layout-flex wp-container-core-columns-is-layout-9d6595d7 wp-block-columns-is-layout-flex\">\n<div class=\"wp-block-column is-layout-flow wp-block-column-is-layout-flow\" style=\"flex-basis:100%\">\n<figure class=\"wp-block-gallery has-nested-images columns-default is-cropped wp-block-gallery-2 is-layout-flex wp-block-gallery-is-layout-flex\">\n<figure class=\"wp-block-image size-large\"><a href=\"https:\/\/www.insidebrussels.be\/V2\/wp-content\/uploads\/2024\/06\/D27AC7AB-EB18-4694-95C2-0CCF098C9EFA.jpeg\"><img decoding=\"async\" width=\"1024\" height=\"768\" data-id=\"16583\" src=\"https:\/\/www.insidebrussels.be\/V2\/wp-content\/uploads\/2024\/06\/D27AC7AB-EB18-4694-95C2-0CCF098C9EFA-1024x768.jpeg\" alt=\"Chez Felix (c) Pierre Halleux\" class=\"wp-image-16583\" srcset=\"https:\/\/www.insidebrussels.be\/V2\/wp-content\/uploads\/2024\/06\/D27AC7AB-EB18-4694-95C2-0CCF098C9EFA-1024x768.jpeg 1024w, https:\/\/www.insidebrussels.be\/V2\/wp-content\/uploads\/2024\/06\/D27AC7AB-EB18-4694-95C2-0CCF098C9EFA-300x225.jpeg 300w, https:\/\/www.insidebrussels.be\/V2\/wp-content\/uploads\/2024\/06\/D27AC7AB-EB18-4694-95C2-0CCF098C9EFA-768x576.jpeg 768w, https:\/\/www.insidebrussels.be\/V2\/wp-content\/uploads\/2024\/06\/D27AC7AB-EB18-4694-95C2-0CCF098C9EFA-1536x1152.jpeg 1536w, https:\/\/www.insidebrussels.be\/V2\/wp-content\/uploads\/2024\/06\/D27AC7AB-EB18-4694-95C2-0CCF098C9EFA-720x540.jpeg 720w, https:\/\/www.insidebrussels.be\/V2\/wp-content\/uploads\/2024\/06\/D27AC7AB-EB18-4694-95C2-0CCF098C9EFA.jpeg 1920w\" sizes=\"(max-width: 1024px) 100vw, 1024px\" \/><\/a><figcaption class=\"wp-element-caption\">Chez Felix (c) Pierre Halleux<\/figcaption><\/figure>\n\n\n\n<figure class=\"wp-block-image size-large is-style-default\"><a href=\"https:\/\/www.insidebrussels.be\/V2\/wp-content\/uploads\/2024\/06\/FE4EEE86-F332-4887-AD06-DE170394C515.jpeg\"><img decoding=\"async\" width=\"659\" height=\"1024\" data-id=\"16582\" src=\"https:\/\/www.insidebrussels.be\/V2\/wp-content\/uploads\/2024\/06\/FE4EEE86-F332-4887-AD06-DE170394C515-659x1024.jpeg\" alt=\"Chez Felix (c) Pierre Halleux\" class=\"wp-image-16582\" srcset=\"https:\/\/www.insidebrussels.be\/V2\/wp-content\/uploads\/2024\/06\/FE4EEE86-F332-4887-AD06-DE170394C515-659x1024.jpeg 659w, https:\/\/www.insidebrussels.be\/V2\/wp-content\/uploads\/2024\/06\/FE4EEE86-F332-4887-AD06-DE170394C515-193x300.jpeg 193w, https:\/\/www.insidebrussels.be\/V2\/wp-content\/uploads\/2024\/06\/FE4EEE86-F332-4887-AD06-DE170394C515-768x1193.jpeg 768w, https:\/\/www.insidebrussels.be\/V2\/wp-content\/uploads\/2024\/06\/FE4EEE86-F332-4887-AD06-DE170394C515-989x1536.jpeg 989w, https:\/\/www.insidebrussels.be\/V2\/wp-content\/uploads\/2024\/06\/FE4EEE86-F332-4887-AD06-DE170394C515.jpeg 1125w\" sizes=\"(max-width: 659px) 100vw, 659px\" \/><\/a><figcaption class=\"wp-element-caption\">Chez Felix (c) Pierre Halleux<\/figcaption><\/figure>\n\n\n\n<figure class=\"wp-block-image size-large\"><a href=\"https:\/\/www.insidebrussels.be\/V2\/wp-content\/uploads\/2024\/06\/BFD70730-A748-4229-993C-928A606BC99B.jpeg\"><img decoding=\"async\" width=\"666\" height=\"1024\" data-id=\"16585\" src=\"https:\/\/www.insidebrussels.be\/V2\/wp-content\/uploads\/2024\/06\/BFD70730-A748-4229-993C-928A606BC99B-666x1024.jpeg\" alt=\"Chez Felix (c) Pierre Halleux\" class=\"wp-image-16585\" srcset=\"https:\/\/www.insidebrussels.be\/V2\/wp-content\/uploads\/2024\/06\/BFD70730-A748-4229-993C-928A606BC99B-666x1024.jpeg 666w, https:\/\/www.insidebrussels.be\/V2\/wp-content\/uploads\/2024\/06\/BFD70730-A748-4229-993C-928A606BC99B-195x300.jpeg 195w, https:\/\/www.insidebrussels.be\/V2\/wp-content\/uploads\/2024\/06\/BFD70730-A748-4229-993C-928A606BC99B-768x1182.jpeg 768w, https:\/\/www.insidebrussels.be\/V2\/wp-content\/uploads\/2024\/06\/BFD70730-A748-4229-993C-928A606BC99B-998x1536.jpeg 998w, https:\/\/www.insidebrussels.be\/V2\/wp-content\/uploads\/2024\/06\/BFD70730-A748-4229-993C-928A606BC99B.jpeg 1125w\" sizes=\"(max-width: 666px) 100vw, 666px\" \/><\/a><figcaption class=\"wp-element-caption\">Chez Felix (c) Pierre Halleux<\/figcaption><\/figure>\n<\/figure>\n<\/div>\n<\/div>\n\n\n\n<ul class=\"wp-block-list\">\n<li><strong>La burrata servie avec des l\u00e9gumes grill\u00e9s (18\u20ac):<\/strong> une tuerie ! La burrata \u00e9tait cr\u00e9meuse \u00e0 souhait et les l\u00e9gumes parfaitement cuits. Un plat frais et savoureux, parfait pour partager.<a href=\"https:\/\/www.theoriginaldish.com\/2020\/06\/23\/grilled-vegetables-with-chimichurri-burrata\/\" target=\"_blank\" rel=\"noreferrer noopener\">S&rsquo;ouvre dans une nouvelle fen\u00eatrewww.theoriginaldish.com<\/a> burrata with grilled vegetables<\/li>\n\n\n\n<li><strong>Le cheeseburger avec frites maison(20\u20ac) :<\/strong> un classique revisit\u00e9 avec un pain moelleux, un steak juteux et des frites croustillantes. Un plat simple mais tellement gourmand, avec des frites maison comme on les aime !<a href=\"https:\/\/www.reddit.com\/r\/food\/comments\/gg3xwh\/homemade_cheeseburger_n_fries\/\" target=\"_blank\" rel=\"noreferrer noopener\">S&rsquo;ouvre dans une nouvelle fen\u00eatrewww.reddit.com<\/a> cheeseburger with homemade fries<\/li>\n\n\n\n<li><strong>Le croustillant de Brie au Sirop de Li\u00e8ge (12\u20ac):<\/strong> croustillantes \u00e0 l&rsquo;ext\u00e9rieur et fondantes \u00e0 l&rsquo;int\u00e9rieur, un vrai d\u00e9lice ! Un plat convivial et r\u00e9confortant, parfait pour les soir\u00e9es d&rsquo;hiver.<a href=\"https:\/\/www.lerustique.uk\/our-seasonal-recipes\/winter\/breaded-camembert-croquettes-le-rustique-camembert-mint-salami-and\" target=\"_blank\" rel=\"noreferrer noopener\">S&rsquo;ouvre dans une nouvelle fen\u00eatrewww.lerustique.uk<\/a> camembert croquettes<\/li>\n\n\n\n<li><strong>Une cr\u00e8me brul\u00e9e en dessert<\/strong> (8\u20ac): comme on les mange \u00e0 Barcelone !!.<\/li>\n<\/ul>\n\n\n\n<p><strong>Le vitello tonnato <\/strong>avait l&rsquo;air d&rsquo;\u00eatre  une belle surprise ! On repassera pour le go\u00fbter<\/p>\n\n\n\n<h2 class=\"wp-block-heading\">Le budget ?<\/h2>\n\n\n\n<h2 class=\"wp-block-heading\"><\/h2>\n\n\n\n<figure class=\"wp-block-image size-large\"><a href=\"https:\/\/www.insidebrussels.be\/V2\/wp-content\/uploads\/2024\/06\/968E9873-835A-416B-B329-F539D2C5907C-e1718399115705.jpeg\"><img decoding=\"async\" width=\"768\" height=\"1024\" src=\"https:\/\/www.insidebrussels.be\/V2\/wp-content\/uploads\/2024\/06\/968E9873-835A-416B-B329-F539D2C5907C-768x1024.jpeg\" alt=\"Chez Felix (c) Pierre Halleux\" class=\"wp-image-16584\"\/><\/a><figcaption class=\"wp-element-caption\">Chez Felix (c) Pierre Halleux<\/figcaption><\/figure>\n\n\n\n<p>Les plats \u00e0 partager tourne de 18 \u00e0 23\u20ac, les desserts en dessous de 10\u20ac. On s&rsquo;en est sorti \u00e0 deux avec une adition raisonable versus la qualit\u00e9 des plats<\/p>\n\n\n\n<h2 class=\"wp-block-heading\">Ce que nous avons aim\u00e9 ou moins<\/h2>\n\n\n\n<div class=\"wp-block-columns alignwide is-layout-flex wp-container-core-columns-is-layout-829b1d53 wp-block-columns-is-layout-flex\" style=\"margin-bottom:0\">\n<div class=\"wp-block-column has-vivid-green-cyan-background-color has-text-color has-background has-link-color wp-elements-bef732688a85bab24d76ed1fbf38755e is-layout-flow wp-block-column-is-layout-flow\" style=\"color:#000000;padding-top:2em;padding-right:2em;padding-bottom:2em;padding-left:2em\">\n<h2 class=\"wp-block-heading\" id=\"single\" style=\"font-size:40px\"><strong><strong>Les plus<\/strong><\/strong><\/h2>\n\n\n\n<hr class=\"wp-block-separator has-text-color has-css-opacity has-background is-style-wide\" style=\"background-color:#000000;color:#000000\"\/>\n\n\n\n<ul class=\"wp-block-list\">\n<li><strong>Ambiance chaleureuse et conviviale:<\/strong> Parfait pour se d\u00e9tendre entre amis ou en famille, m\u00eame si le bar est souvent bond\u00e9 et bruyant.<\/li>\n\n\n\n<li><strong>Terrasse parfaite pour les beaux jours:<\/strong> Profitez du soleil et de l&rsquo;air frais tout en savourant un verre de vin et quelques tapas.<\/li>\n\n\n\n<li><strong>Personnel aux petits soins:<\/strong> Le service est impeccable et le personnel est toujours pr\u00eat \u00e0 vous conseiller.<\/li>\n\n\n\n<li><strong>Cuisine d\u00e9licieuse:<\/strong> La carte est courte mais propose des plats savoureux pr\u00e9par\u00e9s avec des produits frais et de saison.<\/li>\n\n\n\n<li><strong>Large choix de vins:<\/strong> D\u00e9gustez une s\u00e9lection de vins du monde entier pour accompagner vos tapas ou votre repas.<\/li>\n<\/ul>\n<\/div>\n\n\n\n<div class=\"wp-block-column has-luminous-vivid-orange-background-color has-text-color has-background has-link-color wp-elements-564b185019545fdbb85aa990452fe1fe is-layout-flow wp-block-column-is-layout-flow\" style=\"color:#000000;padding-top:2em;padding-right:2em;padding-bottom:2em;padding-left:2em\">\n<h2 class=\"wp-block-heading\" id=\"family\" style=\"font-size:40px\"><strong><strong>Les moins<\/strong><\/strong><\/h2>\n\n\n\n<hr class=\"wp-block-separator has-css-opacity is-style-wide\"\/>\n\n\n\n<ul class=\"wp-block-list\">\n<li>Le bruit si le bar est souvent bond\u00e9, et il peut \u00eatre difficile de s&rsquo;entendre parler. Mais bon, c&rsquo;est un peu le charme de l&rsquo;endroit !<\/li>\n\n\n\n<li>La taille de la terasse. Si vous voulez une place, allez y t<\/li>\n<\/ul>\n<\/div>\n<\/div>\n\n\n\n<figure class=\"wp-block-table\"><table><tbody><tr><td><\/td><td><\/td><\/tr><tr><td><\/td><td><\/td><\/tr><\/tbody><\/table><\/figure>\n\n\n\n<h2 class=\"wp-block-heading\">Notre<strong> <\/strong>verdict <strong>?<\/strong><\/h2>\n\n\n\n<p>Un sans faute ! Chez F\u00e9lix est l&rsquo;endroit id\u00e9al pour passer un bon moment entre amis ou en famille. Je vous le recommande vivement !<\/p>\n\n\n\n<ul class=\"wp-block-list\">\n<li>Pensez \u00e0 r\u00e9server, surtout le week-end<\/li>\n\n\n\n<li>N&rsquo;h\u00e9sitez pas \u00e0 demander conseil au personnel pour le choix du vin<\/li>\n\n\n\n<li>Go\u00fbtez les croquettes de camembert, vous ne le regretterez pas !<\/li>\n<\/ul>\n\n\n\n<p><strong>Et vous ?<\/strong> Avez-vous d\u00e9j\u00e0 test\u00e9 Chez F\u00e9lix ? Qu&rsquo;en avez-vous pens\u00e9 ?<\/p>\n\n\n\n<h2 class=\"wp-block-heading\">Contact et Info <\/h2>\n\n\n\n<ul class=\"wp-block-list\">\n<li>\ud83d\udccd<strong>Adresse:<\/strong> Rue de la Limite 11, 1030 Schaerbeek, Belgique<\/li>\n<\/ul>\n\n\n\n<ul class=\"wp-block-list\">\n<li>\u23f0<strong>Heures d&rsquo;ouverture:<\/strong>\n<ul class=\"wp-block-list\">\n<li>Lundi &#8211; Samedi : <strong>17:00\u201323:30<\/strong><\/li>\n\n\n\n<li>Dimanche : ferm\u00e9<\/li>\n<\/ul>\n<\/li>\n<\/ul>\n\n\n\n<ul class=\"wp-block-list\">\n<li><strong>Contact <\/strong>\n<ul class=\"wp-block-list\">\n<li><strong>Site web:<\/strong> <a href=\"https:\/\/chezfelixbruxelles.be\/\" target=\"_blank\" rel=\"noreferrer noopener\">https:\/\/chezfelixbruxelles.be\/<\/a><\/li>\n\n\n\n<li><strong>Instagram:<\/strong> <a href=\"https:\/\/www.instagram.com\/explore\/locations\/391502047\/chez-felix\/?hl=en\" target=\"_blank\" rel=\"noreferrer noopener\">https:\/\/www.instagram.com\/explore\/locations\/391502047\/chez-felix\/?hl=en<\/a><\/li>\n\n\n\n<li><strong>\u260e\ufe0fT\u00e9l\u00e9phone:<\/strong> +32 2 230 25 45<\/li>\n<\/ul>\n<\/li>\n<\/ul>\n","protected":false,"gt_translate_keys":[{"key":"rendered","format":"html"}]},"excerpt":{"rendered":"<p>\u00c0 la recherche d&rsquo;un endroit sympa pour un afterwork \u00e0 Schaerbeek avec une terrasse pour<\/p>\n","protected":false,"gt_translate_keys":[{"key":"rendered","format":"html"}]},"author":1,"featured_media":16586,"comment_status":"closed","ping_status":"closed","sticky":false,"template":"","format":"standard","meta":{"_lmt_disableupdate":"","_lmt_disable":"","footnotes":""},"categories":[44,10,5898,5899],"tags":[4977],"class_list":["post-16580","post","type-post","status-publish","format-standard","has-post-thumbnail","hentry","category-boire","category-manger-a-bruxelles","category-wine-bar","category-wine-bar-manger-a-bruxelles","tag-nous-avons-teste"],"modified_by":"pierre","amp_enabled":true,"gt_translate_keys":[{"key":"link","format":"url"}],"_links":{"self":[{"href":"https:\/\/www.insidebrussels.be\/V2\/wp-json\/wp\/v2\/posts\/16580","targetHints":{"allow":["GET"]}}],"collection":[{"href":"https:\/\/www.insidebrussels.be\/V2\/wp-json\/wp\/v2\/posts"}],"about":[{"href":"https:\/\/www.insidebrussels.be\/V2\/wp-json\/wp\/v2\/types\/post"}],"author":[{"embeddable":true,"href":"https:\/\/www.insidebrussels.be\/V2\/wp-json\/wp\/v2\/users\/1"}],"replies":[{"embeddable":true,"href":"https:\/\/www.insidebrussels.be\/V2\/wp-json\/wp\/v2\/comments?post=16580"}],"version-history":[{"count":7,"href":"https:\/\/www.insidebrussels.be\/V2\/wp-json\/wp\/v2\/posts\/16580\/revisions"}],"predecessor-version":[{"id":17101,"href":"https:\/\/www.insidebrussels.be\/V2\/wp-json\/wp\/v2\/posts\/16580\/revisions\/17101"}],"wp:featuredmedia":[{"embeddable":true,"href":"https:\/\/www.insidebrussels.be\/V2\/wp-json\/wp\/v2\/media\/16586"}],"wp:attachment":[{"href":"https:\/\/www.insidebrussels.be\/V2\/wp-json\/wp\/v2\/media?parent=16580"}],"wp:term":[{"taxonomy":"category","embeddable":true,"href":"https:\/\/www.insidebrussels.be\/V2\/wp-json\/wp\/v2\/categories?post=16580"},{"taxonomy":"post_tag","embeddable":true,"href":"https:\/\/www.insidebrussels.be\/V2\/wp-json\/wp\/v2\/tags?post=16580"}],"curies":[{"name":"wp","href":"https:\/\/api.w.org\/{rel}","templated":true}]}}