{"id":16905,"date":"2024-06-26T23:32:49","date_gmt":"2024-06-26T21:32:49","guid":{"rendered":"https:\/\/www.insidebrussels.be\/V2\/?p=16905"},"modified":"2024-06-26T23:38:10","modified_gmt":"2024-06-26T21:38:10","slug":"perche-un-coin-de-paradis-perche-sur-les-toits-de-bruxelles","status":"publish","type":"post","link":"https:\/\/www.insidebrussels.be\/V2\/bruxelles\/perche-un-coin-de-paradis-perche-sur-les-toits-de-bruxelles\/","title":{"rendered":"Perch\u00e9 : Un coin de paradis perch\u00e9 sur les toits de Bruxelles","gt_translate_keys":[{"key":"rendered","format":"text"}]},"content":{"rendered":"\n<p>Le soleil a refait surface. Vous \u00eates \u00e0 la recherche d\u2019un<strong> super rooftop<\/strong> <strong>\u00e0 Bruxelles<\/strong> ? Ne cherchez plus. Dans cet article, nous vous d\u00e9voilons Perch\u00e9, un rooftop bar situ\u00e9 \u00e0 Saint-Gilles (Bruxelles) qui n\u2019a pas fini de faire parler de lui. Et devinez quoi ? Sur les photos, <strong>c\u2019est bien une piscine que l\u2019on aper\u00e7oit <\/strong>\ud83c\udfca\u200d\u2642\ufe0f!\u201d<\/p>\n\n\n\n<p><\/p>\n\n\n\n<figure class=\"wp-block-image size-large\"><a href=\"https:\/\/www.insidebrussels.be\/V2\/wp-content\/uploads\/2024\/06\/IMG_5811.jpg\"><img decoding=\"async\" width=\"683\" height=\"1024\" src=\"https:\/\/www.insidebrussels.be\/V2\/wp-content\/uploads\/2024\/06\/IMG_5811-683x1024.jpg\" alt=\"Perch\u00e9 Rooftop \u00e0 Bruxelles (c) Image via rooftop.perche \u00b7 Instagram Presse\" class=\"wp-image-16911\" style=\"aspect-ratio:1;object-fit:cover\" srcset=\"https:\/\/www.insidebrussels.be\/V2\/wp-content\/uploads\/2024\/06\/IMG_5811-683x1024.jpg 683w, https:\/\/www.insidebrussels.be\/V2\/wp-content\/uploads\/2024\/06\/IMG_5811-200x300.jpg 200w, https:\/\/www.insidebrussels.be\/V2\/wp-content\/uploads\/2024\/06\/IMG_5811-768x1152.jpg 768w, https:\/\/www.insidebrussels.be\/V2\/wp-content\/uploads\/2024\/06\/IMG_5811-1024x1536.jpg 1024w, https:\/\/www.insidebrussels.be\/V2\/wp-content\/uploads\/2024\/06\/IMG_5811.jpg 1280w\" sizes=\"(max-width: 683px) 100vw, 683px\" \/><\/a><figcaption class=\"wp-element-caption\">Perch\u00e9 Rooftop \u00e0 Bruxelles (c) Image via rooftop.perche \u00b7 Instagram Presse<\/figcaption><\/figure>\n\n\n\n<h2 class=\"wp-block-heading\"><strong>Perch\u00e9 c&rsquo;est quoi ?<\/strong><\/h2>\n\n\n\n<p><\/p>\n\n\n\n<figure class=\"wp-block-gallery has-nested-images columns-default is-cropped wp-block-gallery-2 is-layout-flex wp-block-gallery-is-layout-flex\">\n<figure class=\"wp-block-image size-large\"><a href=\"https:\/\/www.insidebrussels.be\/V2\/wp-content\/uploads\/2024\/06\/IMG_5732.jpg\"><img decoding=\"async\" width=\"683\" height=\"1024\" data-id=\"16909\" src=\"https:\/\/www.insidebrussels.be\/V2\/wp-content\/uploads\/2024\/06\/IMG_5732-683x1024.jpg\" alt=\"Perch\u00e9 Rooftop \u00e0 Bruxelles (c) Image via rooftop.perche \u00b7 Instagram Presse\" class=\"wp-image-16909\" srcset=\"https:\/\/www.insidebrussels.be\/V2\/wp-content\/uploads\/2024\/06\/IMG_5732-683x1024.jpg 683w, https:\/\/www.insidebrussels.be\/V2\/wp-content\/uploads\/2024\/06\/IMG_5732-200x300.jpg 200w, https:\/\/www.insidebrussels.be\/V2\/wp-content\/uploads\/2024\/06\/IMG_5732-768x1152.jpg 768w, https:\/\/www.insidebrussels.be\/V2\/wp-content\/uploads\/2024\/06\/IMG_5732-1024x1536.jpg 1024w, https:\/\/www.insidebrussels.be\/V2\/wp-content\/uploads\/2024\/06\/IMG_5732.jpg 1280w\" sizes=\"(max-width: 683px) 100vw, 683px\" \/><\/a><figcaption class=\"wp-element-caption\">Perch\u00e9 Rooftop \u00e0 Bruxelles (c) Image via rooftop.perche \u00b7 Instagram Presse<\/figcaption><\/figure>\n\n\n\n<figure class=\"wp-block-image size-large\"><a href=\"https:\/\/www.insidebrussels.be\/V2\/wp-content\/uploads\/2024\/06\/IMG_5528.jpg\"><img decoding=\"async\" width=\"683\" height=\"1024\" data-id=\"16908\" src=\"https:\/\/www.insidebrussels.be\/V2\/wp-content\/uploads\/2024\/06\/IMG_5528-683x1024.jpg\" alt=\"Perch\u00e9 Rooftop \u00e0 Bruxelles (c) Image via rooftop.perche \u00b7 Instagram Presse\" class=\"wp-image-16908\" srcset=\"https:\/\/www.insidebrussels.be\/V2\/wp-content\/uploads\/2024\/06\/IMG_5528-683x1024.jpg 683w, https:\/\/www.insidebrussels.be\/V2\/wp-content\/uploads\/2024\/06\/IMG_5528-200x300.jpg 200w, https:\/\/www.insidebrussels.be\/V2\/wp-content\/uploads\/2024\/06\/IMG_5528-768x1152.jpg 768w, https:\/\/www.insidebrussels.be\/V2\/wp-content\/uploads\/2024\/06\/IMG_5528-1024x1536.jpg 1024w, https:\/\/www.insidebrussels.be\/V2\/wp-content\/uploads\/2024\/06\/IMG_5528.jpg 1280w\" sizes=\"(max-width: 683px) 100vw, 683px\" \/><\/a><figcaption class=\"wp-element-caption\">Perch\u00e9 Rooftop \u00e0 Bruxelles (c) Image via rooftop.perche \u00b7 Instagram Presse<\/figcaption><\/figure>\n<\/figure>\n\n\n\n<p><strong>Perch\u00e9<\/strong>, perch\u00e9 sur les toits de <a href=\"https:\/\/www.jamhotels.eu\/fr\/brussels\/\" target=\"_blank\" rel=\"noreferrer noopener\">l&rsquo;h\u00f4tel JAM,<\/a> est une ancienne \u00e9cole d\u2019art r\u00e9am\u00e9nag\u00e9e par le designer Lionel Jadot. Ce lieu unique dans le <strong>quartier du Ch\u00e2telain<\/strong> offre une atmosph\u00e8re hors du commun, o\u00f9 l\u2019on se sent toujours en vacances. \ud83c\udf06\ud83c\udf1f Ce n&rsquo;est pas seulement un bar, c&rsquo;est une v\u00e9ritable <strong>oasis de d\u00e9tente<\/strong> et de plaisir en <a href=\"https:\/\/www.insidebrussels.be\/V2\/bruxelles\/visiter-la-grande-place-de-bruxelles-tourisme\/\">plein c\u0153ur de Bruxelles<\/a>. Ce rooftop branch\u00e9 offre <strong>une vue imprenable sur la ville<\/strong>, une <strong>ambiance chaleureuse et boh\u00e8me,<\/strong> et une s\u00e9lection all\u00e9chante de <strong>cocktails <\/strong>et de <strong>tapas<\/strong>. <\/p>\n\n\n\n<h2 class=\"wp-block-heading\"><strong>Un cadre idyllique<\/strong><\/h2>\n\n\n\n<p><\/p>\n\n\n\n<figure class=\"wp-block-image size-large\"><a href=\"https:\/\/www.insidebrussels.be\/V2\/wp-content\/uploads\/2024\/06\/Untitled-design-1.jpg\"><img decoding=\"async\" width=\"1024\" height=\"576\" src=\"https:\/\/www.insidebrussels.be\/V2\/wp-content\/uploads\/2024\/06\/Untitled-design-1-1024x576.jpg\" alt=\"Perch\u00e9 Rooftop \u00e0 Bruxelles (c) Image via rooftop.perche \u00b7 Instagram Presse\" class=\"wp-image-16907\" srcset=\"https:\/\/www.insidebrussels.be\/V2\/wp-content\/uploads\/2024\/06\/Untitled-design-1-1024x576.jpg 1024w, https:\/\/www.insidebrussels.be\/V2\/wp-content\/uploads\/2024\/06\/Untitled-design-1-300x169.jpg 300w, https:\/\/www.insidebrussels.be\/V2\/wp-content\/uploads\/2024\/06\/Untitled-design-1-768x432.jpg 768w, https:\/\/www.insidebrussels.be\/V2\/wp-content\/uploads\/2024\/06\/Untitled-design-1-800x450.jpg 800w, https:\/\/www.insidebrussels.be\/V2\/wp-content\/uploads\/2024\/06\/Untitled-design-1.jpg 1200w\" sizes=\"(max-width: 1024px) 100vw, 1024px\" \/><\/a><figcaption class=\"wp-element-caption\">Perch\u00e9 Rooftop \u00e0 Bruxelles (c) Image via rooftop.perche \u00b7 Instagram Presse<\/figcaption><\/figure>\n\n\n\n<p>Imaginez-vous install\u00e9 confortablement sur des canap\u00e9s moelleux ou des poufs color\u00e9s, entour\u00e9 de verdure et de fleurs. Le soleil caresse votre peau tandis que vous sirotez un <strong>cocktail DAIQUIRI<\/strong>, \u00e9labor\u00e9 avec du Rhum Colon Salvadoreno Dark Overproof, du Rum Appleton Estate 12 YO, du citron vert et du sirop simple, et que vous admirez le panorama \u00e9poustouflant de Bruxelles.<\/p>\n\n\n\n<p><strong>Perch\u00e9<\/strong>, c&rsquo;est l&rsquo;endroit id\u00e9al pour se d\u00e9tendre apr\u00e8s une longue journ\u00e9e de travail, pour un rendez-vous romantique ou pour un moment convivial entre amis.<\/p>\n\n\n\n<h2 class=\"wp-block-heading\"><strong>Des cocktails et des tapas raffin\u00e9s<\/strong><\/h2>\n\n\n\n<figure class=\"wp-block-image size-large\"><a href=\"https:\/\/www.insidebrussels.be\/V2\/wp-content\/uploads\/2024\/06\/IMG_5808.jpg\"><img decoding=\"async\" width=\"683\" height=\"1024\" src=\"https:\/\/www.insidebrussels.be\/V2\/wp-content\/uploads\/2024\/06\/IMG_5808-683x1024.jpg\" alt=\"Perch\u00e9 Rooftop \u00e0 Bruxelles (c) Image via rooftop.perche \u00b7 Instagram Presse\" class=\"wp-image-16910\" style=\"aspect-ratio:1;object-fit:cover\" srcset=\"https:\/\/www.insidebrussels.be\/V2\/wp-content\/uploads\/2024\/06\/IMG_5808-683x1024.jpg 683w, https:\/\/www.insidebrussels.be\/V2\/wp-content\/uploads\/2024\/06\/IMG_5808-200x300.jpg 200w, https:\/\/www.insidebrussels.be\/V2\/wp-content\/uploads\/2024\/06\/IMG_5808-768x1152.jpg 768w, https:\/\/www.insidebrussels.be\/V2\/wp-content\/uploads\/2024\/06\/IMG_5808-1024x1536.jpg 1024w, https:\/\/www.insidebrussels.be\/V2\/wp-content\/uploads\/2024\/06\/IMG_5808.jpg 1280w\" sizes=\"(max-width: 683px) 100vw, 683px\" \/><\/a><figcaption class=\"wp-element-caption\">Perch\u00e9 Rooftop \u00e0 Bruxelles (c) Image via rooftop.perche \u00b7 Instagram Presse<\/figcaption><\/figure>\n\n\n\n<p>Laissez-vous tenter par la carte cr\u00e9ative du bar Perch\u00e9, qui propose une large s\u00e9lection de cocktails signature \u00e9labor\u00e9s avec des ingr\u00e9dients de qualit\u00e9. Parmi les incontournables, on craque pour le <strong>cocktail DAIQUIRI<\/strong>, aux saveurs intenses et parfaitement \u00e9quilibr\u00e9es.<\/p>\n\n\n\n<p>Pour accompagner votre verre, savourez de d\u00e9licieux <strong>finger food<\/strong>, parfaits pour partager entre amis. Vous trouverez des assortiments de charcuterie et de fromages, des tapas v\u00e9g\u00e9tariennes et des plats chauds gourmands.<\/p>\n\n\n\n<h2 class=\"wp-block-heading\"><strong>Une ambiance boh\u00e8me et chic<\/strong><\/h2>\n\n\n\n<p>Perch\u00e9 se distingue par son d\u00e9cor unique, qui m\u00eale savamment des \u00e9l\u00e9ments industriels et chics. Des mat\u00e9riaux r\u00e9cup\u00e9r\u00e9s ont \u00e9t\u00e9 utilis\u00e9s pour cr\u00e9er une ambiance \u00e0 la fois brute et raffin\u00e9e, agr\u00e9ment\u00e9e d&rsquo;une touche de verdure luxuriante.<\/p>\n\n\n\n<p><\/p>\n\n\n\n<h2 class=\"wp-block-heading\">Pour quels genre d&rsquo;occasion peut-on se rendre chez Perch\u00e9 ? <\/h2>\n\n\n\n<p>Il n&rsquo;y a pas de bonne ou mauvais occasion, <strong>Perch\u00e9<\/strong>, c&rsquo;est l&rsquo;endroit id\u00e9al pour passer un bon moment en bonne companie. Par exemple :<\/p>\n\n\n\n<ul class=\"wp-block-list\">\n<li>\ud83c\udf1f <strong>Une soir\u00e9e romantique<\/strong>: Parfait pour un t\u00eate-\u00e0-t\u00eate inoubliable avec votre moiti\u00e9, sous les \u00e9toiles et avec la ville en toile de fond.<\/li>\n\n\n\n<li>\ud83d\udca1\u00a0<strong>Une id\u00e9e date originale<\/strong>: Surprenez votre partenaire avec une escapade insolite sur ce rooftop magique.<\/li>\n\n\n\n<li>\ud83e\udd42 <strong>Un verre entre amis<\/strong>: Partagez un moment convivial et savoureux avec vos amis dans une ambiance boh\u00e8me et chic.<\/li>\n\n\n\n<li>\ud83c\udf89 <strong>Organiser vos \u00e9v\u00e9nements priv\u00e9s ou professionnels<\/strong>. Que vous souhaitiez organiser un cocktail chic, une conf\u00e9rence inspirante ou une soir\u00e9e festive, l&rsquo;\u00e9quipe du Perch\u00e9 saura vous s\u00e9duire par son professionnalisme et son sens du d\u00e9tail.<\/li>\n<\/ul>\n\n\n\n<p><strong>Et si la chaleur est de la partie, pourquoi ne pas profiter de la piscine ext\u00e9rieure ?<\/strong><\/p>\n\n\n\n<h2 class=\"wp-block-heading\">Questions fr\u00e9quentes<\/h2>\n\n\n\n<ul class=\"wp-block-list\">\n<li><strong>Peut-on profiter de la piscine <\/strong>?<\/li>\n<\/ul>\n\n\n\n<p><strong>Oui, vous pouvez nager dans la piscine du Perch\u00e9 <\/strong>! La piscine ext\u00e9rieure est ouverte aux clients de l&rsquo;h\u00f4tel JAM et aux clients du rooftop bar, <strong>en fonction de la m\u00e9t\u00e9o et de l&rsquo;affluence<\/strong>.<\/p>\n\n\n\n<ul class=\"wp-block-list\">\n<li>Faut-il r\u00e9server pour avoir une place ?<\/li>\n<\/ul>\n\n\n\n<p>Oui, plus que consiell\u00e9! <strong>N&rsquo;oubliez pas de r\u00e9server votre place \u00e0 l&rsquo;avance, surtout si vous souhaitez profiter de la piscine le week-end.<\/strong><\/p>\n\n\n\n<p><\/p>\n\n\n\n<div class=\"wp-block-columns alignwide is-layout-flex wp-container-core-columns-is-layout-829b1d53 wp-block-columns-is-layout-flex\" style=\"margin-bottom:0\">\n<div class=\"wp-block-column has-light-green-cyan-background-color has-text-color has-background has-link-color wp-elements-3c4be5ef2553b0237bb768961902d962 is-layout-flow wp-block-column-is-layout-flow\" style=\"color:#000000;padding-top:2em;padding-right:2em;padding-bottom:2em;padding-left:2em\">\n<h2 class=\"wp-block-heading\" id=\"single\" style=\"font-size:40px\"><strong>On aime<\/strong><\/h2>\n\n\n\n<p class=\"has-normal-font-size\" style=\"line-height:1.5\">Un endroit original pour un afterwork avec une vue \u00e0 coupe le soufle sur Bruxelles. Des cocktails au top!<\/p>\n\n\n\n<hr class=\"wp-block-separator has-text-color has-css-opacity has-background is-style-wide\" style=\"background-color:#000000;color:#000000\"\/>\n\n\n\n<ul class=\"has-normal-font-size wp-block-list\">\n<li>La vue imprenable sur Bruxelles<\/li>\n\n\n\n<li>L&rsquo;ambiance boh\u00e8me et chic<\/li>\n\n\n\n<li>Les cocktails raffin\u00e9s et originaux<\/li>\n\n\n\n<li>Le service impeccable<\/li>\n\n\n\n<li>La piscine ext\u00e9rieure (lorsque le temps le permet)<\/li>\n<\/ul>\n<\/div>\n\n\n\n<div class=\"wp-block-column has-text-color has-background has-link-color wp-elements-f58e32a0daab896c8ec701a5fc2dff2e is-layout-flow wp-block-column-is-layout-flow\" style=\"color:#000000;background-color:#d1d1e1;padding-top:2em;padding-right:2em;padding-bottom:2em;padding-left:2em\">\n<h2 class=\"wp-block-heading\" id=\"family\" style=\"font-size:40px\"><strong>On aime moins<\/strong><\/h2>\n\n\n\n<p class=\"has-normal-font-size\" style=\"line-height:1.5\">Certains pensent que les prix sont un peu \u00e9lev\u00e9s. On est cependant dans un cadre idyllique \u00e0 Bruxelles.<\/p>\n\n\n\n<hr class=\"wp-block-separator has-css-opacity is-style-wide\"\/>\n\n\n\n<ul class=\"has-normal-font-size wp-block-list\">\n<li>Les prix un peu \u00e9lev\u00e9s (mais on est sur du qualitatif \ud83d\ude0a) <\/li>\n\n\n\n<li>La possibilit\u00e9 d&rsquo;\u00eatre bond\u00e9 le week-end<\/li>\n\n\n\n<li>La piscine n&rsquo;est pas toujours accessible<\/li>\n<\/ul>\n<\/div>\n<\/div>\n\n\n\n<h2 class=\"wp-block-heading\">Informations pratiques pour rejoindre le rooftop Perch\u00e9<\/h2>\n\n\n\n<p>Voici toutes les information pratiques pour rejoindre ou trouver plus d&rsquo;informations sur ce <a href=\"https:\/\/www.insidebrussels.be\/V2\/bruxelles\/rooftop-bruxelles-2017-meilleures-terrasses\/\">rooftop \u00e0 Bruxelles.<\/a><\/p>\n\n\n\n<ul class=\"wp-block-list\">\n<li>\u00a0\ud83d\udccd <strong>Adresse<\/strong>: Perch\u00e9, 132 chauss\u00e9e de Charleroi, 1060 Bruxelles<\/li>\n\n\n\n<li>\u267f<strong>Acc\u00e8s<\/strong>: Ascenseur jusqu&rsquo;au 6\u00e8me \u00e9tage<\/li>\n\n\n\n<li>\ud83d\udcc5 <strong>Horaires<\/strong>: Ouvert tous les jours de 17h \u00e0 1h<\/li>\n\n\n\n<li>\ud83c\udfab<strong>R\u00e9servation<\/strong>: Recommand\u00e9e, surtout le week-end<\/li>\n\n\n\n<li>\ud83d\udcf7<a href=\"https:\/\/logroup.be\/perche\" target=\"_blank\" rel=\"noreferrer noopener\">Site Web<\/a>  | <a href=\"https:\/\/www.instagram.com\/rooftop.perche\/?hl=fr\" target=\"_blank\" rel=\"noreferrer noopener\">Insta<\/a> | <a href=\"https:\/\/logroup.be\/perche#booking\" target=\"_blank\" rel=\"noreferrer noopener\">R\u00e9servation<\/a><\/li>\n\n\n\n<li>\ud83d\udcb0<strong>Prix<\/strong>: \u20ac\u20ac<\/li>\n<\/ul>\n\n\n\n<p><strong>#InsideBrussels #RooftopPerch\u00e9 #Bruxelles #VuePanoramique #Terrasse #Bar #Cocktails #Restaurant #AmbianceBoh\u00e8me #D\u00e9tente #BonPlan #Piscine<\/strong><\/p>\n\n\n\n<ul class=\"wp-block-list\"><\/ul>\n","protected":false,"gt_translate_keys":[{"key":"rendered","format":"html"}]},"excerpt":{"rendered":"<p>Le soleil a refait surface. Vous \u00eates \u00e0 la recherche d\u2019un super rooftop \u00e0 Bruxelles<\/p>\n","protected":false,"gt_translate_keys":[{"key":"rendered","format":"html"}]},"author":1,"featured_media":16907,"comment_status":"closed","ping_status":"closed","sticky":false,"template":"","format":"standard","meta":{"_lmt_disableupdate":"","_lmt_disable":"","footnotes":""},"categories":[44],"tags":[4977],"class_list":["post-16905","post","type-post","status-publish","format-standard","has-post-thumbnail","hentry","category-boire","tag-nous-avons-teste"],"modified_by":"pierre","amp_enabled":true,"gt_translate_keys":[{"key":"link","format":"url"}],"_links":{"self":[{"href":"https:\/\/www.insidebrussels.be\/V2\/wp-json\/wp\/v2\/posts\/16905","targetHints":{"allow":["GET"]}}],"collection":[{"href":"https:\/\/www.insidebrussels.be\/V2\/wp-json\/wp\/v2\/posts"}],"about":[{"href":"https:\/\/www.insidebrussels.be\/V2\/wp-json\/wp\/v2\/types\/post"}],"author":[{"embeddable":true,"href":"https:\/\/www.insidebrussels.be\/V2\/wp-json\/wp\/v2\/users\/1"}],"replies":[{"embeddable":true,"href":"https:\/\/www.insidebrussels.be\/V2\/wp-json\/wp\/v2\/comments?post=16905"}],"version-history":[{"count":5,"href":"https:\/\/www.insidebrussels.be\/V2\/wp-json\/wp\/v2\/posts\/16905\/revisions"}],"predecessor-version":[{"id":17061,"href":"https:\/\/www.insidebrussels.be\/V2\/wp-json\/wp\/v2\/posts\/16905\/revisions\/17061"}],"wp:featuredmedia":[{"embeddable":true,"href":"https:\/\/www.insidebrussels.be\/V2\/wp-json\/wp\/v2\/media\/16907"}],"wp:attachment":[{"href":"https:\/\/www.insidebrussels.be\/V2\/wp-json\/wp\/v2\/media?parent=16905"}],"wp:term":[{"taxonomy":"category","embeddable":true,"href":"https:\/\/www.insidebrussels.be\/V2\/wp-json\/wp\/v2\/categories?post=16905"},{"taxonomy":"post_tag","embeddable":true,"href":"https:\/\/www.insidebrussels.be\/V2\/wp-json\/wp\/v2\/tags?post=16905"}],"curies":[{"name":"wp","href":"https:\/\/api.w.org\/{rel}","templated":true}]}}