{"id":16919,"date":"2024-06-27T23:01:45","date_gmt":"2024-06-27T21:01:45","guid":{"rendered":"https:\/\/www.insidebrussels.be\/V2\/?p=16919"},"modified":"2024-06-27T23:38:15","modified_gmt":"2024-06-27T21:38:15","slug":"le-perroquet-un-classique-bruxellois-a-ne-pas-manquer-on-a-teste","status":"publish","type":"post","link":"https:\/\/www.insidebrussels.be\/V2\/bruxelles\/le-perroquet-un-classique-bruxellois-a-ne-pas-manquer-on-a-teste\/","title":{"rendered":"Le Perroquet : Un classique bruxellois \u00e0 ne pas manquer ! On a test\u00e9","gt_translate_keys":[{"key":"rendered","format":"text"}]},"content":{"rendered":"\n<p><strong>Envie d&rsquo;un repas simple, savoureux et <a href=\"https:\/\/www.insidebrussels.be\/V2\/bruxelles\/bruxelles-manger-pas-cher-nos-bons-plans\/\">pas cher<\/a> dans <a href=\"https:\/\/www.insidebrussels.be\/V2\/bruxelles\/le-quartier-du-sablon\/\">le quartier du Sablon \u00e0 Bruxelles<\/a> ?<\/strong> Le Perroquet est l&rsquo;endroit id\u00e9al pour vous ! Ce restaurant-bar, ouvert depuis plus de 30 ans, est une v\u00e9ritable institution pour les amateurs de pitas.<\/p>\n\n\n\n<h2 class=\"wp-block-heading\"><strong>Un cadre unique et une ambiance chaleureuse<\/strong><\/h2>\n\n\n\n<figure class=\"wp-block-gallery has-nested-images columns-default is-cropped wp-block-gallery-2 is-layout-flex wp-block-gallery-is-layout-flex\">\n<figure class=\"wp-block-image size-large\"><a href=\"https:\/\/www.insidebrussels.be\/V2\/wp-content\/uploads\/2024\/06\/73C00F4B-FAB2-4782-8FB9-09A62AE5D07F.jpeg\"><img decoding=\"async\" width=\"1024\" height=\"768\" data-id=\"16849\" src=\"https:\/\/www.insidebrussels.be\/V2\/wp-content\/uploads\/2024\/06\/73C00F4B-FAB2-4782-8FB9-09A62AE5D07F-1024x768.jpeg\" alt=\"Restaurant Le Perroquet dans le sablon (c) Photo Pierre Halleux\" class=\"wp-image-16849\" srcset=\"https:\/\/www.insidebrussels.be\/V2\/wp-content\/uploads\/2024\/06\/73C00F4B-FAB2-4782-8FB9-09A62AE5D07F-1024x768.jpeg 1024w, https:\/\/www.insidebrussels.be\/V2\/wp-content\/uploads\/2024\/06\/73C00F4B-FAB2-4782-8FB9-09A62AE5D07F-300x225.jpeg 300w, https:\/\/www.insidebrussels.be\/V2\/wp-content\/uploads\/2024\/06\/73C00F4B-FAB2-4782-8FB9-09A62AE5D07F-768x576.jpeg 768w, https:\/\/www.insidebrussels.be\/V2\/wp-content\/uploads\/2024\/06\/73C00F4B-FAB2-4782-8FB9-09A62AE5D07F-1536x1152.jpeg 1536w, https:\/\/www.insidebrussels.be\/V2\/wp-content\/uploads\/2024\/06\/73C00F4B-FAB2-4782-8FB9-09A62AE5D07F-720x540.jpeg 720w, https:\/\/www.insidebrussels.be\/V2\/wp-content\/uploads\/2024\/06\/73C00F4B-FAB2-4782-8FB9-09A62AE5D07F.jpeg 1920w\" sizes=\"(max-width: 1024px) 100vw, 1024px\" \/><\/a><figcaption class=\"wp-element-caption\">Restaurant Le Perroquet dans le sablon (c) Photo Pierre Halleux<\/figcaption><\/figure>\n\n\n\n<figure class=\"wp-block-image size-large\"><a href=\"https:\/\/www.insidebrussels.be\/V2\/wp-content\/uploads\/2024\/06\/FC31FF72-DB4B-4A7F-BBBC-E7EA77FDA2BA.jpeg\"><img decoding=\"async\" width=\"768\" height=\"1024\" data-id=\"16848\" src=\"https:\/\/www.insidebrussels.be\/V2\/wp-content\/uploads\/2024\/06\/FC31FF72-DB4B-4A7F-BBBC-E7EA77FDA2BA-768x1024.jpeg\" alt=\"Restaurant Le Perroquet dans le sablon (c) Photo Pierre Halleux\" class=\"wp-image-16848\" srcset=\"https:\/\/www.insidebrussels.be\/V2\/wp-content\/uploads\/2024\/06\/FC31FF72-DB4B-4A7F-BBBC-E7EA77FDA2BA-768x1024.jpeg 768w, https:\/\/www.insidebrussels.be\/V2\/wp-content\/uploads\/2024\/06\/FC31FF72-DB4B-4A7F-BBBC-E7EA77FDA2BA-225x300.jpeg 225w, https:\/\/www.insidebrussels.be\/V2\/wp-content\/uploads\/2024\/06\/FC31FF72-DB4B-4A7F-BBBC-E7EA77FDA2BA-1152x1536.jpeg 1152w, https:\/\/www.insidebrussels.be\/V2\/wp-content\/uploads\/2024\/06\/FC31FF72-DB4B-4A7F-BBBC-E7EA77FDA2BA-450x600.jpeg 450w, https:\/\/www.insidebrussels.be\/V2\/wp-content\/uploads\/2024\/06\/FC31FF72-DB4B-4A7F-BBBC-E7EA77FDA2BA.jpeg 1440w\" sizes=\"(max-width: 768px) 100vw, 768px\" \/><\/a><figcaption class=\"wp-element-caption\">Restaurant Le Perroquet dans le sablon (c) Photo Pierre Halleux<\/figcaption><\/figure>\n<\/figure>\n\n\n\n<p>D\u00e8s votre arriv\u00e9e, vous serez charm\u00e9 par le cadre Art nouveau du Perroquet, avec ses vitraux et ses lambris en marbre. L&rsquo;image que vous m&rsquo;avez envoy\u00e9e montre parfaitement l&rsquo;\u00e9l\u00e9gance et le raffinement de la salle \u00e0 manger. <strong>L&rsquo;ambiance au Perroquet est chaleureuse et conviviale, parfaite pour un repas entre amis ou en famille.<\/strong> <\/p>\n\n\n\n<ul class=\"wp-block-list\">\n<li><strong>De grandes fen\u00eatres avec des vitraux color\u00e9s<\/strong> qui laissent entrer la lumi\u00e8re naturelle et donnent \u00e0 la pi\u00e8ce une ambiance lumineuse et a\u00e9r\u00e9e.<\/li>\n\n\n\n<li><strong>Des murs lambriss\u00e9s de marbre<\/strong> qui apportent une touche de sophistication \u00e0 la d\u00e9coration.<\/li>\n\n\n\n<li><strong>Un sol en mosa\u00efque<\/strong> qui ajoute une touche de caract\u00e8re \u00e0 la pi\u00e8ce.<\/li>\n\n\n\n<li><strong>Un mobilier en bois sombre<\/strong> qui contraste avec les couleurs claires des murs et des vitraux.<\/li>\n\n\n\n<li><strong>L&rsquo;omnipr\u00e9sence du bois<\/strong>, qui orne les murs et donne \u00e0 la pi\u00e8ce un air chic et raffin\u00e9.<\/li>\n<\/ul>\n\n\n\n<p>Le personnel est accueillant et attentionn\u00e9, et il fera tout son possible pour que vous passiez un agr\u00e9able moment.<\/p>\n\n\n\n<h2 class=\"wp-block-heading\"><strong>Des pitas pour tous les go\u00fbts et des sauces qui font mouche<\/strong><\/h2>\n\n\n\n<figure class=\"wp-block-gallery has-nested-images columns-default is-cropped wp-block-gallery-3 is-layout-flex wp-block-gallery-is-layout-flex\">\n<figure class=\"wp-block-image size-large\"><a href=\"https:\/\/www.insidebrussels.be\/V2\/wp-content\/uploads\/2024\/06\/C07A769D-ABE2-4305-AC51-04C9AAA55128.jpeg\"><img decoding=\"async\" width=\"768\" height=\"1024\" data-id=\"16853\" src=\"https:\/\/www.insidebrussels.be\/V2\/wp-content\/uploads\/2024\/06\/C07A769D-ABE2-4305-AC51-04C9AAA55128-768x1024.jpeg\" alt=\"Restaurant Le Perroquet dans le sablon (c) Photo Pierre Halleux\" class=\"wp-image-16853\" srcset=\"https:\/\/www.insidebrussels.be\/V2\/wp-content\/uploads\/2024\/06\/C07A769D-ABE2-4305-AC51-04C9AAA55128-768x1024.jpeg 768w, https:\/\/www.insidebrussels.be\/V2\/wp-content\/uploads\/2024\/06\/C07A769D-ABE2-4305-AC51-04C9AAA55128-225x300.jpeg 225w, https:\/\/www.insidebrussels.be\/V2\/wp-content\/uploads\/2024\/06\/C07A769D-ABE2-4305-AC51-04C9AAA55128-1152x1536.jpeg 1152w, https:\/\/www.insidebrussels.be\/V2\/wp-content\/uploads\/2024\/06\/C07A769D-ABE2-4305-AC51-04C9AAA55128-450x600.jpeg 450w, https:\/\/www.insidebrussels.be\/V2\/wp-content\/uploads\/2024\/06\/C07A769D-ABE2-4305-AC51-04C9AAA55128.jpeg 1440w\" sizes=\"(max-width: 768px) 100vw, 768px\" \/><\/a><figcaption class=\"wp-element-caption\">Restaurant Le Perroquet dans le sablon (c) Photo Pierre Halleux<\/figcaption><\/figure>\n\n\n\n<figure class=\"wp-block-image size-large\"><a href=\"https:\/\/www.insidebrussels.be\/V2\/wp-content\/uploads\/2024\/06\/2AA5BF21-1220-4365-B0A5-2CF4352FA1DD.jpeg\"><img decoding=\"async\" width=\"1024\" height=\"768\" data-id=\"16852\" src=\"https:\/\/www.insidebrussels.be\/V2\/wp-content\/uploads\/2024\/06\/2AA5BF21-1220-4365-B0A5-2CF4352FA1DD-1024x768.jpeg\" alt=\"Restaurant Le Perroquet dans le sablon (c) Photo Pierre Halleux\" class=\"wp-image-16852\" srcset=\"https:\/\/www.insidebrussels.be\/V2\/wp-content\/uploads\/2024\/06\/2AA5BF21-1220-4365-B0A5-2CF4352FA1DD-1024x768.jpeg 1024w, https:\/\/www.insidebrussels.be\/V2\/wp-content\/uploads\/2024\/06\/2AA5BF21-1220-4365-B0A5-2CF4352FA1DD-300x225.jpeg 300w, https:\/\/www.insidebrussels.be\/V2\/wp-content\/uploads\/2024\/06\/2AA5BF21-1220-4365-B0A5-2CF4352FA1DD-768x576.jpeg 768w, https:\/\/www.insidebrussels.be\/V2\/wp-content\/uploads\/2024\/06\/2AA5BF21-1220-4365-B0A5-2CF4352FA1DD-1536x1152.jpeg 1536w, https:\/\/www.insidebrussels.be\/V2\/wp-content\/uploads\/2024\/06\/2AA5BF21-1220-4365-B0A5-2CF4352FA1DD-720x540.jpeg 720w, https:\/\/www.insidebrussels.be\/V2\/wp-content\/uploads\/2024\/06\/2AA5BF21-1220-4365-B0A5-2CF4352FA1DD.jpeg 1920w\" sizes=\"(max-width: 1024px) 100vw, 1024px\" \/><\/a><figcaption class=\"wp-element-caption\">Restaurant Le Perroquet dans le sablon (c) Photo Pierre Halleux<\/figcaption><\/figure>\n\n\n\n<figure class=\"wp-block-image size-large\"><a href=\"https:\/\/www.insidebrussels.be\/V2\/wp-content\/uploads\/2024\/06\/C7CD115B-FBF6-4720-B832-26EF234396AB.jpeg\"><img decoding=\"async\" width=\"1024\" height=\"1024\" data-id=\"16847\" src=\"https:\/\/www.insidebrussels.be\/V2\/wp-content\/uploads\/2024\/06\/C7CD115B-FBF6-4720-B832-26EF234396AB-1024x1024.jpeg\" alt=\"Restaurant Le Perroquet dans le sablon (c) Photo Pierre Halleux\" class=\"wp-image-16847\" srcset=\"https:\/\/www.insidebrussels.be\/V2\/wp-content\/uploads\/2024\/06\/C7CD115B-FBF6-4720-B832-26EF234396AB-1024x1024.jpeg 1024w, https:\/\/www.insidebrussels.be\/V2\/wp-content\/uploads\/2024\/06\/C7CD115B-FBF6-4720-B832-26EF234396AB-300x300.jpeg 300w, https:\/\/www.insidebrussels.be\/V2\/wp-content\/uploads\/2024\/06\/C7CD115B-FBF6-4720-B832-26EF234396AB-150x150.jpeg 150w, https:\/\/www.insidebrussels.be\/V2\/wp-content\/uploads\/2024\/06\/C7CD115B-FBF6-4720-B832-26EF234396AB-768x768.jpeg 768w, https:\/\/www.insidebrussels.be\/V2\/wp-content\/uploads\/2024\/06\/C7CD115B-FBF6-4720-B832-26EF234396AB-1536x1536.jpeg 1536w, https:\/\/www.insidebrussels.be\/V2\/wp-content\/uploads\/2024\/06\/C7CD115B-FBF6-4720-B832-26EF234396AB.jpeg 1920w\" sizes=\"(max-width: 1024px) 100vw, 1024px\" \/><\/a><figcaption class=\"wp-element-caption\">Restaurant Le Perroquet dans le sablon (c) Photo Pierre Halleux<\/figcaption><\/figure>\n<\/figure>\n\n\n\n<p>Le Perroquet est r\u00e9put\u00e9 pour ses pitas, pr\u00e9par\u00e9es avec des ingr\u00e9dients frais et de qualit\u00e9. Vous y trouverez un large choix de garnitures, de la viande au poisson en passant par les options v\u00e9g\u00e9tariennes. <strong>Chaque pita est servie avec deux sauces maison, dont la sauce ail et la sauce cocktail au go\u00fbt d&rsquo;ananas, qui sont particuli\u00e8rement appr\u00e9ci\u00e9es des clients.<\/strong><\/p>\n\n\n\n<p><strong>C\u00f4t\u00e9 prix, les pitas sont quasi toutes en dessous de 10 euros<\/strong>, ce qui en fait un excellent rapport qualit\u00e9-prix. Vous pourrez \u00e9galement profiter de la terrasse chauff\u00e9e pour manger en plein air lors des beaux jours.<\/p>\n\n\n\n<p><\/p>\n\n\n\n<div class=\"wp-block-columns alignwide is-layout-flex wp-container-core-columns-is-layout-829b1d53 wp-block-columns-is-layout-flex\" style=\"margin-bottom:0\">\n<div class=\"wp-block-column has-light-green-cyan-background-color has-text-color has-background has-link-color wp-elements-6156c34646f878873a3dabe5d333b730 is-layout-flow wp-block-column-is-layout-flow\" style=\"color:#000000;padding-top:2em;padding-right:2em;padding-bottom:2em;padding-left:2em\">\n<h2 class=\"wp-block-heading\" id=\"single\" style=\"font-size:40px\"><strong>On aime<\/strong><\/h2>\n\n\n\n<ul class=\"wp-block-list\">\n<li>Le cadre Art nouveau unique et charmant<\/li>\n\n\n\n<li>L&rsquo;ambiance chaleureuse et conviviale<\/li>\n\n\n\n<li>Les pitas savoureuses et g\u00e9n\u00e9reuses<\/li>\n\n\n\n<li>Le large choix de pitas<\/li>\n\n\n\n<li>Les sauces maison d\u00e9licieuses<\/li>\n\n\n\n<li>Les prix abordables<\/li>\n\n\n\n<li>La terrasse <\/li>\n<\/ul>\n<\/div>\n\n\n\n<div class=\"wp-block-column has-text-color has-background has-link-color wp-elements-92612abc177b6ee7a4ff273a78cc8d0b is-layout-flow wp-block-column-is-layout-flow\" style=\"color:#000000;background-color:#d1d1e1;padding-top:2em;padding-right:2em;padding-bottom:2em;padding-left:2em\">\n<h2 class=\"wp-block-heading\" id=\"family\" style=\"font-size:40px\"><strong>On aime moins<\/strong><\/h2>\n\n\n\n<ul class=\"has-normal-font-size wp-block-list\">\n<li>La salle peut \u00eatre un peu bruyante \u00e0 certaines heures<\/li>\n\n\n\n<li>Le choix de desserts est un peu limit\u00e9<\/li>\n\n\n\n<li>Les pitas viennent sans frites, ce qui peut-\u00eatre surprenant si on est habit\u00e9 \u00e0 un pita-frites ou un grand mangeur<\/li>\n<\/ul>\n<\/div>\n<\/div>\n\n\n\n<h2 class=\"wp-block-heading\">Que retenir du Perroquet ?<\/h2>\n\n\n\n<ul class=\"wp-block-list\">\n<li><\/li>\n<\/ul>\n\n\n\n<p><strong>En r\u00e9sum\u00e9, Le Perroquet est une excellente adresse pour d\u00e9guster de d\u00e9licieuses pitas dans un cadre agr\u00e9able et \u00e0 un prix raisonnable. Nous le recommandons vivement \u00e0 tous ceux qui recherchent un bon repas dans le quartier du Sablon \u00e0 Bruxelles !<\/strong><\/p>\n\n\n\n<p><strong>N&rsquo;attendez plus et venez d\u00e9couvrir Le Perroquet !<\/strong><\/p>\n\n\n\n<h2 class=\"wp-block-heading\"><strong>Voici quelques informations pratiques :<\/strong><\/h2>\n\n\n\n<ul class=\"wp-block-list\">\n<li><strong>Adresse :<\/strong> Rue Watteeu 31, Brussels, Belgium 1000<\/li>\n\n\n\n<li><strong>Horaires :<\/strong> \n<ul class=\"wp-block-list\">\n<li>\ud83d\udd5a Tuesday\/Wednesday 12h-22h30<\/li>\n\n\n\n<li>\ud83d\udd5a Thursday to Saturday 12h-23h30<\/li>\n\n\n\n<li>\ud83d\udd5a Sunday 12h-22h30<\/li>\n<\/ul>\n<\/li>\n\n\n\n<li><a href=\"https:\/\/www.instagram.com\/le_perroquet\/?hl=fr\" target=\"_blank\" rel=\"noreferrer noopener\"><strong>Instagram<\/strong> <\/a><\/li>\n\n\n\n<li><\/li>\n<\/ul>\n\n\n\n<h2 class=\"wp-block-heading\">Avis r\u00e9cents sur Le Perroquet \u00e0 Bruxelles  :<\/h2>\n\n\n\n<ul class=\"wp-block-list\"><\/ul>\n\n\n\n<ul class=\"wp-block-list\"><\/ul>\n\n\n\n\n\n<p><\/p>\n\n\n\n\n\n<h2 class=\"wp-block-heading\">Conclusion<\/h2>\n\n\n\n<p><strong>J&rsquo;esp\u00e8re que cet article vous a donn\u00e9 envie de tester Le Perroquet ! N&rsquo;h\u00e9sitez pas \u00e0 me dire ce que vous en avez pens\u00e9 dans les commentaires.<\/strong><\/p>\n","protected":false,"gt_translate_keys":[{"key":"rendered","format":"html"}]},"excerpt":{"rendered":"<p>Envie d&rsquo;un repas simple, savoureux et pas cher dans le quartier du Sablon \u00e0 Bruxelles<\/p>\n","protected":false,"gt_translate_keys":[{"key":"rendered","format":"html"}]},"author":1,"featured_media":16856,"comment_status":"closed","ping_status":"closed","sticky":false,"template":"","format":"standard","meta":{"_lmt_disableupdate":"","_lmt_disable":"","footnotes":""},"categories":[10],"tags":[4977],"class_list":["post-16919","post","type-post","status-publish","format-standard","has-post-thumbnail","hentry","category-manger-a-bruxelles","tag-nous-avons-teste"],"modified_by":"pierre","amp_enabled":true,"gt_translate_keys":[{"key":"link","format":"url"}],"_links":{"self":[{"href":"https:\/\/www.insidebrussels.be\/V2\/wp-json\/wp\/v2\/posts\/16919","targetHints":{"allow":["GET"]}}],"collection":[{"href":"https:\/\/www.insidebrussels.be\/V2\/wp-json\/wp\/v2\/posts"}],"about":[{"href":"https:\/\/www.insidebrussels.be\/V2\/wp-json\/wp\/v2\/types\/post"}],"author":[{"embeddable":true,"href":"https:\/\/www.insidebrussels.be\/V2\/wp-json\/wp\/v2\/users\/1"}],"replies":[{"embeddable":true,"href":"https:\/\/www.insidebrussels.be\/V2\/wp-json\/wp\/v2\/comments?post=16919"}],"version-history":[{"count":3,"href":"https:\/\/www.insidebrussels.be\/V2\/wp-json\/wp\/v2\/posts\/16919\/revisions"}],"predecessor-version":[{"id":16934,"href":"https:\/\/www.insidebrussels.be\/V2\/wp-json\/wp\/v2\/posts\/16919\/revisions\/16934"}],"wp:featuredmedia":[{"embeddable":true,"href":"https:\/\/www.insidebrussels.be\/V2\/wp-json\/wp\/v2\/media\/16856"}],"wp:attachment":[{"href":"https:\/\/www.insidebrussels.be\/V2\/wp-json\/wp\/v2\/media?parent=16919"}],"wp:term":[{"taxonomy":"category","embeddable":true,"href":"https:\/\/www.insidebrussels.be\/V2\/wp-json\/wp\/v2\/categories?post=16919"},{"taxonomy":"post_tag","embeddable":true,"href":"https:\/\/www.insidebrussels.be\/V2\/wp-json\/wp\/v2\/tags?post=16919"}],"curies":[{"name":"wp","href":"https:\/\/api.w.org\/{rel}","templated":true}]}}