{"id":17002,"date":"2024-07-03T23:13:14","date_gmt":"2024-07-03T21:13:14","guid":{"rendered":"https:\/\/www.insidebrussels.be\/V2\/?p=17002"},"modified":"2024-07-05T00:02:20","modified_gmt":"2024-07-04T22:02:20","slug":"bozar-rooftop-un-havre-de-culture-et-de-detente-en-plein-coeur-de-bruxelles","status":"publish","type":"post","link":"https:\/\/www.insidebrussels.be\/V2\/bruxelles\/bozar-rooftop-un-havre-de-culture-et-de-detente-en-plein-coeur-de-bruxelles\/","title":{"rendered":"Bozar Rooftop: Un havre de culture et de d\u00e9tente en plein c\u0153ur de Bruxelles \u2600\ufe0f","gt_translate_keys":[{"key":"rendered","format":"text"}]},"content":{"rendered":"\n<p><strong>Envie de profiter des derniers rayons de soleil tout en sirotant un verre et en admirant une vue imprenable sur Bruxelles ?<\/strong> Alors, direction le <a href=\"https:\/\/www.insidebrussels.be\/V2\/bruxelles\/palais-des-bozar-un-joyau-incontournable\/\">Bozar <\/a>Rooftop ! <strong>Ouvert jusqu&rsquo;au 24 septembre<\/strong> 2024, ce rooftop exceptionnel vous invite \u00e0 vivre une exp\u00e9rience unique au c\u0153ur de la capitale belge. Dans cet article nous vous partageons <strong>notre exp\u00e9rience<\/strong> ainsi que les<strong> informations utiles sur ce <a href=\"https:\/\/www.insidebrussels.be\/V2\/bruxelles\/rooftop-bruxelles-2017-meilleures-terrasses\/\">rooftop <\/a>\u00e0 Bruxelles<\/strong><\/p>\n\n\n\n<div id=\"ez-toc-container\" class=\"ez-toc-v2_0_82_1 ez-toc-wrap-center counter-hierarchy ez-toc-counter ez-toc-custom ez-toc-container-direction\">\n<p class=\"ez-toc-title\" style=\"cursor:inherit\">\ud83d\udd25 Contenu de l&#039;article:<\/p>\n<label for=\"ez-toc-cssicon-toggle-item-69f0b37830469\" class=\"ez-toc-cssicon-toggle-label\"><span class=\"ez-toc-cssicon\"><span class=\"eztoc-hide\" style=\"display:none;\">Toggle<\/span><span class=\"ez-toc-icon-toggle-span\"><svg style=\"fill: #000000;color:#000000\" xmlns=\"http:\/\/www.w3.org\/2000\/svg\" class=\"list-377408\" width=\"20px\" height=\"20px\" viewBox=\"0 0 24 24\" fill=\"none\"><path d=\"M6 6H4v2h2V6zm14 0H8v2h12V6zM4 11h2v2H4v-2zm16 0H8v2h12v-2zM4 16h2v2H4v-2zm16 0H8v2h12v-2z\" fill=\"currentColor\"><\/path><\/svg><svg style=\"fill: #000000;color:#000000\" class=\"arrow-unsorted-368013\" xmlns=\"http:\/\/www.w3.org\/2000\/svg\" width=\"10px\" height=\"10px\" viewBox=\"0 0 24 24\" version=\"1.2\" baseProfile=\"tiny\"><path d=\"M18.2 9.3l-6.2-6.3-6.2 6.3c-.2.2-.3.4-.3.7s.1.5.3.7c.2.2.4.3.7.3h11c.3 0 .5-.1.7-.3.2-.2.3-.5.3-.7s-.1-.5-.3-.7zM5.8 14.7l6.2 6.3 6.2-6.3c.2-.2.3-.5.3-.7s-.1-.5-.3-.7c-.2-.2-.4-.3-.7-.3h-11c-.3 0-.5.1-.7.3-.2.2-.3.5-.3.7s.1.5.3.7z\"\/><\/svg><\/span><\/span><\/label><input type=\"checkbox\"  id=\"ez-toc-cssicon-toggle-item-69f0b37830469\" checked aria-label=\"Toggle\" \/><nav><ul class='ez-toc-list ez-toc-list-level-1 ' ><li class='ez-toc-page-1 ez-toc-heading-level-2'><a class=\"ez-toc-link ez-toc-heading-1\" href=\"https:\/\/www.insidebrussels.be\/V2\/bruxelles\/bozar-rooftop-un-havre-de-culture-et-de-detente-en-plein-coeur-de-bruxelles\/#A_quoi_sattendre_au_Rooftop_Bozar\" >A quoi s&rsquo;attendre au Rooftop Bozar?<\/a><\/li><li class='ez-toc-page-1 ez-toc-heading-level-2'><a class=\"ez-toc-link ez-toc-heading-2\" href=\"https:\/\/www.insidebrussels.be\/V2\/bruxelles\/bozar-rooftop-un-havre-de-culture-et-de-detente-en-plein-coeur-de-bruxelles\/#Ne_manquez_pas_les_brunchs_sur_ce_rooftop\" >Ne manquez pas les brunchs sur ce rooftop!<\/a><\/li><li class='ez-toc-page-1 ez-toc-heading-level-2'><a class=\"ez-toc-link ez-toc-heading-3\" href=\"https:\/\/www.insidebrussels.be\/V2\/bruxelles\/bozar-rooftop-un-havre-de-culture-et-de-detente-en-plein-coeur-de-bruxelles\/#Brunch_Funky_au_Rooftop_du_bozarbrussels\" >Brunch Funky au Rooftop du @bozarbrussels !<\/a><\/li><li class='ez-toc-page-1 ez-toc-heading-level-2'><a class=\"ez-toc-link ez-toc-heading-4\" href=\"https:\/\/www.insidebrussels.be\/V2\/bruxelles\/bozar-rooftop-un-havre-de-culture-et-de-detente-en-plein-coeur-de-bruxelles\/#Notre_avis\" >Notre avis<\/a><\/li><li class='ez-toc-page-1 ez-toc-heading-level-2'><a class=\"ez-toc-link ez-toc-heading-5\" href=\"https:\/\/www.insidebrussels.be\/V2\/bruxelles\/bozar-rooftop-un-havre-de-culture-et-de-detente-en-plein-coeur-de-bruxelles\/#Informations_pratiques\" >Informations pratiques :<\/a><\/li><li class='ez-toc-page-1 ez-toc-heading-level-2'><a class=\"ez-toc-link ez-toc-heading-6\" href=\"https:\/\/www.insidebrussels.be\/V2\/bruxelles\/bozar-rooftop-un-havre-de-culture-et-de-detente-en-plein-coeur-de-bruxelles\/#Questions_frequentes\" >Questions fr\u00e9quentes<\/a><ul class='ez-toc-list-level-3' ><li class='ez-toc-heading-level-3'><a class=\"ez-toc-link ez-toc-heading-7\" href=\"https:\/\/www.insidebrussels.be\/V2\/bruxelles\/bozar-rooftop-un-havre-de-culture-et-de-detente-en-plein-coeur-de-bruxelles\/#Quels_sont_les_evenements_a_ne_pas_manquer_sur_ce_rooftop\" >Quels sont les \u00e9venements \u00e0 ne pas manquer sur ce rooftop ?<\/a><\/li><li class='ez-toc-page-1 ez-toc-heading-level-3'><a class=\"ez-toc-link ez-toc-heading-8\" href=\"https:\/\/www.insidebrussels.be\/V2\/bruxelles\/bozar-rooftop-un-havre-de-culture-et-de-detente-en-plein-coeur-de-bruxelles\/#A_partir_de_quand_et_jusque_quand_le_rooftop_est-il_ouvert\" >A partir de quand et jusque quand le rooftop est-il ouvert ?<\/a><\/li><li class='ez-toc-page-1 ez-toc-heading-level-3'><a class=\"ez-toc-link ez-toc-heading-9\" href=\"https:\/\/www.insidebrussels.be\/V2\/bruxelles\/bozar-rooftop-un-havre-de-culture-et-de-detente-en-plein-coeur-de-bruxelles\/#Quel_est_la_programmation_en_fonction_des_jours_de_la_semaines_au_Bozar_Rooftop\" >Quel est la programmation en fonction des jours de la semaines au Bozar Rooftop ?<\/a><\/li><\/ul><\/li><\/ul><\/nav><\/div>\n<h2 class=\"wp-block-heading\"><span class=\"ez-toc-section\" id=\"A_quoi_sattendre_au_Rooftop_Bozar\"><\/span><strong>A quoi s&rsquo;attendre au Rooftop Bozar?<\/strong><span class=\"ez-toc-section-end\"><\/span><\/h2>\n\n\n\n<figure class=\"wp-block-gallery has-nested-images columns-default is-cropped wp-block-gallery-2 is-layout-flex wp-block-gallery-is-layout-flex\">\n<figure class=\"wp-block-image size-large\"><a href=\"https:\/\/www.insidebrussels.be\/V2\/wp-content\/uploads\/2024\/07\/20240628_200230.jpg\"><img decoding=\"async\" width=\"577\" height=\"1024\" data-id=\"17006\" src=\"https:\/\/www.insidebrussels.be\/V2\/wp-content\/uploads\/2024\/07\/20240628_200230-577x1024.jpg\" alt=\"Rooftop Bozar, (c) Photo Presse Instagram\" class=\"wp-image-17006\" srcset=\"https:\/\/www.insidebrussels.be\/V2\/wp-content\/uploads\/2024\/07\/20240628_200230-577x1024.jpg 577w, https:\/\/www.insidebrussels.be\/V2\/wp-content\/uploads\/2024\/07\/20240628_200230-169x300.jpg 169w, https:\/\/www.insidebrussels.be\/V2\/wp-content\/uploads\/2024\/07\/20240628_200230-768x1364.jpg 768w, https:\/\/www.insidebrussels.be\/V2\/wp-content\/uploads\/2024\/07\/20240628_200230-865x1536.jpg 865w, https:\/\/www.insidebrussels.be\/V2\/wp-content\/uploads\/2024\/07\/20240628_200230.jpg 1081w\" sizes=\"(max-width: 577px) 100vw, 577px\" \/><\/a><figcaption class=\"wp-element-caption\">Rooftop Bozar, (c) Photo Presse Instagram<\/figcaption><\/figure>\n\n\n\n<figure class=\"wp-block-image size-large\"><a href=\"https:\/\/www.insidebrussels.be\/V2\/wp-content\/uploads\/2024\/07\/20240628_202118.jpg\"><img decoding=\"async\" width=\"577\" height=\"1024\" data-id=\"17007\" src=\"https:\/\/www.insidebrussels.be\/V2\/wp-content\/uploads\/2024\/07\/20240628_202118-577x1024.jpg\" alt=\"Rooftop Bozar, (c) Photo Presse Instagram\" class=\"wp-image-17007\" srcset=\"https:\/\/www.insidebrussels.be\/V2\/wp-content\/uploads\/2024\/07\/20240628_202118-577x1024.jpg 577w, https:\/\/www.insidebrussels.be\/V2\/wp-content\/uploads\/2024\/07\/20240628_202118-169x300.jpg 169w, https:\/\/www.insidebrussels.be\/V2\/wp-content\/uploads\/2024\/07\/20240628_202118-768x1364.jpg 768w, https:\/\/www.insidebrussels.be\/V2\/wp-content\/uploads\/2024\/07\/20240628_202118-865x1536.jpg 865w, https:\/\/www.insidebrussels.be\/V2\/wp-content\/uploads\/2024\/07\/20240628_202118.jpg 1081w\" sizes=\"(max-width: 577px) 100vw, 577px\" \/><\/a><figcaption class=\"wp-element-caption\">Rooftop Bozar, (c) Photo Presse Instagram<\/figcaption><\/figure>\n\n\n\n<figure class=\"wp-block-image size-large\"><a href=\"https:\/\/www.insidebrussels.be\/V2\/wp-content\/uploads\/2024\/07\/20240628_202123.jpg\"><img decoding=\"async\" width=\"577\" height=\"1024\" data-id=\"17008\" src=\"https:\/\/www.insidebrussels.be\/V2\/wp-content\/uploads\/2024\/07\/20240628_202123-577x1024.jpg\" alt=\"Rooftop Bozar, (c) Photo Presse Instagram\" class=\"wp-image-17008\" srcset=\"https:\/\/www.insidebrussels.be\/V2\/wp-content\/uploads\/2024\/07\/20240628_202123-577x1024.jpg 577w, https:\/\/www.insidebrussels.be\/V2\/wp-content\/uploads\/2024\/07\/20240628_202123-169x300.jpg 169w, https:\/\/www.insidebrussels.be\/V2\/wp-content\/uploads\/2024\/07\/20240628_202123-768x1364.jpg 768w, https:\/\/www.insidebrussels.be\/V2\/wp-content\/uploads\/2024\/07\/20240628_202123-865x1536.jpg 865w, https:\/\/www.insidebrussels.be\/V2\/wp-content\/uploads\/2024\/07\/20240628_202123.jpg 1081w\" sizes=\"(max-width: 577px) 100vw, 577px\" \/><\/a><figcaption class=\"wp-element-caption\">Rooftop Bozar, (c) Photo Presse Instagram<\/figcaption><\/figure>\n\n\n\n<figure class=\"wp-block-image size-large\"><a href=\"https:\/\/www.insidebrussels.be\/V2\/wp-content\/uploads\/2024\/07\/FB_IMG_1719939264416.jpg\"><img decoding=\"async\" width=\"575\" height=\"1024\" data-id=\"17009\" src=\"https:\/\/www.insidebrussels.be\/V2\/wp-content\/uploads\/2024\/07\/FB_IMG_1719939264416-575x1024.jpg\" alt=\"Rooftop Bozar, (c) Photo Presse Instagram\" class=\"wp-image-17009\" srcset=\"https:\/\/www.insidebrussels.be\/V2\/wp-content\/uploads\/2024\/07\/FB_IMG_1719939264416-575x1024.jpg 575w, https:\/\/www.insidebrussels.be\/V2\/wp-content\/uploads\/2024\/07\/FB_IMG_1719939264416-168x300.jpg 168w, https:\/\/www.insidebrussels.be\/V2\/wp-content\/uploads\/2024\/07\/FB_IMG_1719939264416-768x1369.jpg 768w, https:\/\/www.insidebrussels.be\/V2\/wp-content\/uploads\/2024\/07\/FB_IMG_1719939264416-862x1536.jpg 862w, https:\/\/www.insidebrussels.be\/V2\/wp-content\/uploads\/2024\/07\/FB_IMG_1719939264416.jpg 1080w\" sizes=\"(max-width: 575px) 100vw, 575px\" \/><\/a><figcaption class=\"wp-element-caption\">Rooftop Bozar, (c) Photo Presse Instagram<\/figcaption><\/figure>\n<\/figure>\n\n\n\n<ul class=\"wp-block-list\">\n<li><strong>Une ambiance musicale surprenante et vari\u00e9e:<\/strong> Mercredis festifs, jeudis \u00e9lectro, vendredis hip-hop, samedis \u00e9clectiques et dimanches chill&#8230; Il y en a pour tous les go\u00fbts ! <a href=\"https:\/\/www.facebook.com\/p\/Bozar-Rooftop-61560440422118\/?_rdr\" target=\"_blank\" rel=\"noreferrer noopener nofollow\">Bozar Rooftop Sur Facebook <\/a><\/li>\n\n\n\n<li><strong>Une installation artistique audacieuse:<\/strong> Le bureau d&rsquo;architecture Traumnovelle a imagin\u00e9 une sc\u00e9nographie originale \u00e0 base de drapeaux r\u00e9fl\u00e9chissants, pour une exp\u00e9rience immersive et po\u00e9tique.<a href=\"https:\/\/www.bozar.be\/en\/bozar-top\" target=\"_blank\" rel=\"noreferrer noopener\"> <\/a> <a href=\"https:\/\/www.bozar.be\/en\/bozar-top\" target=\"_blank\" rel=\"noreferrer noopener nofollow\">Bozar Rooftop Brussels officiel.<\/a><\/li>\n\n\n\n<li><strong>Une vue imprenable sur Bruxelles:<\/strong> Admirez la ville sous un nouveau jour, du haut de ce rooftop unique. <\/li>\n\n\n\n<li><strong>Un bar avec des boissons fra\u00eeches et des encas gourmands:<\/strong> Parfait pour se d\u00e9salt\u00e9rer avec un <a href=\"https:\/\/www.insidebrussels.be\/V2\/bruxelles\/aperol-spritz-un-hymne-a-la-positivite-dans-lhoreca-belge\/\">Ap\u00e9rol <\/a>et se restaurer entre deux concerts ou s\u00e9ances de cin\u00e9ma en plein air.<\/li>\n<\/ul>\n\n\n\n<p><strong>En plus de sa programmation r\u00e9guli\u00e8re, le Bozar Rooftop accueille \u00e9galement des \u00e9v\u00e9nements ponctuels tout au long de l&rsquo;\u00e9t\u00e9.<\/strong> Id\u00e9al entre-amis et m\u00eame en famille.<\/p>\n\n\n\n<h2 class=\"wp-block-heading\"><span class=\"ez-toc-section\" id=\"Ne_manquez_pas_les_brunchs_sur_ce_rooftop\"><\/span>Ne manquez pas les brunchs sur ce rooftop!<span class=\"ez-toc-section-end\"><\/span><\/h2>\n\n\n\n<h2 class=\"wp-block-heading\"><span class=\"ez-toc-section\" id=\"Brunch_Funky_au_Rooftop_du_bozarbrussels\"><\/span>Brunch Funky au Rooftop du @bozarbrussels !<span class=\"ez-toc-section-end\"><\/span><\/h2>\n\n\n\n<p>Rejoignez les tous les samedis et dimanches de 10h \u00e0 13h pour un brunch inoubliable avec @greenmangoburgers !<\/p>\n\n\n\n<p>Profitez d&rsquo;une vue imprenable sur Bruxelles tout en savourant nos plats d\u00e9licieux. Le nombre de places est limit\u00e9, alors r\u00e9servez vite la v\u00f4tre  <strong>R\u00e9servation<\/strong> : info@greenmango.be<\/p>\n\n\n\n<p><\/p>\n\n\n\n<iframe loading=\"lazy\" src=\"https:\/\/www.facebook.com\/plugins\/video.php?height=476&#038;href=https%3A%2F%2Fwww.facebook.com%2F61560440422118%2Fvideos%2F2219977821669098%2F&#038;show_text=false&#038;width=267&#038;t=0\" width=\"267\" height=\"476\" style=\"border:none;overflow:hidden\" scrolling=\"no\" frameborder=\"0\" allowfullscreen=\"true\" allow=\"autoplay; clipboard-write; encrypted-media; picture-in-picture; web-share\" allowFullScreen=\"true\"><\/iframe>\n\n\n\n<h2 class=\"wp-block-heading\"><span class=\"ez-toc-section\" id=\"Notre_avis\"><\/span>Notre avis<span class=\"ez-toc-section-end\"><\/span><\/h2>\n\n\n\n<figure class=\"wp-block-image size-large\"><a href=\"https:\/\/www.insidebrussels.be\/V2\/wp-content\/uploads\/2024\/07\/FB_IMG_1719939264416.jpg\"><img decoding=\"async\" width=\"575\" height=\"1024\" src=\"https:\/\/www.insidebrussels.be\/V2\/wp-content\/uploads\/2024\/07\/FB_IMG_1719939264416-575x1024.jpg\" alt=\"Rooftop Bozar, (c) Photo Presse Instagram\" class=\"wp-image-17009\" srcset=\"https:\/\/www.insidebrussels.be\/V2\/wp-content\/uploads\/2024\/07\/FB_IMG_1719939264416-575x1024.jpg 575w, https:\/\/www.insidebrussels.be\/V2\/wp-content\/uploads\/2024\/07\/FB_IMG_1719939264416-168x300.jpg 168w, https:\/\/www.insidebrussels.be\/V2\/wp-content\/uploads\/2024\/07\/FB_IMG_1719939264416-768x1369.jpg 768w, https:\/\/www.insidebrussels.be\/V2\/wp-content\/uploads\/2024\/07\/FB_IMG_1719939264416-862x1536.jpg 862w, https:\/\/www.insidebrussels.be\/V2\/wp-content\/uploads\/2024\/07\/FB_IMG_1719939264416.jpg 1080w\" sizes=\"(max-width: 575px) 100vw, 575px\" \/><\/a><figcaption class=\"wp-element-caption\">Rooftop Bozar, (c) Photo Presse Instagram<\/figcaption><\/figure>\n\n\n\n<p>J&rsquo;ai eu la chance de d\u00e9couvrir le Bozar Rooftop il y a quelques semaines et j&rsquo;ai \u00e9t\u00e9 <strong>totalement charm\u00e9<\/strong> par cet endroit magique. L&rsquo;ambiance y est <strong>d\u00e9contract\u00e9e et festive<\/strong>, la vue sur la ville est <strong>\u00e0 couper le souffle<\/strong>, et la programmation musicale est <strong>\u00e9clectique et de qualit\u00e9<\/strong>.<\/p>\n\n\n\n<h2 class=\"wp-block-heading\"><span class=\"ez-toc-section\" id=\"Informations_pratiques\"><\/span><strong>Informations pratiques :<\/strong><span class=\"ez-toc-section-end\"><\/span><\/h2>\n\n\n\n<ul class=\"wp-block-list\">\n<li><strong>Acc\u00e8s:<\/strong> Rue Ravenstein 23, 1000 Bruxelles <strong>Heures d&rsquo;ouverture:<\/strong>\n<ul class=\"wp-block-list\">\n<li>Du mardi au vendredi : de 12h \u00e0 14h et de 18h \u00e0 21h45.<\/li>\n\n\n\n<li>Samedi : 18h \u2013 21h45.<\/li>\n\n\n\n<li>Dimanche : 10h \u2013 18h.<\/li>\n\n\n\n<li>Ferm\u00e9 le lundi.<\/li>\n<\/ul>\n<\/li>\n\n\n\n<li><strong>Entr\u00e9e gratuite<\/strong><\/li>\n\n\n\n<li><strong>Plus d&rsquo;infos:<\/strong> <a href=\"https:\/\/www.bozar.be\/fr\/bozar-top\" target=\"_blank\" rel=\"noreferrer noopener\">https:\/\/www.bozar.be\/fr\/bozar-top<\/a><\/li>\n<\/ul>\n\n\n\n<p><strong>Alors, n&rsquo;attendez plus et venez profiter du Bozar Rooftop !<\/strong><\/p>\n\n\n\n<p><\/p>\n\n\n\n<h2 class=\"wp-block-heading\"><span class=\"ez-toc-section\" id=\"Questions_frequentes\"><\/span>Questions fr\u00e9quentes<span class=\"ez-toc-section-end\"><\/span><\/h2>\n\n\n\n<h3 class=\"wp-block-heading\"><span class=\"ez-toc-section\" id=\"Quels_sont_les_evenements_a_ne_pas_manquer_sur_ce_rooftop\"><\/span><span style=\"text-decoration: underline;\">Quels sont les \u00e9venements \u00e0 ne pas manquer sur ce rooftop ?<\/span><span class=\"ez-toc-section-end\"><\/span><\/h3>\n\n\n\n<ul class=\"wp-block-list\">\n<li><strong>Les projections de films de Chantal Akerman les 22 et 23 juin<\/strong><\/li>\n\n\n\n<li><strong>La \u00ab\u00a0Opening Week\u00a0\u00bb du 16 au 26 septembre pour lancer la nouvelle saison de Bozar<\/strong><\/li>\n<\/ul>\n\n\n\n<h3 class=\"wp-block-heading\"><span class=\"ez-toc-section\" id=\"A_partir_de_quand_et_jusque_quand_le_rooftop_est-il_ouvert\"><\/span><span style=\"text-decoration: underline;\">A partir de quand et jusque quand le rooftop est-il ouvert ?<\/span><span class=\"ez-toc-section-end\"><\/span><\/h3>\n\n\n\n<p>Vendredi 7 juin au dimanche 29 septembre 2024<\/p>\n\n\n\n<h3 class=\"wp-block-heading\"><span class=\"ez-toc-section\" id=\"Quel_est_la_programmation_en_fonction_des_jours_de_la_semaines_au_Bozar_Rooftop\"><\/span>Quel est la programmation en fonction des jours de la semaines au Bozar Rooftop ?<span class=\"ez-toc-section-end\"><\/span><\/h3>\n\n\n\n<ul class=\"wp-block-list\">\n<li>\ud83c\udf89 Mercredis <strong>festifs <\/strong>: D\u00e9couvrez des performances originales, des projections de films en plein air et des afterworks anim\u00e9s dans une atmosph\u00e8re chaleureuse et captivante \u2728.<\/li>\n<\/ul>\n\n\n\n<ul class=\"wp-block-list\">\n<li><strong>\u26a1\ufe0f Jeudis \u00e9lectro :<\/strong> Plongez dans l&rsquo;univers musical pointu de Lost In Garden et VER2US. Pr\u00e9parez-vous \u00e0 des sons innovants et \u00e0 des soir\u00e9es \u00e9lectrisantes !<\/li>\n<\/ul>\n\n\n\n<ul class=\"wp-block-list\">\n<li>\ud83c\udf99\ufe0fVendredis <strong>Hip-Hop<\/strong> : Le dernier jour de la semaine est d\u00e9di\u00e9 \u00e0 la musique urbaine avec 21AM et K4. On va mettre du flow dans votre week-end .<\/li>\n<\/ul>\n\n\n\n<ul class=\"wp-block-list\">\n<li>\u2728<strong>Samedis \u00e9clectiques :<\/strong> D\u00e9couvrez un univers sonore riche et diversifi\u00e9 pr\u00e9sent\u00e9 par Meta Collectif, Radio Micro Waves, Speak Easy, Orfeo, et bien d&rsquo;autres ! Il y en aura pour tous les go\u00fbts !<\/li>\n<\/ul>\n\n\n\n<ul class=\"wp-block-list\">\n<li>\ud83d\ude0e <strong>Dimanches chill :<\/strong> Profitez d&rsquo;une ambiance relaxante et apaisante avec des s\u00e9ances de yoga, des brunchs conviviaux et des concerts acoustiques en plein air. Le dimanche, c&rsquo;est pour se ressourcer !<\/li>\n<\/ul>\n\n\n\n<p><strong>#BozarRooftop #Bruxelles #Rooftop #Musique #Art #Vue #\u00c9t\u00e9 #Chill<\/strong><\/p>\n\n\n\n<p>Les rooftop vous int\u00e9ressent ? Jetter un oeil aussi \u00e0 ces endroits \u00e9galement magiques: <a href=\"https:\/\/www.insidebrussels.be\/V2\/bruxelles\/jardin-bar-le-nouveau-rooftop-boulevard-anspach\/\">Jardin<\/a> , <a href=\"https:\/\/www.insidebrussels.be\/V2\/bruxelles\/scorpio-le-nouveau-rooftop-sur-le-toit-du-basilix\/\">Scorpio<\/a>,<a href=\"https:\/\/www.insidebrussels.be\/V2\/bruxelles\/albert-rooftop-le-nouveau-rooftop-geant-au-mont-des-arts-a-bruxelles\/\"> Albert <\/a>,<a href=\"https:\/\/www.insidebrussels.be\/V2\/bruxelles\/perche-un-coin-de-paradis-perche-sur-les-toits-de-bruxelles\/\"> Perch\u00e9<\/a>, <a href=\"https:\/\/www.insidebrussels.be\/V2\/bruxelles\/rooftop-bars-a-bruxelles\/\">Rooftop Bars \u00e0 bruxelles <\/a>  <\/p>\n","protected":false,"gt_translate_keys":[{"key":"rendered","format":"html"}]},"excerpt":{"rendered":"<p>Envie de profiter des derniers rayons de soleil tout en sirotant un verre et en<\/p>\n","protected":false,"gt_translate_keys":[{"key":"rendered","format":"html"}]},"author":1,"featured_media":17004,"comment_status":"closed","ping_status":"closed","sticky":false,"template":"","format":"standard","meta":{"_lmt_disableupdate":"no","_lmt_disable":"","footnotes":""},"categories":[44,10,1],"tags":[48,4977],"class_list":["post-17002","post","type-post","status-publish","format-standard","has-post-thumbnail","hentry","category-boire","category-manger-a-bruxelles","category-uncategorised","tag-gratuit","tag-nous-avons-teste"],"modified_by":"pierre","amp_enabled":true,"gt_translate_keys":[{"key":"link","format":"url"}],"_links":{"self":[{"href":"https:\/\/www.insidebrussels.be\/V2\/wp-json\/wp\/v2\/posts\/17002","targetHints":{"allow":["GET"]}}],"collection":[{"href":"https:\/\/www.insidebrussels.be\/V2\/wp-json\/wp\/v2\/posts"}],"about":[{"href":"https:\/\/www.insidebrussels.be\/V2\/wp-json\/wp\/v2\/types\/post"}],"author":[{"embeddable":true,"href":"https:\/\/www.insidebrussels.be\/V2\/wp-json\/wp\/v2\/users\/1"}],"replies":[{"embeddable":true,"href":"https:\/\/www.insidebrussels.be\/V2\/wp-json\/wp\/v2\/comments?post=17002"}],"version-history":[{"count":5,"href":"https:\/\/www.insidebrussels.be\/V2\/wp-json\/wp\/v2\/posts\/17002\/revisions"}],"predecessor-version":[{"id":17059,"href":"https:\/\/www.insidebrussels.be\/V2\/wp-json\/wp\/v2\/posts\/17002\/revisions\/17059"}],"wp:featuredmedia":[{"embeddable":true,"href":"https:\/\/www.insidebrussels.be\/V2\/wp-json\/wp\/v2\/media\/17004"}],"wp:attachment":[{"href":"https:\/\/www.insidebrussels.be\/V2\/wp-json\/wp\/v2\/media?parent=17002"}],"wp:term":[{"taxonomy":"category","embeddable":true,"href":"https:\/\/www.insidebrussels.be\/V2\/wp-json\/wp\/v2\/categories?post=17002"},{"taxonomy":"post_tag","embeddable":true,"href":"https:\/\/www.insidebrussels.be\/V2\/wp-json\/wp\/v2\/tags?post=17002"}],"curies":[{"name":"wp","href":"https:\/\/api.w.org\/{rel}","templated":true}]}}