{"id":17021,"date":"2024-07-04T23:13:07","date_gmt":"2024-07-04T21:13:07","guid":{"rendered":"https:\/\/www.insidebrussels.be\/V2\/?p=17021"},"modified":"2024-07-21T00:07:25","modified_gmt":"2024-07-20T22:07:25","slug":"aperol-spritz-un-hymne-a-la-positivite-dans-lhoreca-belge","status":"publish","type":"post","link":"https:\/\/www.insidebrussels.be\/V2\/bruxelles\/aperol-spritz-un-hymne-a-la-positivite-dans-lhoreca-belge\/","title":{"rendered":"Aperol Spritz : Un hymne \u00e0 la positivit\u00e9 dans l&rsquo;horeca belge !","gt_translate_keys":[{"key":"rendered","format":"text"}]},"content":{"rendered":"\n<p>En ces temps o\u00f9 la morosit\u00e9 peut parfois nous envahir, l&rsquo;heure est \u00e0 la recherche de moments de joie et de partage. C&rsquo;est dans cet esprit que l&rsquo;Aperol Spritz, l&#8217;embl\u00e9matique ap\u00e9ritif italien, se pr\u00e9sente comme un v\u00e9ritable hymne \u00e0 la positivit\u00e9, notamment dans l&rsquo;univers de l&rsquo;horeca belge. A Bruxelles, impossible en \u00e9t\u00e9 de voire une terrasse sans les mythiques verres orange Aperol. Nous vous d\u00e9voilons tout sur ce produit mythique dans cet article\ud83c\udf79.<\/p>\n\n\n\n<h2 class=\"wp-block-heading\">Mais qu&rsquo;est-ce donc qu&rsquo;un \u00ab\u00a0Aperol Spritz\u00a0\u00bb ?<\/h2>\n\n\n\n<figure class=\"wp-block-image size-large\"><a href=\"https:\/\/www.insidebrussels.be\/V2\/wp-content\/uploads\/2024\/07\/aperole-presse.jpg\"><img decoding=\"async\" width=\"1024\" height=\"682\" src=\"https:\/\/www.insidebrussels.be\/V2\/wp-content\/uploads\/2024\/07\/aperole-presse-1024x682.jpg\" alt=\"Terrasse \u00e0 Bruxelles Ap\u00e9role presse (c) famousrelations.be\" class=\"wp-image-17023\" srcset=\"https:\/\/www.insidebrussels.be\/V2\/wp-content\/uploads\/2024\/07\/aperole-presse-1024x682.jpg 1024w, https:\/\/www.insidebrussels.be\/V2\/wp-content\/uploads\/2024\/07\/aperole-presse-300x200.jpg 300w, https:\/\/www.insidebrussels.be\/V2\/wp-content\/uploads\/2024\/07\/aperole-presse-768x512.jpg 768w, https:\/\/www.insidebrussels.be\/V2\/wp-content\/uploads\/2024\/07\/aperole-presse.jpg 1160w\" sizes=\"(max-width: 1024px) 100vw, 1024px\" \/><\/a><figcaption class=\"wp-element-caption\">Terrasse \u00e0 Bruxelles Ap\u00e9role presse (c) famousrelations.be<\/figcaption><\/figure>\n\n\n\n<p>Partout o\u00f9 l&rsquo;on se prom\u00e8ne, dans les quartiers branch\u00e9s comme dans les coins populaires ou des rooftop et endroits mythiques tels que <a href=\"https:\/\/www.insidebrussels.be\/V2\/bruxelles\/jardin-bar-le-nouveau-rooftop-boulevard-anspach\/\">Jardin<\/a>, <a href=\"https:\/\/www.insidebrussels.be\/V2\/bruxelles\/bozar-rooftop-un-havre-de-culture-et-de-detente-en-plein-coeur-de-bruxelles\/\">Bozar<\/a>, <a href=\"https:\/\/www.insidebrussels.be\/V2\/bruxelles\/perche-un-coin-de-paradis-perche-sur-les-toits-de-bruxelles\/\">Perch\u00e9<\/a>&#8230; <strong> ces cocktails \u00e0 la couleur ensoleill\u00e9e semblent symboliser l&rsquo;art de vivre <\/strong>et la <strong>convivialit\u00e9 <\/strong>qui caract\u00e9risent la capitale belge.<\/p>\n\n\n\n<p>Imaginez un cocktail p\u00e9tillant et rafra\u00eechissant, aux couleurs vives et \u00e0 la saveur am\u00e8re-sucr\u00e9e d\u00e9licieusement \u00e9quilibr\u00e9e. Voil\u00e0 l&rsquo;essence m\u00eame de l<a href=\"https:\/\/www.instagram.com\/p\/C55OMhdIweQ\/\" target=\"_blank\" rel=\"noreferrer noopener\">&lsquo;Aperol Spritz<\/a> ! Sa recette, simple mais secr\u00e8te, marie l&rsquo;amertume de l&rsquo;Aperol, un ap\u00e9ritif italien \u00e0 base d&rsquo;herbes et d&rsquo;agrumes, \u00e0 la vivacit\u00e9 du Prosecco, un vin blanc p\u00e9tillant italien. Une touche d&rsquo;eau gazeuse et une tranche d&rsquo;orange viennent parfaire ce breuvage qui invite \u00e0 la convivialit\u00e9.\ud83c\udf79\ud83e\udd42<\/p>\n\n\n\n<h2 class=\"wp-block-heading\">Vous ne savez pas o\u00f9 d\u00e9guster un Aperol Spritz \u00e0 Bruxelles?<\/h2>\n\n\n\n<p>Pas de panique ! Bruxelles regorge de terrasses accueillantes o\u00f9 savourer ce cocktail ensoleill\u00e9. Voici 3 suggestions HoReCa pour l&rsquo;ap\u00e9ritif \u00e0 Bruxelles :<\/p>\n\n\n\n<ul class=\"wp-block-list\">\n<li>\ud83c\udf79<strong>Bistro-nazionale<\/strong>:  Le mod\u00e8le du bistro traditionnel o\u00f9 l\u2019on peut \u00e0 la fois boire et manger, le tout concoct\u00e9 aux accents du Sud !&nbsp;Petits producteurs, s\u00e9lection de bi\u00e8res transalpines, tr\u00e9sors viticoles, classiques revisit\u00e9s \u00e0 travers une cuisine traditionnelle gourmande ! Venez partager un moment entre amis, boire, manger, rigoler. Sans pr\u00e9tention, abordable, profitez des plaisirs simples de la vie \u00e0 l\u2019italienne ! Et le mercredi, c\u2019est p\u00e2tes \u00e0 volont\u00e9 + 1 boisson pour 25 \u20ac. Toutes les boissons sont italiennes, m\u00eame la cola. Vous y trouverez donc du&nbsp;<strong>Spritz<\/strong>&nbsp;! \ud83c\udf79<\/li>\n\n\n\n<li>\ud83c\udf79<strong>Mappa Mundo<\/strong> Un estaminet bruxellois tr\u00e8s convivial au beau milieu des halles Saint-G\u00e9ry. Les serveurs y sont sympathiques et vous proposent, si vous le souhaitez, de ramener votre nourriture des commerces environnants. C\u2019est un lieu tr\u00e8s convivial&#8230; Et bien s\u00fbr, vous pouvez y prendre un&nbsp;<a href=\"http:\/\/webmenu.be\/MappaMundo.html\" target=\"_blank\" rel=\"noreferrer noopener\">Aperol&nbsp;<\/a>! <\/li>\n\n\n\n<li>\ud83c\udf79<strong>La Piola Libri  <\/strong>allie savoir-faire, hospitalit\u00e9 et amour de la tradition viticole italienne. Inspir\u00e9 par son nom, qui signifie \u201costeria\u201d en pi\u00e9montais, le magasin de vins propose une large s\u00e9lection de vins fins de toutes les r\u00e9gions d\u2019Italie. C\u2019est un lieu id\u00e9al pour d\u00e9guster, apprendre ou red\u00e9couvrir les vins italiens. Et bien s\u00fbr, vous pouvez y prendre un Aperol ! \ud83c\uddee\ud83c\uddf9 <a href=\"https:\/\/piolalibri.be\/fr\/drink-menu\/\">Drink Menu \u2013 PiolaLibr<\/a><\/li>\n\n\n\n<li>\ud83c\udf79<strong><a href=\"https:\/\/www.squadracocina.com\/cocina-flagey\" target=\"_blank\" rel=\"noreferrer noopener\">Cocina<\/a><\/strong>: \u00a0d\u00e9gustez l&rsquo;une des pizzas les plus authentiques de la ville dans une ambiance virevoltante. Le meilleur de la tradition italienne se savoure \u00e9galement avec un Ap\u00e9rol Spritz<\/li>\n<\/ul>\n\n\n\n<p><strong>Alors, qu&rsquo;attendez-vous ?<\/strong> Rejoignez le \u00ab\u00a0Positive Squad\u00a0\u00bb, partagez vos exp\u00e9riences positives dans vos lieux horeca pr\u00e9f\u00e9r\u00e9s et participez \u00e0 l&rsquo;Aperol DJ Contest !<\/p>\n\n\n\n<p>En ces temps o\u00f9 la morosit\u00e9 peut parfois nous envahir, l&rsquo;heure est \u00e0 la recherche de moments de joie et de partage. C&rsquo;est dans cet esprit que l&rsquo;Aperol Spritz, l&#8217;embl\u00e9matique ap\u00e9ritif italien, se pr\u00e9sente comme un v\u00e9ritable hymne \u00e0 la positivit\u00e9, notamment dans l&rsquo;univers de l&rsquo;horeca belge.<\/p>\n\n\n\n<h2 class=\"wp-block-heading\"><strong>Le \u00ab\u00a0Positive Squad\u00a0\u00bb : Un collectif d&rsquo;amoureux des bons moments<\/strong><\/h2>\n\n\n\n<p><\/p>\n\n\n\n<figure class=\"wp-block-gallery has-nested-images columns-default is-cropped wp-block-gallery-2 is-layout-flex wp-block-gallery-is-layout-flex\">\n<figure class=\"wp-block-image size-large\"><a href=\"https:\/\/www.insidebrussels.be\/V2\/wp-content\/uploads\/2024\/07\/spritz-presse-famous.webp\"><img decoding=\"async\" width=\"819\" height=\"1024\" data-id=\"17025\" src=\"https:\/\/www.insidebrussels.be\/V2\/wp-content\/uploads\/2024\/07\/spritz-presse-famous-819x1024.webp\" alt=\"\" class=\"wp-image-17025\" srcset=\"https:\/\/www.insidebrussels.be\/V2\/wp-content\/uploads\/2024\/07\/spritz-presse-famous-819x1024.webp 819w, https:\/\/www.insidebrussels.be\/V2\/wp-content\/uploads\/2024\/07\/spritz-presse-famous-240x300.webp 240w, https:\/\/www.insidebrussels.be\/V2\/wp-content\/uploads\/2024\/07\/spritz-presse-famous-768x960.webp 768w, https:\/\/www.insidebrussels.be\/V2\/wp-content\/uploads\/2024\/07\/spritz-presse-famous.webp 1200w\" sizes=\"(max-width: 819px) 100vw, 819px\" \/><\/a><figcaption class=\"wp-element-caption\">Ap\u00e9rol Sptiz Photo Press famousrelations.prezly.com<\/figcaption><\/figure>\n\n\n\n<figure class=\"wp-block-image size-large\"><a href=\"https:\/\/www.insidebrussels.be\/V2\/wp-content\/uploads\/2024\/07\/spritz-presse.webp\"><img decoding=\"async\" width=\"802\" height=\"1024\" data-id=\"17026\" src=\"https:\/\/www.insidebrussels.be\/V2\/wp-content\/uploads\/2024\/07\/spritz-presse-802x1024.webp\" alt=\"Ap\u00e9rol Sptiz Photo Press famousrelations.prezly.com\" class=\"wp-image-17026\" srcset=\"https:\/\/www.insidebrussels.be\/V2\/wp-content\/uploads\/2024\/07\/spritz-presse-802x1024.webp 802w, https:\/\/www.insidebrussels.be\/V2\/wp-content\/uploads\/2024\/07\/spritz-presse-235x300.webp 235w, https:\/\/www.insidebrussels.be\/V2\/wp-content\/uploads\/2024\/07\/spritz-presse-768x980.webp 768w, https:\/\/www.insidebrussels.be\/V2\/wp-content\/uploads\/2024\/07\/spritz-presse.webp 1200w\" sizes=\"(max-width: 802px) 100vw, 802px\" \/><\/a><figcaption class=\"wp-element-caption\">Ap\u00e9rol Sptiz Photo Press famousrelations.prezly.com<\/figcaption><\/figure>\n<\/figure>\n\n\n\n<p>Pour <strong>c\u00e9l\u00e9brer ces instants pr\u00e9cieux<\/strong>, Aperol Spritz lance son concept \u00ab\u00a0Positive Squad\u00a0\u00bb. L&rsquo;id\u00e9e est simple : <strong>partager des avis positifs sur les exp\u00e9riences v\u00e9cues dans vos lieux horeca pr\u00e9f\u00e9r\u00e9s<\/strong>. Que ce soit pour saluer l&rsquo;accueil chaleureux d&rsquo;un serveur, l&rsquo;ambiance conviviale d&rsquo;un endroit ou encore un plat d\u00e9licieux, le \u00ab\u00a0Positive Squad\u00a0\u00bb vous encourage \u00e0 <strong>diffuser des ondes positives<\/strong> sur les r\u00e9seaux sociaux en utilisant le hashtag #AperolPositiveSquad.<\/p>\n\n\n\n<h2 class=\"wp-block-heading\"><strong>#Goodvibesonly : Un \u00e9tat d&rsquo;esprit positif et contagieux<\/strong><\/h2>\n\n\n\n<p>Plus qu&rsquo;un simple concept, \u00ab\u00a0Positive Squad\u00a0\u00bb s&rsquo;inscrit dans une d\u00e9marche plus large men\u00e9e par Aperol Spritz : <strong>promouvoir une culture de la positivit\u00e9 et de la bienveillance<\/strong>.<\/p>\n\n\n\n<p>Baptis\u00e9e #Goodvibesonly, cette campagne met en avant l&rsquo;id\u00e9e que <strong>m\u00eame de petits gestes, comme partager un avis positif, peuvent avoir un impact significatif sur notre humeur et celle des autres<\/strong>.<\/p>\n\n\n\n<p><strong>Alors, rejoignez le mouvement !<\/strong> Partagez vos exp\u00e9riences positives dans vos lieux horeca pr\u00e9f\u00e9r\u00e9s, <strong>diffusez des ondes positives<\/strong> et contribuez \u00e0 cr\u00e9er une ambiance conviviale et chaleureuse dans les bars, restaurants et caf\u00e9s belges.<\/p>\n\n\n\n<p><strong>Ensemble, r\u00e9pandons la positivit\u00e9 et profitons pleinement de chaque instant !<\/strong><\/p>\n\n\n\n<h2 class=\"wp-block-heading\">R\u00e9p\u00e9ter \u00e0 la maison ? voici la recette du c\u00e9l\u00e8bre&nbsp;<strong>Spritz Aperol<\/strong>&nbsp;:<\/h2>\n\n\n\n<p>il vous suffit de vous procurez ces ingr\u00e9dients pour r\u00e9aliser un ap\u00e9rol Spritz :<\/p>\n\n\n\n<ul class=\"wp-block-list\">\n<li>3 doses de <strong>Prosecco<\/strong><\/li>\n\n\n\n<li>2 doses <strong>d&rsquo;Aperol<\/strong><\/li>\n\n\n\n<li>1 dose <strong>d&rsquo;eau gazeuse<\/strong><\/li>\n\n\n\n<li>1 <strong>tranche d&rsquo;orange<\/strong><\/li>\n\n\n\n<li>Quelques <strong>gla\u00e7ons<\/strong><\/li>\n<\/ul>\n\n\n\n<ul class=\"wp-block-list\"><\/ul>\n\n\n\n<figure class=\"wp-block-image size-large\"><a href=\"https:\/\/www.insidebrussels.be\/V2\/wp-content\/uploads\/2024\/07\/Screenshot-2024-07-09-at-12.11.17.png\"><img decoding=\"async\" width=\"1024\" height=\"767\" src=\"https:\/\/www.insidebrussels.be\/V2\/wp-content\/uploads\/2024\/07\/Screenshot-2024-07-09-at-12.11.17-1024x767.png\" alt=\"\" class=\"wp-image-17187\" srcset=\"https:\/\/www.insidebrussels.be\/V2\/wp-content\/uploads\/2024\/07\/Screenshot-2024-07-09-at-12.11.17-1024x767.png 1024w, https:\/\/www.insidebrussels.be\/V2\/wp-content\/uploads\/2024\/07\/Screenshot-2024-07-09-at-12.11.17-300x225.png 300w, https:\/\/www.insidebrussels.be\/V2\/wp-content\/uploads\/2024\/07\/Screenshot-2024-07-09-at-12.11.17-768x575.png 768w, https:\/\/www.insidebrussels.be\/V2\/wp-content\/uploads\/2024\/07\/Screenshot-2024-07-09-at-12.11.17-720x540.png 720w, https:\/\/www.insidebrussels.be\/V2\/wp-content\/uploads\/2024\/07\/Screenshot-2024-07-09-at-12.11.17.png 1372w\" sizes=\"(max-width: 1024px) 100vw, 1024px\" \/><\/a><\/figure>\n\n\n\n<figure class=\"wp-block-pullquote\"><blockquote><p>L\u2019Aperol Spritz est un cocktail rafra\u00eechissant \u00e0 base d\u2019Aperol, de Prosecco et d\u2019eau gazeuse. Sa teneur en alcool est d\u2019environ 9 % ABV (alcool par volume). \u00c0 consommer avec mod\u00e9ration !\u201d<\/p><\/blockquote><\/figure>\n\n\n\n<p><\/p>\n","protected":false,"gt_translate_keys":[{"key":"rendered","format":"html"}]},"excerpt":{"rendered":"<p>En ces temps o\u00f9 la morosit\u00e9 peut parfois nous envahir, l&rsquo;heure est \u00e0 la recherche<\/p>\n","protected":false,"gt_translate_keys":[{"key":"rendered","format":"html"}]},"author":1,"featured_media":17167,"comment_status":"closed","ping_status":"closed","sticky":false,"template":"","format":"standard","meta":{"_lmt_disableupdate":"","_lmt_disable":"","footnotes":""},"categories":[44],"tags":[],"class_list":["post-17021","post","type-post","status-publish","format-standard","has-post-thumbnail","hentry","category-boire"],"modified_by":"pierre","amp_enabled":true,"gt_translate_keys":[{"key":"link","format":"url"}],"_links":{"self":[{"href":"https:\/\/www.insidebrussels.be\/V2\/wp-json\/wp\/v2\/posts\/17021","targetHints":{"allow":["GET"]}}],"collection":[{"href":"https:\/\/www.insidebrussels.be\/V2\/wp-json\/wp\/v2\/posts"}],"about":[{"href":"https:\/\/www.insidebrussels.be\/V2\/wp-json\/wp\/v2\/types\/post"}],"author":[{"embeddable":true,"href":"https:\/\/www.insidebrussels.be\/V2\/wp-json\/wp\/v2\/users\/1"}],"replies":[{"embeddable":true,"href":"https:\/\/www.insidebrussels.be\/V2\/wp-json\/wp\/v2\/comments?post=17021"}],"version-history":[{"count":6,"href":"https:\/\/www.insidebrussels.be\/V2\/wp-json\/wp\/v2\/posts\/17021\/revisions"}],"predecessor-version":[{"id":17189,"href":"https:\/\/www.insidebrussels.be\/V2\/wp-json\/wp\/v2\/posts\/17021\/revisions\/17189"}],"wp:featuredmedia":[{"embeddable":true,"href":"https:\/\/www.insidebrussels.be\/V2\/wp-json\/wp\/v2\/media\/17167"}],"wp:attachment":[{"href":"https:\/\/www.insidebrussels.be\/V2\/wp-json\/wp\/v2\/media?parent=17021"}],"wp:term":[{"taxonomy":"category","embeddable":true,"href":"https:\/\/www.insidebrussels.be\/V2\/wp-json\/wp\/v2\/categories?post=17021"},{"taxonomy":"post_tag","embeddable":true,"href":"https:\/\/www.insidebrussels.be\/V2\/wp-json\/wp\/v2\/tags?post=17021"}],"curies":[{"name":"wp","href":"https:\/\/api.w.org\/{rel}","templated":true}]}}