{"id":17265,"date":"2024-09-25T23:34:03","date_gmt":"2024-09-25T21:34:03","guid":{"rendered":"https:\/\/www.insidebrussels.be\/V2\/?p=17265"},"modified":"2024-09-26T22:22:09","modified_gmt":"2024-09-26T20:22:09","slug":"bruxelles-octobre-que-faire","status":"publish","type":"post","link":"https:\/\/www.insidebrussels.be\/V2\/bruxelles\/bruxelles-octobre-que-faire\/","title":{"rendered":"Que faire \u00e0 Bruxelles en octobre : La magie de l\u2019automne","gt_translate_keys":[{"key":"rendered","format":"text"}]},"content":{"rendered":"\n<p>D\u00e9couvrir Bruxelles en automne ? Absolument ! Alors que les jours deviennent plus courts, la ville s\u2019illumine de teintes chaleureuses et se transforme en un v\u00e9ritable tableau vivant. C&rsquo;est le moment id\u00e9al pour enfiler vos chaussures de marche et explorer les parcs, le centre historique et les quartiers m\u00e9connus de la capitale. Pour ceux qui pr\u00e9f\u00e8rent les ambiances cocooning, th\u00e9\u00e2tres et mus\u00e9es offrent une multitude de tr\u00e9sors \u00e0 admirer, bien \u00e0 l&rsquo;abri. Pr\u00eat \u00e0 savourer les plaisirs de la saison ? Voici quelques id\u00e9es d&rsquo;activit\u00e9s \u00e0 ne pas manquer en octobre.<\/p>\n\n\n\n<h3 class=\"wp-block-heading\">1. Activit\u00e9s \u00e0 faire quand il pleut<\/h3>\n\n\n\n<figure class=\"wp-block-image size-large\"><a href=\"https:\/\/www.insidebrussels.be\/V2\/wp-content\/uploads\/2024\/06\/4F2A3327-D73E-43D6-9B50-A588F20DD8C7.jpeg\"><img decoding=\"async\" width=\"1024\" height=\"834\" src=\"https:\/\/www.insidebrussels.be\/V2\/wp-content\/uploads\/2024\/06\/4F2A3327-D73E-43D6-9B50-A588F20DD8C7-1024x834.jpeg\" alt=\"Bruxelles dans le centre quand il pleut (c) Pierre Haleux\" class=\"wp-image-16684\" srcset=\"https:\/\/www.insidebrussels.be\/V2\/wp-content\/uploads\/2024\/06\/4F2A3327-D73E-43D6-9B50-A588F20DD8C7-1024x834.jpeg 1024w, https:\/\/www.insidebrussels.be\/V2\/wp-content\/uploads\/2024\/06\/4F2A3327-D73E-43D6-9B50-A588F20DD8C7-300x244.jpeg 300w, https:\/\/www.insidebrussels.be\/V2\/wp-content\/uploads\/2024\/06\/4F2A3327-D73E-43D6-9B50-A588F20DD8C7-768x625.jpeg 768w, https:\/\/www.insidebrussels.be\/V2\/wp-content\/uploads\/2024\/06\/4F2A3327-D73E-43D6-9B50-A588F20DD8C7-1536x1250.jpeg 1536w, https:\/\/www.insidebrussels.be\/V2\/wp-content\/uploads\/2024\/06\/4F2A3327-D73E-43D6-9B50-A588F20DD8C7.jpeg 1920w\" sizes=\"(max-width: 1024px) 100vw, 1024px\" \/><\/a><figcaption class=\"wp-element-caption\">Bruxelles dans le centre quand il pleut (c) Pierre Haleux<\/figcaption><\/figure>\n\n\n\n<p>En octobre, la m\u00e9t\u00e9o peut \u00eatre capricieuse \u00e0 Bruxelles. Pas de souci, il existe de nombreuses alternatives pour profiter de la ville, m\u00eame sous la pluie. <a href=\"https:\/\/www.insidebrussels.be\/V2\/bruxelles\/les-meilleures-choses-a-faire-a-bruxelles-quand-il-pleut\/\">D\u00e9couvrez notre article sur que faire quand il pleut \u00e0 Bruxelles pour des suggestions d\u2019activit\u00e9s qui vous garderont au sec et divertis.<\/a><\/p>\n\n\n\n<h3 class=\"wp-block-heading\">2. WOM (World of Mind) \u00e0 Tour &amp; Taxis : Une exp\u00e9rience immersive in\u00e9dite<\/h3>\n\n\n\n<p>En octobre, Tour &amp; Taxis se transforme en un v\u00e9ritable royaume des illusions avec le WOM (World of Mind), une exp\u00e9rience immersive qui va \u00e9veiller tous vos sens ! Sur un parcours de 1500 m\u00b2, plongez dans un monde fascinant o\u00f9 magie et science se rencontrent. Explorez huit espaces interactifs, chacun con\u00e7u pour d\u00e9fier votre perception et vous \u00e9merveiller. Pr\u00e9parez-vous \u00e0 \u00eatre surpris du d\u00e9but \u00e0 la fin, car votre cerveau sera mis \u00e0 l\u2019\u00e9preuve dans un escape game palpitant.<\/p>\n\n\n\n<p>Tous les week-ends, de 13h30 \u00e0 16h30, des magiciens vous attendent le long du parcours avec des tours \u00e9poustouflants qui ajoutent une touche de magie \u00e0 votre visite. Et si vous venez en groupe ou souhaitez privatiser l\u2019exp\u00e9rience, des r\u00e9servations sp\u00e9ciales sont disponibles. Avec la participation du neurologue et auteur Steven Laureys, le WOM promet une exp\u00e9rience alliant amusement et apprentissage sur le potentiel de nos sens.<\/p>\n\n\n\n<p>Ne manquez pas cette occasion unique de partager un moment inoubliable en famille ou entre amis dans ce lieu mythique. Achetez vos billets d\u00e8s maintenant et laissez-vous emporter par la magie du WOM \u00e0 Bruxelles !<\/p>\n\n\n\n<div class=\"wp-block-buttons is-layout-flex wp-block-buttons-is-layout-flex\">\n<div class=\"wp-block-button\"><a class=\"wp-block-button__link has-black-color has-light-green-cyan-background-color has-text-color has-background has-link-color wp-element-button\" href=\"https:\/\/fever.pxf.io\/c\/2920905\/1356939\/16345\" target=\"_blank\" rel=\"noreferrer noopener\">Voir sur le site officiel<\/a><\/div>\n<\/div>\n\n\n\n<h3 class=\"wp-block-heading\">3. Baby Boom : Salon des futurs parents<\/h3>\n\n\n\n<p>Les 11 et 13 octobre, le Palais 11 de Brussels Expo accueillera le Salon Baby Boom. Que vous soyez enceinte ou jeunes parents, cet \u00e9v\u00e9nement est fait pour vous ! D\u00e9couvrez les derni\u00e8res nouveaut\u00e9s, recevez des conseils utiles et participez \u00e0 des activit\u00e9s d\u00e9di\u00e9es aux futurs parents. Une exp\u00e9rience enrichissante \u00e0 ne pas manquer ! En savoir plus sur le <a href=\"http:\/\/babyboombeurs.be\" target=\"_blank\" rel=\"noreferrer noopener\">site officiel.<\/a><\/p>\n\n\n\n<h3 class=\"wp-block-heading\">4. Made in Asia : Plong\u00e9e dans la pop culture asiatique<\/h3>\n\n\n\n<figure class=\"wp-block-gallery has-nested-images columns-default is-cropped wp-block-gallery-2 is-layout-flex wp-block-gallery-is-layout-flex\">\n<figure class=\"wp-block-image size-large\"><a href=\"https:\/\/www.insidebrussels.be\/V2\/wp-content\/uploads\/2024\/09\/IMG_6358.jpeg\"><img decoding=\"async\" width=\"768\" height=\"1024\" data-id=\"17272\" src=\"https:\/\/www.insidebrussels.be\/V2\/wp-content\/uploads\/2024\/09\/IMG_6358-768x1024.jpeg\" alt=\"Made in Asia Brussels Expo (c) Pierre Halleux\" class=\"wp-image-17272\" srcset=\"https:\/\/www.insidebrussels.be\/V2\/wp-content\/uploads\/2024\/09\/IMG_6358-768x1024.jpeg 768w, https:\/\/www.insidebrussels.be\/V2\/wp-content\/uploads\/2024\/09\/IMG_6358-225x300.jpeg 225w, https:\/\/www.insidebrussels.be\/V2\/wp-content\/uploads\/2024\/09\/IMG_6358-1152x1536.jpeg 1152w, https:\/\/www.insidebrussels.be\/V2\/wp-content\/uploads\/2024\/09\/IMG_6358-450x600.jpeg 450w, https:\/\/www.insidebrussels.be\/V2\/wp-content\/uploads\/2024\/09\/IMG_6358.jpeg 1440w\" sizes=\"(max-width: 768px) 100vw, 768px\" \/><\/a><figcaption class=\"wp-element-caption\">Made in Asia Brussels Expo (c) Pierre Halleux<\/figcaption><\/figure>\n\n\n\n<figure class=\"wp-block-image size-large\"><a href=\"https:\/\/www.insidebrussels.be\/V2\/wp-content\/uploads\/2024\/09\/IMG_6354.jpeg\"><img decoding=\"async\" width=\"768\" height=\"1024\" data-id=\"17271\" src=\"https:\/\/www.insidebrussels.be\/V2\/wp-content\/uploads\/2024\/09\/IMG_6354-768x1024.jpeg\" alt=\"Made in Asia Brussels Expo (c) Pierre Halleux\" class=\"wp-image-17271\" srcset=\"https:\/\/www.insidebrussels.be\/V2\/wp-content\/uploads\/2024\/09\/IMG_6354-768x1024.jpeg 768w, https:\/\/www.insidebrussels.be\/V2\/wp-content\/uploads\/2024\/09\/IMG_6354-225x300.jpeg 225w, https:\/\/www.insidebrussels.be\/V2\/wp-content\/uploads\/2024\/09\/IMG_6354-1152x1536.jpeg 1152w, https:\/\/www.insidebrussels.be\/V2\/wp-content\/uploads\/2024\/09\/IMG_6354-450x600.jpeg 450w, https:\/\/www.insidebrussels.be\/V2\/wp-content\/uploads\/2024\/09\/IMG_6354.jpeg 1440w\" sizes=\"(max-width: 768px) 100vw, 768px\" \/><\/a><figcaption class=\"wp-element-caption\">Made in Asia Brussels Expo (c) Pierre Halleux<\/figcaption><\/figure>\n\n\n\n<figure class=\"wp-block-image size-large\"><a href=\"https:\/\/www.insidebrussels.be\/V2\/wp-content\/uploads\/2024\/09\/IMG_6344.jpeg\"><img decoding=\"async\" width=\"1024\" height=\"768\" data-id=\"17270\" src=\"https:\/\/www.insidebrussels.be\/V2\/wp-content\/uploads\/2024\/09\/IMG_6344-1024x768.jpeg\" alt=\"Made in Asia Brussels Expo (c) Pierre Halleux\" class=\"wp-image-17270\" srcset=\"https:\/\/www.insidebrussels.be\/V2\/wp-content\/uploads\/2024\/09\/IMG_6344-1024x768.jpeg 1024w, https:\/\/www.insidebrussels.be\/V2\/wp-content\/uploads\/2024\/09\/IMG_6344-300x225.jpeg 300w, https:\/\/www.insidebrussels.be\/V2\/wp-content\/uploads\/2024\/09\/IMG_6344-768x576.jpeg 768w, https:\/\/www.insidebrussels.be\/V2\/wp-content\/uploads\/2024\/09\/IMG_6344-1536x1152.jpeg 1536w, https:\/\/www.insidebrussels.be\/V2\/wp-content\/uploads\/2024\/09\/IMG_6344-720x540.jpeg 720w, https:\/\/www.insidebrussels.be\/V2\/wp-content\/uploads\/2024\/09\/IMG_6344.jpeg 1920w\" sizes=\"(max-width: 1024px) 100vw, 1024px\" \/><\/a><figcaption class=\"wp-element-caption\">Made in Asia Brussels Expo (c) Pierre Halleux<\/figcaption><\/figure>\n\n\n\n<figure class=\"wp-block-image size-large\"><a href=\"https:\/\/www.insidebrussels.be\/V2\/wp-content\/uploads\/2024\/09\/IMG_6365.jpeg\"><img decoding=\"async\" width=\"1024\" height=\"768\" data-id=\"17269\" src=\"https:\/\/www.insidebrussels.be\/V2\/wp-content\/uploads\/2024\/09\/IMG_6365-1024x768.jpeg\" alt=\"Made in Asia Brussels Expo (c) Pierre Halleux\" class=\"wp-image-17269\" srcset=\"https:\/\/www.insidebrussels.be\/V2\/wp-content\/uploads\/2024\/09\/IMG_6365-1024x768.jpeg 1024w, https:\/\/www.insidebrussels.be\/V2\/wp-content\/uploads\/2024\/09\/IMG_6365-300x225.jpeg 300w, https:\/\/www.insidebrussels.be\/V2\/wp-content\/uploads\/2024\/09\/IMG_6365-768x576.jpeg 768w, https:\/\/www.insidebrussels.be\/V2\/wp-content\/uploads\/2024\/09\/IMG_6365-1536x1152.jpeg 1536w, https:\/\/www.insidebrussels.be\/V2\/wp-content\/uploads\/2024\/09\/IMG_6365-720x540.jpeg 720w, https:\/\/www.insidebrussels.be\/V2\/wp-content\/uploads\/2024\/09\/IMG_6365.jpeg 1920w\" sizes=\"(max-width: 1024px) 100vw, 1024px\" \/><\/a><figcaption class=\"wp-element-caption\">Made in Asia Brussels Expo (c) Pierre Halleux<\/figcaption><\/figure>\n\n\n\n<figure class=\"wp-block-image size-large\"><a href=\"https:\/\/www.insidebrussels.be\/V2\/wp-content\/uploads\/2024\/09\/IMG_6378.jpeg\"><img decoding=\"async\" width=\"768\" height=\"1024\" data-id=\"17268\" src=\"https:\/\/www.insidebrussels.be\/V2\/wp-content\/uploads\/2024\/09\/IMG_6378-768x1024.jpeg\" alt=\"Made in Asia Brussels Expo (c) Pierre Halleux\" class=\"wp-image-17268\" srcset=\"https:\/\/www.insidebrussels.be\/V2\/wp-content\/uploads\/2024\/09\/IMG_6378-768x1024.jpeg 768w, https:\/\/www.insidebrussels.be\/V2\/wp-content\/uploads\/2024\/09\/IMG_6378-225x300.jpeg 225w, https:\/\/www.insidebrussels.be\/V2\/wp-content\/uploads\/2024\/09\/IMG_6378-1152x1536.jpeg 1152w, https:\/\/www.insidebrussels.be\/V2\/wp-content\/uploads\/2024\/09\/IMG_6378-450x600.jpeg 450w, https:\/\/www.insidebrussels.be\/V2\/wp-content\/uploads\/2024\/09\/IMG_6378.jpeg 1440w\" sizes=\"(max-width: 768px) 100vw, 768px\" \/><\/a><figcaption class=\"wp-element-caption\">Made in Asia Brussels Expo (c) Pierre Halleux<\/figcaption><\/figure>\n\n\n\n<figure class=\"wp-block-image size-large\"><a href=\"https:\/\/www.insidebrussels.be\/V2\/wp-content\/uploads\/2024\/09\/IMG_6384.jpeg\"><img decoding=\"async\" width=\"768\" height=\"1024\" data-id=\"17267\" src=\"https:\/\/www.insidebrussels.be\/V2\/wp-content\/uploads\/2024\/09\/IMG_6384-768x1024.jpeg\" alt=\"Made in Asia Brussels Expo (c) Pierre Halleux\" class=\"wp-image-17267\" srcset=\"https:\/\/www.insidebrussels.be\/V2\/wp-content\/uploads\/2024\/09\/IMG_6384-768x1024.jpeg 768w, https:\/\/www.insidebrussels.be\/V2\/wp-content\/uploads\/2024\/09\/IMG_6384-225x300.jpeg 225w, https:\/\/www.insidebrussels.be\/V2\/wp-content\/uploads\/2024\/09\/IMG_6384-1152x1536.jpeg 1152w, https:\/\/www.insidebrussels.be\/V2\/wp-content\/uploads\/2024\/09\/IMG_6384-450x600.jpeg 450w, https:\/\/www.insidebrussels.be\/V2\/wp-content\/uploads\/2024\/09\/IMG_6384.jpeg 1440w\" sizes=\"(max-width: 768px) 100vw, 768px\" \/><\/a><figcaption class=\"wp-element-caption\">Made in Asia Brussels Expo (c) Pierre Halleux<\/figcaption><\/figure>\n<\/figure>\n\n\n\n<p>Les 19 et 20 octobre 2024, ne manquez pas Made in Asia, le rendez-vous incontournable des fans de manga, anime et jeux vid\u00e9o. Ce salon vous plongera dans l\u2019univers fascinant de la culture asiatique, avec des activit\u00e9s, des rencontres et des d\u00e9fis \u00e0 relever en famille ou entre amis. <a href=\"https:\/\/www.madeinasia.be\/fr\" target=\"_blank\" rel=\"noreferrer noopener\">En savoir plus sur le site officiel.<\/a><\/p>\n\n\n\n<h3 class=\"wp-block-heading\">5. Museum Night Fever : Une nuit de d\u00e9couvertes culturelles<\/h3>\n\n\n\n<p>Le 19 octobre 2024 , c\u2019est la Nuit des Mus\u00e9es \u00e0 Bruxelles ! Une trentaine de mus\u00e9es ouvriront leurs portes de 19h \u00e0 1h du matin, offrant un programme riche et vari\u00e9. Concerts, performances live et ateliers interactifs vous attendent dans une ambiance festive et dynamique. Une mani\u00e8re originale de red\u00e9couvrir l\u2019offre culturelle bruxelloise ! <a href=\"https:\/\/www.museumnightfever.be\/en\/\" target=\"_blank\" rel=\"noreferrer noopener\">En savoir plus sur le site officiel.<\/a><\/p>\n\n\n\n<h3 class=\"wp-block-heading\">6. Hangar Halloween : Une soir\u00e9e effrayante<\/h3>\n\n\n\n<p>Pour les amateurs de sensations fortes, le Hangar Halloween revient les 31 octobre et 1er novembre 2024 \u00e0 Brussels Gate. Plongez dans deux nuits de musique \u00e9lectro, de surprises et de frissons. Pr\u00e9parez-vous pour une exp\u00e9rience inoubliable ! <a href=\"https:\/\/thehangar.be\/\" target=\"_blank\" rel=\"noreferrer noopener\">En savoir plus sur le site officiel<\/a><\/p>\n\n\n\n<h3 class=\"wp-block-heading\">7. Magritte Experience Immersive : Voyage au c\u0153ur de l\u2019art<\/h3>\n\n\n\n<figure class=\"wp-block-image size-large\"><a href=\"https:\/\/www.insidebrussels.be\/V2\/wp-content\/uploads\/2016\/03\/natalia-trofimova-eZOgsW-UZN0-unsplash-scaled.jpg\"><img decoding=\"async\" width=\"1024\" height=\"824\" src=\"https:\/\/www.insidebrussels.be\/V2\/wp-content\/uploads\/2016\/03\/natalia-trofimova-eZOgsW-UZN0-unsplash-1024x824.jpg\" alt=\"Mus\u00e9e Magritte \u00e0 Bruxelles (c) photo Natalia Trofimova unsplash\" class=\"wp-image-14717\" srcset=\"https:\/\/www.insidebrussels.be\/V2\/wp-content\/uploads\/2016\/03\/natalia-trofimova-eZOgsW-UZN0-unsplash-1024x824.jpg 1024w, https:\/\/www.insidebrussels.be\/V2\/wp-content\/uploads\/2016\/03\/natalia-trofimova-eZOgsW-UZN0-unsplash-300x241.jpg 300w, https:\/\/www.insidebrussels.be\/V2\/wp-content\/uploads\/2016\/03\/natalia-trofimova-eZOgsW-UZN0-unsplash-768x618.jpg 768w, https:\/\/www.insidebrussels.be\/V2\/wp-content\/uploads\/2016\/03\/natalia-trofimova-eZOgsW-UZN0-unsplash-1536x1236.jpg 1536w, https:\/\/www.insidebrussels.be\/V2\/wp-content\/uploads\/2016\/03\/natalia-trofimova-eZOgsW-UZN0-unsplash-2048x1648.jpg 2048w, https:\/\/www.insidebrussels.be\/V2\/wp-content\/uploads\/2016\/03\/natalia-trofimova-eZOgsW-UZN0-unsplash-scaled.jpg 1078w\" sizes=\"(max-width: 1024px) 100vw, 1024px\" \/><\/a><figcaption class=\"wp-element-caption\">Mus\u00e9e Magritte \u00e0 Bruxelles (c) photo \nNatalia Trofimova unsplash<\/figcaption><\/figure>\n\n\n\n<p>D\u00e9couvrez l\u2019univers surr\u00e9aliste de Ren\u00e9 <a href=\"https:\/\/www.insidebrussels.be\/V2\/bruxelles\/le-musee-magritte-a-la-decouverte-dun-artiste-de-renom\/\">Magritte <\/a>avec l\u2019exposition immersive qui se d\u00e9roule \u00e0 La Galerie Horta. Plongez dans ses chefs-d&rsquo;\u0153uvre gr\u00e2ce \u00e0 des projections \u00e0 360 degr\u00e9s, des effets sonores et des exp\u00e9riences en r\u00e9alit\u00e9 virtuelle. Une fa\u00e7on unique d\u2019appr\u00e9cier l\u2019art qui \u00e9veillera vos sens.<\/p>\n\n\n\n<div class=\"wp-block-buttons is-layout-flex wp-block-buttons-is-layout-flex\">\n<div class=\"wp-block-button\"><a class=\"wp-block-button__link has-black-color has-vivid-green-cyan-background-color has-text-color has-background has-link-color wp-element-button\" href=\"https:\/\/fever.pxf.io\/c\/2920905\/1928078\/16345?prodsku=155731&amp;u=https%3A%2F%2Ffeverup.com%2Fm%2F155731&amp;intsrc=CATF_15532\" target=\"_blank\" rel=\"noreferrer noopener\">D\u00e9couvrir sur le site officiel<\/a><\/div>\n<\/div>\n\n\n\n<h3 class=\"wp-block-heading\">8. Explorer le Palais de Coudenberg<\/h3>\n\n\n\n<p>Entre le 12 et le 18\u00e8me si\u00e8cle, le Palais de Coudenberg \u00e9tait le foyer de nombreux leaders puissants. Aujourd\u2019hui, ses ruines et ses passages souterrains vous invitent \u00e0 une exploration fascinante. Une activit\u00e9 parfaite pour se prot\u00e9ger du froid tout en d\u00e9couvrant un pan de l\u2019histoire de Bruxelles. <a href=\"https:\/\/www.insidebrussels.be\/V2\/bruxelles\/coudenberg-histoire-plan-et-astuces-visite\/\">Lisez notre retour d&rsquo;exp\u00e9rience sur le Coudenberg.<\/a><\/p>\n\n\n\n<h3 class=\"wp-block-heading\">9. Se r\u00e9chauffer avec une bonne gauffre<\/h3>\n\n\n\n<figure class=\"wp-block-gallery has-nested-images columns-default is-cropped wp-block-gallery-3 is-layout-flex wp-block-gallery-is-layout-flex\">\n<figure class=\"wp-block-image size-large\"><a href=\"https:\/\/www.insidebrussels.be\/V2\/wp-content\/uploads\/2024\/05\/16141E26-8B2D-4103-A9FB-ECBBD3F37114.jpeg\"><img decoding=\"async\" width=\"1024\" height=\"766\" data-id=\"16140\" src=\"https:\/\/www.insidebrussels.be\/V2\/wp-content\/uploads\/2024\/05\/16141E26-8B2D-4103-A9FB-ECBBD3F37114-1024x766.jpeg\" alt=\"Gaufres de Bruxelles (c) Pierre Halleux\" class=\"wp-image-16140\" srcset=\"https:\/\/www.insidebrussels.be\/V2\/wp-content\/uploads\/2024\/05\/16141E26-8B2D-4103-A9FB-ECBBD3F37114-1024x766.jpeg 1024w, https:\/\/www.insidebrussels.be\/V2\/wp-content\/uploads\/2024\/05\/16141E26-8B2D-4103-A9FB-ECBBD3F37114-300x224.jpeg 300w, https:\/\/www.insidebrussels.be\/V2\/wp-content\/uploads\/2024\/05\/16141E26-8B2D-4103-A9FB-ECBBD3F37114-768x575.jpeg 768w, https:\/\/www.insidebrussels.be\/V2\/wp-content\/uploads\/2024\/05\/16141E26-8B2D-4103-A9FB-ECBBD3F37114-1536x1149.jpeg 1536w, https:\/\/www.insidebrussels.be\/V2\/wp-content\/uploads\/2024\/05\/16141E26-8B2D-4103-A9FB-ECBBD3F37114-720x540.jpeg 720w, https:\/\/www.insidebrussels.be\/V2\/wp-content\/uploads\/2024\/05\/16141E26-8B2D-4103-A9FB-ECBBD3F37114.jpeg 1600w\" sizes=\"(max-width: 1024px) 100vw, 1024px\" \/><\/a><figcaption class=\"wp-element-caption\">Gaufres de Bruxelles (c) Pierre Halleux<\/figcaption><\/figure>\n\n\n\n<figure class=\"wp-block-image size-large\"><a href=\"https:\/\/www.insidebrussels.be\/V2\/wp-content\/uploads\/2024\/05\/3C202A1D-BD0C-4FEC-873B-EE57BCE6765E-e1716811496966.jpeg\"><img decoding=\"async\" width=\"1024\" height=\"768\" data-id=\"16110\" src=\"https:\/\/www.insidebrussels.be\/V2\/wp-content\/uploads\/2024\/05\/3C202A1D-BD0C-4FEC-873B-EE57BCE6765E-e1716811496966-1024x768.jpeg\" alt=\"Une gaufre de chez Dandoy dans la Gallerie Royale (c) Pierre Halleux\" class=\"wp-image-16110\" srcset=\"https:\/\/www.insidebrussels.be\/V2\/wp-content\/uploads\/2024\/05\/3C202A1D-BD0C-4FEC-873B-EE57BCE6765E-e1716811496966-1024x768.jpeg 1024w, https:\/\/www.insidebrussels.be\/V2\/wp-content\/uploads\/2024\/05\/3C202A1D-BD0C-4FEC-873B-EE57BCE6765E-e1716811496966-300x225.jpeg 300w, https:\/\/www.insidebrussels.be\/V2\/wp-content\/uploads\/2024\/05\/3C202A1D-BD0C-4FEC-873B-EE57BCE6765E-e1716811496966-768x576.jpeg 768w, https:\/\/www.insidebrussels.be\/V2\/wp-content\/uploads\/2024\/05\/3C202A1D-BD0C-4FEC-873B-EE57BCE6765E-e1716811496966-1536x1152.jpeg 1536w, https:\/\/www.insidebrussels.be\/V2\/wp-content\/uploads\/2024\/05\/3C202A1D-BD0C-4FEC-873B-EE57BCE6765E-e1716811496966-720x540.jpeg 720w, https:\/\/www.insidebrussels.be\/V2\/wp-content\/uploads\/2024\/05\/3C202A1D-BD0C-4FEC-873B-EE57BCE6765E-e1716811496966.jpeg 1920w\" sizes=\"(max-width: 1024px) 100vw, 1024px\" \/><\/a><figcaption class=\"wp-element-caption\">Une gaufre de chez Dandoy dans la Gallerie Royale (c) Pierre Halleux<\/figcaption><\/figure>\n\n\n\n<figure class=\"wp-block-image size-large\"><a href=\"https:\/\/www.insidebrussels.be\/V2\/wp-content\/uploads\/2024\/05\/354ECD82-D088-4609-84C7-E28310CA9793.jpeg\"><img decoding=\"async\" width=\"766\" height=\"1024\" data-id=\"16139\" src=\"https:\/\/www.insidebrussels.be\/V2\/wp-content\/uploads\/2024\/05\/354ECD82-D088-4609-84C7-E28310CA9793-766x1024.jpeg\" alt=\"une cr\u00e8pe de chez Aux Gaufres de Bruxelles (c) Pierre Halleux\" class=\"wp-image-16139\" srcset=\"https:\/\/www.insidebrussels.be\/V2\/wp-content\/uploads\/2024\/05\/354ECD82-D088-4609-84C7-E28310CA9793-766x1024.jpeg 766w, https:\/\/www.insidebrussels.be\/V2\/wp-content\/uploads\/2024\/05\/354ECD82-D088-4609-84C7-E28310CA9793-224x300.jpeg 224w, https:\/\/www.insidebrussels.be\/V2\/wp-content\/uploads\/2024\/05\/354ECD82-D088-4609-84C7-E28310CA9793-768x1027.jpeg 768w, https:\/\/www.insidebrussels.be\/V2\/wp-content\/uploads\/2024\/05\/354ECD82-D088-4609-84C7-E28310CA9793-1149x1536.jpeg 1149w, https:\/\/www.insidebrussels.be\/V2\/wp-content\/uploads\/2024\/05\/354ECD82-D088-4609-84C7-E28310CA9793.jpeg 1197w\" sizes=\"(max-width: 766px) 100vw, 766px\" \/><\/a><figcaption class=\"wp-element-caption\">une cr\u00e8pe de chez Aux Gaufres de Bruxelles (c) Pierre Halleux<\/figcaption><\/figure>\n\n\n\n<figure class=\"wp-block-image size-large\"><a href=\"https:\/\/www.insidebrussels.be\/V2\/wp-content\/uploads\/2023\/10\/2AC298D5-99B8-4BC5-97BE-CBC457733729-scaled.jpeg\"><img decoding=\"async\" width=\"1024\" height=\"1024\" data-id=\"15189\" src=\"https:\/\/www.insidebrussels.be\/V2\/wp-content\/uploads\/2023\/10\/2AC298D5-99B8-4BC5-97BE-CBC457733729-1024x1024.jpeg\" alt=\"Gaufres de chez Dandoy (c) Photo Pierre Halleux\" class=\"wp-image-15189\" srcset=\"https:\/\/www.insidebrussels.be\/V2\/wp-content\/uploads\/2023\/10\/2AC298D5-99B8-4BC5-97BE-CBC457733729-1024x1024.jpeg 1024w, https:\/\/www.insidebrussels.be\/V2\/wp-content\/uploads\/2023\/10\/2AC298D5-99B8-4BC5-97BE-CBC457733729-300x300.jpeg 300w, https:\/\/www.insidebrussels.be\/V2\/wp-content\/uploads\/2023\/10\/2AC298D5-99B8-4BC5-97BE-CBC457733729-150x150.jpeg 150w, https:\/\/www.insidebrussels.be\/V2\/wp-content\/uploads\/2023\/10\/2AC298D5-99B8-4BC5-97BE-CBC457733729-768x768.jpeg 768w, https:\/\/www.insidebrussels.be\/V2\/wp-content\/uploads\/2023\/10\/2AC298D5-99B8-4BC5-97BE-CBC457733729-1536x1536.jpeg 1536w, https:\/\/www.insidebrussels.be\/V2\/wp-content\/uploads\/2023\/10\/2AC298D5-99B8-4BC5-97BE-CBC457733729-2048x2048.jpeg 2048w, https:\/\/www.insidebrussels.be\/V2\/wp-content\/uploads\/2023\/10\/2AC298D5-99B8-4BC5-97BE-CBC457733729-scaled.jpeg 1920w\" sizes=\"(max-width: 1024px) 100vw, 1024px\" \/><\/a><figcaption class=\"wp-element-caption\">Gaufres de chez Dandoy (c) Photo Pierre Halleux<\/figcaption><\/figure>\n\n\n\n<figure class=\"wp-block-image size-large\"><a href=\"https:\/\/www.insidebrussels.be\/V2\/wp-content\/uploads\/2023\/10\/2CAF83DB-3F4D-4006-B73E-582701661805-scaled.jpeg\"><img decoding=\"async\" width=\"1024\" height=\"1024\" data-id=\"14963\" src=\"https:\/\/www.insidebrussels.be\/V2\/wp-content\/uploads\/2023\/10\/2CAF83DB-3F4D-4006-B73E-582701661805-1024x1024.jpeg\" alt=\"Gaufre de chez Gaston (c) Pierre Halleux\" class=\"wp-image-14963\" srcset=\"https:\/\/www.insidebrussels.be\/V2\/wp-content\/uploads\/2023\/10\/2CAF83DB-3F4D-4006-B73E-582701661805-1024x1024.jpeg 1024w, https:\/\/www.insidebrussels.be\/V2\/wp-content\/uploads\/2023\/10\/2CAF83DB-3F4D-4006-B73E-582701661805-300x300.jpeg 300w, https:\/\/www.insidebrussels.be\/V2\/wp-content\/uploads\/2023\/10\/2CAF83DB-3F4D-4006-B73E-582701661805-150x150.jpeg 150w, https:\/\/www.insidebrussels.be\/V2\/wp-content\/uploads\/2023\/10\/2CAF83DB-3F4D-4006-B73E-582701661805-768x768.jpeg 768w, https:\/\/www.insidebrussels.be\/V2\/wp-content\/uploads\/2023\/10\/2CAF83DB-3F4D-4006-B73E-582701661805-1536x1536.jpeg 1536w, https:\/\/www.insidebrussels.be\/V2\/wp-content\/uploads\/2023\/10\/2CAF83DB-3F4D-4006-B73E-582701661805-2048x2048.jpeg 2048w, https:\/\/www.insidebrussels.be\/V2\/wp-content\/uploads\/2023\/10\/2CAF83DB-3F4D-4006-B73E-582701661805-scaled.jpeg 1920w\" sizes=\"(max-width: 1024px) 100vw, 1024px\" \/><\/a><figcaption class=\"wp-element-caption\">Gaufre de chez Gaston (c) Pierre Halleux<\/figcaption><\/figure>\n\n\n\n<figure class=\"wp-block-image size-large\"><a href=\"https:\/\/www.insidebrussels.be\/V2\/wp-content\/uploads\/2016\/08\/Screen-Shot-2016-08-01-at-00.52.41.jpg\"><img decoding=\"async\" width=\"603\" height=\"606\" data-id=\"7916\" src=\"https:\/\/www.insidebrussels.be\/V2\/wp-content\/uploads\/2016\/08\/Screen-Shot-2016-08-01-at-00.52.41.jpg\" alt=\"Manger des gaufres Dandoy, gaufres au chocolat (c) Pierre Halleux\" class=\"wp-image-7916\" srcset=\"https:\/\/www.insidebrussels.be\/V2\/wp-content\/uploads\/2016\/08\/Screen-Shot-2016-08-01-at-00.52.41.jpg 603w, https:\/\/www.insidebrussels.be\/V2\/wp-content\/uploads\/2016\/08\/Screen-Shot-2016-08-01-at-00.52.41-150x150.jpg 150w, https:\/\/www.insidebrussels.be\/V2\/wp-content\/uploads\/2016\/08\/Screen-Shot-2016-08-01-at-00.52.41-300x300.jpg 300w\" sizes=\"(max-width: 603px) 100vw, 603px\" \/><\/a><figcaption class=\"wp-element-caption\">selimniederhoffer @Instagram manger des gaufres Dandoy<\/figcaption><\/figure>\n<\/figure>\n\n\n\n<p>Enfin, apr\u00e8s une journ\u00e9e bien remplie, rien de tel que de se r\u00e9chauffer dans une cr\u00eaperie ou une chocolaterie bruxelloise. L\u2019automne est le moment id\u00e9al pour savourer un chocolat chaud riche ou d\u00e9guster des <a href=\"https:\/\/www.insidebrussels.be\/V2\/bruxelles\/trouver-chocolatier-prefere-a-bruxelles\/\">pralines dans des boutiques renomm\u00e9es comme Wittamer ou Laurent Gerbaud.<\/a><\/p>\n\n\n\n<p>Bruxelles en octobre est une exp\u00e9rience \u00e0 ne pas manquer, qu\u2019il pleuve ou qu\u2019il fasse beau. Enfilez vos chaussures et partez \u00e0 l\u2019aventure, la capitale vous attend avec ses tr\u00e9sors cach\u00e9s et ses \u00e9v\u00e9nements incontournables ! <a href=\"https:\/\/www.insidebrussels.be\/V2\/bruxelles\/bruxelles-manger-des-gaufres-a-bruxelles\/\">Arr\u00eatez-vous pour une bonne gaufre dans un des \u00e9tablissement de renom\u00e9e<\/a><\/p>\n","protected":false,"gt_translate_keys":[{"key":"rendered","format":"html"}]},"excerpt":{"rendered":"<p>D\u00e9couvrir Bruxelles en automne ? Absolument ! Alors que les jours deviennent plus courts, la<\/p>\n","protected":false,"gt_translate_keys":[{"key":"rendered","format":"html"}]},"author":1,"featured_media":14255,"comment_status":"closed","ping_status":"closed","sticky":false,"template":"","format":"standard","meta":{"_lmt_disableupdate":"","_lmt_disable":"","footnotes":""},"categories":[892,6013],"tags":[],"class_list":["post-17265","post","type-post","status-publish","format-standard","has-post-thumbnail","hentry","category-evenement","category-mois-par-mois"],"modified_by":"pierre","amp_enabled":true,"gt_translate_keys":[{"key":"link","format":"url"}],"_links":{"self":[{"href":"https:\/\/www.insidebrussels.be\/V2\/wp-json\/wp\/v2\/posts\/17265","targetHints":{"allow":["GET"]}}],"collection":[{"href":"https:\/\/www.insidebrussels.be\/V2\/wp-json\/wp\/v2\/posts"}],"about":[{"href":"https:\/\/www.insidebrussels.be\/V2\/wp-json\/wp\/v2\/types\/post"}],"author":[{"embeddable":true,"href":"https:\/\/www.insidebrussels.be\/V2\/wp-json\/wp\/v2\/users\/1"}],"replies":[{"embeddable":true,"href":"https:\/\/www.insidebrussels.be\/V2\/wp-json\/wp\/v2\/comments?post=17265"}],"version-history":[{"count":2,"href":"https:\/\/www.insidebrussels.be\/V2\/wp-json\/wp\/v2\/posts\/17265\/revisions"}],"predecessor-version":[{"id":17283,"href":"https:\/\/www.insidebrussels.be\/V2\/wp-json\/wp\/v2\/posts\/17265\/revisions\/17283"}],"wp:featuredmedia":[{"embeddable":true,"href":"https:\/\/www.insidebrussels.be\/V2\/wp-json\/wp\/v2\/media\/14255"}],"wp:attachment":[{"href":"https:\/\/www.insidebrussels.be\/V2\/wp-json\/wp\/v2\/media?parent=17265"}],"wp:term":[{"taxonomy":"category","embeddable":true,"href":"https:\/\/www.insidebrussels.be\/V2\/wp-json\/wp\/v2\/categories?post=17265"},{"taxonomy":"post_tag","embeddable":true,"href":"https:\/\/www.insidebrussels.be\/V2\/wp-json\/wp\/v2\/tags?post=17265"}],"curies":[{"name":"wp","href":"https:\/\/api.w.org\/{rel}","templated":true}]}}