{"id":17277,"date":"2024-09-26T22:19:43","date_gmt":"2024-09-26T20:19:43","guid":{"rendered":"https:\/\/www.insidebrussels.be\/V2\/?p=17277"},"modified":"2024-09-26T22:46:48","modified_gmt":"2024-09-26T20:46:48","slug":"bruxelles-style-architecture","status":"publish","type":"post","link":"https:\/\/www.insidebrussels.be\/V2\/bruxelles\/bruxelles-style-architecture\/","title":{"rendered":"Bruxelles : une mosa\u00efque architecturale","gt_translate_keys":[{"key":"rendered","format":"text"}]},"content":{"rendered":"\n<p>Bruxelles n\u2019est pas seulement le c\u0153ur battant de l\u2019Europe ; c\u2019est aussi une ville o\u00f9 l\u2019histoire et la modernit\u00e9 se m\u00ealent harmonieusement. Cela se voit dans le m\u00e9lange de styles architecturaux qui cr\u00e9ent un paysage urbain unique. Dans ce blog, vous ferez une promenade dans les rues de Bruxelles, id\u00e9al pour puiser de l\u2019inspiration pour votre propre maison ! Pr\u00eat ? C\u2019est parti !<\/p>\n\n\n\n<div id=\"ez-toc-container\" class=\"ez-toc-v2_0_82_1 ez-toc-wrap-center counter-hierarchy ez-toc-counter ez-toc-custom ez-toc-container-direction\">\n<p class=\"ez-toc-title\" style=\"cursor:inherit\">\ud83d\udd25 Contenu de l&#039;article:<\/p>\n<label for=\"ez-toc-cssicon-toggle-item-69f4c8265fae6\" class=\"ez-toc-cssicon-toggle-label\"><span class=\"ez-toc-cssicon\"><span class=\"eztoc-hide\" style=\"display:none;\">Toggle<\/span><span class=\"ez-toc-icon-toggle-span\"><svg style=\"fill: #000000;color:#000000\" xmlns=\"http:\/\/www.w3.org\/2000\/svg\" class=\"list-377408\" width=\"20px\" height=\"20px\" viewBox=\"0 0 24 24\" fill=\"none\"><path d=\"M6 6H4v2h2V6zm14 0H8v2h12V6zM4 11h2v2H4v-2zm16 0H8v2h12v-2zM4 16h2v2H4v-2zm16 0H8v2h12v-2z\" fill=\"currentColor\"><\/path><\/svg><svg style=\"fill: #000000;color:#000000\" class=\"arrow-unsorted-368013\" xmlns=\"http:\/\/www.w3.org\/2000\/svg\" width=\"10px\" height=\"10px\" viewBox=\"0 0 24 24\" version=\"1.2\" baseProfile=\"tiny\"><path d=\"M18.2 9.3l-6.2-6.3-6.2 6.3c-.2.2-.3.4-.3.7s.1.5.3.7c.2.2.4.3.7.3h11c.3 0 .5-.1.7-.3.2-.2.3-.5.3-.7s-.1-.5-.3-.7zM5.8 14.7l6.2 6.3 6.2-6.3c.2-.2.3-.5.3-.7s-.1-.5-.3-.7c-.2-.2-.4-.3-.7-.3h-11c-.3 0-.5.1-.7.3-.2.2-.3.5-.3.7s.1.5.3.7z\"\/><\/svg><\/span><\/span><\/label><input type=\"checkbox\"  id=\"ez-toc-cssicon-toggle-item-69f4c8265fae6\"  aria-label=\"Toggle\" \/><nav><ul class='ez-toc-list ez-toc-list-level-1 ' ><li class='ez-toc-page-1 ez-toc-heading-level-2'><a class=\"ez-toc-link ez-toc-heading-1\" href=\"https:\/\/www.insidebrussels.be\/V2\/bruxelles\/bruxelles-style-architecture\/#Gothique\" >Gothique<\/a><\/li><li class='ez-toc-page-1 ez-toc-heading-level-2'><a class=\"ez-toc-link ez-toc-heading-2\" href=\"https:\/\/www.insidebrussels.be\/V2\/bruxelles\/bruxelles-style-architecture\/#Baroque\" >Baroque<\/a><\/li><li class='ez-toc-page-1 ez-toc-heading-level-2'><a class=\"ez-toc-link ez-toc-heading-3\" href=\"https:\/\/www.insidebrussels.be\/V2\/bruxelles\/bruxelles-style-architecture\/#Art_Nouveau\" >Art Nouveau<\/a><\/li><li class='ez-toc-page-1 ez-toc-heading-level-2'><a class=\"ez-toc-link ez-toc-heading-4\" href=\"https:\/\/www.insidebrussels.be\/V2\/bruxelles\/bruxelles-style-architecture\/#Beaux-Arts\" >Beaux-Arts<\/a><\/li><li class='ez-toc-page-1 ez-toc-heading-level-2'><a class=\"ez-toc-link ez-toc-heading-5\" href=\"https:\/\/www.insidebrussels.be\/V2\/bruxelles\/bruxelles-style-architecture\/#Modernisme_et_Brutalisme\" >Modernisme et Brutalisme<\/a><\/li><li class='ez-toc-page-1 ez-toc-heading-level-2'><a class=\"ez-toc-link ez-toc-heading-6\" href=\"https:\/\/www.insidebrussels.be\/V2\/bruxelles\/bruxelles-style-architecture\/#Ville_du_futur\" >Ville du futur<\/a><\/li><\/ul><\/nav><\/div>\n<h2 class=\"wp-block-heading\"><span class=\"ez-toc-section\" id=\"Gothique\"><\/span><strong>Gothique<\/strong><span class=\"ez-toc-section-end\"><\/span><\/h2>\n\n\n\n<p>Le noyau historique de Bruxelles est domin\u00e9 par de magnifiques exemples d\u2019architecture gothique. La Grand-Place, le c\u0153ur vibrant de la ville, est entour\u00e9e de majestueux h\u00f4tels de ville et de l\u2019imposante mairie. Cela illustre l&rsquo;importance de Bruxelles durant le Moyen \u00c2ge.<\/p>\n\n\n\n<h2 class=\"wp-block-heading\"><span class=\"ez-toc-section\" id=\"Baroque\"><\/span><strong>Baroque<\/strong><span class=\"ez-toc-section-end\"><\/span><\/h2>\n\n\n\n<p><br>Non loin de l\u00e0, sur la Place du Sablon, nous d\u00e9couvrons l\u2019\u00e9glise Notre-Dame du, un exemple clair de la transition entre le gothique et le baroque. Les int\u00e9rieurs richement d\u00e9cor\u00e9s et les fa\u00e7ades \u00e9l\u00e9gantes du Sablon montrent \u00e0 quel point le style baroque \u00e9tait et reste important \u00e0 Bruxelles. D\u00e9couvrez ici le <a href=\"https:\/\/www.insidebrussels.be\/V2\/bruxelles\/le-quartier-du-sablon\/\">Sablon<\/a><\/p>\n\n\n\n<figure class=\"wp-block-gallery has-nested-images columns-default is-cropped wp-block-gallery-2 is-layout-flex wp-block-gallery-is-layout-flex\">\n<figure class=\"wp-block-image size-large\"><a href=\"https:\/\/www.insidebrussels.be\/V2\/wp-content\/uploads\/2023\/10\/1547F19C-7867-4D18-9B20-D71EA4711798.jpeg\"><img decoding=\"async\" width=\"768\" height=\"1024\" data-id=\"15029\" src=\"https:\/\/www.insidebrussels.be\/V2\/wp-content\/uploads\/2023\/10\/1547F19C-7867-4D18-9B20-D71EA4711798-768x1024.jpeg\" alt=\"Saint Gudule en fleur (c) Pierre Halleux\" class=\"wp-image-15029\" srcset=\"https:\/\/www.insidebrussels.be\/V2\/wp-content\/uploads\/2023\/10\/1547F19C-7867-4D18-9B20-D71EA4711798-768x1024.jpeg 768w, https:\/\/www.insidebrussels.be\/V2\/wp-content\/uploads\/2023\/10\/1547F19C-7867-4D18-9B20-D71EA4711798-225x300.jpeg 225w, https:\/\/www.insidebrussels.be\/V2\/wp-content\/uploads\/2023\/10\/1547F19C-7867-4D18-9B20-D71EA4711798-1152x1536.jpeg 1152w, https:\/\/www.insidebrussels.be\/V2\/wp-content\/uploads\/2023\/10\/1547F19C-7867-4D18-9B20-D71EA4711798-450x600.jpeg 450w, https:\/\/www.insidebrussels.be\/V2\/wp-content\/uploads\/2023\/10\/1547F19C-7867-4D18-9B20-D71EA4711798.jpeg 1440w\" sizes=\"(max-width: 768px) 100vw, 768px\" \/><\/a><figcaption class=\"wp-element-caption\">Sainte Gudule en fleurs, style Baroque (c) Pierre Halleux<\/figcaption><\/figure>\n\n\n\n<figure class=\"wp-block-image size-large\"><a href=\"https:\/\/www.insidebrussels.be\/V2\/wp-content\/uploads\/2024\/09\/316_-_Maison_de_la_Bellone_-_Bruxelles.jpg\"><img decoding=\"async\" width=\"1024\" height=\"683\" data-id=\"17279\" src=\"https:\/\/www.insidebrussels.be\/V2\/wp-content\/uploads\/2024\/09\/316_-_Maison_de_la_Bellone_-_Bruxelles-1024x683.jpg\" alt=\"Maison de la Bellone Style Baroque Par Patrick Despoix \u2014 Travail personnel, CC BY-SA 4.0,\" class=\"wp-image-17279\" srcset=\"https:\/\/www.insidebrussels.be\/V2\/wp-content\/uploads\/2024\/09\/316_-_Maison_de_la_Bellone_-_Bruxelles-1024x683.jpg 1024w, https:\/\/www.insidebrussels.be\/V2\/wp-content\/uploads\/2024\/09\/316_-_Maison_de_la_Bellone_-_Bruxelles-300x200.jpg 300w, https:\/\/www.insidebrussels.be\/V2\/wp-content\/uploads\/2024\/09\/316_-_Maison_de_la_Bellone_-_Bruxelles-768x512.jpg 768w, https:\/\/www.insidebrussels.be\/V2\/wp-content\/uploads\/2024\/09\/316_-_Maison_de_la_Bellone_-_Bruxelles-1536x1024.jpg 1536w, https:\/\/www.insidebrussels.be\/V2\/wp-content\/uploads\/2024\/09\/316_-_Maison_de_la_Bellone_-_Bruxelles.jpg 1920w\" sizes=\"(max-width: 1024px) 100vw, 1024px\" \/><\/a><figcaption class=\"wp-element-caption\">Maison de la Bellone Style Baroque Par Patrick Despoix \u2014 Travail personnel, CC BY-SA 4.0, <\/figcaption><\/figure>\n\n\n\n<figure class=\"wp-block-image size-large\"><a href=\"https:\/\/www.insidebrussels.be\/V2\/wp-content\/uploads\/2023\/10\/82B71AD7-BD64-495B-A7F1-614131916081-scaled.jpeg\"><img decoding=\"async\" width=\"1024\" height=\"768\" data-id=\"14923\" src=\"https:\/\/www.insidebrussels.be\/V2\/wp-content\/uploads\/2023\/10\/82B71AD7-BD64-495B-A7F1-614131916081-1024x768.jpeg\" alt=\"Maneken Pis (c) Photo Pierre Halleux\" class=\"wp-image-14923\" srcset=\"https:\/\/www.insidebrussels.be\/V2\/wp-content\/uploads\/2023\/10\/82B71AD7-BD64-495B-A7F1-614131916081-1024x768.jpeg 1024w, https:\/\/www.insidebrussels.be\/V2\/wp-content\/uploads\/2023\/10\/82B71AD7-BD64-495B-A7F1-614131916081-300x225.jpeg 300w, https:\/\/www.insidebrussels.be\/V2\/wp-content\/uploads\/2023\/10\/82B71AD7-BD64-495B-A7F1-614131916081-768x576.jpeg 768w, https:\/\/www.insidebrussels.be\/V2\/wp-content\/uploads\/2023\/10\/82B71AD7-BD64-495B-A7F1-614131916081-1536x1152.jpeg 1536w, https:\/\/www.insidebrussels.be\/V2\/wp-content\/uploads\/2023\/10\/82B71AD7-BD64-495B-A7F1-614131916081-2048x1536.jpeg 2048w, https:\/\/www.insidebrussels.be\/V2\/wp-content\/uploads\/2023\/10\/82B71AD7-BD64-495B-A7F1-614131916081-720x540.jpeg 720w, https:\/\/www.insidebrussels.be\/V2\/wp-content\/uploads\/2023\/10\/82B71AD7-BD64-495B-A7F1-614131916081-scaled.jpeg 1078w\" sizes=\"(max-width: 1024px) 100vw, 1024px\" \/><\/a><figcaption class=\"wp-element-caption\">Maneken Pis (c) Photo Pierre Halleux<\/figcaption><\/figure>\n<\/figure>\n\n\n\n<h2 class=\"wp-block-heading\"><span class=\"ez-toc-section\" id=\"Art_Nouveau\"><\/span><strong>Art Nouveau<\/strong><span class=\"ez-toc-section-end\"><\/span><\/h2>\n\n\n\n<p><br>Quand on pense \u00e0 Bruxelles, on pense souvent \u00e0 l\u2019Art Nouveau. C\u2019est <a href=\"https:\/\/www.insidebrussels.be\/V2\/bruxelles\/tag\/horta\/\">Victor Horta<\/a> qui a introduit ce style, caract\u00e9ris\u00e9 par des formes organiques, des lignes gracieuses et des mat\u00e9riaux innovants comme le verre et le fer, \u00e0 la fin du 19e si\u00e8cle \u00e0 Bruxelles. Jusqu\u2019\u00e0 aujourd\u2019hui, Horta reste une grande source d\u2019inspiration pour de nombreux architectes. Plusieurs de ses b\u00e2timents, comme le Mus\u00e9e Horta, font m\u00eame partie du patrimoine mondial de l&rsquo;UNESCO, attirant de nombreux touristes internationaux dans notre capitale.<\/p>\n\n\n\n<figure class=\"wp-block-image size-full\"><a href=\"https:\/\/www.insidebrussels.be\/V2\/wp-content\/uploads\/2019\/03\/19396822_10154048210302609_2819860232389350344_n-e1553119044995.jpg\"><img decoding=\"async\" width=\"712\" height=\"696\" src=\"https:\/\/www.insidebrussels.be\/V2\/wp-content\/uploads\/2019\/03\/19396822_10154048210302609_2819860232389350344_n-e1553119044995.jpg\" alt=\"MIM Mus\u00e9e Instrument du Musique (c) Pierre Halleux\" class=\"wp-image-9237\" srcset=\"https:\/\/www.insidebrussels.be\/V2\/wp-content\/uploads\/2019\/03\/19396822_10154048210302609_2819860232389350344_n-e1553119044995.jpg 712w, https:\/\/www.insidebrussels.be\/V2\/wp-content\/uploads\/2019\/03\/19396822_10154048210302609_2819860232389350344_n-e1553119044995-300x293.jpg 300w\" sizes=\"(max-width: 712px) 100vw, 712px\" \/><\/a><figcaption class=\"wp-element-caption\">MIM Mus\u00e9e Instrument du Musique , Style Art Nouveau (c) Pierre Halleux<\/figcaption><\/figure>\n\n\n\n<h2 class=\"wp-block-heading\"><span class=\"ez-toc-section\" id=\"Beaux-Arts\"><\/span><strong>Beaux-Arts<\/strong><span class=\"ez-toc-section-end\"><\/span><\/h2>\n\n\n\n<p><br>Peu apr\u00e8s, le style Beaux-Arts, n\u00e9 en France, a trouv\u00e9 son chemin vers Bruxelles. Les fa\u00e7ades impressionnantes du Palais des Beaux-Arts (Bozar) et du Palais de Justice sont de bons exemples de ce style monumental qui exprime grandeur et \u00e9l\u00e9gance. Ce style impressionnant s\u2019accorde parfaitement \u00e0 la fonction des b\u00e2timents.<\/p>\n\n\n\n<figure class=\"wp-block-gallery has-nested-images columns-default is-cropped wp-block-gallery-3 is-layout-flex wp-block-gallery-is-layout-flex\">\n<figure class=\"wp-block-image size-large\"><a href=\"https:\/\/www.insidebrussels.be\/V2\/wp-content\/uploads\/2024\/06\/680B20D3-052E-494C-A648-5E805946CA0D.jpeg\"><img decoding=\"async\" width=\"1024\" height=\"768\" data-id=\"16658\" src=\"https:\/\/www.insidebrussels.be\/V2\/wp-content\/uploads\/2024\/06\/680B20D3-052E-494C-A648-5E805946CA0D-1024x768.jpeg\" alt=\"Palais de Justice un jour d'\u00e9t\u00e9 (c) Pierre Halleux\" class=\"wp-image-16658\" srcset=\"https:\/\/www.insidebrussels.be\/V2\/wp-content\/uploads\/2024\/06\/680B20D3-052E-494C-A648-5E805946CA0D-1024x768.jpeg 1024w, https:\/\/www.insidebrussels.be\/V2\/wp-content\/uploads\/2024\/06\/680B20D3-052E-494C-A648-5E805946CA0D-300x225.jpeg 300w, https:\/\/www.insidebrussels.be\/V2\/wp-content\/uploads\/2024\/06\/680B20D3-052E-494C-A648-5E805946CA0D-768x576.jpeg 768w, https:\/\/www.insidebrussels.be\/V2\/wp-content\/uploads\/2024\/06\/680B20D3-052E-494C-A648-5E805946CA0D-1536x1152.jpeg 1536w, https:\/\/www.insidebrussels.be\/V2\/wp-content\/uploads\/2024\/06\/680B20D3-052E-494C-A648-5E805946CA0D-720x540.jpeg 720w, https:\/\/www.insidebrussels.be\/V2\/wp-content\/uploads\/2024\/06\/680B20D3-052E-494C-A648-5E805946CA0D.jpeg 1920w\" sizes=\"(max-width: 1024px) 100vw, 1024px\" \/><\/a><figcaption class=\"wp-element-caption\">Palais de Justice un jour d&rsquo;\u00e9t\u00e9, Style Beaux-Arts (c) Pierre Halleux<\/figcaption><\/figure>\n\n\n\n<figure class=\"wp-block-image size-large\"><a href=\"https:\/\/www.insidebrussels.be\/V2\/wp-content\/uploads\/2024\/05\/Musees_Royaux_des_Beaux-Arts_Belgique_1101.jpg\"><img decoding=\"async\" width=\"1024\" height=\"683\" data-id=\"15909\" src=\"https:\/\/www.insidebrussels.be\/V2\/wp-content\/uploads\/2024\/05\/Musees_Royaux_des_Beaux-Arts_Belgique_1101-1024x683.jpg\" alt=\"Wikipedi Par Michel wal \u2014 Travail personnel, CC BY-SA 3.0, Musees_Royaux_des_Beaux-Arts_Belgique_\" class=\"wp-image-15909\" srcset=\"https:\/\/www.insidebrussels.be\/V2\/wp-content\/uploads\/2024\/05\/Musees_Royaux_des_Beaux-Arts_Belgique_1101-1024x683.jpg 1024w, https:\/\/www.insidebrussels.be\/V2\/wp-content\/uploads\/2024\/05\/Musees_Royaux_des_Beaux-Arts_Belgique_1101-300x200.jpg 300w, https:\/\/www.insidebrussels.be\/V2\/wp-content\/uploads\/2024\/05\/Musees_Royaux_des_Beaux-Arts_Belgique_1101-768x512.jpg 768w, https:\/\/www.insidebrussels.be\/V2\/wp-content\/uploads\/2024\/05\/Musees_Royaux_des_Beaux-Arts_Belgique_1101-1536x1024.jpg 1536w, https:\/\/www.insidebrussels.be\/V2\/wp-content\/uploads\/2024\/05\/Musees_Royaux_des_Beaux-Arts_Belgique_1101.jpg 1920w\" sizes=\"(max-width: 1024px) 100vw, 1024px\" \/><\/a><figcaption class=\"wp-element-caption\">Wikipedi Par Michel wal , Style Beaux-Arts\u2014 Travail personnel, CC BY-SA 3.0,  Musees_Royaux_des_Beaux-Arts_Belgique_<\/figcaption><\/figure>\n<\/figure>\n\n\n\n<h2 class=\"wp-block-heading\"><span class=\"ez-toc-section\" id=\"Modernisme_et_Brutalisme\"><\/span><strong>Modernisme et Brutalisme<\/strong><span class=\"ez-toc-section-end\"><\/span><\/h2>\n\n\n\n<p><br>Le 20e si\u00e8cle a apport\u00e9 des changements radicaux dans l&rsquo;architecture, \u00e9galement \u00e0 Bruxelles. Le Modernisme, ax\u00e9 sur la fonctionnalit\u00e9 et la simplicit\u00e9, se manifeste parfaitement dans le b\u00e2timent Flagey, anciennement une station de radio, d\u00e9sormais transform\u00e9e en centre culturel. Le Brutalisme, avec son accent sur les constructions en b\u00e9ton brut et l\u2019esth\u00e9tique fonctionnelle, se retrouve notamment sur le campus de la VUB \u00e0 Etterbeek. Les blocs cubiques, les panneaux de fa\u00e7ade rythm\u00e9s et les escaliers en b\u00e9ton brut sont reconnaissables de loin.<\/p>\n\n\n\n<figure class=\"wp-block-gallery has-nested-images columns-default is-cropped wp-block-gallery-4 is-layout-flex wp-block-gallery-is-layout-flex\">\n<figure class=\"wp-block-image size-large\"><a href=\"https:\/\/www.insidebrussels.be\/V2\/wp-content\/uploads\/2021\/05\/flagey-scaled.jpg\"><img decoding=\"async\" width=\"1024\" height=\"768\" data-id=\"12877\" src=\"https:\/\/www.insidebrussels.be\/V2\/wp-content\/uploads\/2021\/05\/flagey-1024x768.jpg\" alt=\"Se rafraichier place Flagey (c) Unsplash Alex Vasey\" class=\"wp-image-12877\" srcset=\"https:\/\/www.insidebrussels.be\/V2\/wp-content\/uploads\/2021\/05\/flagey-1024x768.jpg 1024w, https:\/\/www.insidebrussels.be\/V2\/wp-content\/uploads\/2021\/05\/flagey-300x225.jpg 300w, https:\/\/www.insidebrussels.be\/V2\/wp-content\/uploads\/2021\/05\/flagey-768x576.jpg 768w, https:\/\/www.insidebrussels.be\/V2\/wp-content\/uploads\/2021\/05\/flagey-1536x1152.jpg 1536w, https:\/\/www.insidebrussels.be\/V2\/wp-content\/uploads\/2021\/05\/flagey-720x540.jpg 720w, https:\/\/www.insidebrussels.be\/V2\/wp-content\/uploads\/2021\/05\/flagey-scaled.jpg 1078w\" sizes=\"(max-width: 1024px) 100vw, 1024px\" \/><\/a><figcaption class=\"wp-element-caption\">Se rafraichier place Flagey (c) Unsplash  Alex Vasey<\/figcaption><\/figure>\n<\/figure>\n\n\n\n<h2 class=\"wp-block-heading\"><span class=\"ez-toc-section\" id=\"Ville_du_futur\"><\/span><strong>Ville du futur<\/strong><span class=\"ez-toc-section-end\"><\/span><\/h2>\n\n\n\n<p><br>Bruxelles continue de se d\u00e9velopper et de se renouveler. C\u2019est un terreau d&rsquo;id\u00e9es innovantes pour l&rsquo;habitat, o\u00f9 la durabilit\u00e9 est de plus en plus au centre des pr\u00e9occupations. Des projets de r\u00e9novation ou de construction neuve comme le co-housing et les d\u00e9veloppements urbains durables sont tr\u00e8s fr\u00e9quents dans les rues bruxelloises. Dans ces b\u00e2timents, on utilise souvent des mat\u00e9riaux modernes comme des <a href=\"https:\/\/www.impermo.be\/nl\/wand\/wandpanelen-329\/\" target=\"_blank\" rel=\"noreferrer noopener\">wpanneaux muraux<\/a>.<\/p>\n\n\n\n<p>De plus, un <a href=\"https:\/\/www.impermo.be\/nl\/vloer\/vinyl-307\/\">sol en vinyl<\/a> est un choix tr\u00e8s populaire dans les b\u00e2timents modernes de Bruxelles. De tels mat\u00e9riaux aident \u00e0 trouver un \u00e9quilibre parfait entre esth\u00e9tique, confort et respect de l\u2019environnement.<\/p>\n\n\n\n<figure class=\"wp-block-image size-large\"><a href=\"https:\/\/www.insidebrussels.be\/V2\/wp-content\/uploads\/2022\/12\/BEED4FE2-2720-42F1-A253-13BCBCCB2D6E-scaled.jpeg\"><img decoding=\"async\" width=\"1024\" height=\"1024\" src=\"https:\/\/www.insidebrussels.be\/V2\/wp-content\/uploads\/2022\/12\/BEED4FE2-2720-42F1-A253-13BCBCCB2D6E-1024x1024.jpeg\" alt=\"PASSERELLE TONDO RUE DE LOUVAIN (c) Pierre HALLEUX\" class=\"wp-image-13777\" srcset=\"https:\/\/www.insidebrussels.be\/V2\/wp-content\/uploads\/2022\/12\/BEED4FE2-2720-42F1-A253-13BCBCCB2D6E-scaled.jpeg 1024w, https:\/\/www.insidebrussels.be\/V2\/wp-content\/uploads\/2022\/12\/BEED4FE2-2720-42F1-A253-13BCBCCB2D6E-300x300.jpeg 300w, https:\/\/www.insidebrussels.be\/V2\/wp-content\/uploads\/2022\/12\/BEED4FE2-2720-42F1-A253-13BCBCCB2D6E-150x150.jpeg 150w, https:\/\/www.insidebrussels.be\/V2\/wp-content\/uploads\/2022\/12\/BEED4FE2-2720-42F1-A253-13BCBCCB2D6E-768x768.jpeg 768w, https:\/\/www.insidebrussels.be\/V2\/wp-content\/uploads\/2022\/12\/BEED4FE2-2720-42F1-A253-13BCBCCB2D6E-1536x1536.jpeg 1536w, https:\/\/www.insidebrussels.be\/V2\/wp-content\/uploads\/2022\/12\/BEED4FE2-2720-42F1-A253-13BCBCCB2D6E-2048x2048.jpeg 2048w\" sizes=\"(max-width: 1024px) 100vw, 1024px\" \/><\/a><figcaption class=\"wp-element-caption\">PASSERELLE TONDO RUE DE LOUVAIN (c) Pierre HALLEUX<\/figcaption><\/figure>\n","protected":false,"gt_translate_keys":[{"key":"rendered","format":"html"}]},"excerpt":{"rendered":"<p>Bruxelles n\u2019est pas seulement le c\u0153ur battant de l\u2019Europe ; c\u2019est aussi une ville o\u00f9<\/p>\n","protected":false,"gt_translate_keys":[{"key":"rendered","format":"html"}]},"author":1,"featured_media":17279,"comment_status":"closed","ping_status":"closed","sticky":false,"template":"","format":"standard","meta":{"_lmt_disableupdate":"","_lmt_disable":"","footnotes":""},"categories":[2784,502],"tags":[507],"class_list":["post-17277","post","type-post","status-publish","format-standard","has-post-thumbnail","hentry","category-article-invite","category-monuments-attractions-touristiques-bruxelles","tag-horta"],"modified_by":"pierre","amp_enabled":true,"gt_translate_keys":[{"key":"link","format":"url"}],"_links":{"self":[{"href":"https:\/\/www.insidebrussels.be\/V2\/wp-json\/wp\/v2\/posts\/17277","targetHints":{"allow":["GET"]}}],"collection":[{"href":"https:\/\/www.insidebrussels.be\/V2\/wp-json\/wp\/v2\/posts"}],"about":[{"href":"https:\/\/www.insidebrussels.be\/V2\/wp-json\/wp\/v2\/types\/post"}],"author":[{"embeddable":true,"href":"https:\/\/www.insidebrussels.be\/V2\/wp-json\/wp\/v2\/users\/1"}],"replies":[{"embeddable":true,"href":"https:\/\/www.insidebrussels.be\/V2\/wp-json\/wp\/v2\/comments?post=17277"}],"version-history":[{"count":5,"href":"https:\/\/www.insidebrussels.be\/V2\/wp-json\/wp\/v2\/posts\/17277\/revisions"}],"predecessor-version":[{"id":17286,"href":"https:\/\/www.insidebrussels.be\/V2\/wp-json\/wp\/v2\/posts\/17277\/revisions\/17286"}],"wp:featuredmedia":[{"embeddable":true,"href":"https:\/\/www.insidebrussels.be\/V2\/wp-json\/wp\/v2\/media\/17279"}],"wp:attachment":[{"href":"https:\/\/www.insidebrussels.be\/V2\/wp-json\/wp\/v2\/media?parent=17277"}],"wp:term":[{"taxonomy":"category","embeddable":true,"href":"https:\/\/www.insidebrussels.be\/V2\/wp-json\/wp\/v2\/categories?post=17277"},{"taxonomy":"post_tag","embeddable":true,"href":"https:\/\/www.insidebrussels.be\/V2\/wp-json\/wp\/v2\/tags?post=17277"}],"curies":[{"name":"wp","href":"https:\/\/api.w.org\/{rel}","templated":true}]}}