{"id":17361,"date":"2024-11-10T01:16:32","date_gmt":"2024-11-10T00:16:32","guid":{"rendered":"https:\/\/www.insidebrussels.be\/V2\/?p=17361"},"modified":"2024-11-10T01:23:28","modified_gmt":"2024-11-10T00:23:28","slug":"decouvrez-les-nouvelles-adresses-gourmandes-de-la-rue-des-bouchers-a-bruxelles%f0%9f%8d%bd%ef%b8%8f","status":"publish","type":"post","link":"https:\/\/www.insidebrussels.be\/V2\/bruxelles\/decouvrez-les-nouvelles-adresses-gourmandes-de-la-rue-des-bouchers-a-bruxelles%f0%9f%8d%bd%ef%b8%8f\/","title":{"rendered":"D\u00e9couvrez les Nouvelles Adresses Gourmandes de la Rue des Bouchers \u00e0 Bruxelles\ud83c\udf7d\ufe0f","gt_translate_keys":[{"key":"rendered","format":"text"}]},"content":{"rendered":"\n<p>La rue des Bouchers \u00e0 Bruxelles est en pleine m\u00e9tamorphose. Autrefois consid\u00e9r\u00e9e comme une rue \u00e0 <em>\u00ab\u00a0attrape-toursites\u00a0\u00bb<\/em>, elle est <strong>aujourd&rsquo;hui une destination gastronomique moderne<\/strong>, accueillant des <strong>concepts culinaires innovants <\/strong>qui allient <strong>tradition et tendances<\/strong>. Cette transformation ambitieuse a pour but de redonner \u00e0 cette rue mythique du centre-ville son authenticit\u00e9 tout en attirant une client\u00e8le en qu\u00eate de nouvelles exp\u00e9riences gustatives. Dans cet article, nous vous expliquons ce qui change et d\u00e9voillones ces nouveaux spots gourmands! \ud83c\udf54\ud83c\udf79\ud83c\udf55<\/p>\n\n\n\n<h2 class=\"wp-block-heading\">Connaissez-vous cette \u00ab\u00a0rue des bouchers\u00a0\u00bb ?<\/h2>\n\n\n\n<figure class=\"wp-block-image size-full\"><a href=\"https:\/\/www.insidebrussels.be\/V2\/wp-content\/uploads\/2024\/11\/mq5UK9YQ.jpeg\"><img decoding=\"async\" width=\"1024\" height=\"683\" src=\"https:\/\/www.insidebrussels.be\/V2\/wp-content\/uploads\/2024\/11\/mq5UK9YQ.jpeg\" alt=\"Rue des bouchers \u00e0 Bruxelles (c) Presse NAKAMI\" class=\"wp-image-17374\" srcset=\"https:\/\/www.insidebrussels.be\/V2\/wp-content\/uploads\/2024\/11\/mq5UK9YQ.jpeg 1024w, https:\/\/www.insidebrussels.be\/V2\/wp-content\/uploads\/2024\/11\/mq5UK9YQ-300x200.jpeg 300w, https:\/\/www.insidebrussels.be\/V2\/wp-content\/uploads\/2024\/11\/mq5UK9YQ-768x512.jpeg 768w\" sizes=\"(max-width: 1024px) 100vw, 1024px\" \/><\/a><figcaption class=\"wp-element-caption\">Rue des bouchers \u00e0 Bruxelles (c) Presse NAKAMI<\/figcaption><\/figure>\n\n\n\n<p>La rue des Bouchers est une petite rue pittoresque situ\u00e9e <strong>en plein c\u0153ur de Bruxelles, <\/strong>dans le quartier de l\u2019\u00celot Sacr\u00e9, <a href=\"https:\/\/www.insidebrussels.be\/V2\/bruxelles\/visiter-la-grande-place-de-bruxelles-tourisme\/\">\u00e0 proximit\u00e9 de la c\u00e9l\u00e8bre Grand-Place<\/a>. Cette rue pi\u00e9tonne est connue pour ses fa\u00e7ades historiques et son ambiance anim\u00e9e. Elle est bord\u00e9e de restaurants et de caf\u00e9s qui en font une destination incontournable pour les gourmets et les amateurs de culture bruxelloise. Vous y \u00eates surement d\u00e9j\u00e0 pass\u00e9, en utilisant les <a href=\"https:\/\/www.insidebrussels.be\/V2\/bruxelles\/visiter-bruxelles-en-2-jours\/\">Galleries Saint-Hubert<\/a> ou en vous rendant au c\u00e9l\u00e8bre <a href=\"https:\/\/www.insidebrussels.be\/V2\/bruxelles\/isaac-les-meilleurs-bars-a-biere-bruxelles\/\">D\u00e9lirium caf\u00e9.<\/a><\/p>\n\n\n\n<p>Avec ses enseignes lumineuses, ses petites terrasses et ses devantures traditionnelles, la rue des Bouchers a un<strong> charme unique qui attire \u00e0 la fois les locaux et les touristes.<\/strong> Depuis sa transformation r\u00e9cente, elle accueille des \u00e9tablissements modernes et innovants, tout en conservant des restaurants historiques <em>(comme le Mythique <a href=\"https:\/\/auxarmesdebruxelles.com\/en\/home-2\/\" target=\"_blank\" rel=\"noreferrer noopener\">Aux Armes de Bruxelles <\/a>qui \u00e9tait le restaurant favoris de ma grand-m\u00e8re dans les ann\u00e9es 70),<\/em> offrant ainsi un m\u00e9lange de tradition et de modernit\u00e9. C&rsquo;est une promenade \u00e0 ne pas manquer pour ceux qui souhaitent d\u00e9couvrir le caract\u00e8re vibrant et gastronomique du centre de Bruxelles !<\/p>\n\n\n\n<p>Ne vous attendez pas \u00e0 trouver des boucheries. Au Moyen \u00c2ge, cette rue bruxelloise \u00e9tait principalement occup\u00e9e par des artisans de la viande : charcutiers, tripiers, saucissiers&#8230;. Au fil des si\u00e8cles, les bouchers ont laiss\u00e9s place aux caf\u00e9s et restaurants tout en gardant le nom qui t\u00e9moigne de son histoire. C&rsquo;est \u00e9galement ici que l&rsquo;on trouve <a href=\"https:\/\/www.insidebrussels.be\/V2\/bruxelles\/les-meilleurs-choses-a-faire-si-vous-etes-2-jours-a-bruxelles\/\">Jeanneke Pis,<\/a> une statue de bronze install\u00e9e dans l\u2019impasse de la Fid\u00e9lit\u00e9, en hommage \u00e0 l\u2019histoire populaire de Bruxelles.<\/p>\n\n\n\n<h2 class=\"wp-block-heading\">Quel changement dans la rue des bouchers ?<\/h2>\n\n\n\n<p>Avec ses restaurants qui revisitent les classiques belges ou importent des saveurs exotiques, la rue des Bouchers est devenue un \u00ab hot spot \u00bb culinaire o\u00f9 s\u2019entrem\u00ealent <strong>cuisine populaire,<\/strong> <strong>cr\u00e9ations v\u00e9ganes,<\/strong> <strong>influences du Moyen-Orient<\/strong> et autres d\u00e9couvertes savoureuses. L\u2019objectif de cette revitalisation ? <strong>Enrichir le patrimoine culinaire de Bruxelles <\/strong>et transformer cette art\u00e8re historique en un lieu o\u00f9 tradition et modernit\u00e9 cohabitent harmonieusement.<\/p>\n\n\n\n<p>\u00ab La revitalisation de la rue des Bouchers incarne la dynamique que nous souhaitons insuffler au centre-ville : une rencontre entre tradition et modernit\u00e9 qui enrichit notre patrimoine, tout en r\u00e9pondant aux attentes d\u2019un public en qu\u00eate d\u2019authenticit\u00e9 et de diversit\u00e9 culinaire. Cela ne peut que renforcer l\u2019attractivit\u00e9 de notre ville \u00bb, souligne Quentin Crespel, co-responsable de la strat\u00e9gie d\u2019attraction et de d\u00e9veloppement commercial chez <a href=\"https:\/\/www.entreprendrebruxelles.be\/\" target=\"_blank\" rel=\"noreferrer noopener\">Entreprendre Bruxelles.<\/a><\/p>\n\n\n\n<p>Aujourd&rsquo;hui, la rue des Bouchers accueille de nouvelles adresses gourmandes et originales, \u00e0 d\u00e9couvrir absolument. Voici une s\u00e9lection des meilleurs spots \u00e0 tester !<\/p>\n\n\n\n<h2 class=\"wp-block-heading\">Les Nouvelles Adresses Gourmandes \ud83c\udf74<\/h2>\n\n\n\n<h3 class=\"wp-block-heading\">1. Miska &#8211; Glaces Libanaises Artisanales \ud83c\udf66<\/h3>\n\n\n\n<p><\/p>\n\n\n\n<figure class=\"wp-block-gallery has-nested-images columns-default is-cropped wp-block-gallery-2 is-layout-flex wp-block-gallery-is-layout-flex\">\n<figure class=\"wp-block-image size-large\"><a href=\"https:\/\/www.insidebrussels.be\/V2\/wp-content\/uploads\/2024\/11\/miska1.jpg\"><img decoding=\"async\" width=\"576\" height=\"1024\" data-id=\"17366\" src=\"https:\/\/www.insidebrussels.be\/V2\/wp-content\/uploads\/2024\/11\/miska1-576x1024.jpg\" alt=\"Misaka Bruxelles (c) Presse NAKAMI - Bruxelles Entreprendre\" class=\"wp-image-17366\" srcset=\"https:\/\/www.insidebrussels.be\/V2\/wp-content\/uploads\/2024\/11\/miska1-576x1024.jpg 576w, https:\/\/www.insidebrussels.be\/V2\/wp-content\/uploads\/2024\/11\/miska1-169x300.jpg 169w, https:\/\/www.insidebrussels.be\/V2\/wp-content\/uploads\/2024\/11\/miska1-768x1365.jpg 768w, https:\/\/www.insidebrussels.be\/V2\/wp-content\/uploads\/2024\/11\/miska1-864x1536.jpg 864w, https:\/\/www.insidebrussels.be\/V2\/wp-content\/uploads\/2024\/11\/miska1.jpg 1080w\" sizes=\"(max-width: 576px) 100vw, 576px\" \/><\/a><figcaption class=\"wp-element-caption\">Misaka Bruxelles (c) Presse NAKAMI &#8211; Bruxelles Entreprendre<\/figcaption><\/figure>\n\n\n\n<figure class=\"wp-block-image size-large\"><a href=\"https:\/\/www.insidebrussels.be\/V2\/wp-content\/uploads\/2024\/11\/Miska2.jpeg\"><img decoding=\"async\" width=\"576\" height=\"1024\" data-id=\"17365\" src=\"https:\/\/www.insidebrussels.be\/V2\/wp-content\/uploads\/2024\/11\/Miska2-576x1024.jpeg\" alt=\"Misaka Bruxelles (c) Presse NAKAMI - Bruxelles Entreprendre\" class=\"wp-image-17365\" srcset=\"https:\/\/www.insidebrussels.be\/V2\/wp-content\/uploads\/2024\/11\/Miska2-576x1024.jpeg 576w, https:\/\/www.insidebrussels.be\/V2\/wp-content\/uploads\/2024\/11\/Miska2-169x300.jpeg 169w, https:\/\/www.insidebrussels.be\/V2\/wp-content\/uploads\/2024\/11\/Miska2-768x1365.jpeg 768w, https:\/\/www.insidebrussels.be\/V2\/wp-content\/uploads\/2024\/11\/Miska2-864x1536.jpeg 864w, https:\/\/www.insidebrussels.be\/V2\/wp-content\/uploads\/2024\/11\/Miska2.jpeg 1080w\" sizes=\"(max-width: 576px) 100vw, 576px\" \/><\/a><figcaption class=\"wp-element-caption\">Misaka Bruxelles (c) Presse NAKAMI &#8211; Bruxelles Entreprendre<\/figcaption><\/figure>\n<\/figure>\n\n\n\n<p>Chez Miska, les glaces artisanales sont \u00e0 l&rsquo;honneur avec des saveurs authentiques du Moyen-Orient. Oubliez les gelatos classiques, ici les glaces sont pr\u00e9par\u00e9es avec du \u00ab\u00a0salep\u00a0\u00bb, une poudre d&rsquo;orchid\u00e9e qui leur donne une texture unique et \u00e9lastique. Un d\u00e9lice \u00e0 d\u00e9guster pour un voyage gustatif au c\u0153ur de Beyrouth !<\/p>\n\n\n\n<p>\ud83d\udccd <strong>Miska<\/strong> &#8211; Rue des Bouchers 32, 1000 Bruxelles<\/p>\n\n\n\n<h3 class=\"wp-block-heading\">2. Kitsune &#8211; Burgers V\u00e9gans Fa\u00e7on Asian Fusion \ud83c\udf54\ud83c\udf31<\/h3>\n\n\n\n<p><\/p>\n\n\n\n<figure class=\"wp-block-gallery has-nested-images columns-default is-cropped wp-block-gallery-3 is-layout-flex wp-block-gallery-is-layout-flex\">\n<figure class=\"wp-block-image size-large\"><a href=\"https:\/\/www.insidebrussels.be\/V2\/wp-content\/uploads\/2024\/11\/kitsune2.jpeg\"><img decoding=\"async\" width=\"576\" height=\"1024\" data-id=\"17367\" src=\"https:\/\/www.insidebrussels.be\/V2\/wp-content\/uploads\/2024\/11\/kitsune2-576x1024.jpeg\" alt=\"Kitsune Bruxelles (c) Presse NAKAMI - Bruxelles Entreprendre\" class=\"wp-image-17367\" srcset=\"https:\/\/www.insidebrussels.be\/V2\/wp-content\/uploads\/2024\/11\/kitsune2-576x1024.jpeg 576w, https:\/\/www.insidebrussels.be\/V2\/wp-content\/uploads\/2024\/11\/kitsune2-169x300.jpeg 169w, https:\/\/www.insidebrussels.be\/V2\/wp-content\/uploads\/2024\/11\/kitsune2-768x1365.jpeg 768w, https:\/\/www.insidebrussels.be\/V2\/wp-content\/uploads\/2024\/11\/kitsune2-864x1536.jpeg 864w, https:\/\/www.insidebrussels.be\/V2\/wp-content\/uploads\/2024\/11\/kitsune2.jpeg 1080w\" sizes=\"(max-width: 576px) 100vw, 576px\" \/><\/a><figcaption class=\"wp-element-caption\">Kitsune Bruxelles (c) Presse NAKAMI &#8211; Bruxelles Entreprendre<\/figcaption><\/figure>\n\n\n\n<figure class=\"wp-block-image size-large\"><a href=\"https:\/\/www.insidebrussels.be\/V2\/wp-content\/uploads\/2024\/11\/kitsune.jpeg\"><img decoding=\"async\" width=\"576\" height=\"1024\" data-id=\"17368\" src=\"https:\/\/www.insidebrussels.be\/V2\/wp-content\/uploads\/2024\/11\/kitsune-576x1024.jpeg\" alt=\"Kitsune Bruxelles (c) Presse NAKAMI - Bruxelles Entreprendre\" class=\"wp-image-17368\" srcset=\"https:\/\/www.insidebrussels.be\/V2\/wp-content\/uploads\/2024\/11\/kitsune-576x1024.jpeg 576w, https:\/\/www.insidebrussels.be\/V2\/wp-content\/uploads\/2024\/11\/kitsune-169x300.jpeg 169w, https:\/\/www.insidebrussels.be\/V2\/wp-content\/uploads\/2024\/11\/kitsune-768x1365.jpeg 768w, https:\/\/www.insidebrussels.be\/V2\/wp-content\/uploads\/2024\/11\/kitsune-864x1536.jpeg 864w, https:\/\/www.insidebrussels.be\/V2\/wp-content\/uploads\/2024\/11\/kitsune.jpeg 1080w\" sizes=\"(max-width: 576px) 100vw, 576px\" \/><\/a><figcaption class=\"wp-element-caption\">Kitsune Bruxelles (c) Presse NAKAMI &#8211; Bruxelles Entreprendre<\/figcaption><\/figure>\n<\/figure>\n\n\n\n<p>Kitsune propose des burgers v\u00e9ganes qui allient la cr\u00e9ativit\u00e9 de l&rsquo;Asian fusion avec le plaisir du fast-food. Avec des options comme le Korean Fried Mushroom Burger, des kimchi rice balls ou les corndogs v\u00e9gans, Kitsune est un incontournable pour les amateurs de cuisine v\u00e9g\u00e9tale.<\/p>\n\n\n\n<p>\ud83d\udccd <strong>Kitsune Burgers<\/strong> &#8211; Petite Rue des Bouchers 25, Bruxelles<\/p>\n\n\n\n<h3 class=\"wp-block-heading\">3. Mani Tapiocaria &#8211; Saveurs Br\u00e9siliennes \ud83c\udf2e<\/h3>\n\n\n\n<p>Mani vous invite \u00e0 d\u00e9couvrir les tapiocas br\u00e9siliens, des cr\u00eapes sans gluten garnies d\u2019ingr\u00e9dients sal\u00e9s ou sucr\u00e9s. Inspir\u00e9 des voyages de son fondateur, ce caf\u00e9-restaurant propose des saveurs br\u00e9siliennes authentiques ou revisit\u00e9es, parfait pour une pause gourmande originale.<\/p>\n\n\n\n<p>\ud83d\udccd <strong>Mani Tapioca<\/strong> &#8211; 12 Petite Rue des Bouchers, Bruxelles<\/p>\n\n\n\n<h3 class=\"wp-block-heading\">4. The Sneakers Caf\u00e9 &#8211; Pour les Amoureux de Sneakers et de Cocktails \ud83d\udc5f\ud83c\udf78<\/h3>\n\n\n\n<p><\/p>\n\n\n\n<figure class=\"wp-block-gallery has-nested-images columns-default is-cropped wp-block-gallery-4 is-layout-flex wp-block-gallery-is-layout-flex\">\n<figure class=\"wp-block-image size-large\"><a href=\"https:\/\/www.insidebrussels.be\/V2\/wp-content\/uploads\/2024\/11\/TheSneakersCaf.jpeg\"><img decoding=\"async\" width=\"683\" height=\"1024\" data-id=\"17369\" src=\"https:\/\/www.insidebrussels.be\/V2\/wp-content\/uploads\/2024\/11\/TheSneakersCaf-683x1024.jpeg\" alt=\"The Sneakers Caf\u00e9 Bruxelles (c) Presse NAKAMI - Bruxelles Entreprendre\" class=\"wp-image-17369\" srcset=\"https:\/\/www.insidebrussels.be\/V2\/wp-content\/uploads\/2024\/11\/TheSneakersCaf-683x1024.jpeg 683w, https:\/\/www.insidebrussels.be\/V2\/wp-content\/uploads\/2024\/11\/TheSneakersCaf-200x300.jpeg 200w, https:\/\/www.insidebrussels.be\/V2\/wp-content\/uploads\/2024\/11\/TheSneakersCaf-768x1152.jpeg 768w, https:\/\/www.insidebrussels.be\/V2\/wp-content\/uploads\/2024\/11\/TheSneakersCaf-1024x1536.jpeg 1024w, https:\/\/www.insidebrussels.be\/V2\/wp-content\/uploads\/2024\/11\/TheSneakersCaf.jpeg 1280w\" sizes=\"(max-width: 683px) 100vw, 683px\" \/><\/a><figcaption class=\"wp-element-caption\">The Sneakers Caf\u00e9 Bruxelles (c) Presse NAKAMI &#8211; Bruxelles Entreprendre<\/figcaption><\/figure>\n<\/figure>\n\n\n\n<p>The Sneakers Caf\u00e9 est un concept hybride o\u00f9 l\u2019on peut savourer un cocktail tout en personnalisant sa paire de sneakers. C\u2019est le lieu id\u00e9al pour une exp\u00e9rience urbaine immersive, o\u00f9 style et saveurs se rencontrent dans une ambiance branch\u00e9e.<\/p>\n\n\n\n<p>\ud83d\udccd <strong>The Sneakers Caf\u00e9<\/strong> &#8211; 6 Petite Rue des Bouchers, Bruxelles<\/p>\n\n\n\n<h3 class=\"wp-block-heading\">5. Bouillon &#8211; Cuisine Populaire Belge \ud83c\udde7\ud83c\uddea\ud83c\udf72<\/h3>\n\n\n\n<figure class=\"wp-block-gallery has-nested-images columns-default is-cropped wp-block-gallery-5 is-layout-flex wp-block-gallery-is-layout-flex\">\n<figure class=\"wp-block-image size-large\"><a href=\"https:\/\/www.insidebrussels.be\/V2\/wp-content\/uploads\/2024\/11\/bouillon2.jpeg\"><img decoding=\"async\" width=\"640\" height=\"480\" data-id=\"17370\" src=\"https:\/\/www.insidebrussels.be\/V2\/wp-content\/uploads\/2024\/11\/bouillon2.jpeg\" alt=\"Bouillon Bruxelles (c) Presse NAKAMI - Bruxelles Entreprendre\" class=\"wp-image-17370\" srcset=\"https:\/\/www.insidebrussels.be\/V2\/wp-content\/uploads\/2024\/11\/bouillon2.jpeg 640w, https:\/\/www.insidebrussels.be\/V2\/wp-content\/uploads\/2024\/11\/bouillon2-300x225.jpeg 300w\" sizes=\"(max-width: 640px) 100vw, 640px\" \/><\/a><figcaption class=\"wp-element-caption\">Bouillon Bruxelles (c) Presse NAKAMI &#8211; Bruxelles Entreprendre<\/figcaption><\/figure>\n<\/figure>\n\n\n\n<p>Bouillon vous plonge dans la cuisine traditionnelle belge avec des plats g\u00e9n\u00e9reux comme la carbonnade flamande et le stoemp poireau-saucisse. Avec son style Art D\u00e9co et ses longues tables conviviales, Bouillon est un hommage aux saveurs locales et \u00e0 la convivialit\u00e9.<\/p>\n\n\n\n<p>\ud83d\udccd <strong>Bouillon Bruxelles<\/strong> &#8211; Rue des Dominicains 7-9, Bruxelles<\/p>\n\n\n\n<h3 class=\"wp-block-heading\">6. L\u2019Ogenblik &#8211; Une Adresse Belgo-Fran\u00e7aise de Caract\u00e8re \ud83c\udf7d\ufe0f\ud83c\udde7\ud83c\uddea\ud83c\uddeb\ud83c\uddf7<\/h3>\n\n\n\n<p>L\u2019Ogenblik est un v\u00e9ritable joyau pour les fins gourmets en qu\u00eate d&rsquo;atmosph\u00e8re historique, d&rsquo;authenticit\u00e9 et de saveurs ind\u00e9modables. Ce restaurant embl\u00e9matique de Bruxelles propose une cuisine de brasserie raffin\u00e9e, m\u00ealant sp\u00e9cialit\u00e9s fran\u00e7aises et belges, pour le plaisir de nombreuses c\u00e9l\u00e9brit\u00e9s, mais pas seulement. Le d\u00e9cor capture l&rsquo;essence d&rsquo;une \u00e9poque r\u00e9volue, avec un d\u00e9tail particulier : le sable blanc \u00e9tal\u00e9 sur le parquet, un hommage \u00e0 la tradition des anciens caf\u00e9s bruxellois o\u00f9 le sable \u00e9tait un compagnon quotidien des taverniers. Situ\u00e9 dans les majestueuses Galeries Royales, ce restaurant a su pr\u00e9server son charme authentique depuis 55 ans.<\/p>\n\n\n\n<p>\ud83d\udccd <strong>L\u2019Ogenblik<\/strong> &#8211; 1 Galerie des Princes, Bruxelles<\/p>\n\n\n\n<h3 class=\"wp-block-heading\">7. Aux Armes de Bruxelles &#8211; La Tradition Bruxelloise Depuis 1958 \ud83c\udfe0\ud83c\udf74<\/h3>\n\n\n\n<p>Depuis plus de 60 ans, Aux Armes de Bruxelles fait rayonner la cuisine bruxelloise au c\u0153ur de l&rsquo;\u00celot Sacr\u00e9. Fond\u00e9 en 1921, ce restaurant est devenu une v\u00e9ritable institution, notamment lors de l&rsquo;Exposition Universelle de 1958. Dans un cadre chaleureux et une d\u00e9coration bourgeoise typique de Bruxelles, vous y d\u00e9gusterez des recettes authentiques qui n\u2019ont pas chang\u00e9 depuis des d\u00e9cennies. Que ce soit pour un lunch rapide ou un d\u00eener festif, Aux Armes de Bruxelles reste l&rsquo;adresse incontournable pour les amoureux de la gastronomie bruxelloise.<\/p>\n\n\n\n<p>\ud83d\udccd <strong>Aux Armes de Bruxelles<\/strong> &#8211; 13 Rue des Bouchers, Bruxelles<\/p>\n\n\n\n<h3 class=\"wp-block-heading\">8. Chez Vincent &#8211; Tradition et Saveurs dans un D\u00e9cor Unique \ud83c\udf77\ud83c\udf56<\/h3>\n\n\n\n<p>Chez Vincent est l\u2019adresse id\u00e9ale pour d\u00e9couvrir la cuisine franco-belge authentique, avec un menu centr\u00e9 sur des viandes d\u00e9coup\u00e9es et flamb\u00e9es en salle. Depuis 1905, cette ancienne r\u00f4tisserie est r\u00e9put\u00e9e pour sa s\u00e9lection de sp\u00e9cialit\u00e9s bruxelloises maison. L\u2019\u00e9tablissement mise sur le circuit court et le local pour garantir une qualit\u00e9 irr\u00e9prochable. Avec ses grands tableaux en c\u00e9ramiques peintes, class\u00e9s par l\u2019UNESCO, l\u2019endroit s\u00e9duit autant par son d\u00e9cor unique que par ses saveurs exquises.<\/p>\n\n\n\n<p>\ud83d\udccd <strong>Chez Vincent<\/strong> &#8211; 8 Rue des Dominicains, Bruxelles<\/p>\n\n\n\n<h3 class=\"wp-block-heading\">9. Chez L\u00e9on &#8211; Les Moules Frites Les Plus C\u00e9l\u00e8bres de la Capitale \ud83e\uddaa\ud83c\udf5f<\/h3>\n\n\n\n<figure class=\"wp-block-gallery has-nested-images columns-default is-cropped wp-block-gallery-6 is-layout-flex wp-block-gallery-is-layout-flex\">\n<figure class=\"wp-block-image size-large\"><a href=\"https:\/\/www.insidebrussels.be\/V2\/wp-content\/uploads\/2023\/10\/18BC0FB1-377E-473C-9DAD-AEAEEF21EA69-scaled.jpeg\"><img decoding=\"async\" width=\"1024\" height=\"1024\" data-id=\"14916\" src=\"https:\/\/www.insidebrussels.be\/V2\/wp-content\/uploads\/2023\/10\/18BC0FB1-377E-473C-9DAD-AEAEEF21EA69-1024x1024.jpeg\" alt=\"Chez Leon Restaurant dans le Centre de Bruxelles (c) Pierre Halleux , Moules Frites\" class=\"wp-image-14916\" srcset=\"https:\/\/www.insidebrussels.be\/V2\/wp-content\/uploads\/2023\/10\/18BC0FB1-377E-473C-9DAD-AEAEEF21EA69-scaled.jpeg 1024w, https:\/\/www.insidebrussels.be\/V2\/wp-content\/uploads\/2023\/10\/18BC0FB1-377E-473C-9DAD-AEAEEF21EA69-300x300.jpeg 300w, https:\/\/www.insidebrussels.be\/V2\/wp-content\/uploads\/2023\/10\/18BC0FB1-377E-473C-9DAD-AEAEEF21EA69-150x150.jpeg 150w, https:\/\/www.insidebrussels.be\/V2\/wp-content\/uploads\/2023\/10\/18BC0FB1-377E-473C-9DAD-AEAEEF21EA69-768x768.jpeg 768w, https:\/\/www.insidebrussels.be\/V2\/wp-content\/uploads\/2023\/10\/18BC0FB1-377E-473C-9DAD-AEAEEF21EA69-1536x1536.jpeg 1536w, https:\/\/www.insidebrussels.be\/V2\/wp-content\/uploads\/2023\/10\/18BC0FB1-377E-473C-9DAD-AEAEEF21EA69-2048x2048.jpeg 2048w\" sizes=\"(max-width: 1024px) 100vw, 1024px\" \/><\/a><figcaption class=\"wp-element-caption\">Chez Leon Restaurant dans le Centre de Bruxelles (c) Pierre Halleux , Moules Frites<\/figcaption><\/figure>\n\n\n\n<figure class=\"wp-block-image size-large\"><a href=\"https:\/\/www.insidebrussels.be\/V2\/wp-content\/uploads\/2023\/10\/8720C233-F606-4104-B971-CF46C8884573-scaled.jpeg\"><img decoding=\"async\" width=\"1024\" height=\"1024\" data-id=\"14918\" src=\"https:\/\/www.insidebrussels.be\/V2\/wp-content\/uploads\/2023\/10\/8720C233-F606-4104-B971-CF46C8884573-1024x1024.jpeg\" alt=\"Chez Leon Restaurant dans le Centre de Bruxelles (c) Pierre Halleux\" class=\"wp-image-14918\" srcset=\"https:\/\/www.insidebrussels.be\/V2\/wp-content\/uploads\/2023\/10\/8720C233-F606-4104-B971-CF46C8884573-scaled.jpeg 1024w, https:\/\/www.insidebrussels.be\/V2\/wp-content\/uploads\/2023\/10\/8720C233-F606-4104-B971-CF46C8884573-300x300.jpeg 300w, https:\/\/www.insidebrussels.be\/V2\/wp-content\/uploads\/2023\/10\/8720C233-F606-4104-B971-CF46C8884573-150x150.jpeg 150w, https:\/\/www.insidebrussels.be\/V2\/wp-content\/uploads\/2023\/10\/8720C233-F606-4104-B971-CF46C8884573-768x768.jpeg 768w, https:\/\/www.insidebrussels.be\/V2\/wp-content\/uploads\/2023\/10\/8720C233-F606-4104-B971-CF46C8884573-1536x1536.jpeg 1536w, https:\/\/www.insidebrussels.be\/V2\/wp-content\/uploads\/2023\/10\/8720C233-F606-4104-B971-CF46C8884573-2048x2048.jpeg 2048w\" sizes=\"(max-width: 1024px) 100vw, 1024px\" \/><\/a><figcaption class=\"wp-element-caption\">Chez Leon Restaurant dans le Centre de Bruxelles (c) Pierre Halleux<\/figcaption><\/figure>\n\n\n\n<figure class=\"wp-block-image size-large\"><a href=\"https:\/\/www.insidebrussels.be\/V2\/wp-content\/uploads\/2023\/10\/FE519DF5-3D63-4067-A8AE-D99FE2BA88B4-scaled.jpeg\"><img decoding=\"async\" width=\"768\" height=\"1024\" data-id=\"14917\" src=\"https:\/\/www.insidebrussels.be\/V2\/wp-content\/uploads\/2023\/10\/FE519DF5-3D63-4067-A8AE-D99FE2BA88B4-768x1024.jpeg\" alt=\"Chez Leon Restaurant dans le Centre de Bruxelles (c) Pierre Halleux\" class=\"wp-image-14917\" srcset=\"https:\/\/www.insidebrussels.be\/V2\/wp-content\/uploads\/2023\/10\/FE519DF5-3D63-4067-A8AE-D99FE2BA88B4-scaled.jpeg 768w, https:\/\/www.insidebrussels.be\/V2\/wp-content\/uploads\/2023\/10\/FE519DF5-3D63-4067-A8AE-D99FE2BA88B4-225x300.jpeg 225w, https:\/\/www.insidebrussels.be\/V2\/wp-content\/uploads\/2023\/10\/FE519DF5-3D63-4067-A8AE-D99FE2BA88B4-1152x1536.jpeg 1152w, https:\/\/www.insidebrussels.be\/V2\/wp-content\/uploads\/2023\/10\/FE519DF5-3D63-4067-A8AE-D99FE2BA88B4-1536x2048.jpeg 1536w, https:\/\/www.insidebrussels.be\/V2\/wp-content\/uploads\/2023\/10\/FE519DF5-3D63-4067-A8AE-D99FE2BA88B4-450x600.jpeg 450w\" sizes=\"(max-width: 768px) 100vw, 768px\" \/><\/a><figcaption class=\"wp-element-caption\">Chez Leon Restaurant dans le Centre de Bruxelles (c) Pierre Halleux<\/figcaption><\/figure>\n\n\n\n<figure class=\"wp-block-image size-large\"><a href=\"https:\/\/www.insidebrussels.be\/V2\/wp-content\/uploads\/2023\/10\/7720F81F-A1EB-4F77-9B8A-11855FE9B8D4-scaled.jpeg\"><img decoding=\"async\" width=\"1024\" height=\"768\" data-id=\"14919\" src=\"https:\/\/www.insidebrussels.be\/V2\/wp-content\/uploads\/2023\/10\/7720F81F-A1EB-4F77-9B8A-11855FE9B8D4-1024x768.jpeg\" alt=\"Chez Leon Restaurant dans le Centre de Bruxelles (c) Pierre Halleux\" class=\"wp-image-14919\" srcset=\"https:\/\/www.insidebrussels.be\/V2\/wp-content\/uploads\/2023\/10\/7720F81F-A1EB-4F77-9B8A-11855FE9B8D4-1024x768.jpeg 1024w, https:\/\/www.insidebrussels.be\/V2\/wp-content\/uploads\/2023\/10\/7720F81F-A1EB-4F77-9B8A-11855FE9B8D4-300x225.jpeg 300w, https:\/\/www.insidebrussels.be\/V2\/wp-content\/uploads\/2023\/10\/7720F81F-A1EB-4F77-9B8A-11855FE9B8D4-768x576.jpeg 768w, https:\/\/www.insidebrussels.be\/V2\/wp-content\/uploads\/2023\/10\/7720F81F-A1EB-4F77-9B8A-11855FE9B8D4-1536x1152.jpeg 1536w, https:\/\/www.insidebrussels.be\/V2\/wp-content\/uploads\/2023\/10\/7720F81F-A1EB-4F77-9B8A-11855FE9B8D4-2048x1536.jpeg 2048w, https:\/\/www.insidebrussels.be\/V2\/wp-content\/uploads\/2023\/10\/7720F81F-A1EB-4F77-9B8A-11855FE9B8D4-720x540.jpeg 720w, https:\/\/www.insidebrussels.be\/V2\/wp-content\/uploads\/2023\/10\/7720F81F-A1EB-4F77-9B8A-11855FE9B8D4-scaled.jpeg 1078w\" sizes=\"(max-width: 1024px) 100vw, 1024px\" \/><\/a><figcaption class=\"wp-element-caption\">Chez Leon Restaurant dans le Centre de Bruxelles (c) Pierre Halleux<\/figcaption><\/figure>\n<\/figure>\n\n\n\n<p>Chez L\u00e9on, <a href=\"https:\/\/www.insidebrussels.be\/V2\/bruxelles\/ou-manger-les-meilleures-moules-a-bruxelles\/\">c\u2019est l\u2019incontournable r\u00e9f\u00e9rence des moules-frites \u00e0 Bruxelles depuis 1893. <\/a>Ce restaurant embl\u00e9matique, qui en est \u00e0 sa sixi\u00e8me g\u00e9n\u00e9ration, est un lieu de rencontre pour les amoureux de la cuisine bruxelloise. Dans une ambiance conviviale et familiale, on y savoure des classiques belges, notamment leurs c\u00e9l\u00e8bres moules-frites, avec la m\u00eame passion que celle qui anime la maison depuis ses d\u00e9buts.<\/p>\n\n\n\n<p>\ud83d\udccd <strong>Chez L\u00e9on<\/strong> &#8211; Rue des Bouchers 18, Bruxelles<\/p>\n\n\n\n<h3 class=\"wp-block-heading\">10. L\u2019Estaminet Toone &#8211; Un Bar Insolite et Secret au Charme du 18e Si\u00e8cle \ud83c\udf7a\ud83c\udfad<\/h3>\n\n\n\n<figure class=\"wp-block-image size-large\"><a href=\"https:\/\/www.insidebrussels.be\/V2\/wp-content\/uploads\/2024\/11\/TeatreDeToone.jpeg\"><img decoding=\"async\" width=\"819\" height=\"1024\" src=\"https:\/\/www.insidebrussels.be\/V2\/wp-content\/uploads\/2024\/11\/TeatreDeToone-819x1024.jpeg\" alt=\"Th\u00e9atre de Toone \u00e0 Bruxelles (c) NAKAMI Bruxelles Entreprendre\" class=\"wp-image-17377\" srcset=\"https:\/\/www.insidebrussels.be\/V2\/wp-content\/uploads\/2024\/11\/TeatreDeToone-819x1024.jpeg 819w, https:\/\/www.insidebrussels.be\/V2\/wp-content\/uploads\/2024\/11\/TeatreDeToone-240x300.jpeg 240w, https:\/\/www.insidebrussels.be\/V2\/wp-content\/uploads\/2024\/11\/TeatreDeToone-768x960.jpeg 768w, https:\/\/www.insidebrussels.be\/V2\/wp-content\/uploads\/2024\/11\/TeatreDeToone-1229x1536.jpeg 1229w, https:\/\/www.insidebrussels.be\/V2\/wp-content\/uploads\/2024\/11\/TeatreDeToone.jpeg 1440w\" sizes=\"(max-width: 819px) 100vw, 819px\" \/><\/a><figcaption class=\"wp-element-caption\">Th\u00e9atre de Toone \u00e0 Bruxelles (c) NAKAMI Bruxelles Entreprendre<\/figcaption><\/figure>\n\n\n\n<p>L\u2019Estaminet Toone, un lieu secret et insolite, allie histoire bruxelloise et culture des marionnettes. Situ\u00e9 pr\u00e8s de la Grand-Place, cet estaminet propose une s\u00e9lection de plus de 60 bi\u00e8res belges, allant des plus classiques aux plus originales, comme celles \u00e0 la m\u00fbre ou \u00e0 la p\u00eache. Mais ce qui rend Toone unique, c\u2019est son atmosph\u00e8re immersive dans l\u2019univers du th\u00e9\u00e2tre de marionnettes. Pris\u00e9 des Bruxellois et des curieux, il dispose m\u00eame d\u2019un jardin secret am\u00e9nag\u00e9 au c\u0153ur de l\u2019\u00eelot.<\/p>\n\n\n\n<p>\ud83d\udccd <strong>Th\u00e9\u00e2tre Royal de Toone<\/strong> &#8211; Impasse Sainte P\u00e9tronille, 66 Rue du March\u00e9-aux-Herbes, Bruxelles<\/p>\n\n\n\n<h2 class=\"wp-block-heading\">Saviez-vous ? Il y avait Trois Rues des Bouchers ! \ud83c\udfdb\ufe0f<\/h2>\n\n\n\n<p>Au d\u00e9part, il existait trois rues des Bouchers : la \u00ab\u00a0longue\u00a0\u00bb rue des Bouchers (devenue simplement la rue des Bouchers en 1853), la \u00ab\u00a0petite\u00a0\u00bb rue des Bouchers, et une autre devenue aujourd&rsquo;hui la rue des Dominicains. Cette rue porte le nom de \u00ab\u00a0Bouchers\u00a0\u00bb depuis le Moyen \u00c2ge, car elle abritait autrefois de nombreux artisans de la viande \u2013 des charcutiers aux tripiers, en passant par les bouchers sp\u00e9cialis\u00e9s.<\/p>\n\n\n\n<p>Cette rue a \u00e9galement un riche pass\u00e9 culturel. Elle a accueilli un cin\u00e9ma, des caf\u00e9s-concerts, et m\u00eame le club de jazz \u00ab\u00a0La Rose Noire\u00a0\u00bb, o\u00f9 Jacques Brel a fait ses d\u00e9buts en 1953. Et au fond de l\u2019impasse de la Fid\u00e9lit\u00e9, on peut toujours admirer la statue en bronze de Jeanneke Pis, la version f\u00e9minine du c\u00e9l\u00e8bre Manneken Pis.<\/p>\n\n\n\n<p>Avec son renouveau culinaire, son ambiance pittoresque et son histoire fascinante, la rue des Bouchers est aujourd&rsquo;hui l&rsquo;un des lieux les plus captivants de Bruxelles. Bon app\u00e9tit et bonne exploration !<\/p>\n","protected":false,"gt_translate_keys":[{"key":"rendered","format":"html"}]},"excerpt":{"rendered":"<p>La rue des Bouchers \u00e0 Bruxelles est en pleine m\u00e9tamorphose. Autrefois consid\u00e9r\u00e9e comme une rue<\/p>\n","protected":false,"gt_translate_keys":[{"key":"rendered","format":"html"}]},"author":1,"featured_media":17364,"comment_status":"closed","ping_status":"closed","sticky":false,"template":"","format":"standard","meta":{"_lmt_disableupdate":"","_lmt_disable":"","footnotes":""},"categories":[44,497,4428,10],"tags":[],"class_list":["post-17361","post","type-post","status-publish","format-standard","has-post-thumbnail","hentry","category-boire","category-tourisme-a-bruxelles","category-foodie","category-manger-a-bruxelles"],"modified_by":"pierre","amp_enabled":true,"gt_translate_keys":[{"key":"link","format":"url"}],"_links":{"self":[{"href":"https:\/\/www.insidebrussels.be\/V2\/wp-json\/wp\/v2\/posts\/17361","targetHints":{"allow":["GET"]}}],"collection":[{"href":"https:\/\/www.insidebrussels.be\/V2\/wp-json\/wp\/v2\/posts"}],"about":[{"href":"https:\/\/www.insidebrussels.be\/V2\/wp-json\/wp\/v2\/types\/post"}],"author":[{"embeddable":true,"href":"https:\/\/www.insidebrussels.be\/V2\/wp-json\/wp\/v2\/users\/1"}],"replies":[{"embeddable":true,"href":"https:\/\/www.insidebrussels.be\/V2\/wp-json\/wp\/v2\/comments?post=17361"}],"version-history":[{"count":3,"href":"https:\/\/www.insidebrussels.be\/V2\/wp-json\/wp\/v2\/posts\/17361\/revisions"}],"predecessor-version":[{"id":17378,"href":"https:\/\/www.insidebrussels.be\/V2\/wp-json\/wp\/v2\/posts\/17361\/revisions\/17378"}],"wp:featuredmedia":[{"embeddable":true,"href":"https:\/\/www.insidebrussels.be\/V2\/wp-json\/wp\/v2\/media\/17364"}],"wp:attachment":[{"href":"https:\/\/www.insidebrussels.be\/V2\/wp-json\/wp\/v2\/media?parent=17361"}],"wp:term":[{"taxonomy":"category","embeddable":true,"href":"https:\/\/www.insidebrussels.be\/V2\/wp-json\/wp\/v2\/categories?post=17361"},{"taxonomy":"post_tag","embeddable":true,"href":"https:\/\/www.insidebrussels.be\/V2\/wp-json\/wp\/v2\/tags?post=17361"}],"curies":[{"name":"wp","href":"https:\/\/api.w.org\/{rel}","templated":true}]}}