{"id":17446,"date":"2025-02-10T23:21:05","date_gmt":"2025-02-10T22:21:05","guid":{"rendered":"https:\/\/www.insidebrussels.be\/V2\/?p=17446"},"modified":"2026-03-29T23:44:05","modified_gmt":"2026-03-29T21:44:05","slug":"la-galerie-bortier-un-joyau-renove-pour-les-foodies-et-amateurs-de-livres","status":"publish","type":"post","link":"https:\/\/www.insidebrussels.be\/V2\/bruxelles\/la-galerie-bortier-un-joyau-renove-pour-les-foodies-et-amateurs-de-livres\/","title":{"rendered":"\ud83d\udcda La Galerie Bortier : Un Joyau R\u00e9nov\u00e9 pour les Foodies et Amateurs de Livres \ud83c\udf74","gt_translate_keys":[{"key":"rendered","format":"text"}]},"content":{"rendered":"\n<p>Si vous \u00eates un <a href=\"https:\/\/www.insidebrussels.be\/V2\/bruxelles\/les-meilleurs-magasins-et-librairies-pour-acheter-des-livres-a-bruxelles\/\">amoureux des livres<\/a> ou un passionn\u00e9 de gastronomie, il est fort probable que vous ayez d\u00e9j\u00e0 arpent\u00e9 <a href=\"https:\/\/www.insidebrussels.be\/V2\/bruxelles\/visiter-bruxelles-en-2-jours\/\">les galeries embl\u00e9matiques de Bruxelles.<\/a> Mais avez-vous d\u00e9j\u00e0 visit\u00e9 <strong>la Galerie Bortier<\/strong> ? Situ\u00e9e au c\u0153ur de la capitale belge, au 55 rue de la Madeleine, cette galerie embl\u00e9matique, ferm\u00e9e pendant plusieurs d\u00e9cennies, vient de rouvrir ses portes fin 2024 apr\u00e8s une r\u00e9novation minutieuse. Elle est aujourd&rsquo;hui <strong>un lieu incontournable<\/strong> rempli de bonnes adresses et vous promet <strong>une exp\u00e9rience unique o\u00f9 culture et gastronomie se rencontrent.<\/strong><\/p>\n\n\n\n<h3 class=\"wp-block-heading\">\ud83c\udfdb\ufe0f Une Histoire Riche et Intemporelle<\/h3>\n\n\n\n<p>La Galerie Bortier, con\u00e7ue par l&rsquo;architecte Jean-Pierre Cluysenaar et inaugur\u00e9e en 1848, a longtemps \u00e9t\u00e9 un refuge pour les amoureux de livres et d&rsquo;antiquit\u00e9s. Surnomm\u00e9e la \u00ab\u00a0Galerie des Bouquinistes\u00a0\u00bb, elle a accueilli durant plus d&rsquo;un si\u00e8cle des bouquinistes et des libraires sp\u00e9cialis\u00e9s, faisant battre le c\u0153ur des passionn\u00e9s de litt\u00e9rature. Cependant, le temps et l&rsquo;absence de r\u00e9novations avaient plong\u00e9 le lieu dans l&rsquo;abandon. Aujourd&rsquo;hui, gr\u00e2ce \u00e0 une r\u00e9novation respectueuse de son patrimoine, elle rena\u00eet pour attirer une nouvelle g\u00e9n\u00e9ration de visiteurs. Derri\u00e8re le projet, se trouve Thierry Goor. Son nom ne vous dit peut-\u00eatre rien, mais vous connaissez surement ses projets tels que le <a href=\"https:\/\/www.insidebrussels.be\/V2\/bruxelles\/wolf-le-nouveau-foodmarket-a-bruxelles-qui-vous-fera-saliver\/\">Wolf<\/a>, ou encore Fox.<\/p>\n\n\n\n<figure class=\"wp-block-image size-large\"><a href=\"https:\/\/www.insidebrussels.be\/V2\/wp-content\/uploads\/2025\/02\/IMG_1605.jpeg\"><img decoding=\"async\" width=\"1024\" height=\"768\" src=\"https:\/\/www.insidebrussels.be\/V2\/wp-content\/uploads\/2025\/02\/IMG_1605-1024x768.jpeg\" alt=\"Gallerie Bortier (c) Pierre Halleux\" class=\"wp-image-17436\" srcset=\"https:\/\/www.insidebrussels.be\/V2\/wp-content\/uploads\/2025\/02\/IMG_1605-1024x768.jpeg 1024w, https:\/\/www.insidebrussels.be\/V2\/wp-content\/uploads\/2025\/02\/IMG_1605-300x225.jpeg 300w, https:\/\/www.insidebrussels.be\/V2\/wp-content\/uploads\/2025\/02\/IMG_1605-768x576.jpeg 768w, https:\/\/www.insidebrussels.be\/V2\/wp-content\/uploads\/2025\/02\/IMG_1605-1536x1152.jpeg 1536w, https:\/\/www.insidebrussels.be\/V2\/wp-content\/uploads\/2025\/02\/IMG_1605-720x540.jpeg 720w, https:\/\/www.insidebrussels.be\/V2\/wp-content\/uploads\/2025\/02\/IMG_1605.jpeg 1920w\" sizes=\"(max-width: 1024px) 100vw, 1024px\" \/><\/a><figcaption class=\"wp-element-caption\">Gallerie Bortier (c) Pierre Halleux<\/figcaption><\/figure>\n\n\n\n<h3 class=\"wp-block-heading\">\ud83c\udf77 Entre Culture et Gastronomie<\/h3>\n\n\n\n<p>La transformation de la Galerie Bortier n&rsquo;aurait pas \u00e9t\u00e9 possible sans la vision des fondateurs du foodmarket Fox, Thierry Goor et Pascal van Hamme. Leur ambition \u00e9tait de cr\u00e9er un lieu o\u00f9 se rencontrent les nourritures du corps et de l&rsquo;esprit. Au programme, un caf\u00e9 litt\u00e9raire, des librairies sp\u00e9cialis\u00e9es en livres d\u2019art et d\u2019occasion, et une programmation d\u2019\u00e9v\u00e9nements vari\u00e9s, tels que des signatures, des lectures et des concerts intimistes.<\/p>\n\n\n\n<p><\/p>\n\n\n\n<figure class=\"wp-block-gallery has-nested-images columns-default is-cropped wp-block-gallery-2 is-layout-flex wp-block-gallery-is-layout-flex\">\n<figure class=\"wp-block-image size-large\"><a href=\"https:\/\/www.insidebrussels.be\/V2\/wp-content\/uploads\/2025\/02\/IMG_1622.jpeg\"><img decoding=\"async\" width=\"1024\" height=\"768\" data-id=\"17429\" src=\"https:\/\/www.insidebrussels.be\/V2\/wp-content\/uploads\/2025\/02\/IMG_1622-1024x768.jpeg\" alt=\"Gallerie Bortier (c) Pierre Halleux\" class=\"wp-image-17429\" srcset=\"https:\/\/www.insidebrussels.be\/V2\/wp-content\/uploads\/2025\/02\/IMG_1622-1024x768.jpeg 1024w, https:\/\/www.insidebrussels.be\/V2\/wp-content\/uploads\/2025\/02\/IMG_1622-300x225.jpeg 300w, https:\/\/www.insidebrussels.be\/V2\/wp-content\/uploads\/2025\/02\/IMG_1622-768x576.jpeg 768w, https:\/\/www.insidebrussels.be\/V2\/wp-content\/uploads\/2025\/02\/IMG_1622-1536x1152.jpeg 1536w, https:\/\/www.insidebrussels.be\/V2\/wp-content\/uploads\/2025\/02\/IMG_1622-720x540.jpeg 720w, https:\/\/www.insidebrussels.be\/V2\/wp-content\/uploads\/2025\/02\/IMG_1622.jpeg 1920w\" sizes=\"(max-width: 1024px) 100vw, 1024px\" \/><\/a><figcaption class=\"wp-element-caption\">Gallerie Bortier Plan de la Gallerie  (c) Pierre Halleux<\/figcaption><\/figure>\n\n\n\n<figure class=\"wp-block-image size-large\"><a href=\"https:\/\/www.insidebrussels.be\/V2\/wp-content\/uploads\/2025\/02\/IMG_1608.jpeg\"><img decoding=\"async\" width=\"768\" height=\"1024\" data-id=\"17435\" src=\"https:\/\/www.insidebrussels.be\/V2\/wp-content\/uploads\/2025\/02\/IMG_1608-768x1024.jpeg\" alt=\"Gallerie Bortier (c) Pierre Halleux\" class=\"wp-image-17435\" srcset=\"https:\/\/www.insidebrussels.be\/V2\/wp-content\/uploads\/2025\/02\/IMG_1608-768x1024.jpeg 768w, https:\/\/www.insidebrussels.be\/V2\/wp-content\/uploads\/2025\/02\/IMG_1608-225x300.jpeg 225w, https:\/\/www.insidebrussels.be\/V2\/wp-content\/uploads\/2025\/02\/IMG_1608-1152x1536.jpeg 1152w, https:\/\/www.insidebrussels.be\/V2\/wp-content\/uploads\/2025\/02\/IMG_1608-450x600.jpeg 450w, https:\/\/www.insidebrussels.be\/V2\/wp-content\/uploads\/2025\/02\/IMG_1608.jpeg 1440w\" sizes=\"(max-width: 768px) 100vw, 768px\" \/><\/a><figcaption class=\"wp-element-caption\">Gallerie Bortier restaurant Polpo (c) Pierre Halleux<\/figcaption><\/figure>\n\n\n\n<figure class=\"wp-block-image size-large\"><a href=\"https:\/\/www.insidebrussels.be\/V2\/wp-content\/uploads\/2025\/02\/IMG_1587.jpeg\"><img decoding=\"async\" width=\"1024\" height=\"768\" data-id=\"17441\" src=\"https:\/\/www.insidebrussels.be\/V2\/wp-content\/uploads\/2025\/02\/IMG_1587-1024x768.jpeg\" alt=\"Gallerie Bortier (c) Pierre Halleux\" class=\"wp-image-17441\" srcset=\"https:\/\/www.insidebrussels.be\/V2\/wp-content\/uploads\/2025\/02\/IMG_1587-1024x768.jpeg 1024w, https:\/\/www.insidebrussels.be\/V2\/wp-content\/uploads\/2025\/02\/IMG_1587-300x225.jpeg 300w, https:\/\/www.insidebrussels.be\/V2\/wp-content\/uploads\/2025\/02\/IMG_1587-768x576.jpeg 768w, https:\/\/www.insidebrussels.be\/V2\/wp-content\/uploads\/2025\/02\/IMG_1587-1536x1152.jpeg 1536w, https:\/\/www.insidebrussels.be\/V2\/wp-content\/uploads\/2025\/02\/IMG_1587-720x540.jpeg 720w, https:\/\/www.insidebrussels.be\/V2\/wp-content\/uploads\/2025\/02\/IMG_1587.jpeg 1920w\" sizes=\"(max-width: 1024px) 100vw, 1024px\" \/><\/a><figcaption class=\"wp-element-caption\">Gallerie Bortier (c) Pierre Halleux<\/figcaption><\/figure>\n<\/figure>\n\n\n\n<h3 class=\"wp-block-heading\">\ud83d\udc69\u200d\ud83c\udfa8 Des Artisans de Qualit\u00e9<\/h3>\n\n\n\n<p>La nouvelle galerie met en avant des artisans soigneusement s\u00e9lectionn\u00e9s pour leur savoir-faire et leur authenticit\u00e9. Parmi eux, le caf\u00e9 litt\u00e9raire <strong>Kawa Club<\/strong>, inspir\u00e9 des librairies anglaises, offre une atmosph\u00e8re propice \u00e0 la r\u00e9flexion et \u00e0 l\u2019\u00e9change. Les bouquinistes historiques <strong>Pierre Coumans<\/strong> et <strong>Fanny Genicot<\/strong> pr\u00e9sentent leurs tr\u00e9sors litt\u00e9raires. &nbsp;Chez Kawa, une fois dans le salon, vous serez directement propuls\u00e9 dans le salon d\u2019Agatha Christie, sauf qu&rsquo;ici vous siroterez un d\u00e9licieux matcha.<\/p>\n\n\n\n<p><\/p>\n\n\n\n<figure class=\"wp-block-image size-large\"><a href=\"https:\/\/www.insidebrussels.be\/V2\/wp-content\/uploads\/2025\/02\/IMG_1612.jpeg\"><img decoding=\"async\" width=\"768\" height=\"1024\" src=\"https:\/\/www.insidebrussels.be\/V2\/wp-content\/uploads\/2025\/02\/IMG_1612-768x1024.jpeg\" alt=\"Gallerie Bortier (c) Pierre Halleux\" class=\"wp-image-17434\" srcset=\"https:\/\/www.insidebrussels.be\/V2\/wp-content\/uploads\/2025\/02\/IMG_1612-768x1024.jpeg 768w, https:\/\/www.insidebrussels.be\/V2\/wp-content\/uploads\/2025\/02\/IMG_1612-225x300.jpeg 225w, https:\/\/www.insidebrussels.be\/V2\/wp-content\/uploads\/2025\/02\/IMG_1612-1152x1536.jpeg 1152w, https:\/\/www.insidebrussels.be\/V2\/wp-content\/uploads\/2025\/02\/IMG_1612-450x600.jpeg 450w, https:\/\/www.insidebrussels.be\/V2\/wp-content\/uploads\/2025\/02\/IMG_1612.jpeg 1440w\" sizes=\"(max-width: 768px) 100vw, 768px\" \/><\/a><figcaption class=\"wp-element-caption\">Gallerie Bortier (c) Pierre Halleux<\/figcaption><\/figure>\n\n\n\n<h3 class=\"wp-block-heading\">\ud83c\udf72 Gastronomie de Haut Vol<\/h3>\n\n\n\n\n\n<figure class=\"wp-block-image size-large\"><a href=\"https:\/\/www.insidebrussels.be\/V2\/wp-content\/uploads\/2026\/03\/IMG_9513.jpeg\"><img decoding=\"async\" width=\"768\" height=\"1024\" src=\"https:\/\/www.insidebrussels.be\/V2\/wp-content\/uploads\/2026\/03\/IMG_9513-768x1024.jpeg\" alt=\"Gazzosa - un italien dans la Gallerie Bortier \u00e0 Bruxelles (c) Pierre Halleux\" class=\"wp-image-18245\" srcset=\"https:\/\/www.insidebrussels.be\/V2\/wp-content\/uploads\/2026\/03\/IMG_9513-768x1024.jpeg 768w, https:\/\/www.insidebrussels.be\/V2\/wp-content\/uploads\/2026\/03\/IMG_9513-225x300.jpeg 225w, https:\/\/www.insidebrussels.be\/V2\/wp-content\/uploads\/2026\/03\/IMG_9513-1152x1536.jpeg 1152w, https:\/\/www.insidebrussels.be\/V2\/wp-content\/uploads\/2026\/03\/IMG_9513-450x600.jpeg 450w, https:\/\/www.insidebrussels.be\/V2\/wp-content\/uploads\/2026\/03\/IMG_9513.jpeg 1440w\" sizes=\"(max-width: 768px) 100vw, 768px\" \/><\/a><figcaption class=\"wp-element-caption\">Gazzosa &#8211; un italien dans la Gallerie Bortier \u00e0 Bruxelles (c) Pierre Halleux<\/figcaption><\/figure>\n\n\n\n<p>Pour les fins gourmets, plusieurs noms prestigieux animent les comptoirs :<\/p>\n\n\n\n<ul class=\"wp-block-list\">\n<li><strong>Yves Mattagne<\/strong> et son fils <strong>S\u00e9bastien<\/strong> avec leur adresse indienne <strong><a href=\"https:\/\/www.naanry.com\/menu\/\" target=\"_blank\" rel=\"noreferrer noopener\">Naanry<\/a><\/strong>. &nbsp;Outre la d\u00e9co plut\u00f4t sympa ( vielles photos de famille et papier peint r\u00e9tro), on y mange plut\u00f4t bien. Le naan excellent \u00e0 base de poulet croustillant, curry mayo, Bombay coleslaw, grenade et mangue. Une version v\u00e9g\u00e9 \u00e0 base de chou-fleur r\u00f4ti est \u00e9galement dispo. Leur prix&nbsp;? 14\u20ac, mais il y a de quoi manger pour deux.<\/li>\n\n\n\n<li><strong>C\u00e9sar Lewandowski (ex-top chef)<\/strong> s\u00e9duit avec <strong>Polpo<\/strong>, un comptoir m\u00e9diterran\u00e9en d\u00e9di\u00e9 aux produits de la mer. On y retrouve par exemple Banh-mi de poulpe (16\u20ac) ou sandwich Sea Club ( pain brioch\u00e9 gravlax de truite saumur\u00e9e,  fromage de ch\u00e8vre \u00e0 la cr\u00e8me citronn\u00e9e, \u0153ufs de truite , aneth- 15\u20ac)<\/li>\n\n\n\n<li>La <strong>charcuterie <a href=\"https:\/\/www.insidebrussels.be\/V2\/bruxelles\/ou-acheter-de-la-bonne-viande-a-bruxelles-meilleures-boucheries\/\">Dierendonck<\/a><\/strong>, o\u00f9 leur pastrami nous a fait de l&rsquo;oeil ainsi que leur pat\u00e9 maison. <\/li>\n\n\n\n<li>La fromagerie <strong><a href=\"https:\/\/soeurs-fromagerie.com\/\" target=\"_blank\" rel=\"noreferrer noopener\">S\u0153urs<\/a><\/strong>, qui propose un l\u00e9genfaire raclette Bowl<\/li>\n\n\n\n<li><strong>Gazzosa<\/strong>, un tout petit restaurant italien situ\u00e9 tout au fond qui ne fait pas plus de quelques metres carr\u00e9s. Sa micro-cuisine vous propose <em>tajarin ragu bianco<\/em>\u00a0(une bolo sans tomates! ). A l&rsquo;\u00e9tage, quelques tables \u00e0 l\u2019\u00e9tage accessibles via un petit escalier en colimason. <a href=\"https:\/\/www.insidebrussels.be\/V2\/bruxelles\/%f0%9f%8d%9d-gazzosa-brussels-simple-bien-fait\/\">Nous avons test\u00e9 Gazzosa &#8211; voici notre avis.<\/a><\/li>\n<\/ul>\n\n\n\n<p>Si vous avez soif, vous trouverez aussi, au milieu de la gallerie, un espace d\u00e9di\u00e9 aux bi\u00e8res artisanales belges met en valeur le savoir-faire local: \u00ab&nbsp;bar \u00e0 bibine&nbsp;\u00bb. Celui-ci r\u00e9unit sept brasseries bruxelloises. Si vous n&rsquo;\u00eates pas bi\u00e8re mais plutot vin, ils ont du tr\u00e8s bon vin bio \u00e0 4,50\u20ac le verre<\/p>\n\n\n\n<figure class=\"wp-block-image size-large\"><a href=\"https:\/\/www.insidebrussels.be\/V2\/wp-content\/uploads\/2025\/02\/IMG_1610.jpeg\"><img decoding=\"async\" width=\"768\" height=\"1024\" src=\"https:\/\/www.insidebrussels.be\/V2\/wp-content\/uploads\/2025\/02\/IMG_1610-768x1024.jpeg\" alt=\"Gallerie Bortier (c) Pierre Halleux\" class=\"wp-image-17432\" srcset=\"https:\/\/www.insidebrussels.be\/V2\/wp-content\/uploads\/2025\/02\/IMG_1610-768x1024.jpeg 768w, https:\/\/www.insidebrussels.be\/V2\/wp-content\/uploads\/2025\/02\/IMG_1610-225x300.jpeg 225w, https:\/\/www.insidebrussels.be\/V2\/wp-content\/uploads\/2025\/02\/IMG_1610-1152x1536.jpeg 1152w, https:\/\/www.insidebrussels.be\/V2\/wp-content\/uploads\/2025\/02\/IMG_1610-450x600.jpeg 450w, https:\/\/www.insidebrussels.be\/V2\/wp-content\/uploads\/2025\/02\/IMG_1610.jpeg 1440w\" sizes=\"(max-width: 768px) 100vw, 768px\" \/><\/a><figcaption class=\"wp-element-caption\">Gallerie Bortier (c) Pierre Halleux<\/figcaption><\/figure>\n\n\n\n<h3 class=\"wp-block-heading\">\ud83c\udfdb\ufe0f Un Cadre Pr\u00e9serv\u00e9<\/h3>\n\n\n\n<p>Malgr\u00e9 l&rsquo;introduction de la gastronomie, la Ville de Bruxelles a tenu \u00e0 pr\u00e9server les \u00e9l\u00e9ments d\u2019origine de la galerie, notamment les fa\u00e7ades historiques et la verri\u00e8re embl\u00e9matique. La r\u00e9novation a \u00e9t\u00e9 r\u00e9alis\u00e9e dans les r\u00e8gles de l\u2019art pour redonner vie \u00e0 ce lieu cher aux Bruxellois.<\/p>\n\n\n\n<h3 class=\"wp-block-heading\">\ud83c\udf1f Un Lieu Incontournable<\/h3>\n\n\n\n<p>Avec cette r\u00e9ouverture, la Galerie Bortier s\u2019affirme comme un espace incontournable de Bruxelles, conjuguant h\u00e9ritage litt\u00e9raire et plaisirs culinaires. Que vous soyez un passionn\u00e9 de livres ou un amateur de bonne ch\u00e8re, la Galerie Bortier est un lieu \u00e0 ne pas manquer. <a href=\"https:\/\/bortier.be\/\" target=\"_blank\" rel=\"noreferrer noopener\">Suivez-les sur sur site web pour l&rsquo;agenda<\/a>\ud83d\udcf8 et plongez dans cette exp\u00e9rience unique.<\/p>\n\n\n\n<p><strong>Horaires d&rsquo;ouverture<\/strong> : \ud83d\udd58 Ouvert 7\/7, du lundi au dimanche, de 9h \u00e0 22h30.<\/p>\n\n\n\n<p><strong>Adresse<\/strong> : \ud83d\udccd 55 rue de la Madeleine, 1000 Bruxelles<\/p>\n\n\n\n<p><strong>Contact<\/strong> : \ud83d\udce7 <a href=\"mailto:hello@bortier.be\">hello@bortier.be<\/a><\/p>\n\n\n\n<p>Et si vous en voulez plus, ne manquez pas de visiter la <strong>Galerie de la Reine<\/strong> \ud83d\udc51, autre joyau architectural bruxellois.<\/p>\n\n\n\n<p>Laissez-vous tenter par cette nouvelle aventure culturelle et gastronomique ! \ud83c\udf7d\ufe0f\ud83d\udcd6<\/p>\n","protected":false,"gt_translate_keys":[{"key":"rendered","format":"html"}]},"excerpt":{"rendered":"<p>Si vous \u00eates un amoureux des livres ou un passionn\u00e9 de gastronomie, il est fort<\/p>\n","protected":false,"gt_translate_keys":[{"key":"rendered","format":"html"}]},"author":1,"featured_media":17440,"comment_status":"closed","ping_status":"closed","sticky":false,"template":"","format":"standard","meta":{"_lmt_disableupdate":"","_lmt_disable":"","footnotes":""},"categories":[44,10,503,5887,31,6522,5899,5898],"tags":[47,58,48],"class_list":["post-17446","post","type-post","status-publish","format-standard","has-post-thumbnail","hentry","category-boire","category-manger-a-bruxelles","category-musee-a-visiter-a-bruxelles-et-galleries","category-pause-gourmande","category-shopping","category-street-food","category-wine-bar-manger-a-bruxelles","category-wine-bar","tag-a-faire-le-dimanche","tag-en-amoureux","tag-gratuit"],"modified_by":"pierre","amp_enabled":true,"gt_translate_keys":[{"key":"link","format":"url"}],"_links":{"self":[{"href":"https:\/\/www.insidebrussels.be\/V2\/wp-json\/wp\/v2\/posts\/17446","targetHints":{"allow":["GET"]}}],"collection":[{"href":"https:\/\/www.insidebrussels.be\/V2\/wp-json\/wp\/v2\/posts"}],"about":[{"href":"https:\/\/www.insidebrussels.be\/V2\/wp-json\/wp\/v2\/types\/post"}],"author":[{"embeddable":true,"href":"https:\/\/www.insidebrussels.be\/V2\/wp-json\/wp\/v2\/users\/1"}],"replies":[{"embeddable":true,"href":"https:\/\/www.insidebrussels.be\/V2\/wp-json\/wp\/v2\/comments?post=17446"}],"version-history":[{"count":4,"href":"https:\/\/www.insidebrussels.be\/V2\/wp-json\/wp\/v2\/posts\/17446\/revisions"}],"predecessor-version":[{"id":18269,"href":"https:\/\/www.insidebrussels.be\/V2\/wp-json\/wp\/v2\/posts\/17446\/revisions\/18269"}],"wp:featuredmedia":[{"embeddable":true,"href":"https:\/\/www.insidebrussels.be\/V2\/wp-json\/wp\/v2\/media\/17440"}],"wp:attachment":[{"href":"https:\/\/www.insidebrussels.be\/V2\/wp-json\/wp\/v2\/media?parent=17446"}],"wp:term":[{"taxonomy":"category","embeddable":true,"href":"https:\/\/www.insidebrussels.be\/V2\/wp-json\/wp\/v2\/categories?post=17446"},{"taxonomy":"post_tag","embeddable":true,"href":"https:\/\/www.insidebrussels.be\/V2\/wp-json\/wp\/v2\/tags?post=17446"}],"curies":[{"name":"wp","href":"https:\/\/api.w.org\/{rel}","templated":true}]}}