{"id":17462,"date":"2025-03-07T00:01:01","date_gmt":"2025-03-06T23:01:01","guid":{"rendered":"https:\/\/www.insidebrussels.be\/V2\/?p=17462"},"modified":"2025-03-07T00:01:02","modified_gmt":"2025-03-06T23:01:02","slug":"nos-4-meilleurs-endroits-pour-un-lunch-rapide-et-sympa-pres-de-merode-sans-se-ruiner","status":"publish","type":"post","link":"https:\/\/www.insidebrussels.be\/V2\/bruxelles\/nos-4-meilleurs-endroits-pour-un-lunch-rapide-et-sympa-pres-de-merode-sans-se-ruiner\/","title":{"rendered":"Nos 4 meilleurs endroits pour un lunch rapide et sympa pr\u00e8s de M\u00e9rode sans se ruiner","gt_translate_keys":[{"key":"rendered","format":"text"}]},"content":{"rendered":"\n<p>\u00c0 deux pas du Cinquantenaire, si vous \u00eates \u00e0 court d&rsquo;id\u00e9es pour un lunch sympa et rapide, voici quelques recommandations qui sauront ravir vos papilles ! Manger sans se ruiner, voici nos p\u00e9pites.\ud83c\udf7d\ufe0f\u2728 Que vous soyez amateur de cuisine italienne, libanaise ou vietnamienne, ces adresses pr\u00e8s de M\u00e9rode sauront satisfaire toutes vos envies. Bon app\u00e9tit ! \ud83d\ude0a<\/p>\n\n\n\n<h4 class=\"wp-block-heading\" id=\"dalnonno\">1. Dal Nonno<\/h4>\n\n\n\n<p><\/p>\n\n\n\n<figure class=\"wp-block-gallery has-nested-images columns-default is-cropped wp-block-gallery-2 is-layout-flex wp-block-gallery-is-layout-flex\">\n<figure class=\"wp-block-image size-large\"><a href=\"https:\/\/www.insidebrussels.be\/V2\/wp-content\/uploads\/2025\/03\/IMG_6129.jpeg\"><img decoding=\"async\" width=\"1024\" height=\"768\" data-id=\"17476\" src=\"https:\/\/www.insidebrussels.be\/V2\/wp-content\/uploads\/2025\/03\/IMG_6129-1024x768.jpeg\" alt=\"Dal Nonno (c) Pierre Halleux\" class=\"wp-image-17476\" srcset=\"https:\/\/www.insidebrussels.be\/V2\/wp-content\/uploads\/2025\/03\/IMG_6129-1024x768.jpeg 1024w, https:\/\/www.insidebrussels.be\/V2\/wp-content\/uploads\/2025\/03\/IMG_6129-300x225.jpeg 300w, https:\/\/www.insidebrussels.be\/V2\/wp-content\/uploads\/2025\/03\/IMG_6129-768x576.jpeg 768w, https:\/\/www.insidebrussels.be\/V2\/wp-content\/uploads\/2025\/03\/IMG_6129-1536x1152.jpeg 1536w, https:\/\/www.insidebrussels.be\/V2\/wp-content\/uploads\/2025\/03\/IMG_6129-720x540.jpeg 720w, https:\/\/www.insidebrussels.be\/V2\/wp-content\/uploads\/2025\/03\/IMG_6129.jpeg 1920w\" sizes=\"(max-width: 1024px) 100vw, 1024px\" \/><\/a><figcaption class=\"wp-element-caption\">Dal Nonno (c) Pierre Halleux<\/figcaption><\/figure>\n\n\n\n<figure class=\"wp-block-image size-large\"><a href=\"https:\/\/www.insidebrussels.be\/V2\/wp-content\/uploads\/2025\/03\/IMG_6904.jpeg\"><img decoding=\"async\" width=\"768\" height=\"1024\" data-id=\"17474\" src=\"https:\/\/www.insidebrussels.be\/V2\/wp-content\/uploads\/2025\/03\/IMG_6904-768x1024.jpeg\" alt=\"Dal Nonno (c) Pierre Halleux\" class=\"wp-image-17474\" srcset=\"https:\/\/www.insidebrussels.be\/V2\/wp-content\/uploads\/2025\/03\/IMG_6904-768x1024.jpeg 768w, https:\/\/www.insidebrussels.be\/V2\/wp-content\/uploads\/2025\/03\/IMG_6904-225x300.jpeg 225w, https:\/\/www.insidebrussels.be\/V2\/wp-content\/uploads\/2025\/03\/IMG_6904-1152x1536.jpeg 1152w, https:\/\/www.insidebrussels.be\/V2\/wp-content\/uploads\/2025\/03\/IMG_6904-450x600.jpeg 450w, https:\/\/www.insidebrussels.be\/V2\/wp-content\/uploads\/2025\/03\/IMG_6904.jpeg 1440w\" sizes=\"(max-width: 768px) 100vw, 768px\" \/><\/a><figcaption class=\"wp-element-caption\">Dal Nonno (c) Pierre Halleux<\/figcaption><\/figure>\n\n\n\n<figure class=\"wp-block-image size-large\"><a href=\"https:\/\/www.insidebrussels.be\/V2\/wp-content\/uploads\/2025\/03\/IMG_6905.jpeg\"><img decoding=\"async\" width=\"1024\" height=\"768\" data-id=\"17473\" src=\"https:\/\/www.insidebrussels.be\/V2\/wp-content\/uploads\/2025\/03\/IMG_6905-1024x768.jpeg\" alt=\"Dal Nonno (c) Pierre Halleux\" class=\"wp-image-17473\" srcset=\"https:\/\/www.insidebrussels.be\/V2\/wp-content\/uploads\/2025\/03\/IMG_6905-1024x768.jpeg 1024w, https:\/\/www.insidebrussels.be\/V2\/wp-content\/uploads\/2025\/03\/IMG_6905-300x225.jpeg 300w, https:\/\/www.insidebrussels.be\/V2\/wp-content\/uploads\/2025\/03\/IMG_6905-768x576.jpeg 768w, https:\/\/www.insidebrussels.be\/V2\/wp-content\/uploads\/2025\/03\/IMG_6905-1536x1152.jpeg 1536w, https:\/\/www.insidebrussels.be\/V2\/wp-content\/uploads\/2025\/03\/IMG_6905-720x540.jpeg 720w, https:\/\/www.insidebrussels.be\/V2\/wp-content\/uploads\/2025\/03\/IMG_6905.jpeg 1920w\" sizes=\"(max-width: 1024px) 100vw, 1024px\" \/><\/a><figcaption class=\"wp-element-caption\">Dal Nonno (c) Pierre Halleux<\/figcaption><\/figure>\n\n\n\n<figure class=\"wp-block-image size-large\"><a href=\"https:\/\/www.insidebrussels.be\/V2\/wp-content\/uploads\/2025\/03\/IMG_7526.jpeg\"><img decoding=\"async\" width=\"1024\" height=\"768\" data-id=\"17472\" src=\"https:\/\/www.insidebrussels.be\/V2\/wp-content\/uploads\/2025\/03\/IMG_7526-1024x768.jpeg\" alt=\"Dal Nonno (c) Pierre Halleux\" class=\"wp-image-17472\" srcset=\"https:\/\/www.insidebrussels.be\/V2\/wp-content\/uploads\/2025\/03\/IMG_7526-1024x768.jpeg 1024w, https:\/\/www.insidebrussels.be\/V2\/wp-content\/uploads\/2025\/03\/IMG_7526-300x225.jpeg 300w, https:\/\/www.insidebrussels.be\/V2\/wp-content\/uploads\/2025\/03\/IMG_7526-768x576.jpeg 768w, https:\/\/www.insidebrussels.be\/V2\/wp-content\/uploads\/2025\/03\/IMG_7526-1536x1152.jpeg 1536w, https:\/\/www.insidebrussels.be\/V2\/wp-content\/uploads\/2025\/03\/IMG_7526-720x540.jpeg 720w, https:\/\/www.insidebrussels.be\/V2\/wp-content\/uploads\/2025\/03\/IMG_7526.jpeg 1920w\" sizes=\"(max-width: 1024px) 100vw, 1024px\" \/><\/a><figcaption class=\"wp-element-caption\">Dal Nonno (c) Pierre Halleux<\/figcaption><\/figure>\n\n\n\n<figure class=\"wp-block-image size-large\"><a href=\"https:\/\/www.insidebrussels.be\/V2\/wp-content\/uploads\/2025\/03\/IMG_7527.jpeg\"><img decoding=\"async\" width=\"1024\" height=\"768\" data-id=\"17470\" src=\"https:\/\/www.insidebrussels.be\/V2\/wp-content\/uploads\/2025\/03\/IMG_7527-1024x768.jpeg\" alt=\"Dal Nonno (c) Pierre Halleux\" class=\"wp-image-17470\" srcset=\"https:\/\/www.insidebrussels.be\/V2\/wp-content\/uploads\/2025\/03\/IMG_7527-1024x768.jpeg 1024w, https:\/\/www.insidebrussels.be\/V2\/wp-content\/uploads\/2025\/03\/IMG_7527-300x225.jpeg 300w, https:\/\/www.insidebrussels.be\/V2\/wp-content\/uploads\/2025\/03\/IMG_7527-768x576.jpeg 768w, https:\/\/www.insidebrussels.be\/V2\/wp-content\/uploads\/2025\/03\/IMG_7527-1536x1152.jpeg 1536w, https:\/\/www.insidebrussels.be\/V2\/wp-content\/uploads\/2025\/03\/IMG_7527-720x540.jpeg 720w, https:\/\/www.insidebrussels.be\/V2\/wp-content\/uploads\/2025\/03\/IMG_7527.jpeg 1920w\" sizes=\"(max-width: 1024px) 100vw, 1024px\" \/><\/a><figcaption class=\"wp-element-caption\">Dal Nonno (c) Pierre Halleux<\/figcaption><\/figure>\n\n\n\n<figure class=\"wp-block-image size-large\"><a href=\"https:\/\/www.insidebrussels.be\/V2\/wp-content\/uploads\/2025\/03\/IMG_9962-e1741301667811.jpeg\"><img decoding=\"async\" width=\"1024\" height=\"744\" data-id=\"17469\" src=\"https:\/\/www.insidebrussels.be\/V2\/wp-content\/uploads\/2025\/03\/IMG_9962-e1741301667811-1024x744.jpeg\" alt=\"Dal Nonno (c) Pierre Halleux\" class=\"wp-image-17469\" srcset=\"https:\/\/www.insidebrussels.be\/V2\/wp-content\/uploads\/2025\/03\/IMG_9962-e1741301667811-1024x744.jpeg 1024w, https:\/\/www.insidebrussels.be\/V2\/wp-content\/uploads\/2025\/03\/IMG_9962-e1741301667811-300x218.jpeg 300w, https:\/\/www.insidebrussels.be\/V2\/wp-content\/uploads\/2025\/03\/IMG_9962-e1741301667811-768x558.jpeg 768w, https:\/\/www.insidebrussels.be\/V2\/wp-content\/uploads\/2025\/03\/IMG_9962-e1741301667811.jpeg 1440w\" sizes=\"(max-width: 1024px) 100vw, 1024px\" \/><\/a><figcaption class=\"wp-element-caption\">Dal Nonno (c) Pierre Halleux<\/figcaption><\/figure>\n<\/figure>\n\n\n\n<p>Situ\u00e9 \u00e0 quelques pas de la station M\u00e9rode, <strong>Dal Nonno<\/strong> est un v\u00e9ritable joyau pour les amateurs de cuisine italienne. Il est situ\u00e9 dans la galerie mais poss\u00e8de aussi une petite terrasse couverte qui donne sur la fin de la rue des Tongres. Le patron italien super sympa et sa compagne font du maison : pizza, soupe, sandwich, toast au thon, panini\u2026 il y en a pour tous les go\u00fbts. \u00c9galement, le matin, des croissants fourr\u00e9s et un caf\u00e9 au top, le tout servi avec le sourire. En dessert, on craque pour le tiramisu maison.<\/p>\n\n\n\n<p><span style=\"color: rgb(36, 36, 36); font-family: &quot;Segoe UI&quot;, &quot;Segoe UI Web (West European)&quot;, -apple-system, BlinkMacSystemFont, Roboto, &quot;Helvetica Neue&quot;, sans-serif; font-size: 14px; white-space-collapse: collapse; background-color: rgb(250, 250, 250);\">\ud83d\udccd<\/span><strong>Adresse<\/strong> : Avenue de Tervueren 36, Etterbeek, 1040 Bruxelles \ud83c\udf10&nbsp;<strong>Site web<\/strong> : <\/p>\n\n\n\n<p><\/p>\n\n\n\n<ul class=\"wp-block-list\"><\/ul>\n\n\n\n<h4 class=\"wp-block-heading\" id=\"snacklibanaisetterbeek\">2. Snack Libanais Etterbeek<\/h4>\n\n\n\n<figure class=\"wp-block-gallery has-nested-images columns-default is-cropped wp-block-gallery-3 is-layout-flex wp-block-gallery-is-layout-flex\">\n<figure class=\"wp-block-image size-large\"><a href=\"https:\/\/www.insidebrussels.be\/V2\/wp-content\/uploads\/2025\/03\/IMG_0980.jpeg\"><img decoding=\"async\" width=\"1024\" height=\"1024\" data-id=\"17465\" src=\"https:\/\/www.insidebrussels.be\/V2\/wp-content\/uploads\/2025\/03\/IMG_0980-1024x1024.jpeg\" alt=\"Snack Libanais (c) Pierre Halleux\" class=\"wp-image-17465\" srcset=\"https:\/\/www.insidebrussels.be\/V2\/wp-content\/uploads\/2025\/03\/IMG_0980-1024x1024.jpeg 1024w, https:\/\/www.insidebrussels.be\/V2\/wp-content\/uploads\/2025\/03\/IMG_0980-300x300.jpeg 300w, https:\/\/www.insidebrussels.be\/V2\/wp-content\/uploads\/2025\/03\/IMG_0980-150x150.jpeg 150w, https:\/\/www.insidebrussels.be\/V2\/wp-content\/uploads\/2025\/03\/IMG_0980-768x768.jpeg 768w, https:\/\/www.insidebrussels.be\/V2\/wp-content\/uploads\/2025\/03\/IMG_0980-1536x1536.jpeg 1536w, https:\/\/www.insidebrussels.be\/V2\/wp-content\/uploads\/2025\/03\/IMG_0980.jpeg 1920w\" sizes=\"(max-width: 1024px) 100vw, 1024px\" \/><\/a><figcaption class=\"wp-element-caption\">Snack Libanais (c) Pierre Halleux<\/figcaption><\/figure>\n<\/figure>\n\n\n\n<p>Pour une escapade culinaire simple et rapide au Liban, rendez-vous au&nbsp;<strong>Snack Libanais Etterbeek<\/strong>. Ce petit restaurant propose une vari\u00e9t\u00e9 de plats libanais authentiques, allant des mezz\u00e9s aux grillades. Leurs falafels croustillants et leur houmous cr\u00e9meux sont particuli\u00e8rement appr\u00e9ci\u00e9s. C&rsquo;est l&rsquo;endroit id\u00e9al pour un d\u00e9jeuner rapide et savoureux. Il y a souvent la file, ce qui est bon signe :)! Ils ont une petite cour cach\u00e9e, sympa par temps ensoleill\u00e9. On craque pour le platune viande + 5 accompagnements.  Le poulet au citron est au top.<\/p>\n\n\n\n<p>\ud83d\udccd\u00a0<strong>Adresse<\/strong>\u00a0: Avenue des Celtes 9, Etterbeek, 1040 Bruxelles \ud83c\udf10\u00a0<a href=\"https:\/\/www.snacklibanaisetterbeek.be\/\"><strong>Site web<\/strong>\u00a0:\u00a0<\/a><\/p>\n\n\n\n<ul class=\"wp-block-list\"><\/ul>\n\n\n\n<h4 class=\"wp-block-heading\" id=\"hanoistation\">3. Hanoi Station<\/h4>\n\n\n\n<p>Envie de saveurs asiatiques ? <strong>Hanoi Station<\/strong> est l&rsquo;adresse qu&rsquo;il vous faut. Situ\u00e9 \u00e0 Avenue des Celtes 6, ce restaurant vietnamien offre une cuisine authentique et d\u00e9licieuse. Leurs soupes pho et leurs rouleaux de printemps sont un vrai r\u00e9gal. De plus, l&rsquo;ambiance y est toujours agr\u00e9able et le service impeccable.<\/p>\n\n\n\n<p>\ud83d\udccd<strong>Adresse<\/strong> : Avenue des Celtes 6, Etterbeek, 1040 Bruxelles \ud83c\udf10\u00a0<strong>Site web<\/strong>\u00a0: <\/p>\n\n\n\n<ul class=\"wp-block-list\"><\/ul>\n\n\n\n<h4 class=\"wp-block-heading\" id=\"belliebuoni\">4. Belli e Buoni<\/h4>\n\n\n\n<figure class=\"wp-block-gallery has-nested-images columns-default is-cropped wp-block-gallery-4 is-layout-flex wp-block-gallery-is-layout-flex\">\n<figure class=\"wp-block-image size-large\"><a href=\"https:\/\/www.insidebrussels.be\/V2\/wp-content\/uploads\/2025\/03\/IMG_0474.jpeg\"><img decoding=\"async\" width=\"1024\" height=\"768\" data-id=\"17464\" src=\"https:\/\/www.insidebrussels.be\/V2\/wp-content\/uploads\/2025\/03\/IMG_0474-1024x768.jpeg\" alt=\"Belli &amp; Buoni (c) Pierre Halleux\" class=\"wp-image-17464\" srcset=\"https:\/\/www.insidebrussels.be\/V2\/wp-content\/uploads\/2025\/03\/IMG_0474-1024x768.jpeg 1024w, https:\/\/www.insidebrussels.be\/V2\/wp-content\/uploads\/2025\/03\/IMG_0474-300x225.jpeg 300w, https:\/\/www.insidebrussels.be\/V2\/wp-content\/uploads\/2025\/03\/IMG_0474-768x576.jpeg 768w, https:\/\/www.insidebrussels.be\/V2\/wp-content\/uploads\/2025\/03\/IMG_0474-1536x1152.jpeg 1536w, https:\/\/www.insidebrussels.be\/V2\/wp-content\/uploads\/2025\/03\/IMG_0474-720x540.jpeg 720w, https:\/\/www.insidebrussels.be\/V2\/wp-content\/uploads\/2025\/03\/IMG_0474.jpeg 1920w\" sizes=\"(max-width: 1024px) 100vw, 1024px\" \/><\/a><figcaption class=\"wp-element-caption\">Belli &amp; Buoni (c) Pierre HalleuxBelli &amp; Buoni (c) Pierre Halleux<\/figcaption><\/figure>\n\n\n\n<figure class=\"wp-block-image size-large\"><a href=\"https:\/\/www.insidebrussels.be\/V2\/wp-content\/uploads\/2025\/03\/IMG_9563.jpeg\"><img decoding=\"async\" width=\"1024\" height=\"768\" data-id=\"17467\" src=\"https:\/\/www.insidebrussels.be\/V2\/wp-content\/uploads\/2025\/03\/IMG_9563-1024x768.jpeg\" alt=\"Belli &amp; Buoni (c) Pierre Halleux\" class=\"wp-image-17467\" srcset=\"https:\/\/www.insidebrussels.be\/V2\/wp-content\/uploads\/2025\/03\/IMG_9563-1024x768.jpeg 1024w, https:\/\/www.insidebrussels.be\/V2\/wp-content\/uploads\/2025\/03\/IMG_9563-300x225.jpeg 300w, https:\/\/www.insidebrussels.be\/V2\/wp-content\/uploads\/2025\/03\/IMG_9563-768x576.jpeg 768w, https:\/\/www.insidebrussels.be\/V2\/wp-content\/uploads\/2025\/03\/IMG_9563-1536x1152.jpeg 1536w, https:\/\/www.insidebrussels.be\/V2\/wp-content\/uploads\/2025\/03\/IMG_9563-720x540.jpeg 720w, https:\/\/www.insidebrussels.be\/V2\/wp-content\/uploads\/2025\/03\/IMG_9563.jpeg 1920w\" sizes=\"(max-width: 1024px) 100vw, 1024px\" \/><\/a><figcaption class=\"wp-element-caption\">Belli &amp; Buoni (c) Pierre Halleux<\/figcaption><\/figure>\n<\/figure>\n\n\n\n<p>Enfin, pour une exp\u00e9rience gastronomique italienne, ne manquez pas <strong>Belli e Buoni<\/strong>. Ce restaurant propose une cuisine italienne raffin\u00e9e avec des ingr\u00e9dients de qualit\u00e9. Leurs plats de p\u00e2tes et leurs antipasti sont pr\u00e9par\u00e9s avec soin et passion. C&rsquo;est l&rsquo;endroit parfait pour un d\u00e9jeuner tranquille et gourmand. Les plats du jours sont incrits sur une ardoise. Ici c&rsquo;est frais, c&rsquo;est maison. On craque pour les spagetti vongole !<\/p>\n\n\n\n<p>\ud83d\udccd <strong>Adresse<\/strong> : Avenue de Tervueren 36, Etterbeek, 1040 Bruxelles \ud83c\udf10\u00a0<a href=\"https:\/\/new.belliebuoni.be\/\"><strong>Site web<\/strong>\u00a0:<\/a>  <\/p>\n\n\n\n<ul class=\"wp-block-list\"><\/ul>\n\n\n\n<p><\/p>\n","protected":false,"gt_translate_keys":[{"key":"rendered","format":"html"}]},"excerpt":{"rendered":"<p>\u00c0 deux pas du Cinquantenaire, si vous \u00eates \u00e0 court d&rsquo;id\u00e9es pour un lunch sympa<\/p>\n","protected":false,"gt_translate_keys":[{"key":"rendered","format":"html"}]},"author":1,"featured_media":17464,"comment_status":"closed","ping_status":"closed","sticky":false,"template":"","format":"standard","meta":{"_lmt_disableupdate":"","_lmt_disable":"","footnotes":""},"categories":[10,5887,6522],"tags":[],"class_list":["post-17462","post","type-post","status-publish","format-standard","has-post-thumbnail","hentry","category-manger-a-bruxelles","category-pause-gourmande","category-street-food"],"modified_by":"pierre","amp_enabled":true,"gt_translate_keys":[{"key":"link","format":"url"}],"_links":{"self":[{"href":"https:\/\/www.insidebrussels.be\/V2\/wp-json\/wp\/v2\/posts\/17462","targetHints":{"allow":["GET"]}}],"collection":[{"href":"https:\/\/www.insidebrussels.be\/V2\/wp-json\/wp\/v2\/posts"}],"about":[{"href":"https:\/\/www.insidebrussels.be\/V2\/wp-json\/wp\/v2\/types\/post"}],"author":[{"embeddable":true,"href":"https:\/\/www.insidebrussels.be\/V2\/wp-json\/wp\/v2\/users\/1"}],"replies":[{"embeddable":true,"href":"https:\/\/www.insidebrussels.be\/V2\/wp-json\/wp\/v2\/comments?post=17462"}],"version-history":[{"count":2,"href":"https:\/\/www.insidebrussels.be\/V2\/wp-json\/wp\/v2\/posts\/17462\/revisions"}],"predecessor-version":[{"id":17477,"href":"https:\/\/www.insidebrussels.be\/V2\/wp-json\/wp\/v2\/posts\/17462\/revisions\/17477"}],"wp:featuredmedia":[{"embeddable":true,"href":"https:\/\/www.insidebrussels.be\/V2\/wp-json\/wp\/v2\/media\/17464"}],"wp:attachment":[{"href":"https:\/\/www.insidebrussels.be\/V2\/wp-json\/wp\/v2\/media?parent=17462"}],"wp:term":[{"taxonomy":"category","embeddable":true,"href":"https:\/\/www.insidebrussels.be\/V2\/wp-json\/wp\/v2\/categories?post=17462"},{"taxonomy":"post_tag","embeddable":true,"href":"https:\/\/www.insidebrussels.be\/V2\/wp-json\/wp\/v2\/tags?post=17462"}],"curies":[{"name":"wp","href":"https:\/\/api.w.org\/{rel}","templated":true}]}}