{"id":17484,"date":"2025-04-28T23:08:45","date_gmt":"2025-04-28T21:08:45","guid":{"rendered":"https:\/\/www.insidebrussels.be\/V2\/?p=17484"},"modified":"2025-04-28T23:16:05","modified_gmt":"2025-04-28T21:16:05","slug":"on-a-visite-la-ferme-du-chant-des-cailles-un-coin-de-nature-et-dagriculture-urbaine-a-watermael-boitsfort","status":"publish","type":"post","link":"https:\/\/www.insidebrussels.be\/V2\/bruxelles\/on-a-visite-la-ferme-du-chant-des-cailles-un-coin-de-nature-et-dagriculture-urbaine-a-watermael-boitsfort\/","title":{"rendered":"On a visit\u00e9 la Ferme du Chant des Cailles : un coin de nature et d&rsquo;agriculture urbaine \u00e0 Watermael-Boitsfort","gt_translate_keys":[{"key":"rendered","format":"text"}]},"content":{"rendered":"\n<p>\ud83c\udf38 <strong>Samedi dernier<\/strong>, nous avons profit\u00e9 d&rsquo;une belle journ\u00e9e de printemps pour visiter la <strong>Ferme du Chant des Cailles<\/strong> <a href=\"https:\/\/www.insidebrussels.be\/V2\/bruxelles\/tag\/activites-avec-enfants\/\">avec les enfants<\/a>. D\u00e8s notre arriv\u00e9e, la magie op\u00e8re : <a href=\"https:\/\/www.insidebrussels.be\/V2\/bruxelles\/ou-voir-les-cerisiers-japonais-en-fleurs-a-bruxelles\/\">les <strong>cerisiers japonais en fleurs<\/strong><\/a> bordent l\u2019avenue, offrant un spectacle enchanteur. Une belle entr\u00e9e en mati\u00e8re pour d\u00e9couvrir ce lieu unique, o\u00f9 l\u2019agriculture urbaine prend tout son sens.<\/p>\n\n\n\n<hr class=\"wp-block-separator has-alpha-channel-opacity\"\/>\n\n\n\n<h2 class=\"wp-block-heading\">\ud83c\udf31 Qu&rsquo;est-ce que la Ferme du Chant des Cailles ?<\/h2>\n\n\n\n<p><strong>L&rsquo;ASBL La Ferme du Chant des Cailles<\/strong> est un <strong>projet d\u2019agriculture urbaine, participative et \u00e9cologique<\/strong> implant\u00e9 \u00e0 <strong>Watermael-Boitsfort<\/strong>, au c\u0153ur des <strong>Cit\u00e9s Jardins Le Logis Flor\u00e9al<\/strong>.<\/p>\n\n\n\n<p>Elle rassemble \u00e0 la fois <strong>projets citoyens<\/strong> et <strong>projets professionnels<\/strong>, avec un objectif clair : <strong>rendre l\u2019alimentation durable accessible \u00e0 tous<\/strong> tout en <strong>assurant des revenus dignes pour les producteurs<\/strong>. C\u2019est une <strong>alliance innovante<\/strong>, porteuse de changement, cr\u00e9atrice de <strong>solidarit\u00e9s locales<\/strong> et explorant <strong>de nouvelles formes de d\u00e9mocratie et d\u2019autogestion<\/strong>.<\/p>\n\n\n\n<p><\/p>\n\n\n\n<figure class=\"wp-block-image size-large\"><a href=\"https:\/\/www.insidebrussels.be\/V2\/wp-content\/uploads\/2025\/04\/IMG_2785.jpeg\"><img decoding=\"async\" width=\"1024\" height=\"768\" src=\"https:\/\/www.insidebrussels.be\/V2\/wp-content\/uploads\/2025\/04\/IMG_2785-1024x768.jpeg\" alt=\"La ferme de chant de caille  (c) pierre Halleux\" class=\"wp-image-17491\" srcset=\"https:\/\/www.insidebrussels.be\/V2\/wp-content\/uploads\/2025\/04\/IMG_2785-1024x768.jpeg 1024w, https:\/\/www.insidebrussels.be\/V2\/wp-content\/uploads\/2025\/04\/IMG_2785-300x225.jpeg 300w, https:\/\/www.insidebrussels.be\/V2\/wp-content\/uploads\/2025\/04\/IMG_2785-768x576.jpeg 768w, https:\/\/www.insidebrussels.be\/V2\/wp-content\/uploads\/2025\/04\/IMG_2785-1536x1152.jpeg 1536w, https:\/\/www.insidebrussels.be\/V2\/wp-content\/uploads\/2025\/04\/IMG_2785-720x540.jpeg 720w, https:\/\/www.insidebrussels.be\/V2\/wp-content\/uploads\/2025\/04\/IMG_2785.jpeg 1920w\" sizes=\"(max-width: 1024px) 100vw, 1024px\" \/><\/a><figcaption class=\"wp-element-caption\">La ferme de chant des Cailles &#8211; explication et plan (c) pierre Halleux<\/figcaption><\/figure>\n\n\n\n<figure class=\"wp-block-image size-large\"><a href=\"https:\/\/www.insidebrussels.be\/V2\/wp-content\/uploads\/2024\/05\/0029D645-8B6C-4574-B544-E61BC90AB773.jpeg\"><img decoding=\"async\" width=\"1024\" height=\"768\" src=\"https:\/\/www.insidebrussels.be\/V2\/wp-content\/uploads\/2024\/05\/0029D645-8B6C-4574-B544-E61BC90AB773-1024x768.jpeg\" alt=\"Watermael-Boitsfort : les Cit\u00e9s-jardins le Logis et Flor\u00e9al (c) Pierre Halleux\" class=\"wp-image-15971\" srcset=\"https:\/\/www.insidebrussels.be\/V2\/wp-content\/uploads\/2024\/05\/0029D645-8B6C-4574-B544-E61BC90AB773-1024x768.jpeg 1024w, https:\/\/www.insidebrussels.be\/V2\/wp-content\/uploads\/2024\/05\/0029D645-8B6C-4574-B544-E61BC90AB773-300x225.jpeg 300w, https:\/\/www.insidebrussels.be\/V2\/wp-content\/uploads\/2024\/05\/0029D645-8B6C-4574-B544-E61BC90AB773-768x576.jpeg 768w, https:\/\/www.insidebrussels.be\/V2\/wp-content\/uploads\/2024\/05\/0029D645-8B6C-4574-B544-E61BC90AB773-1536x1152.jpeg 1536w, https:\/\/www.insidebrussels.be\/V2\/wp-content\/uploads\/2024\/05\/0029D645-8B6C-4574-B544-E61BC90AB773-720x540.jpeg 720w, https:\/\/www.insidebrussels.be\/V2\/wp-content\/uploads\/2024\/05\/0029D645-8B6C-4574-B544-E61BC90AB773.jpeg 1920w\" sizes=\"(max-width: 1024px) 100vw, 1024px\" \/><\/a><figcaption class=\"wp-element-caption\">Watermael-Boitsfort : les Cit\u00e9s-jardins le Logis et Flor\u00e9al (c) Pierre Halleux<\/figcaption><\/figure>\n\n\n\n<hr class=\"wp-block-separator has-alpha-channel-opacity\"\/>\n\n\n\n<h2 class=\"wp-block-heading\">\ud83e\udd55 Le Mara\u00eechage : des l\u00e9gumes bio en autor\u00e9colte<\/h2>\n\n\n\n<p>Six mara\u00eechers professionnels cultivent une belle diversit\u00e9 de l\u00e9gumes, dans le respect des principes de l&rsquo;<strong>agro\u00e9cologie<\/strong>.<\/p>\n\n\n\n<p>En se promenant, nous avons d\u00e9couvert :<\/p>\n\n\n\n<ul class=\"wp-block-list\">\n<li><strong>Classiques<\/strong> : carottes, poireaux, pommes de terre, choux, salades, courgettes&#8230;<\/li>\n\n\n\n<li><strong>Plus originaux<\/strong> : navets past\u00e8que, blettes color\u00e9es, concombres cocktail, courges anciennes&#8230;<\/li>\n<\/ul>\n\n\n\n<p>Au loin, <strong>de grandes serres<\/strong> impressionnantes s&rsquo;\u00e9tendent : elles sont <strong>pr\u00eates \u00e0 nourrir les abonn\u00e9s<\/strong> tout au long de l&rsquo;ann\u00e9e, garantissant des r\u00e9coltes m\u00eame hors saison.<\/p>\n\n\n\n<p><strong>Les l\u00e9gumes sont vendus via un abonnement annuel<\/strong>, sur un mode proche des <strong>GASAP<\/strong> (Groupes d&rsquo;Achat Solidaire de l&rsquo;Agriculture Paysanne), en <strong>autor\u00e9colte<\/strong> : les abonn\u00e9s viennent eux-m\u00eames cueillir leurs l\u00e9gumes sur place, 7j\/7.<\/p>\n\n\n\n<p>\ud83d\udcb0 <strong>Prix de l&rsquo;abonnement<\/strong> : entre <strong>305\u20ac et 595\u20ac par adulte\/an<\/strong>, selon ses moyens.<br>\ud83e\udec2 <strong>Mod\u00e8le solidaire<\/strong> : ceux qui peuvent se permettent de payer un peu plus pour soutenir ceux qui ont moins.<\/p>\n\n\n\n<p>\ud83d\udc49 <strong>Attention<\/strong> : <strong>la liste d&rsquo;attente est longue<\/strong> (plus de 150 familles !), il faut s&rsquo;inscrire t\u00f4t et patienter. Heureusement, certains produits sont \u00e9galement propos\u00e9s \u00e0 la vente ponctuellement sur place ou via l&rsquo;\u00e9picerie participative.<\/p>\n\n\n\n<figure class=\"wp-block-gallery has-nested-images columns-default is-cropped wp-block-gallery-2 is-layout-flex wp-block-gallery-is-layout-flex\">\n<figure class=\"wp-block-image size-large\"><a href=\"https:\/\/www.insidebrussels.be\/V2\/wp-content\/uploads\/2025\/04\/IMG_2819.jpeg\"><img decoding=\"async\" width=\"1024\" height=\"768\" data-id=\"17501\" src=\"https:\/\/www.insidebrussels.be\/V2\/wp-content\/uploads\/2025\/04\/IMG_2819-1024x768.jpeg\" alt=\"\" class=\"wp-image-17501\" srcset=\"https:\/\/www.insidebrussels.be\/V2\/wp-content\/uploads\/2025\/04\/IMG_2819-1024x768.jpeg 1024w, https:\/\/www.insidebrussels.be\/V2\/wp-content\/uploads\/2025\/04\/IMG_2819-300x225.jpeg 300w, https:\/\/www.insidebrussels.be\/V2\/wp-content\/uploads\/2025\/04\/IMG_2819-768x576.jpeg 768w, https:\/\/www.insidebrussels.be\/V2\/wp-content\/uploads\/2025\/04\/IMG_2819-1536x1152.jpeg 1536w, https:\/\/www.insidebrussels.be\/V2\/wp-content\/uploads\/2025\/04\/IMG_2819-720x540.jpeg 720w, https:\/\/www.insidebrussels.be\/V2\/wp-content\/uploads\/2025\/04\/IMG_2819.jpeg 1920w\" sizes=\"(max-width: 1024px) 100vw, 1024px\" \/><\/a><figcaption class=\"wp-element-caption\">Les serres de la  ferme de chant de caille  (c) pierre Halleux<\/figcaption><\/figure>\n\n\n\n<figure class=\"wp-block-image size-large\"><a href=\"https:\/\/www.insidebrussels.be\/V2\/wp-content\/uploads\/2025\/04\/IMG_2820.jpeg\"><img decoding=\"async\" width=\"768\" height=\"1024\" data-id=\"17500\" src=\"https:\/\/www.insidebrussels.be\/V2\/wp-content\/uploads\/2025\/04\/IMG_2820-768x1024.jpeg\" alt=\"\" class=\"wp-image-17500\" srcset=\"https:\/\/www.insidebrussels.be\/V2\/wp-content\/uploads\/2025\/04\/IMG_2820-768x1024.jpeg 768w, https:\/\/www.insidebrussels.be\/V2\/wp-content\/uploads\/2025\/04\/IMG_2820-225x300.jpeg 225w, https:\/\/www.insidebrussels.be\/V2\/wp-content\/uploads\/2025\/04\/IMG_2820-1152x1536.jpeg 1152w, https:\/\/www.insidebrussels.be\/V2\/wp-content\/uploads\/2025\/04\/IMG_2820-450x600.jpeg 450w, https:\/\/www.insidebrussels.be\/V2\/wp-content\/uploads\/2025\/04\/IMG_2820.jpeg 1440w\" sizes=\"(max-width: 768px) 100vw, 768px\" \/><\/a><figcaption class=\"wp-element-caption\">La ferme de chant de caille  (c) pierre Halleux<\/figcaption><\/figure>\n\n\n\n<figure class=\"wp-block-image size-large\"><a href=\"https:\/\/www.insidebrussels.be\/V2\/wp-content\/uploads\/2025\/04\/IMG_2815.jpeg\"><img decoding=\"async\" width=\"1024\" height=\"768\" data-id=\"17499\" src=\"https:\/\/www.insidebrussels.be\/V2\/wp-content\/uploads\/2025\/04\/IMG_2815-1024x768.jpeg\" alt=\"\" class=\"wp-image-17499\" srcset=\"https:\/\/www.insidebrussels.be\/V2\/wp-content\/uploads\/2025\/04\/IMG_2815-1024x768.jpeg 1024w, https:\/\/www.insidebrussels.be\/V2\/wp-content\/uploads\/2025\/04\/IMG_2815-300x225.jpeg 300w, https:\/\/www.insidebrussels.be\/V2\/wp-content\/uploads\/2025\/04\/IMG_2815-768x576.jpeg 768w, https:\/\/www.insidebrussels.be\/V2\/wp-content\/uploads\/2025\/04\/IMG_2815-1536x1152.jpeg 1536w, https:\/\/www.insidebrussels.be\/V2\/wp-content\/uploads\/2025\/04\/IMG_2815-720x540.jpeg 720w, https:\/\/www.insidebrussels.be\/V2\/wp-content\/uploads\/2025\/04\/IMG_2815.jpeg 1920w\" sizes=\"(max-width: 1024px) 100vw, 1024px\" \/><\/a><figcaption class=\"wp-element-caption\">L\u00e9gumes \u00e0 couper sois-m\u00eame \u00e0 La ferme de chant de caille  (c) pierre Halleux<\/figcaption><\/figure>\n\n\n\n<figure class=\"wp-block-image size-large\"><a href=\"https:\/\/www.insidebrussels.be\/V2\/wp-content\/uploads\/2025\/04\/IMG_2811.jpeg\"><img decoding=\"async\" width=\"1024\" height=\"768\" data-id=\"17498\" src=\"https:\/\/www.insidebrussels.be\/V2\/wp-content\/uploads\/2025\/04\/IMG_2811-1024x768.jpeg\" alt=\"\" class=\"wp-image-17498\" srcset=\"https:\/\/www.insidebrussels.be\/V2\/wp-content\/uploads\/2025\/04\/IMG_2811-1024x768.jpeg 1024w, https:\/\/www.insidebrussels.be\/V2\/wp-content\/uploads\/2025\/04\/IMG_2811-300x225.jpeg 300w, https:\/\/www.insidebrussels.be\/V2\/wp-content\/uploads\/2025\/04\/IMG_2811-768x576.jpeg 768w, https:\/\/www.insidebrussels.be\/V2\/wp-content\/uploads\/2025\/04\/IMG_2811-1536x1152.jpeg 1536w, https:\/\/www.insidebrussels.be\/V2\/wp-content\/uploads\/2025\/04\/IMG_2811-720x540.jpeg 720w, https:\/\/www.insidebrussels.be\/V2\/wp-content\/uploads\/2025\/04\/IMG_2811.jpeg 1920w\" sizes=\"(max-width: 1024px) 100vw, 1024px\" \/><\/a><figcaption class=\"wp-element-caption\">La ferme de chant de caille  (c) pierre Halleux<\/figcaption><\/figure>\n\n\n\n<figure class=\"wp-block-image size-large\"><a href=\"https:\/\/www.insidebrussels.be\/V2\/wp-content\/uploads\/2025\/04\/IMG_2802.jpeg\"><img decoding=\"async\" width=\"1024\" height=\"768\" data-id=\"17497\" src=\"https:\/\/www.insidebrussels.be\/V2\/wp-content\/uploads\/2025\/04\/IMG_2802-1024x768.jpeg\" alt=\"\" class=\"wp-image-17497\" srcset=\"https:\/\/www.insidebrussels.be\/V2\/wp-content\/uploads\/2025\/04\/IMG_2802-1024x768.jpeg 1024w, https:\/\/www.insidebrussels.be\/V2\/wp-content\/uploads\/2025\/04\/IMG_2802-300x225.jpeg 300w, https:\/\/www.insidebrussels.be\/V2\/wp-content\/uploads\/2025\/04\/IMG_2802-768x576.jpeg 768w, https:\/\/www.insidebrussels.be\/V2\/wp-content\/uploads\/2025\/04\/IMG_2802-1536x1152.jpeg 1536w, https:\/\/www.insidebrussels.be\/V2\/wp-content\/uploads\/2025\/04\/IMG_2802-720x540.jpeg 720w, https:\/\/www.insidebrussels.be\/V2\/wp-content\/uploads\/2025\/04\/IMG_2802.jpeg 1920w\" sizes=\"(max-width: 1024px) 100vw, 1024px\" \/><\/a><figcaption class=\"wp-element-caption\">La ferme de chant de caille  (c) pierre Halleux<\/figcaption><\/figure>\n\n\n\n<figure class=\"wp-block-image size-large\"><a href=\"https:\/\/www.insidebrussels.be\/V2\/wp-content\/uploads\/2025\/04\/IMG_2832.jpeg\"><img decoding=\"async\" width=\"1024\" height=\"768\" data-id=\"17503\" src=\"https:\/\/www.insidebrussels.be\/V2\/wp-content\/uploads\/2025\/04\/IMG_2832-1024x768.jpeg\" alt=\"\" class=\"wp-image-17503\" srcset=\"https:\/\/www.insidebrussels.be\/V2\/wp-content\/uploads\/2025\/04\/IMG_2832-1024x768.jpeg 1024w, https:\/\/www.insidebrussels.be\/V2\/wp-content\/uploads\/2025\/04\/IMG_2832-300x225.jpeg 300w, https:\/\/www.insidebrussels.be\/V2\/wp-content\/uploads\/2025\/04\/IMG_2832-768x576.jpeg 768w, https:\/\/www.insidebrussels.be\/V2\/wp-content\/uploads\/2025\/04\/IMG_2832-1536x1152.jpeg 1536w, https:\/\/www.insidebrussels.be\/V2\/wp-content\/uploads\/2025\/04\/IMG_2832-720x540.jpeg 720w, https:\/\/www.insidebrussels.be\/V2\/wp-content\/uploads\/2025\/04\/IMG_2832.jpeg 1920w\" sizes=\"(max-width: 1024px) 100vw, 1024px\" \/><\/a><figcaption class=\"wp-element-caption\">La ferme de chant de caille  (c) pierre Halleux<\/figcaption><\/figure>\n<\/figure>\n\n\n\n<hr class=\"wp-block-separator has-alpha-channel-opacity\"\/>\n\n\n\n<h2 class=\"wp-block-heading\">\ud83e\uddc0 Le Bercail : fromages et yaourts de brebis<\/h2>\n\n\n\n<p>Autre volet d\u00e9licieux de la ferme : <strong>Le Bercail<\/strong>, une petite entreprise d\u2019\u00e9levage de brebis laiti\u00e8res.<br>Trois bergers et plusieurs b\u00e9n\u00e9voles y transforment le lait en <strong>fromages artisanaux<\/strong> et <strong>yaourts<\/strong> de qualit\u00e9.<\/p>\n\n\n\n<p>\ud83d\udc49 <strong>Comment se procurer leurs produits ?<\/strong><\/p>\n\n\n\n<ul class=\"wp-block-list\">\n<li>Vente <strong>\u00e0 la pi\u00e8ce sur le champ<\/strong><\/li>\n\n\n\n<li><strong><a href=\"https:\/\/www.chantdescailles.be\/produits-laitiers\/\" target=\"_blank\" rel=\"noreferrer noopener\">Abonnement annuel fromage<\/a><\/strong> disponible<\/li>\n<\/ul>\n\n\n\n<p>Un vrai plaisir de voir ces brebis paisiblement pa\u00eetre, tout en sachant que leurs produits sont faits dans le respect des animaux et de l&rsquo;environnement.<\/p>\n\n\n\n<p><\/p>\n\n\n\n<figure class=\"wp-block-image size-large\"><a href=\"https:\/\/www.insidebrussels.be\/V2\/wp-content\/uploads\/2025\/04\/IMG_2795.jpeg\"><img decoding=\"async\" width=\"1024\" height=\"768\" src=\"https:\/\/www.insidebrussels.be\/V2\/wp-content\/uploads\/2025\/04\/IMG_2795-1024x768.jpeg\" alt=\"La ferme de chant de caille  (c) pierre Halleux\" class=\"wp-image-17496\" srcset=\"https:\/\/www.insidebrussels.be\/V2\/wp-content\/uploads\/2025\/04\/IMG_2795-1024x768.jpeg 1024w, https:\/\/www.insidebrussels.be\/V2\/wp-content\/uploads\/2025\/04\/IMG_2795-300x225.jpeg 300w, https:\/\/www.insidebrussels.be\/V2\/wp-content\/uploads\/2025\/04\/IMG_2795-768x576.jpeg 768w, https:\/\/www.insidebrussels.be\/V2\/wp-content\/uploads\/2025\/04\/IMG_2795-1536x1152.jpeg 1536w, https:\/\/www.insidebrussels.be\/V2\/wp-content\/uploads\/2025\/04\/IMG_2795-720x540.jpeg 720w, https:\/\/www.insidebrussels.be\/V2\/wp-content\/uploads\/2025\/04\/IMG_2795.jpeg 1920w\" sizes=\"(max-width: 1024px) 100vw, 1024px\" \/><\/a><figcaption class=\"wp-element-caption\">Les moutons et br\u00e9bis de la fFerme de chant de caille  (c) pierre Halleux<\/figcaption><\/figure>\n\n\n\n<hr class=\"wp-block-separator has-alpha-channel-opacity\"\/>\n\n\n\n<h2 class=\"wp-block-heading\">\ud83c\udf3f Herbae : les herbes aromatiques et m\u00e9dicinales<\/h2>\n\n\n\n<p>\u00c0 la ferme, vous trouverez aussi le projet <strong>Herbae<\/strong>, o\u00f9 sont cultiv\u00e9es <strong>une trentaine de plantes m\u00e9dicinales, comestibles et aromatiques<\/strong>.<\/p>\n\n\n\n<p>Gr\u00e2ce \u00e0 <strong>des fiches techniques<\/strong> et <strong>des ateliers<\/strong>, vous pouvez apprendre \u00e0 <strong>soigner en douceur<\/strong> avec les plantes et \u00e0 <strong>parfumer votre cuisine<\/strong> de mani\u00e8re naturelle.<\/p>\n\n\n\n<p>\ud83d\udc49 Un <strong><a href=\"https:\/\/www.chantdescailles.be\/3645-2\/\" target=\"_blank\" rel=\"noreferrer noopener\">abonnement herbes aromatiques<\/a><\/strong> est \u00e9galement propos\u00e9 !<\/p>\n\n\n\n<hr class=\"wp-block-separator has-alpha-channel-opacity\"\/>\n\n\n\n<h2 class=\"wp-block-heading\">\ud83c\udf3b Les fleurs \u00e0 couper : composez votre bouquet BIO<\/h2>\n\n\n\n<p>\u00c0 partir de <strong>fin mai\/d\u00e9but juin<\/strong>, plusieurs vari\u00e9t\u00e9s de <strong>fleurs \u00e0 couper<\/strong> vous attendent sur le Chant des Cailles, selon l&rsquo;agenda de Dame Nature.<\/p>\n\n\n\n<p>Vous y retrouverez :<\/p>\n\n\n\n<ul class=\"wp-block-list\">\n<li>Tournesols \ud83c\udf3b<\/li>\n\n\n\n<li>Dahlias \ud83c\udf3a<\/li>\n\n\n\n<li>Gla\u00efeuls<\/li>\n\n\n\n<li>Mufliers<\/li>\n\n\n\n<li>Zinnias<\/li>\n\n\n\n<li>Cosmos<\/li>\n\n\n\n<li>Et de nombreuses fleurs sauvages&#8230; jusqu\u2019aux premi\u00e8res gel\u00e9es.<\/li>\n<\/ul>\n\n\n\n<p>\ud83d\udc49 <strong>Comment \u00e7a fonctionne ?<\/strong><\/p>\n\n\n\n<ul class=\"wp-block-list\">\n<li><strong>Cueillez<\/strong> vous-m\u00eame vos fleurs en self-service<\/li>\n\n\n\n<li><strong>Composez<\/strong> votre bouquet selon vos envies<\/li>\n\n\n\n<li><strong>Payez<\/strong> \u00e0 la pi\u00e8ce dans l&rsquo;urne pr\u00e9vue sur place<\/li>\n\n\n\n<li>Le <strong>mat\u00e9riel de r\u00e9colte<\/strong> est disponible sur place<\/li>\n<\/ul>\n\n\n\n<p>\ud83c\udf3f Toutes les fleurs sont <strong>produites de fa\u00e7on artisanale<\/strong> et <strong>certifi\u00e9es BIO<\/strong>.<br>\ud83d\udcac Surprenez vos amis, votre famille, ou faites-vous plaisir en choisissant <strong>le naturel, le local et l\u2019artisanal<\/strong>.<\/p>\n\n\n\n<p>\ud83d\udc49 <strong>Suivez leur actualit\u00e9 sur la page Facebook<\/strong> : [ICI]<\/p>\n\n\n\n<hr class=\"wp-block-separator has-alpha-channel-opacity\"\/>\n\n\n\n<h2 class=\"wp-block-heading\">\ud83e\uddd1\u200d\ud83c\udf3e D&rsquo;autres projets citoyens \u00e0 la Ferme<\/h2>\n\n\n\n<ul class=\"wp-block-list\">\n<li><strong>Le Jardin Potager Collectif<\/strong> : environ <strong>80 habitants<\/strong> du quartier cultivent ensemble des parcelles sans engrais chimiques ni pesticides, dans un esprit de <strong>convivialit\u00e9<\/strong> et d&rsquo;<strong>\u00e9change de savoirs<\/strong>.<\/li>\n\n\n\n<li><strong>Le Quartier Durable<\/strong> : il organise <strong>des \u00e9v\u00e9nements festifs<\/strong> dans les espaces communs des <strong>Cit\u00e9s Jardins<\/strong>, avec compost collectif, poulailler et petit potager aux <strong>Terrasses de Maurice<\/strong>.<\/li>\n\n\n\n<li><strong>L\u2019\u00c9picerie Participative<\/strong> : une initiative pour <strong>compl\u00e9ter la consommation durable<\/strong> gr\u00e2ce \u00e0 des <strong>achats group\u00e9s<\/strong> et des <strong>ateliers d&rsquo;\u00e9changes de savoirs<\/strong> entre membres.<\/li>\n<\/ul>\n\n\n\n<hr class=\"wp-block-separator has-alpha-channel-opacity\"\/>\n\n\n\n<h2 class=\"wp-block-heading\">\ud83d\udce6 O\u00f9 acheter les produits de la ferme ?<\/h2>\n\n\n\n<p>M\u00eame si samedi, il n&rsquo;y avait <strong>pas de vente directe<\/strong> sur place (dommage !), plusieurs options existent pour se procurer les produits :<\/p>\n\n\n\n<ul class=\"wp-block-list\">\n<li><strong>Le dimanche<\/strong> \u00e0 la ferme (Avenue des Cailles, en face du n\u00b032), <strong>de 14h30 \u00e0 18h30<\/strong><\/li>\n\n\n\n<li><strong>Chez <\/strong><a href=\"https:\/\/www.farilu.be\/\" target=\"_blank\" rel=\"noreferrer noopener\"><strong>Farilu<\/strong> <\/a>(boulangerie bio, 71 rue des Garennes), <strong>du lundi au vendredi de 9h30 \u00e0 17h<\/strong><\/li>\n\n\n\n<li><strong>March\u00e9 de la place Wiener<\/strong> (Boitsfort) <strong>le dimanche matin, de 8h \u00e0 14h<\/strong><\/li>\n\n\n\n<li><strong>March\u00e9 de la place Keym<\/strong> (Boitsfort) <strong>le mercredi de 14h \u00e0 19h<\/strong><\/li>\n<\/ul>\n\n\n\n<hr class=\"wp-block-separator has-alpha-channel-opacity\"\/>\n\n\n\n<h2 class=\"wp-block-heading\">\ud83c\udf66 Dommage, pas de vente ce samedi&#8230; mais on reviendra go\u00fbter leur fameuse glace !<\/h2>\n\n\n\n<p>M\u00eame si nous n&rsquo;avons pas pu acheter de produits ce jour-l\u00e0, nous avons rep\u00e9r\u00e9 une bonne raison de revenir : <strong>leur <a href=\"https:\/\/www.insidebrussels.be\/V2\/bruxelles\/meilleur-glacier-a-bruxelles\/\">glace <\/a>artisanale<\/strong>, dont nous avons entendu beaucoup de bien. \ud83c\udf66<\/p>\n\n\n\n<p>\ud83d\udc49 Ce sera <strong>notre prochain objectif<\/strong> : venir un jour de vente et enfin go\u00fbter ces d\u00e9lices glac\u00e9s !<\/p>\n\n\n\n<hr class=\"wp-block-separator has-alpha-channel-opacity\"\/>\n\n\n\n<h2 class=\"wp-block-heading\">\ud83c\udf1f Notre verdict<\/h2>\n\n\n\n<p><strong>Une magnifique d\u00e9couverte<\/strong>, entre <strong>agriculture \u00e9cologique<\/strong>, <strong>solidarit\u00e9 citoyenne<\/strong> et <strong>produits locaux d\u2019exception<\/strong>.<\/p>\n\n\n\n<p>\u2705 <strong>On a aim\u00e9<\/strong> :<\/p>\n\n\n\n<ul class=\"wp-block-list\">\n<li>Le cadre verdoyant<\/li>\n\n\n\n<li>La diversit\u00e9 des projets<\/li>\n\n\n\n<li>Les valeurs humaines fortes<\/li>\n<\/ul>\n\n\n\n<p>\u26d4 <strong>\u00c0 noter<\/strong> :<\/p>\n\n\n\n<ul class=\"wp-block-list\">\n<li>Pas de vente directe le samedi<\/li>\n\n\n\n<li>Liste d&rsquo;attente pour les abonnements<\/li>\n\n\n\n<li>Les chiens ne sont pas admis (m\u00eame en laisse) \u00e0 l\u2019exception des chiens d\u2019assistance.<\/li>\n<\/ul>\n\n\n\n<p>\ud83c\udfaf <strong>On reviendra<\/strong>, \u00e0 <a href=\"https:\/\/www.chantdescailles.be\/\" target=\"_blank\" rel=\"noreferrer noopener\">la ferme du chanmpt de caille<\/a> c\u2019est certain !<a href=\"https:\/\/www.chantdescailles.be\/\"> <\/a>N&rsquo;h\u00e9sitez pas \u00e0 jetter un oeil \u00e0 leur <a href=\"https:\/\/www.chantdescailles.be\/events\/venues\/champ-des-cailles\/\" target=\"_blank\" rel=\"noreferrer noopener\">agenda<\/a>.<\/p>\n","protected":false,"gt_translate_keys":[{"key":"rendered","format":"html"}]},"excerpt":{"rendered":"<p>\ud83c\udf38 Samedi dernier, nous avons profit\u00e9 d&rsquo;une belle journ\u00e9e de printemps pour visiter la Ferme<\/p>\n","protected":false,"gt_translate_keys":[{"key":"rendered","format":"html"}]},"author":1,"featured_media":17502,"comment_status":"closed","ping_status":"closed","sticky":false,"template":"","format":"standard","meta":{"_lmt_disableupdate":"","_lmt_disable":"","footnotes":""},"categories":[504,497,506,517,10,991,505],"tags":[],"class_list":["post-17484","post","type-post","status-publish","format-standard","has-post-thumbnail","hentry","category-a-voir-pres-de-bruxelles","category-tourisme-a-bruxelles","category-les-marche-plein-air-bruxelles","category-magasin-bouche","category-manger-a-bruxelles","category-nature-et-plante","category-nature-parc-jardin-vert-bruxelles"],"modified_by":"pierre","amp_enabled":true,"gt_translate_keys":[{"key":"link","format":"url"}],"_links":{"self":[{"href":"https:\/\/www.insidebrussels.be\/V2\/wp-json\/wp\/v2\/posts\/17484","targetHints":{"allow":["GET"]}}],"collection":[{"href":"https:\/\/www.insidebrussels.be\/V2\/wp-json\/wp\/v2\/posts"}],"about":[{"href":"https:\/\/www.insidebrussels.be\/V2\/wp-json\/wp\/v2\/types\/post"}],"author":[{"embeddable":true,"href":"https:\/\/www.insidebrussels.be\/V2\/wp-json\/wp\/v2\/users\/1"}],"replies":[{"embeddable":true,"href":"https:\/\/www.insidebrussels.be\/V2\/wp-json\/wp\/v2\/comments?post=17484"}],"version-history":[{"count":2,"href":"https:\/\/www.insidebrussels.be\/V2\/wp-json\/wp\/v2\/posts\/17484\/revisions"}],"predecessor-version":[{"id":17504,"href":"https:\/\/www.insidebrussels.be\/V2\/wp-json\/wp\/v2\/posts\/17484\/revisions\/17504"}],"wp:featuredmedia":[{"embeddable":true,"href":"https:\/\/www.insidebrussels.be\/V2\/wp-json\/wp\/v2\/media\/17502"}],"wp:attachment":[{"href":"https:\/\/www.insidebrussels.be\/V2\/wp-json\/wp\/v2\/media?parent=17484"}],"wp:term":[{"taxonomy":"category","embeddable":true,"href":"https:\/\/www.insidebrussels.be\/V2\/wp-json\/wp\/v2\/categories?post=17484"},{"taxonomy":"post_tag","embeddable":true,"href":"https:\/\/www.insidebrussels.be\/V2\/wp-json\/wp\/v2\/tags?post=17484"}],"curies":[{"name":"wp","href":"https:\/\/api.w.org\/{rel}","templated":true}]}}