{"id":17628,"date":"2025-10-19T19:20:21","date_gmt":"2025-10-19T17:20:21","guid":{"rendered":"https:\/\/www.insidebrussels.be\/V2\/?p=17628"},"modified":"2025-10-19T19:20:22","modified_gmt":"2025-10-19T17:20:22","slug":"%f0%9f%91%bb-halloween-2025-a-bruxelles-nos-idees-terrifiantes-pour-feter-ca","status":"publish","type":"post","link":"https:\/\/www.insidebrussels.be\/V2\/bruxelles\/%f0%9f%91%bb-halloween-2025-a-bruxelles-nos-idees-terrifiantes-pour-feter-ca\/","title":{"rendered":"\ud83d\udc7b Halloween 2025 \u00e0 Bruxelles : nos id\u00e9es terrifiantes pour f\u00eater \u00e7a !","gt_translate_keys":[{"key":"rendered","format":"text"}]},"content":{"rendered":"\n<p>Chaque automne, Bruxelles se transforme en un terrain de jeu pour petits et grands amateurs de frissons. Entre les <a href=\"https:\/\/www.insidebrussels.be\/V2\/bruxelles\/%f0%9f%8e%83-ou-feter-la-citrouille-a-bruxelles-en-2025\/\">citrouilles <\/a>qui envahissent les vitrines, les balades costum\u00e9es et les soir\u00e9es les plus folles de l\u2019ann\u00e9e, Halloween est devenu un vrai rendez-vous dans la capitale.<br>Cette ann\u00e9e encore, <strong>Halloween 2025 promet d\u2019\u00eatre magique et effrayant \u00e0 souhait<\/strong> : que vous cherchiez une sortie en famille, une f\u00eate d\u00e9jant\u00e9e entre amis ou simplement une<a href=\"https:\/\/www.insidebrussels.be\/V2\/bruxelles\/notre-retour-dexperience-sur-les-concerts-a-la-bougies-a-bruxelles-candlelight\/\"> balade nocturne aux chandelles<\/a>, il y aura de quoi faire battre votre c\u0153ur un peu plus vite \ud83d\udc80.<\/p>\n\n\n\n<hr class=\"wp-block-separator has-alpha-channel-opacity\"\/>\n\n\n\n<h2 class=\"wp-block-heading\">\ud83c\udfa2 Tour &amp; Taxis \u2013 La grande Foire d\u2019Halloween<\/h2>\n\n\n\n<figure class=\"wp-block-image size-full\"><a href=\"https:\/\/www.insidebrussels.be\/V2\/wp-content\/uploads\/2025\/10\/tt-haloween.jpg\"><img decoding=\"async\" width=\"654\" height=\"925\" src=\"https:\/\/www.insidebrussels.be\/V2\/wp-content\/uploads\/2025\/10\/tt-haloween.jpg\" alt=\"\" class=\"wp-image-17633\" srcset=\"https:\/\/www.insidebrussels.be\/V2\/wp-content\/uploads\/2025\/10\/tt-haloween.jpg 654w, https:\/\/www.insidebrussels.be\/V2\/wp-content\/uploads\/2025\/10\/tt-haloween-212x300.jpg 212w\" sizes=\"(max-width: 654px) 100vw, 654px\" \/><\/a><figcaption class=\"wp-element-caption\">Pierre Halleux \u00e0 l&rsquo;entr\u00e9e de la gare maritime Tour &#038; Taxi (c) Pierre Halleux<\/figcaption><\/figure>\n\n\n\n<p>\ud83d\udcc5 Du 17 octobre au 2 novembre 2025<br>\ud83d\udccd <strong>Tour &amp; Taxis<\/strong>, Avenue du Port<\/p>\n\n\n\n<p>C\u2019est devenu un grand classique ! Pendant deux semaines, Tour &amp; Taxis se pare de toiles d\u2019araign\u00e9es g\u00e9antes, de man\u00e8ges hant\u00e9s et de cr\u00e9atures \u00e9tranges. Entre les <strong>stands gourmands<\/strong>, la <strong>maison hant\u00e9e<\/strong> et les <strong>ateliers pour enfants<\/strong>, l\u2019ambiance est \u00e0 la fois festive et frissonnante.<br>\ud83d\udc49 <strong>\u00c0 faire absolument en famille<\/strong> : les d\u00e9cors sont incroyables, les costumes bluffants et l\u2019organisation toujours au top. On en ressort avec le sourire (et parfois un petit cri !).<\/p>\n\n\n\n<hr class=\"wp-block-separator has-alpha-channel-opacity\"\/>\n\n\n\n<h2 class=\"wp-block-heading\">\ud83d\udc80 Les Marolles \u2013 Un Halloween version \u201cD\u00eda de los Muertos\u201d<\/h2>\n\n\n\n<figure class=\"wp-block-image size-full\"><a href=\"https:\/\/www.insidebrussels.be\/V2\/wp-content\/uploads\/2025\/10\/muertos.jpg\"><img decoding=\"async\" width=\"551\" height=\"778\" src=\"https:\/\/www.insidebrussels.be\/V2\/wp-content\/uploads\/2025\/10\/muertos.jpg\" alt=\"\" class=\"wp-image-17632\" srcset=\"https:\/\/www.insidebrussels.be\/V2\/wp-content\/uploads\/2025\/10\/muertos.jpg 551w, https:\/\/www.insidebrussels.be\/V2\/wp-content\/uploads\/2025\/10\/muertos-212x300.jpg 212w\" sizes=\"(max-width: 551px) 100vw, 551px\" \/><\/a><figcaption class=\"wp-element-caption\">Ascenceur des Marolles (c) PIerre Halleux<\/figcaption><\/figure>\n\n\n\n<p>\ud83d\udcc5 Du 27 octobre au 1er novembre 2025<br>\ud83d\udccd Quartier des Marolles<\/p>\n\n\n\n<p><a href=\"https:\/\/www.diademuertos.be\/\">Ici<\/a>, on m\u00e9lange traditions belges et mexicaines. Le quartier des Marolles se transforme en un immense autel color\u00e9 \u00e0 la m\u00e9moire des d\u00e9funts. Entre <strong>parades, maquillages et musiques latines<\/strong>, le \u201cD\u00eda de los Muertos\u201d bruxellois est un vrai voyage sensoriel.<br>C\u2019est un Halloween plus po\u00e9tique qu\u2019effrayant, parfait pour <strong>ceux qui pr\u00e9f\u00e8rent la lumi\u00e8re aux t\u00e9n\u00e8bres<\/strong>. Et on adore l\u2019\u00e9nergie conviviale du quartier, toujours aussi vivant et artistique.<\/p>\n\n\n\n<hr class=\"wp-block-separator has-alpha-channel-opacity\"\/>\n\n\n\n<h2 class=\"wp-block-heading\">\ud83c\udfb6 Recyclart \u2013 La soir\u00e9e la plus dark de Bruxelles<\/h2>\n\n\n\n<p>\ud83d\udcc5 31 octobre 2025 \u00e0 partir de 22h<br>\ud83d\udccd Rue de Manchester, Anderlecht<\/p>\n\n\n\n<p>Pour les f\u00eatards, direction le <strong>Recyclart<\/strong>, o\u00f9 Halloween rime avec techno et d\u00e9guisements d\u00e9jant\u00e9s. L\u2019ambiance est \u00e9lectrique : n\u00e9ons rouges, brume, DJ sets et public 100 % \u201cready to scream and dance\u201d.<br>\ud83d\udca1 Petit conseil : le concours de costumes vaut le d\u00e9tour. Ici, les Bruxellois rivalisent d\u2019imagination \u2013 on a crois\u00e9 un Joker, une nonne poss\u00e9d\u00e9e et m\u00eame un Manneken-Pis zombie.<\/p>\n\n\n\n<hr class=\"wp-block-separator has-alpha-channel-opacity\"\/>\n\n\n\n<h2 class=\"wp-block-heading\">\ud83c\udf83 Parc Rodebeek \u2013 L\u2019Halloween des familles<\/h2>\n\n\n\n<figure class=\"wp-block-image size-large\"><a href=\"https:\/\/www.insidebrussels.be\/V2\/wp-content\/uploads\/2025\/10\/halow.jpg\"><img decoding=\"async\" width=\"724\" height=\"1024\" src=\"https:\/\/www.insidebrussels.be\/V2\/wp-content\/uploads\/2025\/10\/halow-724x1024.jpg\" alt=\"\" class=\"wp-image-17631\" srcset=\"https:\/\/www.insidebrussels.be\/V2\/wp-content\/uploads\/2025\/10\/halow-724x1024.jpg 724w, https:\/\/www.insidebrussels.be\/V2\/wp-content\/uploads\/2025\/10\/halow-212x300.jpg 212w, https:\/\/www.insidebrussels.be\/V2\/wp-content\/uploads\/2025\/10\/halow-768x1086.jpg 768w, https:\/\/www.insidebrussels.be\/V2\/wp-content\/uploads\/2025\/10\/halow-1086x1536.jpg 1086w, https:\/\/www.insidebrussels.be\/V2\/wp-content\/uploads\/2025\/10\/halow.jpg 1358w\" sizes=\"(max-width: 724px) 100vw, 724px\" \/><\/a><\/figure>\n\n\n\n<p>\ud83d\udcc5 31 octobre 2025 <strong>16h30 \u00e0 21h<\/strong><br>\ud83d\udccd Parc de Rodebeek Woluwe-Saint-Lambert<\/p>\n\n\n\n<p>Cette ann\u00e9e encore, le <strong>parc de Roodebeek<\/strong> se m\u00e9tamorphose pour c\u00e9l\u00e9brer Halloween comme il se doit ! Enti\u00e8rement d\u00e9cor\u00e9 pour l\u2019occasion, il accueillera petits et grands pour un <strong>parcours anim\u00e9 et plein de frissons<\/strong> au c\u0153ur de ses all\u00e9es.<\/p>\n\n\n\n<p>Au programme : des <strong>conteurs captivants<\/strong> qui partageront leurs histoires myst\u00e9rieuses et envo\u00fbtantes (en fran\u00e7ais et en n\u00e9erlandais), des <strong>ateliers de grimage<\/strong>, des <strong>cracheurs de feu<\/strong>, et une foule de <strong>personnages d\u00e9guis\u00e9s<\/strong> pr\u00eats \u00e0 surgir \u00e0 chaque d\u00e9tour\u2026 sans oublier quelques <strong>d\u00e9lices sucr\u00e9s<\/strong> r\u00e9serv\u00e9s aux plus courageux ! Une belle soir\u00e9e familiale o\u00f9 magie, frissons et rires se m\u00ealent sous les arbres du parc \ud83c\udf19\ud83c\udf6c<\/p>\n\n\n\n<p>Inscription obligatoire ici <a href=\"https:\/\/www.festiv-woluwe1200.be\/fr\/event\/6\/halloween\">: Halloween \u00e0 Woluwe-Saint-Lambert<\/a><\/p>\n\n\n\n<h2 class=\"wp-block-heading\">\ud83c\udf3e Halloween au Moulin : le retour des monstres !<\/h2>\n\n\n\n<p>Araign\u00e9es g\u00e9antes, momies poussi\u00e9reuses et chauves-souris affol\u00e9es\u2026<br>Le <strong>moulin de Woluwe-Saint-Lambert<\/strong> s\u2019appr\u00eate \u00e0 trembler de nouveau ce <strong>25 octobre 2025<\/strong> ! De <strong>17h \u00e0 20h<\/strong>, petits et grands sont invit\u00e9s \u00e0 une <strong>visite insolite<\/strong> aux couleurs de l\u2019automne \u2014 vert, orange et une touche d\u2019effroi.<\/p>\n\n\n\n<p>Mais attention\u2026 \ud83c\udf83 Ceux qui oseront venir <strong>sans d\u00e9guisement<\/strong> risquent fort d\u2019\u00eatre <strong>attach\u00e9s aux ailes du moulin<\/strong> ! Vous voil\u00e0 pr\u00e9venus\u2026<\/p>\n\n\n\n<p>\ud83d\udce9 <strong>R\u00e9servation obligatoire<\/strong> aupr\u00e8s de la division <em>Promotion du patrimoine<\/em> :<br>\ud83d\udc49 <a>patrimoine-tourisme@woluwe1200.be<\/a><br>\ud83d\udcde <strong>02 761 27 78<\/strong> (Service du d\u00e9veloppement durable, planification et perspectives \u2013 division Promotion du patrimoine).<\/p>\n\n\n\n<p>\ud83d\udccd Moulin \u00e0 vente de Moulin de <a href=\"https:\/\/www.woluwe1200.be\/decouvrir-le-moulin-a-vent\/\">Hof Ter Musschen<\/a><\/p>\n\n\n\n<hr class=\"wp-block-separator has-alpha-channel-opacity\"\/>\n\n\n\n<h2 class=\"wp-block-heading\">\ud83c\udfad Mon avis perso<\/h2>\n\n\n\n<p>J\u2019ai toujours eu un faible pour <strong>le Parc de Rodebeek<\/strong>, sans doute parce qu\u2019il garde cette \u00e2me de quartier que j\u2019aime tant. C\u2019est simple, sinc\u00e8re et plein de bonne humeur.<br>Mais si vous cherchez une <strong>soir\u00e9e plus spectaculaire<\/strong>, <strong>Tour &amp; Taxis<\/strong> reste une valeur s\u00fbre \u2013 et les d\u00e9cors sont vraiment dignes d\u2019un film.<\/p>\n\n\n\n<p>Bruxelles a ce talent de m\u00ealer l\u2019authentique, le festif et le fantastique, sans jamais se prendre trop au s\u00e9rieux. Alors sortez vos balais, vos fausses dents de vampire et\u2026 rendez-vous dans les rues de la capitale \ud83d\udc7b<\/p>\n\n\n\n<hr class=\"wp-block-separator has-alpha-channel-opacity\"\/>\n\n\n\n<p>\ud83d\udcac Et vous, vous faites quoi pour Halloween cette ann\u00e9e ?<br>Partagez vos bons plans ou vos photos les plus effrayantes avec le hashtag <strong>#InsideBrusselsHalloween<\/strong> \u2014 les plus belles seront repartag\u00e9es sur nos r\u00e9seaux !<\/p>\n","protected":false,"gt_translate_keys":[{"key":"rendered","format":"html"}]},"excerpt":{"rendered":"<p>Chaque automne, Bruxelles se transforme en un terrain de jeu pour petits et grands amateurs<\/p>\n","protected":false,"gt_translate_keys":[{"key":"rendered","format":"html"}]},"author":1,"featured_media":17635,"comment_status":"closed","ping_status":"closed","sticky":false,"template":"","format":"standard","meta":{"_lmt_disableupdate":"","_lmt_disable":"","footnotes":""},"categories":[232,12,892,73,6013],"tags":[49],"class_list":["post-17628","post","type-post","status-publish","format-standard","has-post-thumbnail","hentry","category-agenda-et-expo","category-bouger-a-bruxelles-choses-a-faire-et-visiter","category-evenement","category-vie-a-bruxelles","category-mois-par-mois","tag-activites-avec-enfants"],"modified_by":"pierre","amp_enabled":true,"gt_translate_keys":[{"key":"link","format":"url"}],"_links":{"self":[{"href":"https:\/\/www.insidebrussels.be\/V2\/wp-json\/wp\/v2\/posts\/17628","targetHints":{"allow":["GET"]}}],"collection":[{"href":"https:\/\/www.insidebrussels.be\/V2\/wp-json\/wp\/v2\/posts"}],"about":[{"href":"https:\/\/www.insidebrussels.be\/V2\/wp-json\/wp\/v2\/types\/post"}],"author":[{"embeddable":true,"href":"https:\/\/www.insidebrussels.be\/V2\/wp-json\/wp\/v2\/users\/1"}],"replies":[{"embeddable":true,"href":"https:\/\/www.insidebrussels.be\/V2\/wp-json\/wp\/v2\/comments?post=17628"}],"version-history":[{"count":3,"href":"https:\/\/www.insidebrussels.be\/V2\/wp-json\/wp\/v2\/posts\/17628\/revisions"}],"predecessor-version":[{"id":17638,"href":"https:\/\/www.insidebrussels.be\/V2\/wp-json\/wp\/v2\/posts\/17628\/revisions\/17638"}],"wp:featuredmedia":[{"embeddable":true,"href":"https:\/\/www.insidebrussels.be\/V2\/wp-json\/wp\/v2\/media\/17635"}],"wp:attachment":[{"href":"https:\/\/www.insidebrussels.be\/V2\/wp-json\/wp\/v2\/media?parent=17628"}],"wp:term":[{"taxonomy":"category","embeddable":true,"href":"https:\/\/www.insidebrussels.be\/V2\/wp-json\/wp\/v2\/categories?post=17628"},{"taxonomy":"post_tag","embeddable":true,"href":"https:\/\/www.insidebrussels.be\/V2\/wp-json\/wp\/v2\/tags?post=17628"}],"curies":[{"name":"wp","href":"https:\/\/api.w.org\/{rel}","templated":true}]}}