{"id":17672,"date":"2025-11-02T21:55:06","date_gmt":"2025-11-02T20:55:06","guid":{"rendered":"https:\/\/www.insidebrussels.be\/V2\/?p=17672"},"modified":"2025-11-02T21:55:08","modified_gmt":"2025-11-02T20:55:08","slug":"ou-dormir-a-bruxelles-hebergements","status":"publish","type":"post","link":"https:\/\/www.insidebrussels.be\/V2\/bruxelles\/ou-dormir-a-bruxelles-hebergements\/","title":{"rendered":"O\u00f9 dormir \u00e0 Bruxelles pour un week-end ou plusieurs jours ?","gt_translate_keys":[{"key":"rendered","format":"text"}]},"content":{"rendered":"\n<p>Bruxelles est une ville tr\u00e8s agr\u00e9able pour y passer un week-end ou plus. Entre ses mus\u00e9es, sa Grand-Place, son march\u00e9 aux puces, le mont des arts, la basilique de Koekelberg\u2026 vous ferez de magnifiques d\u00e9couvertes. Dans cet article, nous vous pr\u00e9sentons plusieurs solutions d&rsquo;h\u00e9bergement.<\/p>\n\n\n\n<h2 class=\"wp-block-heading\"><strong>Auberges de jeunesse contemporaines<\/strong><\/h2>\n\n\n\n<figure class=\"wp-block-image size-large\"><a href=\"https:\/\/www.insidebrussels.be\/V2\/wp-content\/uploads\/2023\/10\/4B1E54D6-AC70-431D-8424-C3ED5EB811B5-scaled.jpeg\"><img decoding=\"async\" width=\"1024\" height=\"768\" src=\"https:\/\/www.insidebrussels.be\/V2\/wp-content\/uploads\/2023\/10\/4B1E54D6-AC70-431D-8424-C3ED5EB811B5-1024x768.jpeg\" alt=\"PLace Flagey \u00e0 Ixelles (c) Pierre Halleux\" class=\"wp-image-14844\" srcset=\"https:\/\/www.insidebrussels.be\/V2\/wp-content\/uploads\/2023\/10\/4B1E54D6-AC70-431D-8424-C3ED5EB811B5-1024x768.jpeg 1024w, https:\/\/www.insidebrussels.be\/V2\/wp-content\/uploads\/2023\/10\/4B1E54D6-AC70-431D-8424-C3ED5EB811B5-300x225.jpeg 300w, https:\/\/www.insidebrussels.be\/V2\/wp-content\/uploads\/2023\/10\/4B1E54D6-AC70-431D-8424-C3ED5EB811B5-768x576.jpeg 768w, https:\/\/www.insidebrussels.be\/V2\/wp-content\/uploads\/2023\/10\/4B1E54D6-AC70-431D-8424-C3ED5EB811B5-1536x1152.jpeg 1536w, https:\/\/www.insidebrussels.be\/V2\/wp-content\/uploads\/2023\/10\/4B1E54D6-AC70-431D-8424-C3ED5EB811B5-2048x1536.jpeg 2048w, https:\/\/www.insidebrussels.be\/V2\/wp-content\/uploads\/2023\/10\/4B1E54D6-AC70-431D-8424-C3ED5EB811B5-720x540.jpeg 720w, https:\/\/www.insidebrussels.be\/V2\/wp-content\/uploads\/2023\/10\/4B1E54D6-AC70-431D-8424-C3ED5EB811B5-scaled.jpeg 1078w\" sizes=\"(max-width: 1024px) 100vw, 1024px\" \/><\/a><figcaption class=\"wp-element-caption\">PLace Flagey \u00e0 Ixelles (c) Pierre Halleux<\/figcaption><\/figure>\n\n\n\n<p><strong><br><\/strong>Dans le centre-ville de Bruxelles, dans le quartier Louise et Ixelles, \u00e0 proximit\u00e9 de la gare du Midi et dans certains quartiers p\u00e9riph\u00e9riques comme Schaerbeek et Anderlecht se trouvent des h\u00e9bergements \u00e0 des tarifs abordables. Les auberges de jeunesse sont d\u00e9sormais agenc\u00e9es d\u2019espaces communs agr\u00e9ables et design, de cuisines parfaitement \u00e9quip\u00e9es et de chambres individuelles ou \u00e0 plusieurs. De m\u00eame, le Wi-Fi est souvent inclus dans le prix. Ces lieux d&rsquo;accueil \u00e9tant particuli\u00e8rement bien situ\u00e9s, vous profiterez des \u00e9v\u00e9nements publics aussi bien le jour qu\u2019en soir\u00e9e.<br><\/p>\n\n\n\n<h2 class=\"wp-block-heading\"><strong>\u00c9tablissements h\u00f4teliers class\u00e9s 1 ou 2 \u00e9toiles<\/strong><\/h2>\n\n\n\n<p><strong><br><\/strong>Les h\u00f4tels 1 et 2 \u00e9toiles \u00e0 Bruxelles sont fr\u00e9quemment tenus par des familles qui vous recevront chaleureusement. Elles ne disposent pas de chambres luxueuses, mais l\u2019essentiel est pr\u00e9sent. Vous s\u00e9journerez dans une chambre propre et fonctionnelle dot\u00e9e d\u2019un lit confortable et d\u2019une <a href=\"https:\/\/www.x2o.be\/fr\/meubles\/ensembles-de-meubles-de-salle-de-bains\">salle de bain<\/a> privative.<br><\/p>\n\n\n\n<h2 class=\"wp-block-heading\"><strong>R\u00e9sidences et studios \u00e0 prix abordables<\/strong><\/h2>\n\n\n\n<figure class=\"wp-block-image size-full\"><a href=\"https:\/\/www.insidebrussels.be\/V2\/wp-content\/uploads\/2023\/02\/640px-StGillesTownHall.jpg\"><img decoding=\"async\" width=\"640\" height=\"480\" src=\"https:\/\/www.insidebrussels.be\/V2\/wp-content\/uploads\/2023\/02\/640px-StGillesTownHall.jpg\" alt=\"Maison Communale de Saint-Gilles (c) David Edgar Wikipedia\" class=\"wp-image-14257\" srcset=\"https:\/\/www.insidebrussels.be\/V2\/wp-content\/uploads\/2023\/02\/640px-StGillesTownHall.jpg 640w, https:\/\/www.insidebrussels.be\/V2\/wp-content\/uploads\/2023\/02\/640px-StGillesTownHall-300x225.jpg 300w\" sizes=\"(max-width: 640px) 100vw, 640px\" \/><\/a><figcaption class=\"wp-element-caption\">Maison Communale de Saint-Gilles (c) David Edgar  Wikipedia<\/figcaption><\/figure>\n\n\n\n<p>Dans les quartiers r\u00e9sidentiels de Saint-Gilles et d\u2019Ixelles se trouvent des r\u00e9sidences et des studios \u00e0 un prix tr\u00e8s attractif. Ces logements peuvent accueillir plusieurs personnes. Ils sont de plus \u00e9quip\u00e9s d\u2019une kitchenette qui permet de pr\u00e9parer quelques repas et par cons\u00e9quent de r\u00e9aliser quelques \u00e9conomies. Dans ces r\u00e9sidences, des locations r\u00e9serv\u00e9es aux \u00e9tudiants sont disponibles pendant les vacances universitaires.<br><\/p>\n\n\n\n<h2 class=\"wp-block-heading\"><strong>Des h\u00f4tels luxueux dans le centre de Bruxelles<\/strong><\/h2>\n\n\n\n<figure class=\"wp-block-image size-large\"><a href=\"https:\/\/www.insidebrussels.be\/V2\/wp-content\/uploads\/2023\/10\/04ED4826-980F-45A0-8914-CE11B6126A0D-scaled.jpeg\"><img decoding=\"async\" width=\"1024\" height=\"1024\" src=\"https:\/\/www.insidebrussels.be\/V2\/wp-content\/uploads\/2023\/10\/04ED4826-980F-45A0-8914-CE11B6126A0D-1024x1024.jpeg\" alt=\"Grand-PLace de Bruxelles (c) Pierre Halleux\" class=\"wp-image-14860\" srcset=\"https:\/\/www.insidebrussels.be\/V2\/wp-content\/uploads\/2023\/10\/04ED4826-980F-45A0-8914-CE11B6126A0D-scaled.jpeg 1024w, https:\/\/www.insidebrussels.be\/V2\/wp-content\/uploads\/2023\/10\/04ED4826-980F-45A0-8914-CE11B6126A0D-300x300.jpeg 300w, https:\/\/www.insidebrussels.be\/V2\/wp-content\/uploads\/2023\/10\/04ED4826-980F-45A0-8914-CE11B6126A0D-150x150.jpeg 150w, https:\/\/www.insidebrussels.be\/V2\/wp-content\/uploads\/2023\/10\/04ED4826-980F-45A0-8914-CE11B6126A0D-768x768.jpeg 768w, https:\/\/www.insidebrussels.be\/V2\/wp-content\/uploads\/2023\/10\/04ED4826-980F-45A0-8914-CE11B6126A0D-1536x1536.jpeg 1536w, https:\/\/www.insidebrussels.be\/V2\/wp-content\/uploads\/2023\/10\/04ED4826-980F-45A0-8914-CE11B6126A0D-2048x2048.jpeg 2048w\" sizes=\"(max-width: 1024px) 100vw, 1024px\" \/><\/a><figcaption class=\"wp-element-caption\">Grand-PLace de Bruxelles (c) Pierre Halleux<\/figcaption><\/figure>\n\n\n\n<p><strong><br><\/strong>Vous souhaitez passer une ou plusieurs nuits dans un h\u00f4tel plus luxueux et vous divertir en soir\u00e9e ? \u00c0 proximit\u00e9 du centre-ville de Bruxelles, vous avez le choix entre plusieurs h\u00f4tels o\u00f9 dormir. \u00c0 trois minutes de la <a href=\"https:\/\/www.insidebrussels.be\/V2\/bruxelles\/visiter-la-grande-place-de-bruxelles-tourisme\/\">Grand-Place<\/a>, <a href=\"https:\/\/craves-hotel.com\/fr\/\" target=\"_blank\" rel=\"noreferrer noopener\">l\u2019H\u00f4tel Craves<\/a> est un \u00e9tablissement chaleureux et cocooning. Un restaurant vous accueille et votre repas est accompagn\u00e9 par un conteur rendant l\u2019ambiance sympathique.<br><br>Le Rocco Forte <a href=\"https:\/\/www.instagram.com\/hotelamigobrussels\/\" target=\"_blank\" rel=\"noreferrer noopener\">H\u00f4tel Amigo<\/a>, situ\u00e9 \u00e0 50 m\u00e8tres de la Grand-Place, dispose de chambres d\u2019un grand confort. Certaines sont m\u00eame d\u00e9cor\u00e9es avec des \u0153uvres d\u2019artistes du pays. Toutes comprennent des \u00e9quipements modernes : t\u00e9l\u00e9vision, Wi-Fi, mini-bar\u2026 Les salles de bain sont con\u00e7ues avec un mat\u00e9riau somptueux, dont le marbre de Carrare. Enti\u00e8rement d\u00e9cor\u00e9e \u00e0 l\u2019effigie de Tintin, la suite qui porte son nom vous plongera dans l\u2019univers de ce personnage. Quant au restaurant de l\u2019h\u00f4tel, il propose une cuisine traditionnelle italienne.<br><br>Le 9Hotel Central \u00e0 la d\u00e9coration exotique est \u00e0 une distance de 10 minutes de la Place Royale, de la Grand-Place et du Manneken Pis. Vous serez s\u00e9duit par l\u2019originalit\u00e9 de sa d\u00e9coration avec ses poutres en b\u00e9ton et ses murs en briques rouges apparentes. Les chambres sont tr\u00e8s lumineuses et sont dot\u00e9es de meubles chin\u00e9s en Inde au Rajasthan. C&rsquo;est un \u00e9tablissement respectueux de l&rsquo;environnement qui se fait remarquer avec des chambres orn\u00e9es de chaises con\u00e7ues \u00e0 partir de canettes de Coca-Cola recycl\u00e9es.<\/p>\n","protected":false,"gt_translate_keys":[{"key":"rendered","format":"html"}]},"excerpt":{"rendered":"<p>Bruxelles est une ville tr\u00e8s agr\u00e9able pour y passer un week-end ou plus. Entre ses<\/p>\n","protected":false,"gt_translate_keys":[{"key":"rendered","format":"html"}]},"author":1,"featured_media":17674,"comment_status":"closed","ping_status":"closed","sticky":false,"template":"","format":"standard","meta":{"_lmt_disableupdate":"","_lmt_disable":"","footnotes":""},"categories":[2784,691,165],"tags":[],"class_list":["post-17672","post","type-post","status-publish","format-standard","has-post-thumbnail","hentry","category-article-invite","category-domir","category-voyages"],"modified_by":"pierre","amp_enabled":true,"gt_translate_keys":[{"key":"link","format":"url"}],"_links":{"self":[{"href":"https:\/\/www.insidebrussels.be\/V2\/wp-json\/wp\/v2\/posts\/17672","targetHints":{"allow":["GET"]}}],"collection":[{"href":"https:\/\/www.insidebrussels.be\/V2\/wp-json\/wp\/v2\/posts"}],"about":[{"href":"https:\/\/www.insidebrussels.be\/V2\/wp-json\/wp\/v2\/types\/post"}],"author":[{"embeddable":true,"href":"https:\/\/www.insidebrussels.be\/V2\/wp-json\/wp\/v2\/users\/1"}],"replies":[{"embeddable":true,"href":"https:\/\/www.insidebrussels.be\/V2\/wp-json\/wp\/v2\/comments?post=17672"}],"version-history":[{"count":1,"href":"https:\/\/www.insidebrussels.be\/V2\/wp-json\/wp\/v2\/posts\/17672\/revisions"}],"predecessor-version":[{"id":17675,"href":"https:\/\/www.insidebrussels.be\/V2\/wp-json\/wp\/v2\/posts\/17672\/revisions\/17675"}],"wp:featuredmedia":[{"embeddable":true,"href":"https:\/\/www.insidebrussels.be\/V2\/wp-json\/wp\/v2\/media\/17674"}],"wp:attachment":[{"href":"https:\/\/www.insidebrussels.be\/V2\/wp-json\/wp\/v2\/media?parent=17672"}],"wp:term":[{"taxonomy":"category","embeddable":true,"href":"https:\/\/www.insidebrussels.be\/V2\/wp-json\/wp\/v2\/categories?post=17672"},{"taxonomy":"post_tag","embeddable":true,"href":"https:\/\/www.insidebrussels.be\/V2\/wp-json\/wp\/v2\/tags?post=17672"}],"curies":[{"name":"wp","href":"https:\/\/api.w.org\/{rel}","templated":true}]}}